{"id":68725,"date":"2013-03-06T13:25:09","date_gmt":"2013-03-06T12:25:09","guid":{"rendered":"https:\/\/sandzakpress.net\/arhiva\/?p=68725"},"modified":"2013-03-06T13:25:09","modified_gmt":"2013-03-06T12:25:09","slug":"prosirena-sjednica-muftijskog-vijeca","status":"publish","type":"post","link":"https:\/\/sandzakpress.net\/arhiva\/prosirena-sjednica-muftijskog-vijeca\/","title":{"rendered":"Pro\u0161irena sjednica muftijskog vije\u0107a"},"content":{"rendered":"<p><strong><a href=\"https:\/\/sandzakpress.net\/arhiva\/wp-content\/uploads\/2013\/03\/IMG_5441.jpg\"><img loading=\"lazy\" decoding=\"async\" class=\"alignleft size-medium wp-image-68726\" title=\"IMG_5441\" src=\"https:\/\/sandzakpress.net\/arhiva\/wp-content\/uploads\/2013\/03\/IMG_5441-300x200.jpg\" alt=\"\" width=\"300\" height=\"200\" \/><\/a>Njema\u010dka &#8211; U prostorijama Me\u0161ihata IZBNJ je 26.02.2013 odr\u017eana pro\u0161irena sjednica muftijskog vije\u0107a. Sjednici su pored muftije Pa\u0161e Feti\u0107a i glavnih imama sa pet regija prisustvovali i \u010dlanovi komisije za mektebsku nastavu.<\/strong><\/p>\n<p>Na sjednici su tretirana sljede\u0107a pitanja:<\/p>\n<p>1. Trenutno stanje u Njema\u010dkoj i na regijama (stanje imama).<\/p>\n<p>2. Takmi\u010denje iz mektebske nastave.<\/p>\n<p>3. Plan i program mektebske nastave.<\/p>\n<p>4. Pripreme za savezni seminar.<\/p>\n<p>Razgovor o prvoj ta\u010dki dnevnog reda je iniciran najnovijim de\u0161avanjima u zajednici te jo\u0161 jednim slu\u010dajem davanja otkaza imamu na regiji Frankfurt a ima nazanaka da \u0107e ovakvih slu\u010dajeva biti jo\u0161 vi\u0161e. Imaju\u0107i u vidu nerije\u0161enu situaciju na terenu u pogledu upo\u0161ljavanja imama kao i njegovog razrje\u0161avanja sa du\u017enosti te druga pitanja koja se ve\u017eu za rad imama i zajednice muftijsko vije\u0107e je nakon rasprave dinijelo sljede\u0107e zaklju\u010dke:<\/p>\n<p><strong>Objavljivanje konkursa za imama<\/strong><\/p>\n<p><em>Zaklju\u010dak 1 :Na\u010din ogla\u0161avanja je da se konkurs raspi\u0161e i objavi prvo u Preporodu a zatim da bude postavljen na internet stranicu IGBD-a zbog toga \u0161to prije objavljivanja u Preporodu se mora konsultirati ured za dijasporu. Bitno je provjeriti prije objavljivanja konkursa\u00a0 situaciju u d\u017eematu, na\u010din kako je do\u0161lo do prekida radnog ugovora i da li d\u017eemat ispunjava uvjete za upo\u0161ljavanje novog imama. Kod objavljivanja konkursa nu\u017eno je uvesti standarnizaciju i na\u010din formulisanja konkursa.<\/em><\/p>\n<p><strong>Radni ugovor<\/strong><\/p>\n<p><em>Zaklju\u010dak 2 : Uvesti standarnizaciju radnih ugovora. Trenutno svaki d\u017eemat ima svoj interni ugovor, ne postoji jedinstven ugovor na nivou Me\u0161ihata. Kod sklapanja ugovara zahtjevamo prisustvo glavnog imama ili onoga koga glavni imam imenuje gdje \u0107e biti predo\u010deni zahtjevi d\u017eemata prema imamu kao i zahtjevi imama prema d\u017eematu. Me\u0161ihat daje prednost onim imamima koji se nalaze na zavodu za zapo\u0161ljavanje.<\/em><\/p>\n<p><strong>Podne\u0161enje izvje\u0161taja o radu imama<\/strong><\/p>\n<p><em>Zaklju\u010dak 3: Imami su obavezni da dva puta u toku godine podnesu izvje\u0161taje o svom radu glavnom imamu. Glavni imami su iniciraju podne\u0161enje izvje\u0161taja i \u0161alju obrazce koje \u0107e imami popuniti i vratiti glavnom imamu.<\/em><\/p>\n<p><strong>Izrada baze podataka<\/strong><\/p>\n<p><em>Zaklju\u010dak 4: Izraditi upitnik putem kojeg \u0107e se upoznati sa brojem d\u017eemata na regijima, broj\u010danim stanjem d\u017eematlija, brojem imama koji imaju stalni ili djelomi\u010dni radni anga\u017eman. Napraviti bazu podataka o svakom d\u017eematu.<\/em><\/p>\n<p><strong>Radni sastanci sa d\u017eematskim odborima<\/strong><\/p>\n<p><em>Zaklju\u010dak 5: Organizovati radne sastanke sa d\u017eematskim odborima uz definisanje normi koje defini\u0161u pripadnost jednog d\u017eemata IZBNJ. U delegaciji trebaju biti glavni imam, \u010dlan Me\u0161ihata sa regije i predsjednik zajednice ili muftija.<\/em><\/p>\n<p><em>Zaklju\u010dak 6: Ure\u0111ivanje interijera prostorija Me\u0161ihata se povjerava Ishak ef. Ale\u0161evi\u0107u.<\/em><\/p>\n<p>Nakon ove ta\u010dke muftijsko vije\u0107e je zajedno sa komisijom za mektebsku nastavu raspravljalo o propozicijama ovogodi\u0161njih takmi\u010denja iz mektebske nastave. Pro\u0161le godine smo imali jednu inovaciju u vidu takmi\u010denja putem kviza kao i revijalni dio, rekao je muftija Feti\u0107. Ove godine \u0107emo na\u010diniti jedan kompromis time \u0161to \u0107e prva grupa raditi kviz a druga grupa testove. Imami su se osvrnuli i na slab odziv i ne u\u010destvovanje na takmi\u010denjima gdje se iz godine u godinu bojkotuje u\u010de\u0161\u0107e na takmi\u010denju.<\/p>\n<p>Nakon prijedloga i rasprave usvojeni su sljede\u0107i zaklju\u010dci:<\/p>\n<p><em>-Kod propozicija izmjeniti broj takmi\u010dara i ograni\u010diti ih na maksimalno 5 takmi\u010dara i to 2 takmi\u010dara za kviz 1 takmi\u010dar za test i po 1 takmi\u010dar za Kur'an.Glavni imami \u0107e dostaviti do ostalih imama pitanja i odgovore iz kojih \u0107e biti na\u010dinjen kviz i test kao \u0161to \u0107e zakazati mjesto i termin za takmi\u010denje i obavjestiti muftiju. Prilikom takmi\u010denja du\u017ean je jedan od \u010dlanova komisije da prisustvuje takmi\u010denju. Sprovo\u0111enje takmi\u010denja \u0107e sprovesti jedan od \u010dlanova mektebske komisije i glavni imam na regiji. Kviz i testove \u0107e pripremiti Bilal ef. Hod\u017ei\u0107.<\/em><\/p>\n<p><em>-Definisati do ramazana status komisije koja \u0107e biti ili ured ili vjerskoprosvjetna slu\u017eba ili ostati komisija.<\/em><\/p>\n<p><em>-Nagraditi imama koji izvodi hatme (od strane Me\u0161ihata) sa po 20 \u20ac po u\u010deniku a polaga\u010de hatmi sa diplomom i knjigom.<\/em><\/p>\n<p><em>-Hamid ef. Pintol se zadu\u017euje za izradu plakete za jubileje imama kao i ostali potreban promotivni i edukativni materijal.<\/em><\/p>\n<p>&#8211;<em>Komisija za mektbesku nastavu \u0107e doraditi prijedlog plana i programa mektebske nastave kojeg \u0107e prezentirati na saveznom sastanku imama.Planirano je do po\u010detka sljede\u0107e mektebske godine da plan bude zavr\u0161en i dostavljen d\u017eematima.<\/em><\/p>\n<p>U posljednjoj ta\u010dki dnevnog reda<strong> <\/strong>muftija je upoznao \u010dlanove Me\u0161ihata sa predvi\u0111enim planom i programom odvijanja saveznog seminara imama koji \u0107e se odr\u017eati 11 i 12.03. u Wiesbadenu.<\/p>\n<p>(IGBD)<\/p>\n","protected":false},"excerpt":{"rendered":"<p>Njema\u010dka &#8211; U prostorijama Me\u0161ihata IZBNJ je 26.02.2013 odr\u017eana pro\u0161irena sjednica muftijskog vije\u0107a. Sjednici su pored muftije Pa\u0161e Feti\u0107a i glavnih imama sa pet regija prisustvovali i \u010dlanovi komisije za mektebsku nastavu. Na sjednici su tretirana sljede\u0107a pitanja: 1. Trenutno stanje u Njema\u010dkoj i na regijama (stanje imama). 2. Takmi\u010denje iz mektebske nastave. 3. Plan [&hellip;]<\/p>\n","protected":false},"author":16,"featured_media":68726,"comment_status":"open","ping_status":"open","sticky":false,"template":"","format":"standard","meta":{"footnotes":""},"categories":[9538,802],"tags":[],"class_list":{"0":"post-68725","1":"post","2":"type-post","3":"status-publish","4":"format-standard","5":"has-post-thumbnail","7":"category-njemacka-dijaspora-gradovi-vase-vijesti","8":"category-islamska_zajednica"},"yoast_head":"<!-- This site is optimized with the Yoast SEO Premium plugin v23.1 (Yoast SEO v24.9) - https:\/\/yoast.com\/wordpress\/plugins\/seo\/ -->\n<title>Pro\u0161irena sjednica muftijskog vije\u0107a<\/title>\n<meta name=\"robots\" content=\"index, follow, max-snippet:-1, max-image-preview:large, max-video-preview:-1\" \/>\n<link rel=\"canonical\" href=\"https:\/\/sandzakpress.net\/arhiva\/prosirena-sjednica-muftijskog-vijeca\/\" \/>\n<meta property=\"og:locale\" content=\"bs_BA\" \/>\n<meta property=\"og:type\" content=\"article\" \/>\n<meta property=\"og:title\" content=\"Pro\u0161irena sjednica muftijskog vije\u0107a\" \/>\n<meta property=\"og:description\" content=\"Njema\u010dka &#8211; U prostorijama Me\u0161ihata IZBNJ je 26.02.2013 odr\u017eana pro\u0161irena sjednica muftijskog vije\u0107a. Sjednici su pored muftije Pa\u0161e Feti\u0107a i glavnih imama sa pet regija prisustvovali i \u010dlanovi komisije za mektebsku nastavu. Na sjednici su tretirana sljede\u0107a pitanja: 1. Trenutno stanje u Njema\u010dkoj i na regijama (stanje imama). 2. Takmi\u010denje iz mektebske nastave. 3. Plan [&hellip;]\" \/>\n<meta property=\"og:url\" content=\"https:\/\/sandzakpress.net\/arhiva\/prosirena-sjednica-muftijskog-vijeca\/\" \/>\n<meta property=\"og:site_name\" content=\"Sand\u017eak PRESS\" \/>\n<meta property=\"article:published_time\" content=\"2013-03-06T12:25:09+00:00\" \/>\n<meta property=\"og:image\" content=\"https:\/\/sandzakpress.net\/arhiva\/wp-content\/uploads\/2013\/03\/IMG_5441.jpg\" \/>\n\t<meta property=\"og:image:width\" content=\"616\" \/>\n\t<meta property=\"og:image:height\" content=\"411\" \/>\n\t<meta property=\"og:image:type\" content=\"image\/jpeg\" \/>\n<meta name=\"twitter:card\" content=\"summary_large_image\" \/>\n<meta name=\"twitter:label1\" content=\"Written by\" \/>\n\t<meta name=\"twitter:data1\" content=\"\" \/>\n\t<meta name=\"twitter:label2\" content=\"Est. reading time\" \/>\n\t<meta name=\"twitter:data2\" content=\"4 minute\" \/>\n<script type=\"application\/ld+json\" class=\"yoast-schema-graph\">{\"@context\":\"https:\/\/schema.org\",\"@graph\":[{\"@type\":\"Article\",\"@id\":\"https:\/\/sandzakpress.net\/arhiva\/prosirena-sjednica-muftijskog-vijeca\/#article\",\"isPartOf\":{\"@id\":\"https:\/\/sandzakpress.net\/arhiva\/prosirena-sjednica-muftijskog-vijeca\/\"},\"author\":{\"name\":\"\",\"@id\":\"\"},\"headline\":\"Pro\u0161irena sjednica muftijskog vije\u0107a\",\"datePublished\":\"2013-03-06T12:25:09+00:00\",\"mainEntityOfPage\":{\"@id\":\"https:\/\/sandzakpress.net\/arhiva\/prosirena-sjednica-muftijskog-vijeca\/\"},\"wordCount\":786,\"commentCount\":0,\"publisher\":{\"@id\":\"https:\/\/sandzakpress.net\/arhiva\/#\/schema\/person\/6e72b67d6e51910a1117b3b483ba20bd\"},\"image\":{\"@id\":\"https:\/\/sandzakpress.net\/arhiva\/prosirena-sjednica-muftijskog-vijeca\/#primaryimage\"},\"thumbnailUrl\":\"https:\/\/sandzakpress.net\/arhiva\/wp-content\/uploads\/2013\/03\/IMG_5441.jpg\",\"articleSection\":[\"Njema\u010dka\",\"Islamska zajednica\"],\"inLanguage\":\"bs-BA\",\"potentialAction\":[{\"@type\":\"CommentAction\",\"name\":\"Comment\",\"target\":[\"https:\/\/sandzakpress.net\/arhiva\/prosirena-sjednica-muftijskog-vijeca\/#respond\"]}]},{\"@type\":\"WebPage\",\"@id\":\"https:\/\/sandzakpress.net\/arhiva\/prosirena-sjednica-muftijskog-vijeca\/\",\"url\":\"https:\/\/sandzakpress.net\/arhiva\/prosirena-sjednica-muftijskog-vijeca\/\",\"name\":\"Pro\u0161irena sjednica muftijskog vije\u0107a\",\"isPartOf\":{\"@id\":\"https:\/\/sandzakpress.net\/arhiva\/#website\"},\"primaryImageOfPage\":{\"@id\":\"https:\/\/sandzakpress.net\/arhiva\/prosirena-sjednica-muftijskog-vijeca\/#primaryimage\"},\"image\":{\"@id\":\"https:\/\/sandzakpress.net\/arhiva\/prosirena-sjednica-muftijskog-vijeca\/#primaryimage\"},\"thumbnailUrl\":\"https:\/\/sandzakpress.net\/arhiva\/wp-content\/uploads\/2013\/03\/IMG_5441.jpg\",\"datePublished\":\"2013-03-06T12:25:09+00:00\",\"breadcrumb\":{\"@id\":\"https:\/\/sandzakpress.net\/arhiva\/prosirena-sjednica-muftijskog-vijeca\/#breadcrumb\"},\"inLanguage\":\"bs-BA\",\"potentialAction\":[{\"@type\":\"ReadAction\",\"target\":[\"https:\/\/sandzakpress.net\/arhiva\/prosirena-sjednica-muftijskog-vijeca\/\"]}]},{\"@type\":\"ImageObject\",\"inLanguage\":\"bs-BA\",\"@id\":\"https:\/\/sandzakpress.net\/arhiva\/prosirena-sjednica-muftijskog-vijeca\/#primaryimage\",\"url\":\"https:\/\/sandzakpress.net\/arhiva\/wp-content\/uploads\/2013\/03\/IMG_5441.jpg\",\"contentUrl\":\"https:\/\/sandzakpress.net\/arhiva\/wp-content\/uploads\/2013\/03\/IMG_5441.jpg\",\"width\":616,\"height\":411},{\"@type\":\"BreadcrumbList\",\"@id\":\"https:\/\/sandzakpress.net\/arhiva\/prosirena-sjednica-muftijskog-vijeca\/#breadcrumb\",\"itemListElement\":[{\"@type\":\"ListItem\",\"position\":1,\"name\":\"Home\",\"item\":\"https:\/\/sandzakpress.net\/arhiva\/\"},{\"@type\":\"ListItem\",\"position\":2,\"name\":\"Pro\u0161irena sjednica muftijskog vije\u0107a\"}]},{\"@type\":\"WebSite\",\"@id\":\"https:\/\/sandzakpress.net\/arhiva\/#website\",\"url\":\"https:\/\/sandzakpress.net\/arhiva\/\",\"name\":\"Sand\u017eak PRESS\",\"description\":\"Prve elektronske novine u Sand\u017eaku\",\"publisher\":{\"@id\":\"https:\/\/sandzakpress.net\/arhiva\/#\/schema\/person\/6e72b67d6e51910a1117b3b483ba20bd\"},\"potentialAction\":[{\"@type\":\"SearchAction\",\"target\":{\"@type\":\"EntryPoint\",\"urlTemplate\":\"https:\/\/sandzakpress.net\/arhiva\/?s={search_term_string}\"},\"query-input\":{\"@type\":\"PropertyValueSpecification\",\"valueRequired\":true,\"valueName\":\"search_term_string\"}}],\"inLanguage\":\"bs-BA\"},{\"@type\":[\"Person\",\"Organization\"],\"@id\":\"https:\/\/sandzakpress.net\/arhiva\/#\/schema\/person\/6e72b67d6e51910a1117b3b483ba20bd\",\"name\":\"Kul\",\"image\":{\"@type\":\"ImageObject\",\"inLanguage\":\"bs-BA\",\"@id\":\"https:\/\/sandzakpress.net\/arhiva\/#\/schema\/person\/image\/\",\"url\":\"https:\/\/secure.gravatar.com\/avatar\/42263f39aa27ac04c43cab85c280eb2e?s=96&d=mm&r=pg\",\"contentUrl\":\"https:\/\/secure.gravatar.com\/avatar\/42263f39aa27ac04c43cab85c280eb2e?s=96&d=mm&r=pg\",\"caption\":\"Kul\"},\"logo\":{\"@id\":\"https:\/\/sandzakpress.net\/arhiva\/#\/schema\/person\/image\/\"}},{\"@type\":\"Person\",\"@id\":\"\",\"url\":\"https:\/\/sandzakpress.net\/arhiva\/author\/\"}]}<\/script>\n<!-- \/ Yoast SEO Premium plugin. -->","yoast_head_json":{"title":"Pro\u0161irena sjednica muftijskog vije\u0107a","robots":{"index":"index","follow":"follow","max-snippet":"max-snippet:-1","max-image-preview":"max-image-preview:large","max-video-preview":"max-video-preview:-1"},"canonical":"https:\/\/sandzakpress.net\/arhiva\/prosirena-sjednica-muftijskog-vijeca\/","og_locale":"bs_BA","og_type":"article","og_title":"Pro\u0161irena sjednica muftijskog vije\u0107a","og_description":"Njema\u010dka &#8211; U prostorijama Me\u0161ihata IZBNJ je 26.02.2013 odr\u017eana pro\u0161irena sjednica muftijskog vije\u0107a. Sjednici su pored muftije Pa\u0161e Feti\u0107a i glavnih imama sa pet regija prisustvovali i \u010dlanovi komisije za mektebsku nastavu. Na sjednici su tretirana sljede\u0107a pitanja: 1. Trenutno stanje u Njema\u010dkoj i na regijama (stanje imama). 2. Takmi\u010denje iz mektebske nastave. 3. Plan [&hellip;]","og_url":"https:\/\/sandzakpress.net\/arhiva\/prosirena-sjednica-muftijskog-vijeca\/","og_site_name":"Sand\u017eak PRESS","article_published_time":"2013-03-06T12:25:09+00:00","og_image":[{"width":616,"height":411,"url":"https:\/\/sandzakpress.net\/arhiva\/wp-content\/uploads\/2013\/03\/IMG_5441.jpg","type":"image\/jpeg"}],"twitter_card":"summary_large_image","twitter_misc":{"Written by":"","Est. reading time":"4 minute"},"schema":{"@context":"https:\/\/schema.org","@graph":[{"@type":"Article","@id":"https:\/\/sandzakpress.net\/arhiva\/prosirena-sjednica-muftijskog-vijeca\/#article","isPartOf":{"@id":"https:\/\/sandzakpress.net\/arhiva\/prosirena-sjednica-muftijskog-vijeca\/"},"author":{"name":"","@id":""},"headline":"Pro\u0161irena sjednica muftijskog vije\u0107a","datePublished":"2013-03-06T12:25:09+00:00","mainEntityOfPage":{"@id":"https:\/\/sandzakpress.net\/arhiva\/prosirena-sjednica-muftijskog-vijeca\/"},"wordCount":786,"commentCount":0,"publisher":{"@id":"https:\/\/sandzakpress.net\/arhiva\/#\/schema\/person\/6e72b67d6e51910a1117b3b483ba20bd"},"image":{"@id":"https:\/\/sandzakpress.net\/arhiva\/prosirena-sjednica-muftijskog-vijeca\/#primaryimage"},"thumbnailUrl":"https:\/\/sandzakpress.net\/arhiva\/wp-content\/uploads\/2013\/03\/IMG_5441.jpg","articleSection":["Njema\u010dka","Islamska zajednica"],"inLanguage":"bs-BA","potentialAction":[{"@type":"CommentAction","name":"Comment","target":["https:\/\/sandzakpress.net\/arhiva\/prosirena-sjednica-muftijskog-vijeca\/#respond"]}]},{"@type":"WebPage","@id":"https:\/\/sandzakpress.net\/arhiva\/prosirena-sjednica-muftijskog-vijeca\/","url":"https:\/\/sandzakpress.net\/arhiva\/prosirena-sjednica-muftijskog-vijeca\/","name":"Pro\u0161irena sjednica muftijskog vije\u0107a","isPartOf":{"@id":"https:\/\/sandzakpress.net\/arhiva\/#website"},"primaryImageOfPage":{"@id":"https:\/\/sandzakpress.net\/arhiva\/prosirena-sjednica-muftijskog-vijeca\/#primaryimage"},"image":{"@id":"https:\/\/sandzakpress.net\/arhiva\/prosirena-sjednica-muftijskog-vijeca\/#primaryimage"},"thumbnailUrl":"https:\/\/sandzakpress.net\/arhiva\/wp-content\/uploads\/2013\/03\/IMG_5441.jpg","datePublished":"2013-03-06T12:25:09+00:00","breadcrumb":{"@id":"https:\/\/sandzakpress.net\/arhiva\/prosirena-sjednica-muftijskog-vijeca\/#breadcrumb"},"inLanguage":"bs-BA","potentialAction":[{"@type":"ReadAction","target":["https:\/\/sandzakpress.net\/arhiva\/prosirena-sjednica-muftijskog-vijeca\/"]}]},{"@type":"ImageObject","inLanguage":"bs-BA","@id":"https:\/\/sandzakpress.net\/arhiva\/prosirena-sjednica-muftijskog-vijeca\/#primaryimage","url":"https:\/\/sandzakpress.net\/arhiva\/wp-content\/uploads\/2013\/03\/IMG_5441.jpg","contentUrl":"https:\/\/sandzakpress.net\/arhiva\/wp-content\/uploads\/2013\/03\/IMG_5441.jpg","width":616,"height":411},{"@type":"BreadcrumbList","@id":"https:\/\/sandzakpress.net\/arhiva\/prosirena-sjednica-muftijskog-vijeca\/#breadcrumb","itemListElement":[{"@type":"ListItem","position":1,"name":"Home","item":"https:\/\/sandzakpress.net\/arhiva\/"},{"@type":"ListItem","position":2,"name":"Pro\u0161irena sjednica muftijskog vije\u0107a"}]},{"@type":"WebSite","@id":"https:\/\/sandzakpress.net\/arhiva\/#website","url":"https:\/\/sandzakpress.net\/arhiva\/","name":"Sand\u017eak PRESS","description":"Prve elektronske novine u Sand\u017eaku","publisher":{"@id":"https:\/\/sandzakpress.net\/arhiva\/#\/schema\/person\/6e72b67d6e51910a1117b3b483ba20bd"},"potentialAction":[{"@type":"SearchAction","target":{"@type":"EntryPoint","urlTemplate":"https:\/\/sandzakpress.net\/arhiva\/?s={search_term_string}"},"query-input":{"@type":"PropertyValueSpecification","valueRequired":true,"valueName":"search_term_string"}}],"inLanguage":"bs-BA"},{"@type":["Person","Organization"],"@id":"https:\/\/sandzakpress.net\/arhiva\/#\/schema\/person\/6e72b67d6e51910a1117b3b483ba20bd","name":"Kul","image":{"@type":"ImageObject","inLanguage":"bs-BA","@id":"https:\/\/sandzakpress.net\/arhiva\/#\/schema\/person\/image\/","url":"https:\/\/secure.gravatar.com\/avatar\/42263f39aa27ac04c43cab85c280eb2e?s=96&d=mm&r=pg","contentUrl":"https:\/\/secure.gravatar.com\/avatar\/42263f39aa27ac04c43cab85c280eb2e?s=96&d=mm&r=pg","caption":"Kul"},"logo":{"@id":"https:\/\/sandzakpress.net\/arhiva\/#\/schema\/person\/image\/"}},{"@type":"Person","@id":"","url":"https:\/\/sandzakpress.net\/arhiva\/author\/"}]}},"_links":{"self":[{"href":"https:\/\/sandzakpress.net\/arhiva\/wp-json\/wp\/v2\/posts\/68725"}],"collection":[{"href":"https:\/\/sandzakpress.net\/arhiva\/wp-json\/wp\/v2\/posts"}],"about":[{"href":"https:\/\/sandzakpress.net\/arhiva\/wp-json\/wp\/v2\/types\/post"}],"author":[{"embeddable":true,"href":"https:\/\/sandzakpress.net\/arhiva\/wp-json\/wp\/v2\/users\/16"}],"replies":[{"embeddable":true,"href":"https:\/\/sandzakpress.net\/arhiva\/wp-json\/wp\/v2\/comments?post=68725"}],"version-history":[{"count":0,"href":"https:\/\/sandzakpress.net\/arhiva\/wp-json\/wp\/v2\/posts\/68725\/revisions"}],"wp:featuredmedia":[{"embeddable":true,"href":"https:\/\/sandzakpress.net\/arhiva\/wp-json\/wp\/v2\/media\/68726"}],"wp:attachment":[{"href":"https:\/\/sandzakpress.net\/arhiva\/wp-json\/wp\/v2\/media?parent=68725"}],"wp:term":[{"taxonomy":"category","embeddable":true,"href":"https:\/\/sandzakpress.net\/arhiva\/wp-json\/wp\/v2\/categories?post=68725"},{"taxonomy":"post_tag","embeddable":true,"href":"https:\/\/sandzakpress.net\/arhiva\/wp-json\/wp\/v2\/tags?post=68725"}],"curies":[{"name":"wp","href":"https:\/\/api.w.org\/{rel}","templated":true}]}}