{"id":68635,"date":"2013-03-05T17:02:55","date_gmt":"2013-03-05T16:02:55","guid":{"rendered":"https:\/\/sandzakpress.net\/arhiva\/?p=68635"},"modified":"2013-03-05T17:02:55","modified_gmt":"2013-03-05T16:02:55","slug":"lagano-opada-broj-oboljelih-od-gripa","status":"publish","type":"post","link":"https:\/\/sandzakpress.net\/arhiva\/lagano-opada-broj-oboljelih-od-gripa\/","title":{"rendered":"Lagano opada broj oboljelih od gripa"},"content":{"rendered":"<p><strong><a href=\"https:\/\/sandzakpress.net\/arhiva\/wp-content\/uploads\/2013\/03\/57223487ee13e98b2e584a13079e4eda_M.jpg\"><img loading=\"lazy\" decoding=\"async\" class=\"alignleft size-medium wp-image-68636\" title=\"57223487ee13e98b2e584a13079e4eda_M\" src=\"https:\/\/sandzakpress.net\/arhiva\/wp-content\/uploads\/2013\/03\/57223487ee13e98b2e584a13079e4eda_M-300x199.jpg\" alt=\"\" width=\"300\" height=\"199\" \/><\/a>Novi Pazar &#8211; Broj obolelih od gripa lagano opada, ali lekari ozbiljniji pad tog broja ne o\u010dekuju prije kraja ove sedmice.<br \/>\n<\/strong><br \/>\nPrema ocjenama nadle\u017enih, izuzetno je te\u0161ko utvrditi da li sezona gripa prolazi, jer cirkuli\u0161tu tri virusa, pa osobe koje su obolele od nekog od tih virusa mogu opet da se razbole od preostala dva.<\/p>\n<p>Situaciju komplikuje podatak da cirkuli\u0161u tri virusa gripa &#8211; virusi tipa AH1, AH3 i B.<\/p>\n<p>(RadioStoPlus)<\/p>\n","protected":false},"excerpt":{"rendered":"<p>Novi Pazar &#8211; Broj obolelih od gripa lagano opada, ali lekari ozbiljniji pad tog broja ne o\u010dekuju prije kraja ove sedmice. Prema ocjenama nadle\u017enih, izuzetno je te\u0161ko utvrditi da li sezona gripa prolazi, jer cirkuli\u0161tu tri virusa, pa osobe koje su obolele od nekog od tih virusa mogu opet da se razbole od preostala dva. [&hellip;]<\/p>\n","protected":false},"author":16,"featured_media":68636,"comment_status":"open","ping_status":"open","sticky":false,"template":"","format":"standard","meta":{"footnotes":""},"categories":[72,5],"tags":[],"class_list":{"0":"post-68635","1":"post","2":"type-post","3":"status-publish","4":"format-standard","5":"has-post-thumbnail","7":"category-novi-pazar","8":"category-drustvo"},"yoast_head":"<!-- This site is optimized with the Yoast SEO Premium plugin v23.1 (Yoast SEO v24.9) - https:\/\/yoast.com\/wordpress\/plugins\/seo\/ -->\n<title>Lagano opada broj oboljelih od gripa<\/title>\n<meta name=\"robots\" content=\"index, follow, max-snippet:-1, max-image-preview:large, max-video-preview:-1\" \/>\n<link rel=\"canonical\" href=\"https:\/\/sandzakpress.net\/arhiva\/lagano-opada-broj-oboljelih-od-gripa\/\" \/>\n<meta property=\"og:locale\" content=\"bs_BA\" \/>\n<meta property=\"og:type\" content=\"article\" \/>\n<meta property=\"og:title\" content=\"Lagano opada broj oboljelih od gripa\" \/>\n<meta property=\"og:description\" content=\"Novi Pazar &#8211; Broj obolelih od gripa lagano opada, ali lekari ozbiljniji pad tog broja ne o\u010dekuju prije kraja ove sedmice. Prema ocjenama nadle\u017enih, izuzetno je te\u0161ko utvrditi da li sezona gripa prolazi, jer cirkuli\u0161tu tri virusa, pa osobe koje su obolele od nekog od tih virusa mogu opet da se razbole od preostala dva. [&hellip;]\" \/>\n<meta property=\"og:url\" content=\"https:\/\/sandzakpress.net\/arhiva\/lagano-opada-broj-oboljelih-od-gripa\/\" \/>\n<meta property=\"og:site_name\" content=\"Sand\u017eak PRESS\" \/>\n<meta property=\"article:published_time\" content=\"2013-03-05T16:02:55+00:00\" \/>\n<meta property=\"og:image\" content=\"https:\/\/sandzakpress.net\/arhiva\/wp-content\/uploads\/2013\/03\/57223487ee13e98b2e584a13079e4eda_M.jpg\" \/>\n\t<meta property=\"og:image:width\" content=\"310\" \/>\n\t<meta property=\"og:image:height\" content=\"206\" \/>\n\t<meta property=\"og:image:type\" content=\"image\/jpeg\" \/>\n<meta name=\"twitter:card\" content=\"summary_large_image\" \/>\n<meta name=\"twitter:label1\" content=\"Written by\" \/>\n\t<meta name=\"twitter:data1\" content=\"\" \/>\n<script type=\"application\/ld+json\" class=\"yoast-schema-graph\">{\"@context\":\"https:\/\/schema.org\",\"@graph\":[{\"@type\":\"Article\",\"@id\":\"https:\/\/sandzakpress.net\/arhiva\/lagano-opada-broj-oboljelih-od-gripa\/#article\",\"isPartOf\":{\"@id\":\"https:\/\/sandzakpress.net\/arhiva\/lagano-opada-broj-oboljelih-od-gripa\/\"},\"author\":{\"name\":\"\",\"@id\":\"\"},\"headline\":\"Lagano opada broj oboljelih od gripa\",\"datePublished\":\"2013-03-05T16:02:55+00:00\",\"mainEntityOfPage\":{\"@id\":\"https:\/\/sandzakpress.net\/arhiva\/lagano-opada-broj-oboljelih-od-gripa\/\"},\"wordCount\":82,\"commentCount\":0,\"publisher\":{\"@id\":\"https:\/\/sandzakpress.net\/arhiva\/#\/schema\/person\/6e72b67d6e51910a1117b3b483ba20bd\"},\"image\":{\"@id\":\"https:\/\/sandzakpress.net\/arhiva\/lagano-opada-broj-oboljelih-od-gripa\/#primaryimage\"},\"thumbnailUrl\":\"https:\/\/sandzakpress.net\/arhiva\/wp-content\/uploads\/2013\/03\/57223487ee13e98b2e584a13079e4eda_M.jpg\",\"articleSection\":[\"Novi Pazar\",\"Dru\u0161tvo\"],\"inLanguage\":\"bs-BA\",\"potentialAction\":[{\"@type\":\"CommentAction\",\"name\":\"Comment\",\"target\":[\"https:\/\/sandzakpress.net\/arhiva\/lagano-opada-broj-oboljelih-od-gripa\/#respond\"]}]},{\"@type\":\"WebPage\",\"@id\":\"https:\/\/sandzakpress.net\/arhiva\/lagano-opada-broj-oboljelih-od-gripa\/\",\"url\":\"https:\/\/sandzakpress.net\/arhiva\/lagano-opada-broj-oboljelih-od-gripa\/\",\"name\":\"Lagano opada broj oboljelih od gripa\",\"isPartOf\":{\"@id\":\"https:\/\/sandzakpress.net\/arhiva\/#website\"},\"primaryImageOfPage\":{\"@id\":\"https:\/\/sandzakpress.net\/arhiva\/lagano-opada-broj-oboljelih-od-gripa\/#primaryimage\"},\"image\":{\"@id\":\"https:\/\/sandzakpress.net\/arhiva\/lagano-opada-broj-oboljelih-od-gripa\/#primaryimage\"},\"thumbnailUrl\":\"https:\/\/sandzakpress.net\/arhiva\/wp-content\/uploads\/2013\/03\/57223487ee13e98b2e584a13079e4eda_M.jpg\",\"datePublished\":\"2013-03-05T16:02:55+00:00\",\"breadcrumb\":{\"@id\":\"https:\/\/sandzakpress.net\/arhiva\/lagano-opada-broj-oboljelih-od-gripa\/#breadcrumb\"},\"inLanguage\":\"bs-BA\",\"potentialAction\":[{\"@type\":\"ReadAction\",\"target\":[\"https:\/\/sandzakpress.net\/arhiva\/lagano-opada-broj-oboljelih-od-gripa\/\"]}]},{\"@type\":\"ImageObject\",\"inLanguage\":\"bs-BA\",\"@id\":\"https:\/\/sandzakpress.net\/arhiva\/lagano-opada-broj-oboljelih-od-gripa\/#primaryimage\",\"url\":\"https:\/\/sandzakpress.net\/arhiva\/wp-content\/uploads\/2013\/03\/57223487ee13e98b2e584a13079e4eda_M.jpg\",\"contentUrl\":\"https:\/\/sandzakpress.net\/arhiva\/wp-content\/uploads\/2013\/03\/57223487ee13e98b2e584a13079e4eda_M.jpg\",\"width\":310,\"height\":206},{\"@type\":\"BreadcrumbList\",\"@id\":\"https:\/\/sandzakpress.net\/arhiva\/lagano-opada-broj-oboljelih-od-gripa\/#breadcrumb\",\"itemListElement\":[{\"@type\":\"ListItem\",\"position\":1,\"name\":\"Home\",\"item\":\"https:\/\/sandzakpress.net\/arhiva\/\"},{\"@type\":\"ListItem\",\"position\":2,\"name\":\"Lagano opada broj oboljelih od gripa\"}]},{\"@type\":\"WebSite\",\"@id\":\"https:\/\/sandzakpress.net\/arhiva\/#website\",\"url\":\"https:\/\/sandzakpress.net\/arhiva\/\",\"name\":\"Sand\u017eak PRESS\",\"description\":\"Prve elektronske novine u Sand\u017eaku\",\"publisher\":{\"@id\":\"https:\/\/sandzakpress.net\/arhiva\/#\/schema\/person\/6e72b67d6e51910a1117b3b483ba20bd\"},\"potentialAction\":[{\"@type\":\"SearchAction\",\"target\":{\"@type\":\"EntryPoint\",\"urlTemplate\":\"https:\/\/sandzakpress.net\/arhiva\/?s={search_term_string}\"},\"query-input\":{\"@type\":\"PropertyValueSpecification\",\"valueRequired\":true,\"valueName\":\"search_term_string\"}}],\"inLanguage\":\"bs-BA\"},{\"@type\":[\"Person\",\"Organization\"],\"@id\":\"https:\/\/sandzakpress.net\/arhiva\/#\/schema\/person\/6e72b67d6e51910a1117b3b483ba20bd\",\"name\":\"Kul\",\"image\":{\"@type\":\"ImageObject\",\"inLanguage\":\"bs-BA\",\"@id\":\"https:\/\/sandzakpress.net\/arhiva\/#\/schema\/person\/image\/\",\"url\":\"https:\/\/secure.gravatar.com\/avatar\/42263f39aa27ac04c43cab85c280eb2e?s=96&d=mm&r=pg\",\"contentUrl\":\"https:\/\/secure.gravatar.com\/avatar\/42263f39aa27ac04c43cab85c280eb2e?s=96&d=mm&r=pg\",\"caption\":\"Kul\"},\"logo\":{\"@id\":\"https:\/\/sandzakpress.net\/arhiva\/#\/schema\/person\/image\/\"}},{\"@type\":\"Person\",\"@id\":\"\",\"url\":\"https:\/\/sandzakpress.net\/arhiva\/author\/\"}]}<\/script>\n<!-- \/ Yoast SEO Premium plugin. -->","yoast_head_json":{"title":"Lagano opada broj oboljelih od gripa","robots":{"index":"index","follow":"follow","max-snippet":"max-snippet:-1","max-image-preview":"max-image-preview:large","max-video-preview":"max-video-preview:-1"},"canonical":"https:\/\/sandzakpress.net\/arhiva\/lagano-opada-broj-oboljelih-od-gripa\/","og_locale":"bs_BA","og_type":"article","og_title":"Lagano opada broj oboljelih od gripa","og_description":"Novi Pazar &#8211; Broj obolelih od gripa lagano opada, ali lekari ozbiljniji pad tog broja ne o\u010dekuju prije kraja ove sedmice. Prema ocjenama nadle\u017enih, izuzetno je te\u0161ko utvrditi da li sezona gripa prolazi, jer cirkuli\u0161tu tri virusa, pa osobe koje su obolele od nekog od tih virusa mogu opet da se razbole od preostala dva. [&hellip;]","og_url":"https:\/\/sandzakpress.net\/arhiva\/lagano-opada-broj-oboljelih-od-gripa\/","og_site_name":"Sand\u017eak PRESS","article_published_time":"2013-03-05T16:02:55+00:00","og_image":[{"width":310,"height":206,"url":"https:\/\/sandzakpress.net\/arhiva\/wp-content\/uploads\/2013\/03\/57223487ee13e98b2e584a13079e4eda_M.jpg","type":"image\/jpeg"}],"twitter_card":"summary_large_image","twitter_misc":{"Written by":""},"schema":{"@context":"https:\/\/schema.org","@graph":[{"@type":"Article","@id":"https:\/\/sandzakpress.net\/arhiva\/lagano-opada-broj-oboljelih-od-gripa\/#article","isPartOf":{"@id":"https:\/\/sandzakpress.net\/arhiva\/lagano-opada-broj-oboljelih-od-gripa\/"},"author":{"name":"","@id":""},"headline":"Lagano opada broj oboljelih od gripa","datePublished":"2013-03-05T16:02:55+00:00","mainEntityOfPage":{"@id":"https:\/\/sandzakpress.net\/arhiva\/lagano-opada-broj-oboljelih-od-gripa\/"},"wordCount":82,"commentCount":0,"publisher":{"@id":"https:\/\/sandzakpress.net\/arhiva\/#\/schema\/person\/6e72b67d6e51910a1117b3b483ba20bd"},"image":{"@id":"https:\/\/sandzakpress.net\/arhiva\/lagano-opada-broj-oboljelih-od-gripa\/#primaryimage"},"thumbnailUrl":"https:\/\/sandzakpress.net\/arhiva\/wp-content\/uploads\/2013\/03\/57223487ee13e98b2e584a13079e4eda_M.jpg","articleSection":["Novi Pazar","Dru\u0161tvo"],"inLanguage":"bs-BA","potentialAction":[{"@type":"CommentAction","name":"Comment","target":["https:\/\/sandzakpress.net\/arhiva\/lagano-opada-broj-oboljelih-od-gripa\/#respond"]}]},{"@type":"WebPage","@id":"https:\/\/sandzakpress.net\/arhiva\/lagano-opada-broj-oboljelih-od-gripa\/","url":"https:\/\/sandzakpress.net\/arhiva\/lagano-opada-broj-oboljelih-od-gripa\/","name":"Lagano opada broj oboljelih od gripa","isPartOf":{"@id":"https:\/\/sandzakpress.net\/arhiva\/#website"},"primaryImageOfPage":{"@id":"https:\/\/sandzakpress.net\/arhiva\/lagano-opada-broj-oboljelih-od-gripa\/#primaryimage"},"image":{"@id":"https:\/\/sandzakpress.net\/arhiva\/lagano-opada-broj-oboljelih-od-gripa\/#primaryimage"},"thumbnailUrl":"https:\/\/sandzakpress.net\/arhiva\/wp-content\/uploads\/2013\/03\/57223487ee13e98b2e584a13079e4eda_M.jpg","datePublished":"2013-03-05T16:02:55+00:00","breadcrumb":{"@id":"https:\/\/sandzakpress.net\/arhiva\/lagano-opada-broj-oboljelih-od-gripa\/#breadcrumb"},"inLanguage":"bs-BA","potentialAction":[{"@type":"ReadAction","target":["https:\/\/sandzakpress.net\/arhiva\/lagano-opada-broj-oboljelih-od-gripa\/"]}]},{"@type":"ImageObject","inLanguage":"bs-BA","@id":"https:\/\/sandzakpress.net\/arhiva\/lagano-opada-broj-oboljelih-od-gripa\/#primaryimage","url":"https:\/\/sandzakpress.net\/arhiva\/wp-content\/uploads\/2013\/03\/57223487ee13e98b2e584a13079e4eda_M.jpg","contentUrl":"https:\/\/sandzakpress.net\/arhiva\/wp-content\/uploads\/2013\/03\/57223487ee13e98b2e584a13079e4eda_M.jpg","width":310,"height":206},{"@type":"BreadcrumbList","@id":"https:\/\/sandzakpress.net\/arhiva\/lagano-opada-broj-oboljelih-od-gripa\/#breadcrumb","itemListElement":[{"@type":"ListItem","position":1,"name":"Home","item":"https:\/\/sandzakpress.net\/arhiva\/"},{"@type":"ListItem","position":2,"name":"Lagano opada broj oboljelih od gripa"}]},{"@type":"WebSite","@id":"https:\/\/sandzakpress.net\/arhiva\/#website","url":"https:\/\/sandzakpress.net\/arhiva\/","name":"Sand\u017eak PRESS","description":"Prve elektronske novine u Sand\u017eaku","publisher":{"@id":"https:\/\/sandzakpress.net\/arhiva\/#\/schema\/person\/6e72b67d6e51910a1117b3b483ba20bd"},"potentialAction":[{"@type":"SearchAction","target":{"@type":"EntryPoint","urlTemplate":"https:\/\/sandzakpress.net\/arhiva\/?s={search_term_string}"},"query-input":{"@type":"PropertyValueSpecification","valueRequired":true,"valueName":"search_term_string"}}],"inLanguage":"bs-BA"},{"@type":["Person","Organization"],"@id":"https:\/\/sandzakpress.net\/arhiva\/#\/schema\/person\/6e72b67d6e51910a1117b3b483ba20bd","name":"Kul","image":{"@type":"ImageObject","inLanguage":"bs-BA","@id":"https:\/\/sandzakpress.net\/arhiva\/#\/schema\/person\/image\/","url":"https:\/\/secure.gravatar.com\/avatar\/42263f39aa27ac04c43cab85c280eb2e?s=96&d=mm&r=pg","contentUrl":"https:\/\/secure.gravatar.com\/avatar\/42263f39aa27ac04c43cab85c280eb2e?s=96&d=mm&r=pg","caption":"Kul"},"logo":{"@id":"https:\/\/sandzakpress.net\/arhiva\/#\/schema\/person\/image\/"}},{"@type":"Person","@id":"","url":"https:\/\/sandzakpress.net\/arhiva\/author\/"}]}},"_links":{"self":[{"href":"https:\/\/sandzakpress.net\/arhiva\/wp-json\/wp\/v2\/posts\/68635"}],"collection":[{"href":"https:\/\/sandzakpress.net\/arhiva\/wp-json\/wp\/v2\/posts"}],"about":[{"href":"https:\/\/sandzakpress.net\/arhiva\/wp-json\/wp\/v2\/types\/post"}],"author":[{"embeddable":true,"href":"https:\/\/sandzakpress.net\/arhiva\/wp-json\/wp\/v2\/users\/16"}],"replies":[{"embeddable":true,"href":"https:\/\/sandzakpress.net\/arhiva\/wp-json\/wp\/v2\/comments?post=68635"}],"version-history":[{"count":0,"href":"https:\/\/sandzakpress.net\/arhiva\/wp-json\/wp\/v2\/posts\/68635\/revisions"}],"wp:featuredmedia":[{"embeddable":true,"href":"https:\/\/sandzakpress.net\/arhiva\/wp-json\/wp\/v2\/media\/68636"}],"wp:attachment":[{"href":"https:\/\/sandzakpress.net\/arhiva\/wp-json\/wp\/v2\/media?parent=68635"}],"wp:term":[{"taxonomy":"category","embeddable":true,"href":"https:\/\/sandzakpress.net\/arhiva\/wp-json\/wp\/v2\/categories?post=68635"},{"taxonomy":"post_tag","embeddable":true,"href":"https:\/\/sandzakpress.net\/arhiva\/wp-json\/wp\/v2\/tags?post=68635"}],"curies":[{"name":"wp","href":"https:\/\/api.w.org\/{rel}","templated":true}]}}