{"id":68165,"date":"2013-03-01T14:42:07","date_gmt":"2013-03-01T13:42:07","guid":{"rendered":"https:\/\/sandzakpress.net\/arhiva\/?p=68165"},"modified":"2013-03-01T14:42:07","modified_gmt":"2013-03-01T13:42:07","slug":"muftija-zukorlic-bosnjaci-da-odbiju-sve-sto-bi-ostetilo-naciju","status":"publish","type":"post","link":"https:\/\/sandzakpress.net\/arhiva\/muftija-zukorlic-bosnjaci-da-odbiju-sve-sto-bi-ostetilo-naciju\/","title":{"rendered":"Muftija Zukorli\u0107: &#8216;Bo\u0161njaci da odbiju sve \u0161to bi o\u0161tetilo naciju&#8217;"},"content":{"rendered":"<p><a href=\"https:\/\/sandzakpress.net\/arhiva\/wp-content\/uploads\/2013\/03\/copyright_aabadoluajansi_2013_20130301133553.jpg\"><img loading=\"lazy\" decoding=\"async\" class=\"aligncenter size-full wp-image-68166\" title=\"copyright_aabadoluajansi_2013_20130301133553\" src=\"https:\/\/sandzakpress.net\/arhiva\/wp-content\/uploads\/2013\/03\/copyright_aabadoluajansi_2013_20130301133553.jpg\" alt=\"\" width=\"616\" height=\"422\" \/><\/a><\/p>\n<p><strong>BiH &#8211; Pripadnici bo\u0161nja\u010dkog naroda, na predstoje\u0107em popisu stanovni\u0161tva u BiH koji \u0107e biti odr\u017ean od 1. do 15. oktobra\u00a0ove godine, po etni\u010dkoj\/nacionalnoj osnovi treba da se\u00a0izjasne kao Bo\u0161njaci, te da kao maternji jezik ozna\u010de\u00a0bosanski, poru\u010dio je predsjednik Skup\u0161tine Svjetskog bo\u0161nja\u010dkog kongresa muftija Muamer Zukorli\u0107,\u00a0javio je novinar agencije Anadolija.<\/strong><\/p>\n<p>Konferenciji su pored Zukorli\u0107a, prisustvovali i akademski radnici D\u017eevad\u00a0Jahi\u0107 i D\u017eevada \u0160u\u0161ko.<\/p>\n<p>Na konferenciji su izneseni stavovi Svjetskog bo\u0161nja\u010dkog kongresa o popisu stanovni\u0161tva u BiH, te je ukazano i na njegovu va\u017enost.<\/p>\n<p>\u201eZa narode, nacije i dr\u017eave koje imaju priliku \u017eivjeti normalno i u normalnim okolnostima, popis stanovni\u0161tva je jedna uobi\u010dajena aktivnost sa statisti\u010dkim sna\u010dajem u cilju razvoja toga\u00a0 dru\u0161tva. Me\u0111utim, za BiH, a posebno za Bo\u0161njake, u BiH kao i za sve Bo\u0161njake koji ovu dr\u017eavu do\u017eivljavaju kao svoju mati\u010dnu, popis stanovni\u0161tva i pripreme za ovu aktivnost samo potvr\u0111uju da dr\u017eava BiH i Bo\u0161njaci na\u017ealost jo\u0161 nisu u prilici da imaju normalan ambijent u kome mogu \u017eivjeti i djelovati afirmiraju\u0107i sopstvene individualne i kolektivne vrijednosti. Nakon agresije na BiH, nakon genocidnog rata, nakon \u0161to su Bo\u0161njaci i drugi gra\u0111ani koji su sudjelovali u odbrani BiH polo\u017eili ispit odbrane dr\u017eave i opstanka, ponovno su u prilici ali sada mirnodobskim okolnostima da se suo\u010davamo sa stanjem izja\u0161njavanja pred nametnutum dilemama \u201c, istakao je muftija Zukorli\u0107 na samom po\u010detku svog izlaganja<\/p>\n<h3>Eksperiment podjele Bo\u0161njaka ve\u0107 vi\u0111en<\/h3>\n<p>On je dodao da je eksperiment &#8220;ovoga \u0161to se sada de\u0161ava u BiH pro\u0161le godine izveden u Crnoj Gori gdje su Bo\u0161njaci popisivani na \u010detiri kolone ali na svu sre\u0107u to u Crnoj Gori nije dalo ve\u0107e negativne rezultate&#8221;.<\/p>\n<p>\u201eMi imamo paradoks da su ove vje\u0161ta\u010dke dileme otvorene upravo u matici BiH i u samom centru te matice, u Sarajevu. Zato Svjetski bo\u0161nja\u010dki kongres kao sto\u017eerna nacionalna organizacija Bo\u0161njaka smatra da je od izuzetne va\u017enosti da se pokrenu svi nacionalni potencijali Bo\u0161njaka i u matici, dakle u domovini, i u dijaspori, kako bi i ovaj put odbranili sopstveni identitet uz uvjerenje da odbranom bo\u0161nja\u010dkog imena i bo\u0161nja\u010dkog identiteta ostvarujemo pretpostavku za kona\u010dnu odbranu dr\u017eave BiH, domovine Bosne bez koje niti ima Bo\u0161njaka, a vjerujem niti ima stabilnosti ovoga prostora\u201c, kazao je Zukorli\u0107.<\/p>\n<h3>Program pod imenom &#8216;bijeli cigani&#8217;<\/h3>\n<p>On je dodao da je dugo vremena izbjegavao da povjeruje da postoje neki posebni programi protiv bo\u0161nja\u010dkog naroda ali da se je uvjerio da postoji program pod imenom \u201ebijeli cigani\u201c.<\/p>\n<p>Zukorli\u0107 je\u00a0dodao da \u201eukoliko bi zna\u010dajan broj Bo\u0161njaka podlegao ovoj prevari i podvali, osmi\u0161ljenoj da sladunjavo vu\u010de prema formiranju novog imena bosanci ili bosanci i hercegovci, to bi zna\u010dilo direktni doprinos raslojavanju bo\u0161nja\u010dkog nacionalnog bi\u0107a i ulazak u neizvjesnu budu\u0107nost\u201c.<\/p>\n<h3>Bo\u0161njaci imaju vi\u0161e od hiljadu godina tradicije<\/h3>\n<p>On je naglasio da bi svako prihvatanje novog imena za narod i naciju sa vi\u0161e od hiljadu godina tradicije Bo\u0161nja\u010dkog nacionalnog imena i dr\u017eavnosti, zna\u010dilo\u00a0svojevrsni nacionalni i op\u0107e civilizacijski suicid.<\/p>\n<p>Zukorli\u0107 je uvjeren da \u0107e Bo\u0161njaci i ovaj put, polo\u017eiti ovaj civilizacijski ispit i da \u0107e se suprotstaviti svim\u00a0poku\u0161ajima da se otvori dilema tamo gdje nema razloga za to jer nacionalno i etni\u010dko ime je ne\u0161to o \u010demu se ne donosi odluka.<\/p>\n<p>\u201eTo je ne\u0161to \u0161to pulsira u na\u0161im srcima i bi\u0107u i \u0161to ima svoju bogatu tradiciju i historijsko upori\u0161te. U tom pogledu ponavljam poziv svim Bo\u0161njacima, ne da poslu\u0161aju Svjetski bo\u0161nja\u010dki kongres, ve\u0107 da poslu\u0161aju sebe, zov svoje kulture, svoje tradicije al isto tako i zov svoje pameti koja jasno nala\u017ee da nema potrebe da se za nas Bo\u0161njake ponovno nudi ne\u0161to \u0161to se ne nudi nikome\u201c, pojasnio je Zukorli\u0107.<\/p>\n<p>On je tako\u0111er dodao i da nakon \u0161to smo dobili Ustav dr\u017eave koji su garantirali organizatori agresije i genocida, dobili smo dr\u017eavu u invalidskim kolicima koja ne mo\u017ee vr\u0161iti svoju funkciju prema svojim gra\u0111anima i onima koji je do\u017eivljavaju kao svoju domovinu.<\/p>\n<p>\u201eNama se ponovo nudi ne\u0161to \u0161to bi i bo\u0161nja\u010dku naciju smjestilo u invalidska kolica\u201c, rekao je Zukorli\u0107.<\/p>\n<p>(Anadolu)<\/p>\n","protected":false},"excerpt":{"rendered":"<p>BiH &#8211; Pripadnici bo\u0161nja\u010dkog naroda, na predstoje\u0107em popisu stanovni\u0161tva u BiH koji \u0107e biti odr\u017ean od 1. do 15. oktobra\u00a0ove godine, po etni\u010dkoj\/nacionalnoj osnovi treba da se\u00a0izjasne kao Bo\u0161njaci, te da kao maternji jezik ozna\u010de\u00a0bosanski, poru\u010dio je predsjednik Skup\u0161tine Svjetskog bo\u0161nja\u010dkog kongresa muftija Muamer Zukorli\u0107,\u00a0javio je novinar agencije Anadolija. Konferenciji su pored Zukorli\u0107a, prisustvovali i [&hellip;]<\/p>\n","protected":false},"author":83,"featured_media":68166,"comment_status":"open","ping_status":"open","sticky":false,"template":"","format":"standard","meta":{"footnotes":""},"categories":[800,2860,8957],"tags":[],"class_list":{"0":"post-68165","1":"post","2":"type-post","3":"status-publish","4":"format-standard","5":"has-post-thumbnail","7":"category-nacija","8":"category-bosna-i-hercegovina-gradovi","9":"category-vijesti-dana"},"yoast_head":"<!-- This site is optimized with the Yoast SEO Premium plugin v23.1 (Yoast SEO v24.9) - https:\/\/yoast.com\/wordpress\/plugins\/seo\/ -->\n<title>Muftija Zukorli\u0107: &#039;Bo\u0161njaci da odbiju sve \u0161to bi o\u0161tetilo naciju&#039;<\/title>\n<meta name=\"robots\" content=\"index, follow, max-snippet:-1, max-image-preview:large, max-video-preview:-1\" \/>\n<link rel=\"canonical\" href=\"https:\/\/sandzakpress.net\/arhiva\/muftija-zukorlic-bosnjaci-da-odbiju-sve-sto-bi-ostetilo-naciju\/\" \/>\n<meta property=\"og:locale\" content=\"bs_BA\" \/>\n<meta property=\"og:type\" content=\"article\" \/>\n<meta property=\"og:title\" content=\"Muftija Zukorli\u0107: &#039;Bo\u0161njaci da odbiju sve \u0161to bi o\u0161tetilo naciju&#039;\" \/>\n<meta property=\"og:description\" content=\"BiH &#8211; Pripadnici bo\u0161nja\u010dkog naroda, na predstoje\u0107em popisu stanovni\u0161tva u BiH koji \u0107e biti odr\u017ean od 1. do 15. oktobra\u00a0ove godine, po etni\u010dkoj\/nacionalnoj osnovi treba da se\u00a0izjasne kao Bo\u0161njaci, te da kao maternji jezik ozna\u010de\u00a0bosanski, poru\u010dio je predsjednik Skup\u0161tine Svjetskog bo\u0161nja\u010dkog kongresa muftija Muamer Zukorli\u0107,\u00a0javio je novinar agencije Anadolija. Konferenciji su pored Zukorli\u0107a, prisustvovali i [&hellip;]\" \/>\n<meta property=\"og:url\" content=\"https:\/\/sandzakpress.net\/arhiva\/muftija-zukorlic-bosnjaci-da-odbiju-sve-sto-bi-ostetilo-naciju\/\" \/>\n<meta property=\"og:site_name\" content=\"Sand\u017eak PRESS\" \/>\n<meta property=\"article:published_time\" content=\"2013-03-01T13:42:07+00:00\" \/>\n<meta property=\"og:image\" content=\"https:\/\/sandzakpress.net\/arhiva\/wp-content\/uploads\/2013\/03\/copyright_aabadoluajansi_2013_20130301133553.jpg\" \/>\n\t<meta property=\"og:image:width\" content=\"616\" \/>\n\t<meta property=\"og:image:height\" content=\"422\" \/>\n\t<meta property=\"og:image:type\" content=\"image\/jpeg\" \/>\n<meta name=\"author\" content=\"bosniak\" \/>\n<meta name=\"twitter:card\" content=\"summary_large_image\" \/>\n<meta name=\"twitter:label1\" content=\"Written by\" \/>\n\t<meta name=\"twitter:data1\" content=\"bosniak\" \/>\n\t<meta name=\"twitter:label2\" content=\"Est. reading time\" \/>\n\t<meta name=\"twitter:data2\" content=\"4 minute\" \/>\n<script type=\"application\/ld+json\" class=\"yoast-schema-graph\">{\"@context\":\"https:\/\/schema.org\",\"@graph\":[{\"@type\":\"Article\",\"@id\":\"https:\/\/sandzakpress.net\/arhiva\/muftija-zukorlic-bosnjaci-da-odbiju-sve-sto-bi-ostetilo-naciju\/#article\",\"isPartOf\":{\"@id\":\"https:\/\/sandzakpress.net\/arhiva\/muftija-zukorlic-bosnjaci-da-odbiju-sve-sto-bi-ostetilo-naciju\/\"},\"author\":{\"name\":\"bosniak\",\"@id\":\"https:\/\/sandzakpress.net\/arhiva\/#\/schema\/person\/c8baee722073534b583ea7bdb2e36c02\"},\"headline\":\"Muftija Zukorli\u0107: &#8216;Bo\u0161njaci da odbiju sve \u0161to bi o\u0161tetilo naciju&#8217;\",\"datePublished\":\"2013-03-01T13:42:07+00:00\",\"mainEntityOfPage\":{\"@id\":\"https:\/\/sandzakpress.net\/arhiva\/muftija-zukorlic-bosnjaci-da-odbiju-sve-sto-bi-ostetilo-naciju\/\"},\"wordCount\":770,\"commentCount\":8,\"publisher\":{\"@id\":\"https:\/\/sandzakpress.net\/arhiva\/#\/schema\/person\/6e72b67d6e51910a1117b3b483ba20bd\"},\"image\":{\"@id\":\"https:\/\/sandzakpress.net\/arhiva\/muftija-zukorlic-bosnjaci-da-odbiju-sve-sto-bi-ostetilo-naciju\/#primaryimage\"},\"thumbnailUrl\":\"https:\/\/sandzakpress.net\/arhiva\/wp-content\/uploads\/2013\/03\/copyright_aabadoluajansi_2013_20130301133553.jpg\",\"articleSection\":[\"Nacija\",\"Bosna i Hercegovina\",\"VIJESTI DANA\"],\"inLanguage\":\"bs-BA\",\"potentialAction\":[{\"@type\":\"CommentAction\",\"name\":\"Comment\",\"target\":[\"https:\/\/sandzakpress.net\/arhiva\/muftija-zukorlic-bosnjaci-da-odbiju-sve-sto-bi-ostetilo-naciju\/#respond\"]}]},{\"@type\":\"WebPage\",\"@id\":\"https:\/\/sandzakpress.net\/arhiva\/muftija-zukorlic-bosnjaci-da-odbiju-sve-sto-bi-ostetilo-naciju\/\",\"url\":\"https:\/\/sandzakpress.net\/arhiva\/muftija-zukorlic-bosnjaci-da-odbiju-sve-sto-bi-ostetilo-naciju\/\",\"name\":\"Muftija Zukorli\u0107: 'Bo\u0161njaci da odbiju sve \u0161to bi o\u0161tetilo naciju'\",\"isPartOf\":{\"@id\":\"https:\/\/sandzakpress.net\/arhiva\/#website\"},\"primaryImageOfPage\":{\"@id\":\"https:\/\/sandzakpress.net\/arhiva\/muftija-zukorlic-bosnjaci-da-odbiju-sve-sto-bi-ostetilo-naciju\/#primaryimage\"},\"image\":{\"@id\":\"https:\/\/sandzakpress.net\/arhiva\/muftija-zukorlic-bosnjaci-da-odbiju-sve-sto-bi-ostetilo-naciju\/#primaryimage\"},\"thumbnailUrl\":\"https:\/\/sandzakpress.net\/arhiva\/wp-content\/uploads\/2013\/03\/copyright_aabadoluajansi_2013_20130301133553.jpg\",\"datePublished\":\"2013-03-01T13:42:07+00:00\",\"breadcrumb\":{\"@id\":\"https:\/\/sandzakpress.net\/arhiva\/muftija-zukorlic-bosnjaci-da-odbiju-sve-sto-bi-ostetilo-naciju\/#breadcrumb\"},\"inLanguage\":\"bs-BA\",\"potentialAction\":[{\"@type\":\"ReadAction\",\"target\":[\"https:\/\/sandzakpress.net\/arhiva\/muftija-zukorlic-bosnjaci-da-odbiju-sve-sto-bi-ostetilo-naciju\/\"]}]},{\"@type\":\"ImageObject\",\"inLanguage\":\"bs-BA\",\"@id\":\"https:\/\/sandzakpress.net\/arhiva\/muftija-zukorlic-bosnjaci-da-odbiju-sve-sto-bi-ostetilo-naciju\/#primaryimage\",\"url\":\"https:\/\/sandzakpress.net\/arhiva\/wp-content\/uploads\/2013\/03\/copyright_aabadoluajansi_2013_20130301133553.jpg\",\"contentUrl\":\"https:\/\/sandzakpress.net\/arhiva\/wp-content\/uploads\/2013\/03\/copyright_aabadoluajansi_2013_20130301133553.jpg\",\"width\":616,\"height\":422},{\"@type\":\"BreadcrumbList\",\"@id\":\"https:\/\/sandzakpress.net\/arhiva\/muftija-zukorlic-bosnjaci-da-odbiju-sve-sto-bi-ostetilo-naciju\/#breadcrumb\",\"itemListElement\":[{\"@type\":\"ListItem\",\"position\":1,\"name\":\"Home\",\"item\":\"https:\/\/sandzakpress.net\/arhiva\/\"},{\"@type\":\"ListItem\",\"position\":2,\"name\":\"Muftija Zukorli\u0107: &#8216;Bo\u0161njaci da odbiju sve \u0161to bi o\u0161tetilo naciju&#8217;\"}]},{\"@type\":\"WebSite\",\"@id\":\"https:\/\/sandzakpress.net\/arhiva\/#website\",\"url\":\"https:\/\/sandzakpress.net\/arhiva\/\",\"name\":\"Sand\u017eak PRESS\",\"description\":\"Prve elektronske novine u Sand\u017eaku\",\"publisher\":{\"@id\":\"https:\/\/sandzakpress.net\/arhiva\/#\/schema\/person\/6e72b67d6e51910a1117b3b483ba20bd\"},\"potentialAction\":[{\"@type\":\"SearchAction\",\"target\":{\"@type\":\"EntryPoint\",\"urlTemplate\":\"https:\/\/sandzakpress.net\/arhiva\/?s={search_term_string}\"},\"query-input\":{\"@type\":\"PropertyValueSpecification\",\"valueRequired\":true,\"valueName\":\"search_term_string\"}}],\"inLanguage\":\"bs-BA\"},{\"@type\":[\"Person\",\"Organization\"],\"@id\":\"https:\/\/sandzakpress.net\/arhiva\/#\/schema\/person\/6e72b67d6e51910a1117b3b483ba20bd\",\"name\":\"Kul\",\"image\":{\"@type\":\"ImageObject\",\"inLanguage\":\"bs-BA\",\"@id\":\"https:\/\/sandzakpress.net\/arhiva\/#\/schema\/person\/image\/\",\"url\":\"https:\/\/secure.gravatar.com\/avatar\/42263f39aa27ac04c43cab85c280eb2e?s=96&d=mm&r=pg\",\"contentUrl\":\"https:\/\/secure.gravatar.com\/avatar\/42263f39aa27ac04c43cab85c280eb2e?s=96&d=mm&r=pg\",\"caption\":\"Kul\"},\"logo\":{\"@id\":\"https:\/\/sandzakpress.net\/arhiva\/#\/schema\/person\/image\/\"}},{\"@type\":\"Person\",\"@id\":\"https:\/\/sandzakpress.net\/arhiva\/#\/schema\/person\/c8baee722073534b583ea7bdb2e36c02\",\"name\":\"bosniak\",\"image\":{\"@type\":\"ImageObject\",\"inLanguage\":\"bs-BA\",\"@id\":\"https:\/\/sandzakpress.net\/arhiva\/#\/schema\/person\/image\/\",\"url\":\"https:\/\/secure.gravatar.com\/avatar\/a04fd330bfe3a36a72a0ad4a6d89fca7?s=96&d=mm&r=pg\",\"contentUrl\":\"https:\/\/secure.gravatar.com\/avatar\/a04fd330bfe3a36a72a0ad4a6d89fca7?s=96&d=mm&r=pg\",\"caption\":\"bosniak\"},\"url\":\"https:\/\/sandzakpress.net\/arhiva\/author\/bosniak\/\"}]}<\/script>\n<!-- \/ Yoast SEO Premium plugin. -->","yoast_head_json":{"title":"Muftija Zukorli\u0107: 'Bo\u0161njaci da odbiju sve \u0161to bi o\u0161tetilo naciju'","robots":{"index":"index","follow":"follow","max-snippet":"max-snippet:-1","max-image-preview":"max-image-preview:large","max-video-preview":"max-video-preview:-1"},"canonical":"https:\/\/sandzakpress.net\/arhiva\/muftija-zukorlic-bosnjaci-da-odbiju-sve-sto-bi-ostetilo-naciju\/","og_locale":"bs_BA","og_type":"article","og_title":"Muftija Zukorli\u0107: 'Bo\u0161njaci da odbiju sve \u0161to bi o\u0161tetilo naciju'","og_description":"BiH &#8211; Pripadnici bo\u0161nja\u010dkog naroda, na predstoje\u0107em popisu stanovni\u0161tva u BiH koji \u0107e biti odr\u017ean od 1. do 15. oktobra\u00a0ove godine, po etni\u010dkoj\/nacionalnoj osnovi treba da se\u00a0izjasne kao Bo\u0161njaci, te da kao maternji jezik ozna\u010de\u00a0bosanski, poru\u010dio je predsjednik Skup\u0161tine Svjetskog bo\u0161nja\u010dkog kongresa muftija Muamer Zukorli\u0107,\u00a0javio je novinar agencije Anadolija. Konferenciji su pored Zukorli\u0107a, prisustvovali i [&hellip;]","og_url":"https:\/\/sandzakpress.net\/arhiva\/muftija-zukorlic-bosnjaci-da-odbiju-sve-sto-bi-ostetilo-naciju\/","og_site_name":"Sand\u017eak PRESS","article_published_time":"2013-03-01T13:42:07+00:00","og_image":[{"width":616,"height":422,"url":"https:\/\/sandzakpress.net\/arhiva\/wp-content\/uploads\/2013\/03\/copyright_aabadoluajansi_2013_20130301133553.jpg","type":"image\/jpeg"}],"author":"bosniak","twitter_card":"summary_large_image","twitter_misc":{"Written by":"bosniak","Est. reading time":"4 minute"},"schema":{"@context":"https:\/\/schema.org","@graph":[{"@type":"Article","@id":"https:\/\/sandzakpress.net\/arhiva\/muftija-zukorlic-bosnjaci-da-odbiju-sve-sto-bi-ostetilo-naciju\/#article","isPartOf":{"@id":"https:\/\/sandzakpress.net\/arhiva\/muftija-zukorlic-bosnjaci-da-odbiju-sve-sto-bi-ostetilo-naciju\/"},"author":{"name":"bosniak","@id":"https:\/\/sandzakpress.net\/arhiva\/#\/schema\/person\/c8baee722073534b583ea7bdb2e36c02"},"headline":"Muftija Zukorli\u0107: &#8216;Bo\u0161njaci da odbiju sve \u0161to bi o\u0161tetilo naciju&#8217;","datePublished":"2013-03-01T13:42:07+00:00","mainEntityOfPage":{"@id":"https:\/\/sandzakpress.net\/arhiva\/muftija-zukorlic-bosnjaci-da-odbiju-sve-sto-bi-ostetilo-naciju\/"},"wordCount":770,"commentCount":8,"publisher":{"@id":"https:\/\/sandzakpress.net\/arhiva\/#\/schema\/person\/6e72b67d6e51910a1117b3b483ba20bd"},"image":{"@id":"https:\/\/sandzakpress.net\/arhiva\/muftija-zukorlic-bosnjaci-da-odbiju-sve-sto-bi-ostetilo-naciju\/#primaryimage"},"thumbnailUrl":"https:\/\/sandzakpress.net\/arhiva\/wp-content\/uploads\/2013\/03\/copyright_aabadoluajansi_2013_20130301133553.jpg","articleSection":["Nacija","Bosna i Hercegovina","VIJESTI DANA"],"inLanguage":"bs-BA","potentialAction":[{"@type":"CommentAction","name":"Comment","target":["https:\/\/sandzakpress.net\/arhiva\/muftija-zukorlic-bosnjaci-da-odbiju-sve-sto-bi-ostetilo-naciju\/#respond"]}]},{"@type":"WebPage","@id":"https:\/\/sandzakpress.net\/arhiva\/muftija-zukorlic-bosnjaci-da-odbiju-sve-sto-bi-ostetilo-naciju\/","url":"https:\/\/sandzakpress.net\/arhiva\/muftija-zukorlic-bosnjaci-da-odbiju-sve-sto-bi-ostetilo-naciju\/","name":"Muftija Zukorli\u0107: 'Bo\u0161njaci da odbiju sve \u0161to bi o\u0161tetilo naciju'","isPartOf":{"@id":"https:\/\/sandzakpress.net\/arhiva\/#website"},"primaryImageOfPage":{"@id":"https:\/\/sandzakpress.net\/arhiva\/muftija-zukorlic-bosnjaci-da-odbiju-sve-sto-bi-ostetilo-naciju\/#primaryimage"},"image":{"@id":"https:\/\/sandzakpress.net\/arhiva\/muftija-zukorlic-bosnjaci-da-odbiju-sve-sto-bi-ostetilo-naciju\/#primaryimage"},"thumbnailUrl":"https:\/\/sandzakpress.net\/arhiva\/wp-content\/uploads\/2013\/03\/copyright_aabadoluajansi_2013_20130301133553.jpg","datePublished":"2013-03-01T13:42:07+00:00","breadcrumb":{"@id":"https:\/\/sandzakpress.net\/arhiva\/muftija-zukorlic-bosnjaci-da-odbiju-sve-sto-bi-ostetilo-naciju\/#breadcrumb"},"inLanguage":"bs-BA","potentialAction":[{"@type":"ReadAction","target":["https:\/\/sandzakpress.net\/arhiva\/muftija-zukorlic-bosnjaci-da-odbiju-sve-sto-bi-ostetilo-naciju\/"]}]},{"@type":"ImageObject","inLanguage":"bs-BA","@id":"https:\/\/sandzakpress.net\/arhiva\/muftija-zukorlic-bosnjaci-da-odbiju-sve-sto-bi-ostetilo-naciju\/#primaryimage","url":"https:\/\/sandzakpress.net\/arhiva\/wp-content\/uploads\/2013\/03\/copyright_aabadoluajansi_2013_20130301133553.jpg","contentUrl":"https:\/\/sandzakpress.net\/arhiva\/wp-content\/uploads\/2013\/03\/copyright_aabadoluajansi_2013_20130301133553.jpg","width":616,"height":422},{"@type":"BreadcrumbList","@id":"https:\/\/sandzakpress.net\/arhiva\/muftija-zukorlic-bosnjaci-da-odbiju-sve-sto-bi-ostetilo-naciju\/#breadcrumb","itemListElement":[{"@type":"ListItem","position":1,"name":"Home","item":"https:\/\/sandzakpress.net\/arhiva\/"},{"@type":"ListItem","position":2,"name":"Muftija Zukorli\u0107: &#8216;Bo\u0161njaci da odbiju sve \u0161to bi o\u0161tetilo naciju&#8217;"}]},{"@type":"WebSite","@id":"https:\/\/sandzakpress.net\/arhiva\/#website","url":"https:\/\/sandzakpress.net\/arhiva\/","name":"Sand\u017eak PRESS","description":"Prve elektronske novine u Sand\u017eaku","publisher":{"@id":"https:\/\/sandzakpress.net\/arhiva\/#\/schema\/person\/6e72b67d6e51910a1117b3b483ba20bd"},"potentialAction":[{"@type":"SearchAction","target":{"@type":"EntryPoint","urlTemplate":"https:\/\/sandzakpress.net\/arhiva\/?s={search_term_string}"},"query-input":{"@type":"PropertyValueSpecification","valueRequired":true,"valueName":"search_term_string"}}],"inLanguage":"bs-BA"},{"@type":["Person","Organization"],"@id":"https:\/\/sandzakpress.net\/arhiva\/#\/schema\/person\/6e72b67d6e51910a1117b3b483ba20bd","name":"Kul","image":{"@type":"ImageObject","inLanguage":"bs-BA","@id":"https:\/\/sandzakpress.net\/arhiva\/#\/schema\/person\/image\/","url":"https:\/\/secure.gravatar.com\/avatar\/42263f39aa27ac04c43cab85c280eb2e?s=96&d=mm&r=pg","contentUrl":"https:\/\/secure.gravatar.com\/avatar\/42263f39aa27ac04c43cab85c280eb2e?s=96&d=mm&r=pg","caption":"Kul"},"logo":{"@id":"https:\/\/sandzakpress.net\/arhiva\/#\/schema\/person\/image\/"}},{"@type":"Person","@id":"https:\/\/sandzakpress.net\/arhiva\/#\/schema\/person\/c8baee722073534b583ea7bdb2e36c02","name":"bosniak","image":{"@type":"ImageObject","inLanguage":"bs-BA","@id":"https:\/\/sandzakpress.net\/arhiva\/#\/schema\/person\/image\/","url":"https:\/\/secure.gravatar.com\/avatar\/a04fd330bfe3a36a72a0ad4a6d89fca7?s=96&d=mm&r=pg","contentUrl":"https:\/\/secure.gravatar.com\/avatar\/a04fd330bfe3a36a72a0ad4a6d89fca7?s=96&d=mm&r=pg","caption":"bosniak"},"url":"https:\/\/sandzakpress.net\/arhiva\/author\/bosniak\/"}]}},"_links":{"self":[{"href":"https:\/\/sandzakpress.net\/arhiva\/wp-json\/wp\/v2\/posts\/68165"}],"collection":[{"href":"https:\/\/sandzakpress.net\/arhiva\/wp-json\/wp\/v2\/posts"}],"about":[{"href":"https:\/\/sandzakpress.net\/arhiva\/wp-json\/wp\/v2\/types\/post"}],"author":[{"embeddable":true,"href":"https:\/\/sandzakpress.net\/arhiva\/wp-json\/wp\/v2\/users\/83"}],"replies":[{"embeddable":true,"href":"https:\/\/sandzakpress.net\/arhiva\/wp-json\/wp\/v2\/comments?post=68165"}],"version-history":[{"count":0,"href":"https:\/\/sandzakpress.net\/arhiva\/wp-json\/wp\/v2\/posts\/68165\/revisions"}],"wp:featuredmedia":[{"embeddable":true,"href":"https:\/\/sandzakpress.net\/arhiva\/wp-json\/wp\/v2\/media\/68166"}],"wp:attachment":[{"href":"https:\/\/sandzakpress.net\/arhiva\/wp-json\/wp\/v2\/media?parent=68165"}],"wp:term":[{"taxonomy":"category","embeddable":true,"href":"https:\/\/sandzakpress.net\/arhiva\/wp-json\/wp\/v2\/categories?post=68165"},{"taxonomy":"post_tag","embeddable":true,"href":"https:\/\/sandzakpress.net\/arhiva\/wp-json\/wp\/v2\/tags?post=68165"}],"curies":[{"name":"wp","href":"https:\/\/api.w.org\/{rel}","templated":true}]}}