{"id":6816,"date":"2010-08-18T16:32:31","date_gmt":"2010-08-18T16:32:31","guid":{"rendered":"https:\/\/sandzakpress.net\/arhiva\/?p=6816"},"modified":"2010-08-18T16:32:31","modified_gmt":"2010-08-18T16:32:31","slug":"privrzenost-drzavi-moze-biti-potrosena","status":"publish","type":"post","link":"https:\/\/sandzakpress.net\/arhiva\/privrzenost-drzavi-moze-biti-potrosena\/","title":{"rendered":"Privr\u017eenost dr\u017eavi mo\u017ee biti potro\u0161ena"},"content":{"rendered":"<p><strong><a href=\"https:\/\/sandzakpress.net\/arhiva\/wp-content\/uploads\/2010\/08\/1282134304.jpg\"><img loading=\"lazy\" decoding=\"async\" class=\"alignleft size-full wp-image-6817\" title=\"1282134304\" src=\"https:\/\/sandzakpress.net\/arhiva\/wp-content\/uploads\/2010\/08\/1282134304.jpg\" alt=\"\" width=\"290\" height=\"190\" \/><\/a>Ju\u017eni Sand\u017eak \u2013 Lider Bo\u0161nja\u010dke strane i ministar bez portfelja Rafet Husovi\u0107 ocijenio je da ukupna zastupljenost Bo\u0161njaka i ostalih manjinskih naroda u institucijama vlasti ne odgovara njihovom u\u010de\u0161\u0107u u ukupnom stanovni\u0161tvu.<\/strong><\/p>\n<p>\u201cU politi\u010dkoj predstavljenosti manjinskih naroda, to \u0107e se pitanje rije\u0161iti na, \u010dini se, dosta dobar na\u010din, mada se nedopustivo dugo kasni sa izbornim zakonodavstvom. Integracija manjinskih naroda je dugoro\u010dan proces i istrajno se mora raditi da se zastupljenost dovede do prihvatljivog nivoa u izvr\u0161noj vlasti, kao i u tu\u017eila\u0161tvu i sudstvu\u201d, kazao je Husovi\u0107 \u201cVijestima\u201d.<\/p>\n<p>On ka\u017ee da to pitanje treba rje\u0161avati i u drugim segmentima dru\u0161tva kao \u0161to su diplomatija, \u0161kolstvo, instuticije kulture.<\/p>\n<p>\u201cDugo se na tome nije radilo i sada treba ispravljati nepravde, otvarati pitanja za koja crnogorsko dru\u0161tvo nema mnogo senzibiliteta. Mi smo svjesni da i pojedina\u010dna i kolektivna prava isklju\u010divo zavise od toga koliko \u0107emo se uporno boriti za njih, te da nam to niko ne\u0107e pokloniti. Crna Gora mora razumjeti da \u0107e privr\u017eenost dr\u017eavi, koju su manjinski narodi, nedvosmisleno iskazali u referendumskom procesu, biti u\u010dvr\u0161e\u0107ena ostvarivanjem njihovih prava, ili potro\u0161ena ako se odgovorno i temeljno ne pristupa rje\u0161avanju polo\u017eaja manjina\u201d, naglasio je Husovi\u0107.<\/p>\n<p>Za BS je, isti\u010de, to pitanje jednako va\u017eno kao i odnos dr\u017eave prema drugim problemima, kao \u0161to su korupcija, kriminal, ekonomske reforme, jer, smatra Husovi\u0107, nema daljih integracija, bez rje\u0161vanja svih ovih bolnih pitanja.<\/p>\n<p>Predsjednik BS smatra da se odnos dr\u017eave prema bo\u0161nja\u010dkom narodu popravio otkad je ta partija postala dio vlasti: \u201dSmatrali smo da, kroz institucije vlasti, najbolje mo\u017eemo doprinijeti ve\u0107em prisustvu pripadnika bo\u0161nja\u010dko-muslimanskog naroda na mjestima gdje se donose odluke i, samim tim, da tako mo\u017eemo upravljati odre\u0111enim procesima, a ne samo da budemo puki posmatra\u010di\u201d.<\/p>\n<p>Napominju\u0107i da je BS odabrala pravi put ulaskom u vlast, Husovi\u0107 isti\u010de da je BS uspjela u tome da bo\u0161nja\u010dki narod iza\u0111e iz inferiornosti u kojoj se nalazio, pogotovo nakon poznatih de\u0161avanja 90-ih godina.<\/p>\n<p>\u201cNaravno, tih problema je mnogo, oni su vi\u0161edecenijski, natalo\u017eeni, neke te\u0161ko uo\u010davate na prvi pogled. Mi smo tek na po\u010detku tog puta. Me\u0111utim, ispravnost na\u0161e odluke i puta koji smo izabrali, potvrdili su i na\u0161i bira\u010di na nedavno odr\u017eanim lokalni izbori, na kojim je BS, nastupaju\u0107i samostalno u svim gradovima, osim Podgorice, gotovo udvostru\u010dila broj odborni\u010dkih mandata\u201d, ocjenjuje Husovi\u0107.<br \/>\nPovodom ocjena iz suparni\u010dkih stranaka da je BS u\u0161la u vlast isklju\u010divo zbog privilegija svojih funkcionera, Husovi\u0107 odgovara da nijednu partiju ne do\u017eivljava suparnikom.<br \/>\n\u201cMi smo pokazali, da unutar bo\u0161nja\u010dko-muslimanskog naroda, pogotovo ako mislimo na one bira\u010de koji svoje povjerenje daju nacionalnim partijama, BS nema ni suparnike, niti partije koje su dorasle da u\u010destvuju u izbornim procesima. Najbolji dokaz su i pro\u0161logodi\u0161nji parlamentarni i nedavni lokalni izbori, stoga se ne\u010dije ocjene o na\u0161em djelovanju ne mogu uzeti za mjerodavne i ne mogu biti predmet nikavih ozbiljnijih komentara\u201d, nagla\u0161ava predsjednik BS.<\/p>\n<p>Izvor: <strong>Vijesti.me<\/strong><\/p>\n","protected":false},"excerpt":{"rendered":"<p>Ju\u017eni Sand\u017eak \u2013 Lider Bo\u0161nja\u010dke strane i ministar bez portfelja Rafet Husovi\u0107 ocijenio je da ukupna zastupljenost Bo\u0161njaka i ostalih manjinskih naroda u institucijama vlasti ne odgovara njihovom u\u010de\u0161\u0107u u ukupnom stanovni\u0161tvu. \u201cU politi\u010dkoj predstavljenosti manjinskih naroda, to \u0107e se pitanje rije\u0161iti na, \u010dini se, dosta dobar na\u010din, mada se nedopustivo dugo kasni sa izbornim [&hellip;]<\/p>\n","protected":false},"author":83,"featured_media":6817,"comment_status":"open","ping_status":"open","sticky":false,"template":"","format":"standard","meta":{"footnotes":""},"categories":[398,1,397,396,395,399],"tags":[],"class_list":{"0":"post-6816","1":"post","2":"type-post","3":"status-publish","4":"format-standard","5":"has-post-thumbnail","7":"category-rozaje","8":"category-politika","9":"category-berane","10":"category-bijelo_polje","11":"category-pljevlja_","12":"category-plav_"},"yoast_head":"<!-- This site is optimized with the Yoast SEO Premium plugin v23.1 (Yoast SEO v24.9) - https:\/\/yoast.com\/wordpress\/plugins\/seo\/ -->\n<title>Privr\u017eenost dr\u017eavi mo\u017ee biti potro\u0161ena<\/title>\n<meta name=\"robots\" content=\"index, follow, max-snippet:-1, max-image-preview:large, max-video-preview:-1\" \/>\n<link rel=\"canonical\" href=\"https:\/\/sandzakpress.net\/arhiva\/privrzenost-drzavi-moze-biti-potrosena\/\" \/>\n<meta property=\"og:locale\" content=\"bs_BA\" \/>\n<meta property=\"og:type\" content=\"article\" \/>\n<meta property=\"og:title\" content=\"Privr\u017eenost dr\u017eavi mo\u017ee biti potro\u0161ena\" \/>\n<meta property=\"og:description\" content=\"Ju\u017eni Sand\u017eak \u2013 Lider Bo\u0161nja\u010dke strane i ministar bez portfelja Rafet Husovi\u0107 ocijenio je da ukupna zastupljenost Bo\u0161njaka i ostalih manjinskih naroda u institucijama vlasti ne odgovara njihovom u\u010de\u0161\u0107u u ukupnom stanovni\u0161tvu. \u201cU politi\u010dkoj predstavljenosti manjinskih naroda, to \u0107e se pitanje rije\u0161iti na, \u010dini se, dosta dobar na\u010din, mada se nedopustivo dugo kasni sa izbornim [&hellip;]\" \/>\n<meta property=\"og:url\" content=\"https:\/\/sandzakpress.net\/arhiva\/privrzenost-drzavi-moze-biti-potrosena\/\" \/>\n<meta property=\"og:site_name\" content=\"Sand\u017eak PRESS\" \/>\n<meta property=\"article:published_time\" content=\"2010-08-18T16:32:31+00:00\" \/>\n<meta property=\"og:image\" content=\"https:\/\/sandzakpress.net\/arhiva\/wp-content\/uploads\/2010\/08\/1282134304.jpg\" \/>\n\t<meta property=\"og:image:width\" content=\"290\" \/>\n\t<meta property=\"og:image:height\" content=\"190\" \/>\n\t<meta property=\"og:image:type\" content=\"image\/jpeg\" \/>\n<meta name=\"author\" content=\"bosniak\" \/>\n<meta name=\"twitter:card\" content=\"summary_large_image\" \/>\n<meta name=\"twitter:label1\" content=\"Written by\" \/>\n\t<meta name=\"twitter:data1\" content=\"bosniak\" \/>\n\t<meta name=\"twitter:label2\" content=\"Est. reading time\" \/>\n\t<meta name=\"twitter:data2\" content=\"3 minute\" \/>\n<script type=\"application\/ld+json\" class=\"yoast-schema-graph\">{\"@context\":\"https:\/\/schema.org\",\"@graph\":[{\"@type\":\"Article\",\"@id\":\"https:\/\/sandzakpress.net\/arhiva\/privrzenost-drzavi-moze-biti-potrosena\/#article\",\"isPartOf\":{\"@id\":\"https:\/\/sandzakpress.net\/arhiva\/privrzenost-drzavi-moze-biti-potrosena\/\"},\"author\":{\"name\":\"bosniak\",\"@id\":\"https:\/\/sandzakpress.net\/arhiva\/#\/schema\/person\/c8baee722073534b583ea7bdb2e36c02\"},\"headline\":\"Privr\u017eenost dr\u017eavi mo\u017ee biti potro\u0161ena\",\"datePublished\":\"2010-08-18T16:32:31+00:00\",\"mainEntityOfPage\":{\"@id\":\"https:\/\/sandzakpress.net\/arhiva\/privrzenost-drzavi-moze-biti-potrosena\/\"},\"wordCount\":548,\"commentCount\":0,\"publisher\":{\"@id\":\"https:\/\/sandzakpress.net\/arhiva\/#\/schema\/person\/6e72b67d6e51910a1117b3b483ba20bd\"},\"image\":{\"@id\":\"https:\/\/sandzakpress.net\/arhiva\/privrzenost-drzavi-moze-biti-potrosena\/#primaryimage\"},\"thumbnailUrl\":\"https:\/\/sandzakpress.net\/arhiva\/wp-content\/uploads\/2010\/08\/1282134304.jpg\",\"articleSection\":[\"Ro\u017eaje\",\"Politika\",\"Berane\",\"Bijelo Polje\",\"Pljevlja\",\"Plav\"],\"inLanguage\":\"bs-BA\",\"potentialAction\":[{\"@type\":\"CommentAction\",\"name\":\"Comment\",\"target\":[\"https:\/\/sandzakpress.net\/arhiva\/privrzenost-drzavi-moze-biti-potrosena\/#respond\"]}]},{\"@type\":\"WebPage\",\"@id\":\"https:\/\/sandzakpress.net\/arhiva\/privrzenost-drzavi-moze-biti-potrosena\/\",\"url\":\"https:\/\/sandzakpress.net\/arhiva\/privrzenost-drzavi-moze-biti-potrosena\/\",\"name\":\"Privr\u017eenost dr\u017eavi mo\u017ee biti potro\u0161ena\",\"isPartOf\":{\"@id\":\"https:\/\/sandzakpress.net\/arhiva\/#website\"},\"primaryImageOfPage\":{\"@id\":\"https:\/\/sandzakpress.net\/arhiva\/privrzenost-drzavi-moze-biti-potrosena\/#primaryimage\"},\"image\":{\"@id\":\"https:\/\/sandzakpress.net\/arhiva\/privrzenost-drzavi-moze-biti-potrosena\/#primaryimage\"},\"thumbnailUrl\":\"https:\/\/sandzakpress.net\/arhiva\/wp-content\/uploads\/2010\/08\/1282134304.jpg\",\"datePublished\":\"2010-08-18T16:32:31+00:00\",\"breadcrumb\":{\"@id\":\"https:\/\/sandzakpress.net\/arhiva\/privrzenost-drzavi-moze-biti-potrosena\/#breadcrumb\"},\"inLanguage\":\"bs-BA\",\"potentialAction\":[{\"@type\":\"ReadAction\",\"target\":[\"https:\/\/sandzakpress.net\/arhiva\/privrzenost-drzavi-moze-biti-potrosena\/\"]}]},{\"@type\":\"ImageObject\",\"inLanguage\":\"bs-BA\",\"@id\":\"https:\/\/sandzakpress.net\/arhiva\/privrzenost-drzavi-moze-biti-potrosena\/#primaryimage\",\"url\":\"https:\/\/sandzakpress.net\/arhiva\/wp-content\/uploads\/2010\/08\/1282134304.jpg\",\"contentUrl\":\"https:\/\/sandzakpress.net\/arhiva\/wp-content\/uploads\/2010\/08\/1282134304.jpg\",\"width\":290,\"height\":190},{\"@type\":\"BreadcrumbList\",\"@id\":\"https:\/\/sandzakpress.net\/arhiva\/privrzenost-drzavi-moze-biti-potrosena\/#breadcrumb\",\"itemListElement\":[{\"@type\":\"ListItem\",\"position\":1,\"name\":\"Home\",\"item\":\"https:\/\/sandzakpress.net\/arhiva\/\"},{\"@type\":\"ListItem\",\"position\":2,\"name\":\"Privr\u017eenost dr\u017eavi mo\u017ee biti potro\u0161ena\"}]},{\"@type\":\"WebSite\",\"@id\":\"https:\/\/sandzakpress.net\/arhiva\/#website\",\"url\":\"https:\/\/sandzakpress.net\/arhiva\/\",\"name\":\"Sand\u017eak PRESS\",\"description\":\"Prve elektronske novine u Sand\u017eaku\",\"publisher\":{\"@id\":\"https:\/\/sandzakpress.net\/arhiva\/#\/schema\/person\/6e72b67d6e51910a1117b3b483ba20bd\"},\"potentialAction\":[{\"@type\":\"SearchAction\",\"target\":{\"@type\":\"EntryPoint\",\"urlTemplate\":\"https:\/\/sandzakpress.net\/arhiva\/?s={search_term_string}\"},\"query-input\":{\"@type\":\"PropertyValueSpecification\",\"valueRequired\":true,\"valueName\":\"search_term_string\"}}],\"inLanguage\":\"bs-BA\"},{\"@type\":[\"Person\",\"Organization\"],\"@id\":\"https:\/\/sandzakpress.net\/arhiva\/#\/schema\/person\/6e72b67d6e51910a1117b3b483ba20bd\",\"name\":\"Kul\",\"image\":{\"@type\":\"ImageObject\",\"inLanguage\":\"bs-BA\",\"@id\":\"https:\/\/sandzakpress.net\/arhiva\/#\/schema\/person\/image\/\",\"url\":\"https:\/\/secure.gravatar.com\/avatar\/42263f39aa27ac04c43cab85c280eb2e?s=96&d=mm&r=pg\",\"contentUrl\":\"https:\/\/secure.gravatar.com\/avatar\/42263f39aa27ac04c43cab85c280eb2e?s=96&d=mm&r=pg\",\"caption\":\"Kul\"},\"logo\":{\"@id\":\"https:\/\/sandzakpress.net\/arhiva\/#\/schema\/person\/image\/\"}},{\"@type\":\"Person\",\"@id\":\"https:\/\/sandzakpress.net\/arhiva\/#\/schema\/person\/c8baee722073534b583ea7bdb2e36c02\",\"name\":\"bosniak\",\"image\":{\"@type\":\"ImageObject\",\"inLanguage\":\"bs-BA\",\"@id\":\"https:\/\/sandzakpress.net\/arhiva\/#\/schema\/person\/image\/\",\"url\":\"https:\/\/secure.gravatar.com\/avatar\/a04fd330bfe3a36a72a0ad4a6d89fca7?s=96&d=mm&r=pg\",\"contentUrl\":\"https:\/\/secure.gravatar.com\/avatar\/a04fd330bfe3a36a72a0ad4a6d89fca7?s=96&d=mm&r=pg\",\"caption\":\"bosniak\"},\"url\":\"https:\/\/sandzakpress.net\/arhiva\/author\/bosniak\/\"}]}<\/script>\n<!-- \/ Yoast SEO Premium plugin. -->","yoast_head_json":{"title":"Privr\u017eenost dr\u017eavi mo\u017ee biti potro\u0161ena","robots":{"index":"index","follow":"follow","max-snippet":"max-snippet:-1","max-image-preview":"max-image-preview:large","max-video-preview":"max-video-preview:-1"},"canonical":"https:\/\/sandzakpress.net\/arhiva\/privrzenost-drzavi-moze-biti-potrosena\/","og_locale":"bs_BA","og_type":"article","og_title":"Privr\u017eenost dr\u017eavi mo\u017ee biti potro\u0161ena","og_description":"Ju\u017eni Sand\u017eak \u2013 Lider Bo\u0161nja\u010dke strane i ministar bez portfelja Rafet Husovi\u0107 ocijenio je da ukupna zastupljenost Bo\u0161njaka i ostalih manjinskih naroda u institucijama vlasti ne odgovara njihovom u\u010de\u0161\u0107u u ukupnom stanovni\u0161tvu. \u201cU politi\u010dkoj predstavljenosti manjinskih naroda, to \u0107e se pitanje rije\u0161iti na, \u010dini se, dosta dobar na\u010din, mada se nedopustivo dugo kasni sa izbornim [&hellip;]","og_url":"https:\/\/sandzakpress.net\/arhiva\/privrzenost-drzavi-moze-biti-potrosena\/","og_site_name":"Sand\u017eak PRESS","article_published_time":"2010-08-18T16:32:31+00:00","og_image":[{"width":290,"height":190,"url":"https:\/\/sandzakpress.net\/arhiva\/wp-content\/uploads\/2010\/08\/1282134304.jpg","type":"image\/jpeg"}],"author":"bosniak","twitter_card":"summary_large_image","twitter_misc":{"Written by":"bosniak","Est. reading time":"3 minute"},"schema":{"@context":"https:\/\/schema.org","@graph":[{"@type":"Article","@id":"https:\/\/sandzakpress.net\/arhiva\/privrzenost-drzavi-moze-biti-potrosena\/#article","isPartOf":{"@id":"https:\/\/sandzakpress.net\/arhiva\/privrzenost-drzavi-moze-biti-potrosena\/"},"author":{"name":"bosniak","@id":"https:\/\/sandzakpress.net\/arhiva\/#\/schema\/person\/c8baee722073534b583ea7bdb2e36c02"},"headline":"Privr\u017eenost dr\u017eavi mo\u017ee biti potro\u0161ena","datePublished":"2010-08-18T16:32:31+00:00","mainEntityOfPage":{"@id":"https:\/\/sandzakpress.net\/arhiva\/privrzenost-drzavi-moze-biti-potrosena\/"},"wordCount":548,"commentCount":0,"publisher":{"@id":"https:\/\/sandzakpress.net\/arhiva\/#\/schema\/person\/6e72b67d6e51910a1117b3b483ba20bd"},"image":{"@id":"https:\/\/sandzakpress.net\/arhiva\/privrzenost-drzavi-moze-biti-potrosena\/#primaryimage"},"thumbnailUrl":"https:\/\/sandzakpress.net\/arhiva\/wp-content\/uploads\/2010\/08\/1282134304.jpg","articleSection":["Ro\u017eaje","Politika","Berane","Bijelo Polje","Pljevlja","Plav"],"inLanguage":"bs-BA","potentialAction":[{"@type":"CommentAction","name":"Comment","target":["https:\/\/sandzakpress.net\/arhiva\/privrzenost-drzavi-moze-biti-potrosena\/#respond"]}]},{"@type":"WebPage","@id":"https:\/\/sandzakpress.net\/arhiva\/privrzenost-drzavi-moze-biti-potrosena\/","url":"https:\/\/sandzakpress.net\/arhiva\/privrzenost-drzavi-moze-biti-potrosena\/","name":"Privr\u017eenost dr\u017eavi mo\u017ee biti potro\u0161ena","isPartOf":{"@id":"https:\/\/sandzakpress.net\/arhiva\/#website"},"primaryImageOfPage":{"@id":"https:\/\/sandzakpress.net\/arhiva\/privrzenost-drzavi-moze-biti-potrosena\/#primaryimage"},"image":{"@id":"https:\/\/sandzakpress.net\/arhiva\/privrzenost-drzavi-moze-biti-potrosena\/#primaryimage"},"thumbnailUrl":"https:\/\/sandzakpress.net\/arhiva\/wp-content\/uploads\/2010\/08\/1282134304.jpg","datePublished":"2010-08-18T16:32:31+00:00","breadcrumb":{"@id":"https:\/\/sandzakpress.net\/arhiva\/privrzenost-drzavi-moze-biti-potrosena\/#breadcrumb"},"inLanguage":"bs-BA","potentialAction":[{"@type":"ReadAction","target":["https:\/\/sandzakpress.net\/arhiva\/privrzenost-drzavi-moze-biti-potrosena\/"]}]},{"@type":"ImageObject","inLanguage":"bs-BA","@id":"https:\/\/sandzakpress.net\/arhiva\/privrzenost-drzavi-moze-biti-potrosena\/#primaryimage","url":"https:\/\/sandzakpress.net\/arhiva\/wp-content\/uploads\/2010\/08\/1282134304.jpg","contentUrl":"https:\/\/sandzakpress.net\/arhiva\/wp-content\/uploads\/2010\/08\/1282134304.jpg","width":290,"height":190},{"@type":"BreadcrumbList","@id":"https:\/\/sandzakpress.net\/arhiva\/privrzenost-drzavi-moze-biti-potrosena\/#breadcrumb","itemListElement":[{"@type":"ListItem","position":1,"name":"Home","item":"https:\/\/sandzakpress.net\/arhiva\/"},{"@type":"ListItem","position":2,"name":"Privr\u017eenost dr\u017eavi mo\u017ee biti potro\u0161ena"}]},{"@type":"WebSite","@id":"https:\/\/sandzakpress.net\/arhiva\/#website","url":"https:\/\/sandzakpress.net\/arhiva\/","name":"Sand\u017eak PRESS","description":"Prve elektronske novine u Sand\u017eaku","publisher":{"@id":"https:\/\/sandzakpress.net\/arhiva\/#\/schema\/person\/6e72b67d6e51910a1117b3b483ba20bd"},"potentialAction":[{"@type":"SearchAction","target":{"@type":"EntryPoint","urlTemplate":"https:\/\/sandzakpress.net\/arhiva\/?s={search_term_string}"},"query-input":{"@type":"PropertyValueSpecification","valueRequired":true,"valueName":"search_term_string"}}],"inLanguage":"bs-BA"},{"@type":["Person","Organization"],"@id":"https:\/\/sandzakpress.net\/arhiva\/#\/schema\/person\/6e72b67d6e51910a1117b3b483ba20bd","name":"Kul","image":{"@type":"ImageObject","inLanguage":"bs-BA","@id":"https:\/\/sandzakpress.net\/arhiva\/#\/schema\/person\/image\/","url":"https:\/\/secure.gravatar.com\/avatar\/42263f39aa27ac04c43cab85c280eb2e?s=96&d=mm&r=pg","contentUrl":"https:\/\/secure.gravatar.com\/avatar\/42263f39aa27ac04c43cab85c280eb2e?s=96&d=mm&r=pg","caption":"Kul"},"logo":{"@id":"https:\/\/sandzakpress.net\/arhiva\/#\/schema\/person\/image\/"}},{"@type":"Person","@id":"https:\/\/sandzakpress.net\/arhiva\/#\/schema\/person\/c8baee722073534b583ea7bdb2e36c02","name":"bosniak","image":{"@type":"ImageObject","inLanguage":"bs-BA","@id":"https:\/\/sandzakpress.net\/arhiva\/#\/schema\/person\/image\/","url":"https:\/\/secure.gravatar.com\/avatar\/a04fd330bfe3a36a72a0ad4a6d89fca7?s=96&d=mm&r=pg","contentUrl":"https:\/\/secure.gravatar.com\/avatar\/a04fd330bfe3a36a72a0ad4a6d89fca7?s=96&d=mm&r=pg","caption":"bosniak"},"url":"https:\/\/sandzakpress.net\/arhiva\/author\/bosniak\/"}]}},"_links":{"self":[{"href":"https:\/\/sandzakpress.net\/arhiva\/wp-json\/wp\/v2\/posts\/6816"}],"collection":[{"href":"https:\/\/sandzakpress.net\/arhiva\/wp-json\/wp\/v2\/posts"}],"about":[{"href":"https:\/\/sandzakpress.net\/arhiva\/wp-json\/wp\/v2\/types\/post"}],"author":[{"embeddable":true,"href":"https:\/\/sandzakpress.net\/arhiva\/wp-json\/wp\/v2\/users\/83"}],"replies":[{"embeddable":true,"href":"https:\/\/sandzakpress.net\/arhiva\/wp-json\/wp\/v2\/comments?post=6816"}],"version-history":[{"count":0,"href":"https:\/\/sandzakpress.net\/arhiva\/wp-json\/wp\/v2\/posts\/6816\/revisions"}],"wp:featuredmedia":[{"embeddable":true,"href":"https:\/\/sandzakpress.net\/arhiva\/wp-json\/wp\/v2\/media\/6817"}],"wp:attachment":[{"href":"https:\/\/sandzakpress.net\/arhiva\/wp-json\/wp\/v2\/media?parent=6816"}],"wp:term":[{"taxonomy":"category","embeddable":true,"href":"https:\/\/sandzakpress.net\/arhiva\/wp-json\/wp\/v2\/categories?post=6816"},{"taxonomy":"post_tag","embeddable":true,"href":"https:\/\/sandzakpress.net\/arhiva\/wp-json\/wp\/v2\/tags?post=6816"}],"curies":[{"name":"wp","href":"https:\/\/api.w.org\/{rel}","templated":true}]}}