{"id":68128,"date":"2013-02-28T23:36:35","date_gmt":"2013-02-28T22:36:35","guid":{"rendered":"https:\/\/sandzakpress.net\/arhiva\/?p=68128"},"modified":"2013-02-28T23:36:35","modified_gmt":"2013-02-28T22:36:35","slug":"austrijski-ambasador-u-pakistanu-presao-na-islam","status":"publish","type":"post","link":"https:\/\/sandzakpress.net\/arhiva\/austrijski-ambasador-u-pakistanu-presao-na-islam\/","title":{"rendered":"Austrijski ambasador u Pakistanu pre\u0161ao na Islam"},"content":{"rendered":"<p style=\"margin: 0.5em 0px; padding: 0px; border: 0px; outline: 0px; font-size: 13px; vertical-align: baseline; background-color: #ffffff; color: #555555; font-family: Arial, sans-serif; font-style: normal; font-variant: normal; font-weight: normal; letter-spacing: normal; line-height: 23px; orphans: auto; text-align: start; text-indent: 0px; text-transform: none; white-space: normal; widows: auto; word-spacing: 0px; -webkit-text-size-adjust: auto; -webkit-text-stroke-width: 0px; background-position: initial initial; background-repeat: initial initial;\"><strong><a href=\"https:\/\/sandzakpress.net\/arhiva\/wp-content\/uploads\/2013\/02\/axel-islam-1.jpg\"><img loading=\"lazy\" decoding=\"async\" class=\"alignleft size-full wp-image-68129\" title=\"axel-islam (1)\" src=\"https:\/\/sandzakpress.net\/arhiva\/wp-content\/uploads\/2013\/02\/axel-islam-1.jpg\" alt=\"\" width=\"246\" height=\"184\" \/><\/a>Austrija &#8211; Austrijski ambasador u Pakistanu Axel Wech je pre\u0161ao na islam, objavljeno na Facebook stranici Pakistan Media Watch.<\/strong><\/p>\n<p style=\"margin: 0.5em 0px; padding: 0px; border: 0px; outline: 0px; font-size: 13px; vertical-align: baseline; background-color: #ffffff; color: #555555; font-family: Arial, sans-serif; font-style: normal; font-variant: normal; font-weight: normal; letter-spacing: normal; line-height: 23px; orphans: auto; text-align: start; text-indent: 0px; text-transform: none; white-space: normal; widows: auto; word-spacing: 0px; -webkit-text-size-adjust: auto; -webkit-text-stroke-width: 0px; background-position: initial initial; background-repeat: initial initial;\">Pakistan Media Watch pozivaju\u0107i se na izvore navodi da se austrijski ambasador vjen\u010dao sa Sadiom Afzaal, voditeljicom dr\u017eavne televizije, i njegova odluka da prije\u0111e na islam do\u0161la je neposredno prije njihovog braka.<\/p>\n<p style=\"margin: 0.5em 0px; padding: 0px; border: 0px; outline: 0px; font-size: 13px; vertical-align: baseline; background-color: #ffffff; color: #555555; font-family: Arial, sans-serif; font-style: normal; font-variant: normal; font-weight: normal; letter-spacing: normal; line-height: 23px; orphans: auto; text-align: start; text-indent: 0px; text-transform: none; white-space: normal; widows: auto; word-spacing: 0px; -webkit-text-size-adjust: auto; -webkit-text-stroke-width: 0px; background-position: initial initial; background-repeat: initial initial;\">Izvori navode i da je da par skrivao pojedinosti u vezi braka i prelaska na Islam.<\/p>\n<p style=\"margin: 0.5em 0px; padding: 0px; border: 0px; outline: 0px; font-size: 13px; vertical-align: baseline; background-color: #ffffff; color: #555555; font-family: Arial, sans-serif; font-style: normal; font-variant: normal; font-weight: normal; letter-spacing: normal; line-height: 23px; orphans: auto; text-align: start; text-indent: 0px; text-transform: none; white-space: normal; widows: auto; word-spacing: 0px; -webkit-text-size-adjust: auto; -webkit-text-stroke-width: 0px; background-position: initial initial; background-repeat: initial initial;\">Sadia Afzaal \u017eivi u Islamabadu. Radila je kao novinar, a pokrivala je Foreign Office, parlament te napravila niz intervjua s \u010delnicima dr\u017eave, uklju\u010duju\u0107i Perveza Musharrafa ili Yousaf Raza Gillanija. Izvje\u0161tavala je i o potresima, poplavama, te izborima u SAD, sara\u0111uju\u0107i sa VOA.<\/p>\n<p style=\"margin: 0.5em 0px; padding: 0px; border: 0px; outline: 0px; font-size: 13px; vertical-align: baseline; background-color: #ffffff; color: #555555; font-family: Arial, sans-serif; font-style: normal; font-variant: normal; font-weight: normal; letter-spacing: normal; line-height: 23px; orphans: auto; text-align: start; text-indent: 0px; text-transform: none; white-space: normal; widows: auto; word-spacing: 0px; -webkit-text-size-adjust: auto; -webkit-text-stroke-width: 0px; background-position: initial initial; background-repeat: initial initial;\">Prema dopisniku The News Tribe iz Islamabada, austrijska ambasada u glavnom gradu nije slu\u017ebeno demantirala vijest.<\/p>\n<p style=\"margin: 0.5em 0px; padding: 0px; border: 0px; outline: 0px; font-size: 13px; vertical-align: baseline; background-color: #ffffff; color: #555555; font-family: Arial, sans-serif; font-style: normal; font-variant: normal; font-weight: normal; letter-spacing: normal; line-height: 23px; orphans: auto; text-align: start; text-indent: 0px; text-transform: none; white-space: normal; widows: auto; word-spacing: 0px; -webkit-text-size-adjust: auto; -webkit-text-stroke-width: 0px; background-position: initial initial; background-repeat: initial initial;\">Treba napomenuti i da odre\u0111eni dijelovi dru\u0161tva vjeruju da stranci stupaju u brak sa mje\u0161tanima kako bi lak\u0161e putovali zemljom i prikupljali osjetljive informacije.<\/p>\n<p style=\"margin: 0.5em 0px; padding: 0px; border: 0px; outline: 0px; font-size: 13px; vertical-align: baseline; background-color: #ffffff; color: #555555; font-family: Arial, sans-serif; font-style: normal; font-variant: normal; font-weight: normal; letter-spacing: normal; line-height: 23px; orphans: auto; text-align: start; text-indent: 0px; text-transform: none; white-space: normal; widows: auto; word-spacing: 0px; -webkit-text-size-adjust: auto; -webkit-text-stroke-width: 0px; background-position: initial initial; background-repeat: initial initial;\">(sandzakpress)<\/p>\n","protected":false},"excerpt":{"rendered":"<p>Austrija &#8211; Austrijski ambasador u Pakistanu Axel Wech je pre\u0161ao na islam, objavljeno na Facebook stranici Pakistan Media Watch. Pakistan Media Watch pozivaju\u0107i se na izvore navodi da se austrijski ambasador vjen\u010dao sa Sadiom Afzaal, voditeljicom dr\u017eavne televizije, i njegova odluka da prije\u0111e na islam do\u0161la je neposredno prije njihovog braka. Izvori navode i da [&hellip;]<\/p>\n","protected":false},"author":33,"featured_media":68129,"comment_status":"open","ping_status":"open","sticky":false,"template":"","format":"standard","meta":{"footnotes":""},"categories":[9539,9],"tags":[],"class_list":{"0":"post-68128","1":"post","2":"type-post","3":"status-publish","4":"format-standard","5":"has-post-thumbnail","7":"category-austrija-dijaspora-gradovi-vase-vijesti","8":"category-svijet"},"yoast_head":"<!-- This site is optimized with the Yoast SEO Premium plugin v23.1 (Yoast SEO v24.9) - https:\/\/yoast.com\/wordpress\/plugins\/seo\/ -->\n<title>Austrijski ambasador u Pakistanu pre\u0161ao na Islam<\/title>\n<meta name=\"robots\" content=\"index, follow, max-snippet:-1, max-image-preview:large, max-video-preview:-1\" \/>\n<link rel=\"canonical\" href=\"https:\/\/sandzakpress.net\/arhiva\/austrijski-ambasador-u-pakistanu-presao-na-islam\/\" \/>\n<meta property=\"og:locale\" content=\"bs_BA\" \/>\n<meta property=\"og:type\" content=\"article\" \/>\n<meta property=\"og:title\" content=\"Austrijski ambasador u Pakistanu pre\u0161ao na Islam\" \/>\n<meta property=\"og:description\" content=\"Austrija &#8211; Austrijski ambasador u Pakistanu Axel Wech je pre\u0161ao na islam, objavljeno na Facebook stranici Pakistan Media Watch. Pakistan Media Watch pozivaju\u0107i se na izvore navodi da se austrijski ambasador vjen\u010dao sa Sadiom Afzaal, voditeljicom dr\u017eavne televizije, i njegova odluka da prije\u0111e na islam do\u0161la je neposredno prije njihovog braka. Izvori navode i da [&hellip;]\" \/>\n<meta property=\"og:url\" content=\"https:\/\/sandzakpress.net\/arhiva\/austrijski-ambasador-u-pakistanu-presao-na-islam\/\" \/>\n<meta property=\"og:site_name\" content=\"Sand\u017eak PRESS\" \/>\n<meta property=\"article:published_time\" content=\"2013-02-28T22:36:35+00:00\" \/>\n<meta property=\"og:image\" content=\"https:\/\/sandzakpress.net\/arhiva\/wp-content\/uploads\/2013\/02\/axel-islam-1.jpg\" \/>\n\t<meta property=\"og:image:width\" content=\"259\" \/>\n\t<meta property=\"og:image:height\" content=\"194\" \/>\n\t<meta property=\"og:image:type\" content=\"image\/jpeg\" \/>\n<meta name=\"twitter:card\" content=\"summary_large_image\" \/>\n<meta name=\"twitter:label1\" content=\"Written by\" \/>\n\t<meta name=\"twitter:data1\" content=\"\" \/>\n\t<meta name=\"twitter:label2\" content=\"Est. reading time\" \/>\n\t<meta name=\"twitter:data2\" content=\"1 minuta\" \/>\n<script type=\"application\/ld+json\" class=\"yoast-schema-graph\">{\"@context\":\"https:\/\/schema.org\",\"@graph\":[{\"@type\":\"Article\",\"@id\":\"https:\/\/sandzakpress.net\/arhiva\/austrijski-ambasador-u-pakistanu-presao-na-islam\/#article\",\"isPartOf\":{\"@id\":\"https:\/\/sandzakpress.net\/arhiva\/austrijski-ambasador-u-pakistanu-presao-na-islam\/\"},\"author\":{\"name\":\"\",\"@id\":\"\"},\"headline\":\"Austrijski ambasador u Pakistanu pre\u0161ao na Islam\",\"datePublished\":\"2013-02-28T22:36:35+00:00\",\"mainEntityOfPage\":{\"@id\":\"https:\/\/sandzakpress.net\/arhiva\/austrijski-ambasador-u-pakistanu-presao-na-islam\/\"},\"wordCount\":175,\"commentCount\":0,\"publisher\":{\"@id\":\"https:\/\/sandzakpress.net\/arhiva\/#\/schema\/person\/6e72b67d6e51910a1117b3b483ba20bd\"},\"image\":{\"@id\":\"https:\/\/sandzakpress.net\/arhiva\/austrijski-ambasador-u-pakistanu-presao-na-islam\/#primaryimage\"},\"thumbnailUrl\":\"https:\/\/sandzakpress.net\/arhiva\/wp-content\/uploads\/2013\/02\/axel-islam-1.jpg\",\"articleSection\":[\"Austrija\",\"Svijet\"],\"inLanguage\":\"bs-BA\",\"potentialAction\":[{\"@type\":\"CommentAction\",\"name\":\"Comment\",\"target\":[\"https:\/\/sandzakpress.net\/arhiva\/austrijski-ambasador-u-pakistanu-presao-na-islam\/#respond\"]}]},{\"@type\":\"WebPage\",\"@id\":\"https:\/\/sandzakpress.net\/arhiva\/austrijski-ambasador-u-pakistanu-presao-na-islam\/\",\"url\":\"https:\/\/sandzakpress.net\/arhiva\/austrijski-ambasador-u-pakistanu-presao-na-islam\/\",\"name\":\"Austrijski ambasador u Pakistanu pre\u0161ao na Islam\",\"isPartOf\":{\"@id\":\"https:\/\/sandzakpress.net\/arhiva\/#website\"},\"primaryImageOfPage\":{\"@id\":\"https:\/\/sandzakpress.net\/arhiva\/austrijski-ambasador-u-pakistanu-presao-na-islam\/#primaryimage\"},\"image\":{\"@id\":\"https:\/\/sandzakpress.net\/arhiva\/austrijski-ambasador-u-pakistanu-presao-na-islam\/#primaryimage\"},\"thumbnailUrl\":\"https:\/\/sandzakpress.net\/arhiva\/wp-content\/uploads\/2013\/02\/axel-islam-1.jpg\",\"datePublished\":\"2013-02-28T22:36:35+00:00\",\"breadcrumb\":{\"@id\":\"https:\/\/sandzakpress.net\/arhiva\/austrijski-ambasador-u-pakistanu-presao-na-islam\/#breadcrumb\"},\"inLanguage\":\"bs-BA\",\"potentialAction\":[{\"@type\":\"ReadAction\",\"target\":[\"https:\/\/sandzakpress.net\/arhiva\/austrijski-ambasador-u-pakistanu-presao-na-islam\/\"]}]},{\"@type\":\"ImageObject\",\"inLanguage\":\"bs-BA\",\"@id\":\"https:\/\/sandzakpress.net\/arhiva\/austrijski-ambasador-u-pakistanu-presao-na-islam\/#primaryimage\",\"url\":\"https:\/\/sandzakpress.net\/arhiva\/wp-content\/uploads\/2013\/02\/axel-islam-1.jpg\",\"contentUrl\":\"https:\/\/sandzakpress.net\/arhiva\/wp-content\/uploads\/2013\/02\/axel-islam-1.jpg\",\"width\":259,\"height\":194},{\"@type\":\"BreadcrumbList\",\"@id\":\"https:\/\/sandzakpress.net\/arhiva\/austrijski-ambasador-u-pakistanu-presao-na-islam\/#breadcrumb\",\"itemListElement\":[{\"@type\":\"ListItem\",\"position\":1,\"name\":\"Home\",\"item\":\"https:\/\/sandzakpress.net\/arhiva\/\"},{\"@type\":\"ListItem\",\"position\":2,\"name\":\"Austrijski ambasador u Pakistanu pre\u0161ao na Islam\"}]},{\"@type\":\"WebSite\",\"@id\":\"https:\/\/sandzakpress.net\/arhiva\/#website\",\"url\":\"https:\/\/sandzakpress.net\/arhiva\/\",\"name\":\"Sand\u017eak PRESS\",\"description\":\"Prve elektronske novine u Sand\u017eaku\",\"publisher\":{\"@id\":\"https:\/\/sandzakpress.net\/arhiva\/#\/schema\/person\/6e72b67d6e51910a1117b3b483ba20bd\"},\"potentialAction\":[{\"@type\":\"SearchAction\",\"target\":{\"@type\":\"EntryPoint\",\"urlTemplate\":\"https:\/\/sandzakpress.net\/arhiva\/?s={search_term_string}\"},\"query-input\":{\"@type\":\"PropertyValueSpecification\",\"valueRequired\":true,\"valueName\":\"search_term_string\"}}],\"inLanguage\":\"bs-BA\"},{\"@type\":[\"Person\",\"Organization\"],\"@id\":\"https:\/\/sandzakpress.net\/arhiva\/#\/schema\/person\/6e72b67d6e51910a1117b3b483ba20bd\",\"name\":\"Kul\",\"image\":{\"@type\":\"ImageObject\",\"inLanguage\":\"bs-BA\",\"@id\":\"https:\/\/sandzakpress.net\/arhiva\/#\/schema\/person\/image\/\",\"url\":\"https:\/\/secure.gravatar.com\/avatar\/42263f39aa27ac04c43cab85c280eb2e?s=96&d=mm&r=pg\",\"contentUrl\":\"https:\/\/secure.gravatar.com\/avatar\/42263f39aa27ac04c43cab85c280eb2e?s=96&d=mm&r=pg\",\"caption\":\"Kul\"},\"logo\":{\"@id\":\"https:\/\/sandzakpress.net\/arhiva\/#\/schema\/person\/image\/\"}},{\"@type\":\"Person\",\"@id\":\"\",\"url\":\"https:\/\/sandzakpress.net\/arhiva\/author\/\"}]}<\/script>\n<!-- \/ Yoast SEO Premium plugin. -->","yoast_head_json":{"title":"Austrijski ambasador u Pakistanu pre\u0161ao na Islam","robots":{"index":"index","follow":"follow","max-snippet":"max-snippet:-1","max-image-preview":"max-image-preview:large","max-video-preview":"max-video-preview:-1"},"canonical":"https:\/\/sandzakpress.net\/arhiva\/austrijski-ambasador-u-pakistanu-presao-na-islam\/","og_locale":"bs_BA","og_type":"article","og_title":"Austrijski ambasador u Pakistanu pre\u0161ao na Islam","og_description":"Austrija &#8211; Austrijski ambasador u Pakistanu Axel Wech je pre\u0161ao na islam, objavljeno na Facebook stranici Pakistan Media Watch. Pakistan Media Watch pozivaju\u0107i se na izvore navodi da se austrijski ambasador vjen\u010dao sa Sadiom Afzaal, voditeljicom dr\u017eavne televizije, i njegova odluka da prije\u0111e na islam do\u0161la je neposredno prije njihovog braka. Izvori navode i da [&hellip;]","og_url":"https:\/\/sandzakpress.net\/arhiva\/austrijski-ambasador-u-pakistanu-presao-na-islam\/","og_site_name":"Sand\u017eak PRESS","article_published_time":"2013-02-28T22:36:35+00:00","og_image":[{"width":259,"height":194,"url":"https:\/\/sandzakpress.net\/arhiva\/wp-content\/uploads\/2013\/02\/axel-islam-1.jpg","type":"image\/jpeg"}],"twitter_card":"summary_large_image","twitter_misc":{"Written by":"","Est. reading time":"1 minuta"},"schema":{"@context":"https:\/\/schema.org","@graph":[{"@type":"Article","@id":"https:\/\/sandzakpress.net\/arhiva\/austrijski-ambasador-u-pakistanu-presao-na-islam\/#article","isPartOf":{"@id":"https:\/\/sandzakpress.net\/arhiva\/austrijski-ambasador-u-pakistanu-presao-na-islam\/"},"author":{"name":"","@id":""},"headline":"Austrijski ambasador u Pakistanu pre\u0161ao na Islam","datePublished":"2013-02-28T22:36:35+00:00","mainEntityOfPage":{"@id":"https:\/\/sandzakpress.net\/arhiva\/austrijski-ambasador-u-pakistanu-presao-na-islam\/"},"wordCount":175,"commentCount":0,"publisher":{"@id":"https:\/\/sandzakpress.net\/arhiva\/#\/schema\/person\/6e72b67d6e51910a1117b3b483ba20bd"},"image":{"@id":"https:\/\/sandzakpress.net\/arhiva\/austrijski-ambasador-u-pakistanu-presao-na-islam\/#primaryimage"},"thumbnailUrl":"https:\/\/sandzakpress.net\/arhiva\/wp-content\/uploads\/2013\/02\/axel-islam-1.jpg","articleSection":["Austrija","Svijet"],"inLanguage":"bs-BA","potentialAction":[{"@type":"CommentAction","name":"Comment","target":["https:\/\/sandzakpress.net\/arhiva\/austrijski-ambasador-u-pakistanu-presao-na-islam\/#respond"]}]},{"@type":"WebPage","@id":"https:\/\/sandzakpress.net\/arhiva\/austrijski-ambasador-u-pakistanu-presao-na-islam\/","url":"https:\/\/sandzakpress.net\/arhiva\/austrijski-ambasador-u-pakistanu-presao-na-islam\/","name":"Austrijski ambasador u Pakistanu pre\u0161ao na Islam","isPartOf":{"@id":"https:\/\/sandzakpress.net\/arhiva\/#website"},"primaryImageOfPage":{"@id":"https:\/\/sandzakpress.net\/arhiva\/austrijski-ambasador-u-pakistanu-presao-na-islam\/#primaryimage"},"image":{"@id":"https:\/\/sandzakpress.net\/arhiva\/austrijski-ambasador-u-pakistanu-presao-na-islam\/#primaryimage"},"thumbnailUrl":"https:\/\/sandzakpress.net\/arhiva\/wp-content\/uploads\/2013\/02\/axel-islam-1.jpg","datePublished":"2013-02-28T22:36:35+00:00","breadcrumb":{"@id":"https:\/\/sandzakpress.net\/arhiva\/austrijski-ambasador-u-pakistanu-presao-na-islam\/#breadcrumb"},"inLanguage":"bs-BA","potentialAction":[{"@type":"ReadAction","target":["https:\/\/sandzakpress.net\/arhiva\/austrijski-ambasador-u-pakistanu-presao-na-islam\/"]}]},{"@type":"ImageObject","inLanguage":"bs-BA","@id":"https:\/\/sandzakpress.net\/arhiva\/austrijski-ambasador-u-pakistanu-presao-na-islam\/#primaryimage","url":"https:\/\/sandzakpress.net\/arhiva\/wp-content\/uploads\/2013\/02\/axel-islam-1.jpg","contentUrl":"https:\/\/sandzakpress.net\/arhiva\/wp-content\/uploads\/2013\/02\/axel-islam-1.jpg","width":259,"height":194},{"@type":"BreadcrumbList","@id":"https:\/\/sandzakpress.net\/arhiva\/austrijski-ambasador-u-pakistanu-presao-na-islam\/#breadcrumb","itemListElement":[{"@type":"ListItem","position":1,"name":"Home","item":"https:\/\/sandzakpress.net\/arhiva\/"},{"@type":"ListItem","position":2,"name":"Austrijski ambasador u Pakistanu pre\u0161ao na Islam"}]},{"@type":"WebSite","@id":"https:\/\/sandzakpress.net\/arhiva\/#website","url":"https:\/\/sandzakpress.net\/arhiva\/","name":"Sand\u017eak PRESS","description":"Prve elektronske novine u Sand\u017eaku","publisher":{"@id":"https:\/\/sandzakpress.net\/arhiva\/#\/schema\/person\/6e72b67d6e51910a1117b3b483ba20bd"},"potentialAction":[{"@type":"SearchAction","target":{"@type":"EntryPoint","urlTemplate":"https:\/\/sandzakpress.net\/arhiva\/?s={search_term_string}"},"query-input":{"@type":"PropertyValueSpecification","valueRequired":true,"valueName":"search_term_string"}}],"inLanguage":"bs-BA"},{"@type":["Person","Organization"],"@id":"https:\/\/sandzakpress.net\/arhiva\/#\/schema\/person\/6e72b67d6e51910a1117b3b483ba20bd","name":"Kul","image":{"@type":"ImageObject","inLanguage":"bs-BA","@id":"https:\/\/sandzakpress.net\/arhiva\/#\/schema\/person\/image\/","url":"https:\/\/secure.gravatar.com\/avatar\/42263f39aa27ac04c43cab85c280eb2e?s=96&d=mm&r=pg","contentUrl":"https:\/\/secure.gravatar.com\/avatar\/42263f39aa27ac04c43cab85c280eb2e?s=96&d=mm&r=pg","caption":"Kul"},"logo":{"@id":"https:\/\/sandzakpress.net\/arhiva\/#\/schema\/person\/image\/"}},{"@type":"Person","@id":"","url":"https:\/\/sandzakpress.net\/arhiva\/author\/"}]}},"_links":{"self":[{"href":"https:\/\/sandzakpress.net\/arhiva\/wp-json\/wp\/v2\/posts\/68128"}],"collection":[{"href":"https:\/\/sandzakpress.net\/arhiva\/wp-json\/wp\/v2\/posts"}],"about":[{"href":"https:\/\/sandzakpress.net\/arhiva\/wp-json\/wp\/v2\/types\/post"}],"author":[{"embeddable":true,"href":"https:\/\/sandzakpress.net\/arhiva\/wp-json\/wp\/v2\/users\/33"}],"replies":[{"embeddable":true,"href":"https:\/\/sandzakpress.net\/arhiva\/wp-json\/wp\/v2\/comments?post=68128"}],"version-history":[{"count":0,"href":"https:\/\/sandzakpress.net\/arhiva\/wp-json\/wp\/v2\/posts\/68128\/revisions"}],"wp:featuredmedia":[{"embeddable":true,"href":"https:\/\/sandzakpress.net\/arhiva\/wp-json\/wp\/v2\/media\/68129"}],"wp:attachment":[{"href":"https:\/\/sandzakpress.net\/arhiva\/wp-json\/wp\/v2\/media?parent=68128"}],"wp:term":[{"taxonomy":"category","embeddable":true,"href":"https:\/\/sandzakpress.net\/arhiva\/wp-json\/wp\/v2\/categories?post=68128"},{"taxonomy":"post_tag","embeddable":true,"href":"https:\/\/sandzakpress.net\/arhiva\/wp-json\/wp\/v2\/tags?post=68128"}],"curies":[{"name":"wp","href":"https:\/\/api.w.org\/{rel}","templated":true}]}}