{"id":67959,"date":"2013-02-27T16:48:09","date_gmt":"2013-02-27T15:48:09","guid":{"rendered":"https:\/\/sandzakpress.net\/arhiva\/?p=67959"},"modified":"2013-02-27T16:48:09","modified_gmt":"2013-02-27T15:48:09","slug":"svicarska-troje-mrtvih-u-pucnjavi-u-fabrici","status":"publish","type":"post","link":"https:\/\/sandzakpress.net\/arhiva\/svicarska-troje-mrtvih-u-pucnjavi-u-fabrici\/","title":{"rendered":"\u0160vicarska: Troje mrtvih u pucnjavi u fabrici"},"content":{"rendered":"<p><strong><a href=\"https:\/\/sandzakpress.net\/arhiva\/wp-content\/uploads\/2013\/02\/pucnjava_svicarska_main_ap.jpg\"><img loading=\"lazy\" decoding=\"async\" class=\"alignleft size-medium wp-image-67960\" title=\"pucnjava_svicarska_main_ap\" src=\"https:\/\/sandzakpress.net\/arhiva\/wp-content\/uploads\/2013\/02\/pucnjava_svicarska_main_ap-300x200.jpg\" alt=\"\" width=\"300\" height=\"200\" \/><\/a>\u0160vicarska &#8211; Troje ljudi je ubijeno, a sedam ranjeno u pucnjavi u fabrici blizu \u0161vicarskog grada Lucerna.<\/strong><\/p>\n<p>Najmanje troje ljudi je ubijeno, a sedam ranjeno u pucnjavi\u00a0u fabrici blizu \u0161vicarskog grada Lucerna, saop\u0107ila je policija.<\/p>\n<p>Osumnji\u010deni za pucnjavu je me\u0111u mrtvima.<\/p>\n<p>Lokalni list\u00a0<em>Neue Luzerner Zeitung<\/em> je citirao svjedoka koji je rekao da je napad vatru otvorio u kantini kompanije.<\/p>\n<p>Incident se dogodio u fabrici za preradu drveta po imenu Kronospan u gradu Menznau, navodi se u policijskom saop\u0107enju koje prenosi AFP.<\/p>\n<blockquote><p>Napad se desio u 9 sati po lokalnom vremenu, a iz policije kantona Lucern saop\u0107ili su kako je sada situacija pod kontrolom.<\/p><\/blockquote>\n<p>\u0160vicarska novinska agencija SDA javlja kako je \u010detvoro ranjenih, koji su u te\u0161kom stanju, helikopterom preba\u0107eni u dvije lokalne bolnice.<\/p>\n<p>Napad se desio u 9 sati po lokalnom vremenu, a iz policije kantona Lucern saop\u0107ili su kako je sada situacija pod kontrolom.<\/p>\n<blockquote><p>Osumnji\u010deni za pucnjavu je me\u0111u mrtvima.<\/p><\/blockquote>\n<p>\u0160vicarska ima jednu od najvi\u0161ih stopa posjedovanja oru\u017eja na svijetu, iako u toj zemlji nema mnogo nasilja povezanog s vatrenim oru\u017ejem.<\/p>\n<p>\u0160vicarski portal 20minutes prenio je da tri helikoptera nadlije\u0107u fabriku, dok je vanredna telefonska linija uspostavljena za porodice zaposlenika fabrike.<\/p>\n<p>(balkans.aljazeera)<\/p>\n<div><\/div>\n","protected":false},"excerpt":{"rendered":"<p>\u0160vicarska &#8211; Troje ljudi je ubijeno, a sedam ranjeno u pucnjavi u fabrici blizu \u0161vicarskog grada Lucerna. Najmanje troje ljudi je ubijeno, a sedam ranjeno u pucnjavi\u00a0u fabrici blizu \u0161vicarskog grada Lucerna, saop\u0107ila je policija. Osumnji\u010deni za pucnjavu je me\u0111u mrtvima. Lokalni list\u00a0Neue Luzerner Zeitung je citirao svjedoka koji je rekao da je napad vatru [&hellip;]<\/p>\n","protected":false},"author":16,"featured_media":67960,"comment_status":"open","ping_status":"open","sticky":false,"template":"","format":"standard","meta":{"footnotes":""},"categories":[9544,9],"tags":[],"class_list":{"0":"post-67959","1":"post","2":"type-post","3":"status-publish","4":"format-standard","5":"has-post-thumbnail","7":"category-svicarska-dijaspora-gradovi-vase-vijesti","8":"category-svijet"},"yoast_head":"<!-- This site is optimized with the Yoast SEO Premium plugin v23.1 (Yoast SEO v24.9) - https:\/\/yoast.com\/wordpress\/plugins\/seo\/ -->\n<title>\u0160vicarska: Troje mrtvih u pucnjavi u fabrici<\/title>\n<meta name=\"robots\" content=\"index, follow, max-snippet:-1, max-image-preview:large, max-video-preview:-1\" \/>\n<link rel=\"canonical\" href=\"https:\/\/sandzakpress.net\/arhiva\/svicarska-troje-mrtvih-u-pucnjavi-u-fabrici\/\" \/>\n<meta property=\"og:locale\" content=\"bs_BA\" \/>\n<meta property=\"og:type\" content=\"article\" \/>\n<meta property=\"og:title\" content=\"\u0160vicarska: Troje mrtvih u pucnjavi u fabrici\" \/>\n<meta property=\"og:description\" content=\"\u0160vicarska &#8211; Troje ljudi je ubijeno, a sedam ranjeno u pucnjavi u fabrici blizu \u0161vicarskog grada Lucerna. Najmanje troje ljudi je ubijeno, a sedam ranjeno u pucnjavi\u00a0u fabrici blizu \u0161vicarskog grada Lucerna, saop\u0107ila je policija. Osumnji\u010deni za pucnjavu je me\u0111u mrtvima. Lokalni list\u00a0Neue Luzerner Zeitung je citirao svjedoka koji je rekao da je napad vatru [&hellip;]\" \/>\n<meta property=\"og:url\" content=\"https:\/\/sandzakpress.net\/arhiva\/svicarska-troje-mrtvih-u-pucnjavi-u-fabrici\/\" \/>\n<meta property=\"og:site_name\" content=\"Sand\u017eak PRESS\" \/>\n<meta property=\"article:published_time\" content=\"2013-02-27T15:48:09+00:00\" \/>\n<meta property=\"og:image\" content=\"https:\/\/sandzakpress.net\/arhiva\/wp-content\/uploads\/2013\/02\/pucnjava_svicarska_main_ap.jpg\" \/>\n\t<meta property=\"og:image:width\" content=\"616\" \/>\n\t<meta property=\"og:image:height\" content=\"411\" \/>\n\t<meta property=\"og:image:type\" content=\"image\/jpeg\" \/>\n<meta name=\"twitter:card\" content=\"summary_large_image\" \/>\n<meta name=\"twitter:label1\" content=\"Written by\" \/>\n\t<meta name=\"twitter:data1\" content=\"\" \/>\n\t<meta name=\"twitter:label2\" content=\"Est. reading time\" \/>\n\t<meta name=\"twitter:data2\" content=\"1 minuta\" \/>\n<script type=\"application\/ld+json\" class=\"yoast-schema-graph\">{\"@context\":\"https:\/\/schema.org\",\"@graph\":[{\"@type\":\"Article\",\"@id\":\"https:\/\/sandzakpress.net\/arhiva\/svicarska-troje-mrtvih-u-pucnjavi-u-fabrici\/#article\",\"isPartOf\":{\"@id\":\"https:\/\/sandzakpress.net\/arhiva\/svicarska-troje-mrtvih-u-pucnjavi-u-fabrici\/\"},\"author\":{\"name\":\"\",\"@id\":\"\"},\"headline\":\"\u0160vicarska: Troje mrtvih u pucnjavi u fabrici\",\"datePublished\":\"2013-02-27T15:48:09+00:00\",\"mainEntityOfPage\":{\"@id\":\"https:\/\/sandzakpress.net\/arhiva\/svicarska-troje-mrtvih-u-pucnjavi-u-fabrici\/\"},\"wordCount\":215,\"commentCount\":0,\"publisher\":{\"@id\":\"https:\/\/sandzakpress.net\/arhiva\/#\/schema\/person\/6e72b67d6e51910a1117b3b483ba20bd\"},\"image\":{\"@id\":\"https:\/\/sandzakpress.net\/arhiva\/svicarska-troje-mrtvih-u-pucnjavi-u-fabrici\/#primaryimage\"},\"thumbnailUrl\":\"https:\/\/sandzakpress.net\/arhiva\/wp-content\/uploads\/2013\/02\/pucnjava_svicarska_main_ap.jpg\",\"articleSection\":[\"\u0160vicarska\",\"Svijet\"],\"inLanguage\":\"bs-BA\",\"potentialAction\":[{\"@type\":\"CommentAction\",\"name\":\"Comment\",\"target\":[\"https:\/\/sandzakpress.net\/arhiva\/svicarska-troje-mrtvih-u-pucnjavi-u-fabrici\/#respond\"]}]},{\"@type\":\"WebPage\",\"@id\":\"https:\/\/sandzakpress.net\/arhiva\/svicarska-troje-mrtvih-u-pucnjavi-u-fabrici\/\",\"url\":\"https:\/\/sandzakpress.net\/arhiva\/svicarska-troje-mrtvih-u-pucnjavi-u-fabrici\/\",\"name\":\"\u0160vicarska: Troje mrtvih u pucnjavi u fabrici\",\"isPartOf\":{\"@id\":\"https:\/\/sandzakpress.net\/arhiva\/#website\"},\"primaryImageOfPage\":{\"@id\":\"https:\/\/sandzakpress.net\/arhiva\/svicarska-troje-mrtvih-u-pucnjavi-u-fabrici\/#primaryimage\"},\"image\":{\"@id\":\"https:\/\/sandzakpress.net\/arhiva\/svicarska-troje-mrtvih-u-pucnjavi-u-fabrici\/#primaryimage\"},\"thumbnailUrl\":\"https:\/\/sandzakpress.net\/arhiva\/wp-content\/uploads\/2013\/02\/pucnjava_svicarska_main_ap.jpg\",\"datePublished\":\"2013-02-27T15:48:09+00:00\",\"breadcrumb\":{\"@id\":\"https:\/\/sandzakpress.net\/arhiva\/svicarska-troje-mrtvih-u-pucnjavi-u-fabrici\/#breadcrumb\"},\"inLanguage\":\"bs-BA\",\"potentialAction\":[{\"@type\":\"ReadAction\",\"target\":[\"https:\/\/sandzakpress.net\/arhiva\/svicarska-troje-mrtvih-u-pucnjavi-u-fabrici\/\"]}]},{\"@type\":\"ImageObject\",\"inLanguage\":\"bs-BA\",\"@id\":\"https:\/\/sandzakpress.net\/arhiva\/svicarska-troje-mrtvih-u-pucnjavi-u-fabrici\/#primaryimage\",\"url\":\"https:\/\/sandzakpress.net\/arhiva\/wp-content\/uploads\/2013\/02\/pucnjava_svicarska_main_ap.jpg\",\"contentUrl\":\"https:\/\/sandzakpress.net\/arhiva\/wp-content\/uploads\/2013\/02\/pucnjava_svicarska_main_ap.jpg\",\"width\":616,\"height\":411},{\"@type\":\"BreadcrumbList\",\"@id\":\"https:\/\/sandzakpress.net\/arhiva\/svicarska-troje-mrtvih-u-pucnjavi-u-fabrici\/#breadcrumb\",\"itemListElement\":[{\"@type\":\"ListItem\",\"position\":1,\"name\":\"Home\",\"item\":\"https:\/\/sandzakpress.net\/arhiva\/\"},{\"@type\":\"ListItem\",\"position\":2,\"name\":\"\u0160vicarska: Troje mrtvih u pucnjavi u fabrici\"}]},{\"@type\":\"WebSite\",\"@id\":\"https:\/\/sandzakpress.net\/arhiva\/#website\",\"url\":\"https:\/\/sandzakpress.net\/arhiva\/\",\"name\":\"Sand\u017eak PRESS\",\"description\":\"Prve elektronske novine u Sand\u017eaku\",\"publisher\":{\"@id\":\"https:\/\/sandzakpress.net\/arhiva\/#\/schema\/person\/6e72b67d6e51910a1117b3b483ba20bd\"},\"potentialAction\":[{\"@type\":\"SearchAction\",\"target\":{\"@type\":\"EntryPoint\",\"urlTemplate\":\"https:\/\/sandzakpress.net\/arhiva\/?s={search_term_string}\"},\"query-input\":{\"@type\":\"PropertyValueSpecification\",\"valueRequired\":true,\"valueName\":\"search_term_string\"}}],\"inLanguage\":\"bs-BA\"},{\"@type\":[\"Person\",\"Organization\"],\"@id\":\"https:\/\/sandzakpress.net\/arhiva\/#\/schema\/person\/6e72b67d6e51910a1117b3b483ba20bd\",\"name\":\"Kul\",\"image\":{\"@type\":\"ImageObject\",\"inLanguage\":\"bs-BA\",\"@id\":\"https:\/\/sandzakpress.net\/arhiva\/#\/schema\/person\/image\/\",\"url\":\"https:\/\/secure.gravatar.com\/avatar\/42263f39aa27ac04c43cab85c280eb2e?s=96&d=mm&r=pg\",\"contentUrl\":\"https:\/\/secure.gravatar.com\/avatar\/42263f39aa27ac04c43cab85c280eb2e?s=96&d=mm&r=pg\",\"caption\":\"Kul\"},\"logo\":{\"@id\":\"https:\/\/sandzakpress.net\/arhiva\/#\/schema\/person\/image\/\"}},{\"@type\":\"Person\",\"@id\":\"\",\"url\":\"https:\/\/sandzakpress.net\/arhiva\/author\/\"}]}<\/script>\n<!-- \/ Yoast SEO Premium plugin. -->","yoast_head_json":{"title":"\u0160vicarska: Troje mrtvih u pucnjavi u fabrici","robots":{"index":"index","follow":"follow","max-snippet":"max-snippet:-1","max-image-preview":"max-image-preview:large","max-video-preview":"max-video-preview:-1"},"canonical":"https:\/\/sandzakpress.net\/arhiva\/svicarska-troje-mrtvih-u-pucnjavi-u-fabrici\/","og_locale":"bs_BA","og_type":"article","og_title":"\u0160vicarska: Troje mrtvih u pucnjavi u fabrici","og_description":"\u0160vicarska &#8211; Troje ljudi je ubijeno, a sedam ranjeno u pucnjavi u fabrici blizu \u0161vicarskog grada Lucerna. Najmanje troje ljudi je ubijeno, a sedam ranjeno u pucnjavi\u00a0u fabrici blizu \u0161vicarskog grada Lucerna, saop\u0107ila je policija. Osumnji\u010deni za pucnjavu je me\u0111u mrtvima. Lokalni list\u00a0Neue Luzerner Zeitung je citirao svjedoka koji je rekao da je napad vatru [&hellip;]","og_url":"https:\/\/sandzakpress.net\/arhiva\/svicarska-troje-mrtvih-u-pucnjavi-u-fabrici\/","og_site_name":"Sand\u017eak PRESS","article_published_time":"2013-02-27T15:48:09+00:00","og_image":[{"width":616,"height":411,"url":"https:\/\/sandzakpress.net\/arhiva\/wp-content\/uploads\/2013\/02\/pucnjava_svicarska_main_ap.jpg","type":"image\/jpeg"}],"twitter_card":"summary_large_image","twitter_misc":{"Written by":"","Est. reading time":"1 minuta"},"schema":{"@context":"https:\/\/schema.org","@graph":[{"@type":"Article","@id":"https:\/\/sandzakpress.net\/arhiva\/svicarska-troje-mrtvih-u-pucnjavi-u-fabrici\/#article","isPartOf":{"@id":"https:\/\/sandzakpress.net\/arhiva\/svicarska-troje-mrtvih-u-pucnjavi-u-fabrici\/"},"author":{"name":"","@id":""},"headline":"\u0160vicarska: Troje mrtvih u pucnjavi u fabrici","datePublished":"2013-02-27T15:48:09+00:00","mainEntityOfPage":{"@id":"https:\/\/sandzakpress.net\/arhiva\/svicarska-troje-mrtvih-u-pucnjavi-u-fabrici\/"},"wordCount":215,"commentCount":0,"publisher":{"@id":"https:\/\/sandzakpress.net\/arhiva\/#\/schema\/person\/6e72b67d6e51910a1117b3b483ba20bd"},"image":{"@id":"https:\/\/sandzakpress.net\/arhiva\/svicarska-troje-mrtvih-u-pucnjavi-u-fabrici\/#primaryimage"},"thumbnailUrl":"https:\/\/sandzakpress.net\/arhiva\/wp-content\/uploads\/2013\/02\/pucnjava_svicarska_main_ap.jpg","articleSection":["\u0160vicarska","Svijet"],"inLanguage":"bs-BA","potentialAction":[{"@type":"CommentAction","name":"Comment","target":["https:\/\/sandzakpress.net\/arhiva\/svicarska-troje-mrtvih-u-pucnjavi-u-fabrici\/#respond"]}]},{"@type":"WebPage","@id":"https:\/\/sandzakpress.net\/arhiva\/svicarska-troje-mrtvih-u-pucnjavi-u-fabrici\/","url":"https:\/\/sandzakpress.net\/arhiva\/svicarska-troje-mrtvih-u-pucnjavi-u-fabrici\/","name":"\u0160vicarska: Troje mrtvih u pucnjavi u fabrici","isPartOf":{"@id":"https:\/\/sandzakpress.net\/arhiva\/#website"},"primaryImageOfPage":{"@id":"https:\/\/sandzakpress.net\/arhiva\/svicarska-troje-mrtvih-u-pucnjavi-u-fabrici\/#primaryimage"},"image":{"@id":"https:\/\/sandzakpress.net\/arhiva\/svicarska-troje-mrtvih-u-pucnjavi-u-fabrici\/#primaryimage"},"thumbnailUrl":"https:\/\/sandzakpress.net\/arhiva\/wp-content\/uploads\/2013\/02\/pucnjava_svicarska_main_ap.jpg","datePublished":"2013-02-27T15:48:09+00:00","breadcrumb":{"@id":"https:\/\/sandzakpress.net\/arhiva\/svicarska-troje-mrtvih-u-pucnjavi-u-fabrici\/#breadcrumb"},"inLanguage":"bs-BA","potentialAction":[{"@type":"ReadAction","target":["https:\/\/sandzakpress.net\/arhiva\/svicarska-troje-mrtvih-u-pucnjavi-u-fabrici\/"]}]},{"@type":"ImageObject","inLanguage":"bs-BA","@id":"https:\/\/sandzakpress.net\/arhiva\/svicarska-troje-mrtvih-u-pucnjavi-u-fabrici\/#primaryimage","url":"https:\/\/sandzakpress.net\/arhiva\/wp-content\/uploads\/2013\/02\/pucnjava_svicarska_main_ap.jpg","contentUrl":"https:\/\/sandzakpress.net\/arhiva\/wp-content\/uploads\/2013\/02\/pucnjava_svicarska_main_ap.jpg","width":616,"height":411},{"@type":"BreadcrumbList","@id":"https:\/\/sandzakpress.net\/arhiva\/svicarska-troje-mrtvih-u-pucnjavi-u-fabrici\/#breadcrumb","itemListElement":[{"@type":"ListItem","position":1,"name":"Home","item":"https:\/\/sandzakpress.net\/arhiva\/"},{"@type":"ListItem","position":2,"name":"\u0160vicarska: Troje mrtvih u pucnjavi u fabrici"}]},{"@type":"WebSite","@id":"https:\/\/sandzakpress.net\/arhiva\/#website","url":"https:\/\/sandzakpress.net\/arhiva\/","name":"Sand\u017eak PRESS","description":"Prve elektronske novine u Sand\u017eaku","publisher":{"@id":"https:\/\/sandzakpress.net\/arhiva\/#\/schema\/person\/6e72b67d6e51910a1117b3b483ba20bd"},"potentialAction":[{"@type":"SearchAction","target":{"@type":"EntryPoint","urlTemplate":"https:\/\/sandzakpress.net\/arhiva\/?s={search_term_string}"},"query-input":{"@type":"PropertyValueSpecification","valueRequired":true,"valueName":"search_term_string"}}],"inLanguage":"bs-BA"},{"@type":["Person","Organization"],"@id":"https:\/\/sandzakpress.net\/arhiva\/#\/schema\/person\/6e72b67d6e51910a1117b3b483ba20bd","name":"Kul","image":{"@type":"ImageObject","inLanguage":"bs-BA","@id":"https:\/\/sandzakpress.net\/arhiva\/#\/schema\/person\/image\/","url":"https:\/\/secure.gravatar.com\/avatar\/42263f39aa27ac04c43cab85c280eb2e?s=96&d=mm&r=pg","contentUrl":"https:\/\/secure.gravatar.com\/avatar\/42263f39aa27ac04c43cab85c280eb2e?s=96&d=mm&r=pg","caption":"Kul"},"logo":{"@id":"https:\/\/sandzakpress.net\/arhiva\/#\/schema\/person\/image\/"}},{"@type":"Person","@id":"","url":"https:\/\/sandzakpress.net\/arhiva\/author\/"}]}},"_links":{"self":[{"href":"https:\/\/sandzakpress.net\/arhiva\/wp-json\/wp\/v2\/posts\/67959"}],"collection":[{"href":"https:\/\/sandzakpress.net\/arhiva\/wp-json\/wp\/v2\/posts"}],"about":[{"href":"https:\/\/sandzakpress.net\/arhiva\/wp-json\/wp\/v2\/types\/post"}],"author":[{"embeddable":true,"href":"https:\/\/sandzakpress.net\/arhiva\/wp-json\/wp\/v2\/users\/16"}],"replies":[{"embeddable":true,"href":"https:\/\/sandzakpress.net\/arhiva\/wp-json\/wp\/v2\/comments?post=67959"}],"version-history":[{"count":0,"href":"https:\/\/sandzakpress.net\/arhiva\/wp-json\/wp\/v2\/posts\/67959\/revisions"}],"wp:featuredmedia":[{"embeddable":true,"href":"https:\/\/sandzakpress.net\/arhiva\/wp-json\/wp\/v2\/media\/67960"}],"wp:attachment":[{"href":"https:\/\/sandzakpress.net\/arhiva\/wp-json\/wp\/v2\/media?parent=67959"}],"wp:term":[{"taxonomy":"category","embeddable":true,"href":"https:\/\/sandzakpress.net\/arhiva\/wp-json\/wp\/v2\/categories?post=67959"},{"taxonomy":"post_tag","embeddable":true,"href":"https:\/\/sandzakpress.net\/arhiva\/wp-json\/wp\/v2\/tags?post=67959"}],"curies":[{"name":"wp","href":"https:\/\/api.w.org\/{rel}","templated":true}]}}