{"id":6791,"date":"2010-08-18T15:46:47","date_gmt":"2010-08-18T15:46:47","guid":{"rendered":"https:\/\/sandzakpress.net\/arhiva\/gladne-zrtve-poplava-nasrnule-na-humanitarni-kamion"},"modified":"2010-08-18T15:46:47","modified_gmt":"2010-08-18T15:46:47","slug":"gladne-zrtve-poplava-nasrnule-na-humanitarni-kamion","status":"publish","type":"post","link":"https:\/\/sandzakpress.net\/arhiva\/gladne-zrtve-poplava-nasrnule-na-humanitarni-kamion\/","title":{"rendered":"Gladne \u017ertve poplava nasrnule na humanitarni kamion"},"content":{"rendered":"<p><strong><a href=\"https:\/\/sandzakpress.net\/arhiva\/wp-content\/uploads\/2010\/08\/poplave-pakistan.png\"><img loading=\"lazy\" decoding=\"async\" class=\"alignleft size-full wp-image-6790\" title=\"poplave pakistan\" src=\"https:\/\/sandzakpress.net\/arhiva\/wp-content\/uploads\/2010\/08\/poplave-pakistan.png\" alt=\"\" width=\"250\" height=\"294\" \/><\/a>Pakistan &#8211; \u017drtve poplava u Pakistanu napale su kamione koji su prevozili pomo\u0107 u hrani za stanovnike ugro\u017eenih podru\u010dja na severozapadu zemlje, dok vlasti upozoravaju da toj oblasti preti glad ukoliko poljoprivrednici \u0161to pre ne poseju novu letinu.<\/strong><\/p>\n<p>U gradu \u0160ikarpuru je oko 100 ljudi napalo dva kamiona sa pomo\u0107i, a humanitarci su ih rasterali batinama. Kako prenose strani mediji, \u0161est osoba je lak\u0161e povre\u0111eno u ovom incidentu.<\/p>\n<p>Jedna od \u017ertava poplava rekla je da pomo\u0107 uglavnom uzimaju oni koji nisu ugro\u017eeni.<\/p>\n<p>U poplavama koje su po\u010dele pre tri nedelje, poginulo je 1.500 ljudi, dok je ugro\u017eeno 20 miliona ljudi, odnosno svaki deveti Pakistanac.<\/p>\n<p>Poplavljeno je 700.000 hektara zemlje pod \u017eitaricama, \u0161e\u0107ernom trskom i pirin\u010dem, zbog \u010dega su cene hrane naglo sko\u010dile. Desetine hiljada sela na severozapadu zemlje jo\u0161 je pod vodom, a zvani\u010dnici najavljuju nove poplave narednih dana.<\/p>\n<p>&#8220;Sve je uni\u0161teno. Ne\u0107u ni\u0161ta imati ove godine. Nikoga u vladi nije briga. Mi smo odse\u010deni i oni ne obra\u0107aju pa\u017enju na nas&#8221;, rekao je jedan farmer iz najte\u017ee pogo\u0111ene provincije Sind.<\/p>\n<p>Ministar informacija te provincije, Mijan Iftihar Husein upozorio je da \u0161to pre treba obnoviti irigacioni sistem, kako bi o\u017eivela poljoprivreda.<\/p>\n<p>&#8220;Ako ne preduzmemo hitne korake, mo\u017ee da izbije glad. Poljoprivrednici su sve izgubili: letinu, mehanizaciju, ku\u0107e, semena&#8221;, rekao je Husein.<\/p>\n<p>Humanitarne organizacije od po\u010detka poplava upozoravaju da je akcija Vlade posle katastrofe veoma slaba \u0161to je u utorak priznao i pakistanski predsednik Asif Ali Zardari.<\/p>\n<p>UN su tra\u017eile hitnu pomo\u0107 od 459 miliona dolara za ugro\u017eene i do sada su prikupile oko 40 odsto te sume, naveo je portparol svetske organizacije Mauricio \u0110ulijano, koji je dodao da je obe\u0107ano jo\u0161 43 miliona dolara pomo\u0107i.<\/p>\n<p>I Svetska banka je najavila da \u0107e preusmeriti 900 miliona dolara postoje\u0107eg zajma Pakistanu za pomo\u0107 i oporavak posle poplava.<\/p>\n<p>Ljudi koji su morali da napuste svoje domove, \u017eive u privremenim kampovima kraj poplavljenih gradova i sela.<\/p>\n<p>Izvor: <strong>IslamBosna.ba<\/strong><\/p>\n","protected":false},"excerpt":{"rendered":"<p>Pakistan &#8211; \u017drtve poplava u Pakistanu napale su kamione koji su prevozili pomo\u0107 u hrani za stanovnike ugro\u017eenih podru\u010dja na severozapadu zemlje, dok vlasti upozoravaju da toj oblasti preti glad ukoliko poljoprivrednici \u0161to pre ne poseju novu letinu. U gradu \u0160ikarpuru je oko 100 ljudi napalo dva kamiona sa pomo\u0107i, a humanitarci su ih rasterali [&hellip;]<\/p>\n","protected":false},"author":83,"featured_media":6790,"comment_status":"open","ping_status":"open","sticky":false,"template":"","format":"standard","meta":{"footnotes":""},"categories":[9],"tags":[],"class_list":{"0":"post-6791","1":"post","2":"type-post","3":"status-publish","4":"format-standard","5":"has-post-thumbnail","7":"category-svijet"},"yoast_head":"<!-- This site is optimized with the Yoast SEO Premium plugin v23.1 (Yoast SEO v24.9) - https:\/\/yoast.com\/wordpress\/plugins\/seo\/ -->\n<title>Gladne \u017ertve poplava nasrnule na humanitarni kamion<\/title>\n<meta name=\"robots\" content=\"index, follow, max-snippet:-1, max-image-preview:large, max-video-preview:-1\" \/>\n<link rel=\"canonical\" href=\"https:\/\/sandzakpress.net\/arhiva\/gladne-zrtve-poplava-nasrnule-na-humanitarni-kamion\/\" \/>\n<meta property=\"og:locale\" content=\"bs_BA\" \/>\n<meta property=\"og:type\" content=\"article\" \/>\n<meta property=\"og:title\" content=\"Gladne \u017ertve poplava nasrnule na humanitarni kamion\" \/>\n<meta property=\"og:description\" content=\"Pakistan &#8211; \u017drtve poplava u Pakistanu napale su kamione koji su prevozili pomo\u0107 u hrani za stanovnike ugro\u017eenih podru\u010dja na severozapadu zemlje, dok vlasti upozoravaju da toj oblasti preti glad ukoliko poljoprivrednici \u0161to pre ne poseju novu letinu. U gradu \u0160ikarpuru je oko 100 ljudi napalo dva kamiona sa pomo\u0107i, a humanitarci su ih rasterali [&hellip;]\" \/>\n<meta property=\"og:url\" content=\"https:\/\/sandzakpress.net\/arhiva\/gladne-zrtve-poplava-nasrnule-na-humanitarni-kamion\/\" \/>\n<meta property=\"og:site_name\" content=\"Sand\u017eak PRESS\" \/>\n<meta property=\"article:published_time\" content=\"2010-08-18T15:46:47+00:00\" \/>\n<meta property=\"og:image\" content=\"https:\/\/sandzakpress.net\/arhiva\/wp-content\/uploads\/2010\/08\/poplave-pakistan.png\" \/>\n\t<meta property=\"og:image:width\" content=\"250\" \/>\n\t<meta property=\"og:image:height\" content=\"294\" \/>\n\t<meta property=\"og:image:type\" content=\"image\/png\" \/>\n<meta name=\"author\" content=\"bosniak\" \/>\n<meta name=\"twitter:card\" content=\"summary_large_image\" \/>\n<meta name=\"twitter:label1\" content=\"Written by\" \/>\n\t<meta name=\"twitter:data1\" content=\"bosniak\" \/>\n\t<meta name=\"twitter:label2\" content=\"Est. reading time\" \/>\n\t<meta name=\"twitter:data2\" content=\"2 minute\" \/>\n<script type=\"application\/ld+json\" class=\"yoast-schema-graph\">{\"@context\":\"https:\/\/schema.org\",\"@graph\":[{\"@type\":\"Article\",\"@id\":\"https:\/\/sandzakpress.net\/arhiva\/gladne-zrtve-poplava-nasrnule-na-humanitarni-kamion\/#article\",\"isPartOf\":{\"@id\":\"https:\/\/sandzakpress.net\/arhiva\/gladne-zrtve-poplava-nasrnule-na-humanitarni-kamion\/\"},\"author\":{\"name\":\"bosniak\",\"@id\":\"https:\/\/sandzakpress.net\/arhiva\/#\/schema\/person\/c8baee722073534b583ea7bdb2e36c02\"},\"headline\":\"Gladne \u017ertve poplava nasrnule na humanitarni kamion\",\"datePublished\":\"2010-08-18T15:46:47+00:00\",\"mainEntityOfPage\":{\"@id\":\"https:\/\/sandzakpress.net\/arhiva\/gladne-zrtve-poplava-nasrnule-na-humanitarni-kamion\/\"},\"wordCount\":343,\"commentCount\":0,\"publisher\":{\"@id\":\"https:\/\/sandzakpress.net\/arhiva\/#\/schema\/person\/6e72b67d6e51910a1117b3b483ba20bd\"},\"image\":{\"@id\":\"https:\/\/sandzakpress.net\/arhiva\/gladne-zrtve-poplava-nasrnule-na-humanitarni-kamion\/#primaryimage\"},\"thumbnailUrl\":\"https:\/\/sandzakpress.net\/arhiva\/wp-content\/uploads\/2010\/08\/poplave-pakistan.png\",\"articleSection\":[\"Svijet\"],\"inLanguage\":\"bs-BA\",\"potentialAction\":[{\"@type\":\"CommentAction\",\"name\":\"Comment\",\"target\":[\"https:\/\/sandzakpress.net\/arhiva\/gladne-zrtve-poplava-nasrnule-na-humanitarni-kamion\/#respond\"]}]},{\"@type\":\"WebPage\",\"@id\":\"https:\/\/sandzakpress.net\/arhiva\/gladne-zrtve-poplava-nasrnule-na-humanitarni-kamion\/\",\"url\":\"https:\/\/sandzakpress.net\/arhiva\/gladne-zrtve-poplava-nasrnule-na-humanitarni-kamion\/\",\"name\":\"Gladne \u017ertve poplava nasrnule na humanitarni kamion\",\"isPartOf\":{\"@id\":\"https:\/\/sandzakpress.net\/arhiva\/#website\"},\"primaryImageOfPage\":{\"@id\":\"https:\/\/sandzakpress.net\/arhiva\/gladne-zrtve-poplava-nasrnule-na-humanitarni-kamion\/#primaryimage\"},\"image\":{\"@id\":\"https:\/\/sandzakpress.net\/arhiva\/gladne-zrtve-poplava-nasrnule-na-humanitarni-kamion\/#primaryimage\"},\"thumbnailUrl\":\"https:\/\/sandzakpress.net\/arhiva\/wp-content\/uploads\/2010\/08\/poplave-pakistan.png\",\"datePublished\":\"2010-08-18T15:46:47+00:00\",\"breadcrumb\":{\"@id\":\"https:\/\/sandzakpress.net\/arhiva\/gladne-zrtve-poplava-nasrnule-na-humanitarni-kamion\/#breadcrumb\"},\"inLanguage\":\"bs-BA\",\"potentialAction\":[{\"@type\":\"ReadAction\",\"target\":[\"https:\/\/sandzakpress.net\/arhiva\/gladne-zrtve-poplava-nasrnule-na-humanitarni-kamion\/\"]}]},{\"@type\":\"ImageObject\",\"inLanguage\":\"bs-BA\",\"@id\":\"https:\/\/sandzakpress.net\/arhiva\/gladne-zrtve-poplava-nasrnule-na-humanitarni-kamion\/#primaryimage\",\"url\":\"https:\/\/sandzakpress.net\/arhiva\/wp-content\/uploads\/2010\/08\/poplave-pakistan.png\",\"contentUrl\":\"https:\/\/sandzakpress.net\/arhiva\/wp-content\/uploads\/2010\/08\/poplave-pakistan.png\",\"width\":250,\"height\":294},{\"@type\":\"BreadcrumbList\",\"@id\":\"https:\/\/sandzakpress.net\/arhiva\/gladne-zrtve-poplava-nasrnule-na-humanitarni-kamion\/#breadcrumb\",\"itemListElement\":[{\"@type\":\"ListItem\",\"position\":1,\"name\":\"Home\",\"item\":\"https:\/\/sandzakpress.net\/arhiva\/\"},{\"@type\":\"ListItem\",\"position\":2,\"name\":\"Gladne \u017ertve poplava nasrnule na humanitarni kamion\"}]},{\"@type\":\"WebSite\",\"@id\":\"https:\/\/sandzakpress.net\/arhiva\/#website\",\"url\":\"https:\/\/sandzakpress.net\/arhiva\/\",\"name\":\"Sand\u017eak PRESS\",\"description\":\"Prve elektronske novine u Sand\u017eaku\",\"publisher\":{\"@id\":\"https:\/\/sandzakpress.net\/arhiva\/#\/schema\/person\/6e72b67d6e51910a1117b3b483ba20bd\"},\"potentialAction\":[{\"@type\":\"SearchAction\",\"target\":{\"@type\":\"EntryPoint\",\"urlTemplate\":\"https:\/\/sandzakpress.net\/arhiva\/?s={search_term_string}\"},\"query-input\":{\"@type\":\"PropertyValueSpecification\",\"valueRequired\":true,\"valueName\":\"search_term_string\"}}],\"inLanguage\":\"bs-BA\"},{\"@type\":[\"Person\",\"Organization\"],\"@id\":\"https:\/\/sandzakpress.net\/arhiva\/#\/schema\/person\/6e72b67d6e51910a1117b3b483ba20bd\",\"name\":\"Kul\",\"image\":{\"@type\":\"ImageObject\",\"inLanguage\":\"bs-BA\",\"@id\":\"https:\/\/sandzakpress.net\/arhiva\/#\/schema\/person\/image\/\",\"url\":\"https:\/\/secure.gravatar.com\/avatar\/42263f39aa27ac04c43cab85c280eb2e?s=96&d=mm&r=pg\",\"contentUrl\":\"https:\/\/secure.gravatar.com\/avatar\/42263f39aa27ac04c43cab85c280eb2e?s=96&d=mm&r=pg\",\"caption\":\"Kul\"},\"logo\":{\"@id\":\"https:\/\/sandzakpress.net\/arhiva\/#\/schema\/person\/image\/\"}},{\"@type\":\"Person\",\"@id\":\"https:\/\/sandzakpress.net\/arhiva\/#\/schema\/person\/c8baee722073534b583ea7bdb2e36c02\",\"name\":\"bosniak\",\"image\":{\"@type\":\"ImageObject\",\"inLanguage\":\"bs-BA\",\"@id\":\"https:\/\/sandzakpress.net\/arhiva\/#\/schema\/person\/image\/\",\"url\":\"https:\/\/secure.gravatar.com\/avatar\/a04fd330bfe3a36a72a0ad4a6d89fca7?s=96&d=mm&r=pg\",\"contentUrl\":\"https:\/\/secure.gravatar.com\/avatar\/a04fd330bfe3a36a72a0ad4a6d89fca7?s=96&d=mm&r=pg\",\"caption\":\"bosniak\"},\"url\":\"https:\/\/sandzakpress.net\/arhiva\/author\/bosniak\/\"}]}<\/script>\n<!-- \/ Yoast SEO Premium plugin. -->","yoast_head_json":{"title":"Gladne \u017ertve poplava nasrnule na humanitarni kamion","robots":{"index":"index","follow":"follow","max-snippet":"max-snippet:-1","max-image-preview":"max-image-preview:large","max-video-preview":"max-video-preview:-1"},"canonical":"https:\/\/sandzakpress.net\/arhiva\/gladne-zrtve-poplava-nasrnule-na-humanitarni-kamion\/","og_locale":"bs_BA","og_type":"article","og_title":"Gladne \u017ertve poplava nasrnule na humanitarni kamion","og_description":"Pakistan &#8211; \u017drtve poplava u Pakistanu napale su kamione koji su prevozili pomo\u0107 u hrani za stanovnike ugro\u017eenih podru\u010dja na severozapadu zemlje, dok vlasti upozoravaju da toj oblasti preti glad ukoliko poljoprivrednici \u0161to pre ne poseju novu letinu. U gradu \u0160ikarpuru je oko 100 ljudi napalo dva kamiona sa pomo\u0107i, a humanitarci su ih rasterali [&hellip;]","og_url":"https:\/\/sandzakpress.net\/arhiva\/gladne-zrtve-poplava-nasrnule-na-humanitarni-kamion\/","og_site_name":"Sand\u017eak PRESS","article_published_time":"2010-08-18T15:46:47+00:00","og_image":[{"width":250,"height":294,"url":"https:\/\/sandzakpress.net\/arhiva\/wp-content\/uploads\/2010\/08\/poplave-pakistan.png","type":"image\/png"}],"author":"bosniak","twitter_card":"summary_large_image","twitter_misc":{"Written by":"bosniak","Est. reading time":"2 minute"},"schema":{"@context":"https:\/\/schema.org","@graph":[{"@type":"Article","@id":"https:\/\/sandzakpress.net\/arhiva\/gladne-zrtve-poplava-nasrnule-na-humanitarni-kamion\/#article","isPartOf":{"@id":"https:\/\/sandzakpress.net\/arhiva\/gladne-zrtve-poplava-nasrnule-na-humanitarni-kamion\/"},"author":{"name":"bosniak","@id":"https:\/\/sandzakpress.net\/arhiva\/#\/schema\/person\/c8baee722073534b583ea7bdb2e36c02"},"headline":"Gladne \u017ertve poplava nasrnule na humanitarni kamion","datePublished":"2010-08-18T15:46:47+00:00","mainEntityOfPage":{"@id":"https:\/\/sandzakpress.net\/arhiva\/gladne-zrtve-poplava-nasrnule-na-humanitarni-kamion\/"},"wordCount":343,"commentCount":0,"publisher":{"@id":"https:\/\/sandzakpress.net\/arhiva\/#\/schema\/person\/6e72b67d6e51910a1117b3b483ba20bd"},"image":{"@id":"https:\/\/sandzakpress.net\/arhiva\/gladne-zrtve-poplava-nasrnule-na-humanitarni-kamion\/#primaryimage"},"thumbnailUrl":"https:\/\/sandzakpress.net\/arhiva\/wp-content\/uploads\/2010\/08\/poplave-pakistan.png","articleSection":["Svijet"],"inLanguage":"bs-BA","potentialAction":[{"@type":"CommentAction","name":"Comment","target":["https:\/\/sandzakpress.net\/arhiva\/gladne-zrtve-poplava-nasrnule-na-humanitarni-kamion\/#respond"]}]},{"@type":"WebPage","@id":"https:\/\/sandzakpress.net\/arhiva\/gladne-zrtve-poplava-nasrnule-na-humanitarni-kamion\/","url":"https:\/\/sandzakpress.net\/arhiva\/gladne-zrtve-poplava-nasrnule-na-humanitarni-kamion\/","name":"Gladne \u017ertve poplava nasrnule na humanitarni kamion","isPartOf":{"@id":"https:\/\/sandzakpress.net\/arhiva\/#website"},"primaryImageOfPage":{"@id":"https:\/\/sandzakpress.net\/arhiva\/gladne-zrtve-poplava-nasrnule-na-humanitarni-kamion\/#primaryimage"},"image":{"@id":"https:\/\/sandzakpress.net\/arhiva\/gladne-zrtve-poplava-nasrnule-na-humanitarni-kamion\/#primaryimage"},"thumbnailUrl":"https:\/\/sandzakpress.net\/arhiva\/wp-content\/uploads\/2010\/08\/poplave-pakistan.png","datePublished":"2010-08-18T15:46:47+00:00","breadcrumb":{"@id":"https:\/\/sandzakpress.net\/arhiva\/gladne-zrtve-poplava-nasrnule-na-humanitarni-kamion\/#breadcrumb"},"inLanguage":"bs-BA","potentialAction":[{"@type":"ReadAction","target":["https:\/\/sandzakpress.net\/arhiva\/gladne-zrtve-poplava-nasrnule-na-humanitarni-kamion\/"]}]},{"@type":"ImageObject","inLanguage":"bs-BA","@id":"https:\/\/sandzakpress.net\/arhiva\/gladne-zrtve-poplava-nasrnule-na-humanitarni-kamion\/#primaryimage","url":"https:\/\/sandzakpress.net\/arhiva\/wp-content\/uploads\/2010\/08\/poplave-pakistan.png","contentUrl":"https:\/\/sandzakpress.net\/arhiva\/wp-content\/uploads\/2010\/08\/poplave-pakistan.png","width":250,"height":294},{"@type":"BreadcrumbList","@id":"https:\/\/sandzakpress.net\/arhiva\/gladne-zrtve-poplava-nasrnule-na-humanitarni-kamion\/#breadcrumb","itemListElement":[{"@type":"ListItem","position":1,"name":"Home","item":"https:\/\/sandzakpress.net\/arhiva\/"},{"@type":"ListItem","position":2,"name":"Gladne \u017ertve poplava nasrnule na humanitarni kamion"}]},{"@type":"WebSite","@id":"https:\/\/sandzakpress.net\/arhiva\/#website","url":"https:\/\/sandzakpress.net\/arhiva\/","name":"Sand\u017eak PRESS","description":"Prve elektronske novine u Sand\u017eaku","publisher":{"@id":"https:\/\/sandzakpress.net\/arhiva\/#\/schema\/person\/6e72b67d6e51910a1117b3b483ba20bd"},"potentialAction":[{"@type":"SearchAction","target":{"@type":"EntryPoint","urlTemplate":"https:\/\/sandzakpress.net\/arhiva\/?s={search_term_string}"},"query-input":{"@type":"PropertyValueSpecification","valueRequired":true,"valueName":"search_term_string"}}],"inLanguage":"bs-BA"},{"@type":["Person","Organization"],"@id":"https:\/\/sandzakpress.net\/arhiva\/#\/schema\/person\/6e72b67d6e51910a1117b3b483ba20bd","name":"Kul","image":{"@type":"ImageObject","inLanguage":"bs-BA","@id":"https:\/\/sandzakpress.net\/arhiva\/#\/schema\/person\/image\/","url":"https:\/\/secure.gravatar.com\/avatar\/42263f39aa27ac04c43cab85c280eb2e?s=96&d=mm&r=pg","contentUrl":"https:\/\/secure.gravatar.com\/avatar\/42263f39aa27ac04c43cab85c280eb2e?s=96&d=mm&r=pg","caption":"Kul"},"logo":{"@id":"https:\/\/sandzakpress.net\/arhiva\/#\/schema\/person\/image\/"}},{"@type":"Person","@id":"https:\/\/sandzakpress.net\/arhiva\/#\/schema\/person\/c8baee722073534b583ea7bdb2e36c02","name":"bosniak","image":{"@type":"ImageObject","inLanguage":"bs-BA","@id":"https:\/\/sandzakpress.net\/arhiva\/#\/schema\/person\/image\/","url":"https:\/\/secure.gravatar.com\/avatar\/a04fd330bfe3a36a72a0ad4a6d89fca7?s=96&d=mm&r=pg","contentUrl":"https:\/\/secure.gravatar.com\/avatar\/a04fd330bfe3a36a72a0ad4a6d89fca7?s=96&d=mm&r=pg","caption":"bosniak"},"url":"https:\/\/sandzakpress.net\/arhiva\/author\/bosniak\/"}]}},"_links":{"self":[{"href":"https:\/\/sandzakpress.net\/arhiva\/wp-json\/wp\/v2\/posts\/6791"}],"collection":[{"href":"https:\/\/sandzakpress.net\/arhiva\/wp-json\/wp\/v2\/posts"}],"about":[{"href":"https:\/\/sandzakpress.net\/arhiva\/wp-json\/wp\/v2\/types\/post"}],"author":[{"embeddable":true,"href":"https:\/\/sandzakpress.net\/arhiva\/wp-json\/wp\/v2\/users\/83"}],"replies":[{"embeddable":true,"href":"https:\/\/sandzakpress.net\/arhiva\/wp-json\/wp\/v2\/comments?post=6791"}],"version-history":[{"count":0,"href":"https:\/\/sandzakpress.net\/arhiva\/wp-json\/wp\/v2\/posts\/6791\/revisions"}],"wp:featuredmedia":[{"embeddable":true,"href":"https:\/\/sandzakpress.net\/arhiva\/wp-json\/wp\/v2\/media\/6790"}],"wp:attachment":[{"href":"https:\/\/sandzakpress.net\/arhiva\/wp-json\/wp\/v2\/media?parent=6791"}],"wp:term":[{"taxonomy":"category","embeddable":true,"href":"https:\/\/sandzakpress.net\/arhiva\/wp-json\/wp\/v2\/categories?post=6791"},{"taxonomy":"post_tag","embeddable":true,"href":"https:\/\/sandzakpress.net\/arhiva\/wp-json\/wp\/v2\/tags?post=6791"}],"curies":[{"name":"wp","href":"https:\/\/api.w.org\/{rel}","templated":true}]}}