{"id":67835,"date":"2013-02-26T18:49:28","date_gmt":"2013-02-26T17:49:28","guid":{"rendered":"https:\/\/sandzakpress.net\/arhiva\/?p=67835"},"modified":"2013-02-27T18:44:21","modified_gmt":"2013-02-27T17:44:21","slug":"bkz-u-luksemburgu-ustanovila-priznanje-%c2%abmulla-osman-hrastoder%c2%bb","status":"publish","type":"post","link":"https:\/\/sandzakpress.net\/arhiva\/bkz-u-luksemburgu-ustanovila-priznanje-%c2%abmulla-osman-hrastoder%c2%bb\/","title":{"rendered":"BKZ u Luksemburgu ustanovila priznanje \u00abMulla Osman Hrastoder\u00bb"},"content":{"rendered":"<p><strong><a href=\"https:\/\/sandzakpress.net\/arhiva\/wp-content\/uploads\/2013\/02\/Mulla_Osman_Hrastoder1.jpg\"><img loading=\"lazy\" decoding=\"async\" class=\"alignleft size-full wp-image-67986\" title=\"Mulla_Osman_Hrastoder\" src=\"https:\/\/sandzakpress.net\/arhiva\/wp-content\/uploads\/2013\/02\/Mulla_Osman_Hrastoder1.jpg\" alt=\"\" width=\"265\" height=\"234\" \/><\/a>Luksemburg &#8211; Povodom obilje\u017eavanja prve godi\u0161njice svog uspje\u0161nog rada i postojanja,\u00a0Bo\u0161nja\u010dka kulturna zajednica u Luksemburgu (BKZL) ustanovljava priznanje\u00a0\u00abMulla Osman Hrastoder\u00bb.<br \/>\n<\/strong><br \/>\nPriznanje \u0107e se dodjeljivati istaknutim pojedincima koji su svojim radom i zalaganjem doprijeneli afirmaciji bo\u0161nja\u010dkih nacionalnih, vjerskih i kulturnih vrijednosti, te interesima Bo\u0161njaka uop\u0107eno. \u017delja nam je odati priznanje i izraziti duboku zahvalu korisnim i uspje\u0161nim \u010dlanovima na\u0161e zajednice, posebno u njenom u\u017eem kontekstu, \u0161to zna\u010di da \u0107e se laureati birati prvenstveno, ali ne i obavezno, u okvirima bo\u0161nja\u010dke zajednice u Luksemburgu.<\/p>\n<p>Priznanje \u0107e se sastojati od plakete i zlatnog dukata, na \u010dijem aversu \u0107e se nalaziti utisnut lik Mula Osmana Hrastodera sa jo\u0161 nekoliko manjih simboli\u010dnih detalja, dok \u0107e se s druge strane na\u0107i utisnut logo BKZ Luksemburga.<\/p>\n<p>Iako je prvi dobitnik priznanja\u00a0<strong>\u00abMulla Osman Hrastoder\u00bb <\/strong>ve\u0107 odabran, odlu\u010dili smo da za sada ne izlazimo u javnost s njegovim imenom, ve\u0107 \u0107emo sa tim pri\u010dekati do polovine mjeseca marta (16.), kada \u0107e se u Luksemburgu odr\u017eati tradicionalni, 30. po redu\u00a0<strong>Festival migracije, kulture i gra\u0111anstva, <\/strong>u okviru kojeg \u0107e BKZ Luksemburg po ugledu na prethodnu godinu, uprili\u010diti predivan susret, s vrlo bogatim programom, kako bi Bo\u0161njaci bili dostojanstveno predstavljeni i na ovogodi\u0161njem Festivalu. Cilj nam je da nagradu uru\u010dimo prilikom pomenutog susreta, u prisustvu visokih zvanica iz Bosne i Sand\u017eaka, te mnogobrojnih Bo\u0161njaka i Bo\u0161njakinja iz Luksemburga i okolnih zemalja \u2013 a o pojedinostima manifestacije, tj. o programu i gostima \u0107emo vas detaljnije upoznati vrlo ubrzo.<\/p>\n<p><strong>Zbog \u010dega priznanje nosi naziv \u00abMulla Osman Hrastoder\u00bb?<\/strong><\/p>\n<p>Na ovo pitanje \u0107emo najbolje odgovoriti ukoliko se prvo prisjetimo ko je u stvari bio Mula Osman Hrastoder.<\/p>\n<p>Mulla Osman Hrastoder (1895 &#8211; 1946) je rodom iz Ju\u017enog Sand\u017eaka, ta\u010dnije iz sela Radmance kod Petnjice. Alim i poliglota, koji je dao ogroman doprinos u spa\u0161avanju bo\u0161nja\u010dkog stanovni\u0161tva Gornjeg Bihora od \u010detni\u010dke kame u toku Drugog svjetskog rata. Mulla Osman je \u010dovjek koji je na vrijeme uvidio \u0161ta se sprema Bo\u0161njacima u tom dijelu Sand\u017eaka, te je bio organizator i vo\u0111a tamo\u0161nje Muslimanske milicije, zahvaljuju\u0107i kojoj Gornji Bihor nije do\u017eivio sudbinu \u0160ahovi\u0107a (1924), Limske doline (1943) i mnogih drugih srati\u0161ta Bo\u0161njaka. Pitanje je da li bi u Luksemburgu uop\u0107e i bilo u zadnjih 20 godina, azilanata iz Gornjeg Bihora, da nije bilo Osmana i njegove odbrane tog kraja? Svoje neprijateljstvo Mulla Osman nije izra\u017eavao samo protiv otvorenih kolja\u010da bo\u0161nja\u010dkog naroda, tj. \u010detnika, ve\u0107 i protiv partizana, tj. komunista, u kojima je Osman vidio prikrivene kolja\u010de bo\u0161nja\u010dkog identiteta, tj. njihovih kulturnih i duhovnih vrijednosti. Ostala je poznata u narodu Mulla Osmanova izreka \u00abI partizani i \u010detnici su u toku rata na isti brus o\u0161trili no\u017e za Bo\u0161njake\u00bb. Vrijeme je pokazalo, a i dalje pokazuje, koliko je bio u pravu. Po okon\u010danju rata, Mulla Osman je ubijen od strane UDBE, u zimu 1946. godine.<\/p>\n<p>Zbog svega pomenutog i nepomenutog. Zbog Osmanovog znanja i prakse. Njegovog gaziluka i \u0161ehitluka. Njegove visoke svijesti i vizionarstva, \u017eelimo da o\u010duvamo sje\u0107anje na tog na\u0161eg bo\u0161nja\u010dkog, sand\u017ea\u010dkog mud\u017eahida, i ponudimo ga kao model Bo\u0161njacima i Bo\u0161njakinjama koji dolaze, izvje\u0161tava BKZ Luksemburg.<\/p>\n<p>(Bosnjaci)<\/p>\n","protected":false},"excerpt":{"rendered":"<p>Luksemburg &#8211; Povodom obilje\u017eavanja prve godi\u0161njice svog uspje\u0161nog rada i postojanja,\u00a0Bo\u0161nja\u010dka kulturna zajednica u Luksemburgu (BKZL) ustanovljava priznanje\u00a0\u00abMulla Osman Hrastoder\u00bb. Priznanje \u0107e se dodjeljivati istaknutim pojedincima koji su svojim radom i zalaganjem doprijeneli afirmaciji bo\u0161nja\u010dkih nacionalnih, vjerskih i kulturnih vrijednosti, te interesima Bo\u0161njaka uop\u0107eno. \u017delja nam je odati priznanje i izraziti duboku zahvalu korisnim i [&hellip;]<\/p>\n","protected":false},"author":16,"featured_media":67986,"comment_status":"open","ping_status":"open","sticky":false,"template":"","format":"standard","meta":{"footnotes":""},"categories":[800,9549,8957],"tags":[],"class_list":{"0":"post-67835","1":"post","2":"type-post","3":"status-publish","4":"format-standard","5":"has-post-thumbnail","7":"category-nacija","8":"category-luxemburg","9":"category-vijesti-dana"},"yoast_head":"<!-- This site is optimized with the Yoast SEO Premium plugin v23.1 (Yoast SEO v24.9) - https:\/\/yoast.com\/wordpress\/plugins\/seo\/ -->\n<title>BKZ u Luksemburgu ustanovila priznanje \u00abMulla Osman Hrastoder\u00bb<\/title>\n<meta name=\"robots\" content=\"index, follow, max-snippet:-1, max-image-preview:large, max-video-preview:-1\" \/>\n<link rel=\"canonical\" href=\"https:\/\/sandzakpress.net\/arhiva\/bkz-u-luksemburgu-ustanovila-priznanje-\u00abmulla-osman-hrastoder\u00bb\/\" \/>\n<meta property=\"og:locale\" content=\"bs_BA\" \/>\n<meta property=\"og:type\" content=\"article\" \/>\n<meta property=\"og:title\" content=\"BKZ u Luksemburgu ustanovila priznanje \u00abMulla Osman Hrastoder\u00bb\" \/>\n<meta property=\"og:description\" content=\"Luksemburg &#8211; Povodom obilje\u017eavanja prve godi\u0161njice svog uspje\u0161nog rada i postojanja,\u00a0Bo\u0161nja\u010dka kulturna zajednica u Luksemburgu (BKZL) ustanovljava priznanje\u00a0\u00abMulla Osman Hrastoder\u00bb. Priznanje \u0107e se dodjeljivati istaknutim pojedincima koji su svojim radom i zalaganjem doprijeneli afirmaciji bo\u0161nja\u010dkih nacionalnih, vjerskih i kulturnih vrijednosti, te interesima Bo\u0161njaka uop\u0107eno. \u017delja nam je odati priznanje i izraziti duboku zahvalu korisnim i [&hellip;]\" \/>\n<meta property=\"og:url\" content=\"https:\/\/sandzakpress.net\/arhiva\/bkz-u-luksemburgu-ustanovila-priznanje-\u00abmulla-osman-hrastoder\u00bb\/\" \/>\n<meta property=\"og:site_name\" content=\"Sand\u017eak PRESS\" \/>\n<meta property=\"article:published_time\" content=\"2013-02-26T17:49:28+00:00\" \/>\n<meta property=\"article:modified_time\" content=\"2013-02-27T17:44:21+00:00\" \/>\n<meta property=\"og:image\" content=\"https:\/\/sandzakpress.net\/arhiva\/wp-content\/uploads\/2013\/02\/Mulla_Osman_Hrastoder1.jpg\" \/>\n\t<meta property=\"og:image:width\" content=\"265\" \/>\n\t<meta property=\"og:image:height\" content=\"234\" \/>\n\t<meta property=\"og:image:type\" content=\"image\/jpeg\" \/>\n<meta name=\"twitter:card\" content=\"summary_large_image\" \/>\n<meta name=\"twitter:label1\" content=\"Written by\" \/>\n\t<meta name=\"twitter:data1\" content=\"\" \/>\n\t<meta name=\"twitter:label2\" content=\"Est. reading time\" \/>\n\t<meta name=\"twitter:data2\" content=\"3 minute\" \/>\n<script type=\"application\/ld+json\" class=\"yoast-schema-graph\">{\"@context\":\"https:\/\/schema.org\",\"@graph\":[{\"@type\":\"Article\",\"@id\":\"https:\/\/sandzakpress.net\/arhiva\/bkz-u-luksemburgu-ustanovila-priznanje-%c2%abmulla-osman-hrastoder%c2%bb\/#article\",\"isPartOf\":{\"@id\":\"https:\/\/sandzakpress.net\/arhiva\/bkz-u-luksemburgu-ustanovila-priznanje-%c2%abmulla-osman-hrastoder%c2%bb\/\"},\"author\":{\"name\":\"\",\"@id\":\"\"},\"headline\":\"BKZ u Luksemburgu ustanovila priznanje \u00abMulla Osman Hrastoder\u00bb\",\"datePublished\":\"2013-02-26T17:49:28+00:00\",\"dateModified\":\"2013-02-27T17:44:21+00:00\",\"mainEntityOfPage\":{\"@id\":\"https:\/\/sandzakpress.net\/arhiva\/bkz-u-luksemburgu-ustanovila-priznanje-%c2%abmulla-osman-hrastoder%c2%bb\/\"},\"wordCount\":567,\"commentCount\":1,\"publisher\":{\"@id\":\"https:\/\/sandzakpress.net\/arhiva\/#\/schema\/person\/6e72b67d6e51910a1117b3b483ba20bd\"},\"image\":{\"@id\":\"https:\/\/sandzakpress.net\/arhiva\/bkz-u-luksemburgu-ustanovila-priznanje-%c2%abmulla-osman-hrastoder%c2%bb\/#primaryimage\"},\"thumbnailUrl\":\"https:\/\/sandzakpress.net\/arhiva\/wp-content\/uploads\/2013\/02\/Mulla_Osman_Hrastoder1.jpg\",\"articleSection\":[\"Nacija\",\"Luksemburg\",\"VIJESTI DANA\"],\"inLanguage\":\"bs-BA\",\"potentialAction\":[{\"@type\":\"CommentAction\",\"name\":\"Comment\",\"target\":[\"https:\/\/sandzakpress.net\/arhiva\/bkz-u-luksemburgu-ustanovila-priznanje-%c2%abmulla-osman-hrastoder%c2%bb\/#respond\"]}]},{\"@type\":\"WebPage\",\"@id\":\"https:\/\/sandzakpress.net\/arhiva\/bkz-u-luksemburgu-ustanovila-priznanje-%c2%abmulla-osman-hrastoder%c2%bb\/\",\"url\":\"https:\/\/sandzakpress.net\/arhiva\/bkz-u-luksemburgu-ustanovila-priznanje-%c2%abmulla-osman-hrastoder%c2%bb\/\",\"name\":\"BKZ u Luksemburgu ustanovila priznanje \u00abMulla Osman Hrastoder\u00bb\",\"isPartOf\":{\"@id\":\"https:\/\/sandzakpress.net\/arhiva\/#website\"},\"primaryImageOfPage\":{\"@id\":\"https:\/\/sandzakpress.net\/arhiva\/bkz-u-luksemburgu-ustanovila-priznanje-%c2%abmulla-osman-hrastoder%c2%bb\/#primaryimage\"},\"image\":{\"@id\":\"https:\/\/sandzakpress.net\/arhiva\/bkz-u-luksemburgu-ustanovila-priznanje-%c2%abmulla-osman-hrastoder%c2%bb\/#primaryimage\"},\"thumbnailUrl\":\"https:\/\/sandzakpress.net\/arhiva\/wp-content\/uploads\/2013\/02\/Mulla_Osman_Hrastoder1.jpg\",\"datePublished\":\"2013-02-26T17:49:28+00:00\",\"dateModified\":\"2013-02-27T17:44:21+00:00\",\"breadcrumb\":{\"@id\":\"https:\/\/sandzakpress.net\/arhiva\/bkz-u-luksemburgu-ustanovila-priznanje-%c2%abmulla-osman-hrastoder%c2%bb\/#breadcrumb\"},\"inLanguage\":\"bs-BA\",\"potentialAction\":[{\"@type\":\"ReadAction\",\"target\":[\"https:\/\/sandzakpress.net\/arhiva\/bkz-u-luksemburgu-ustanovila-priznanje-%c2%abmulla-osman-hrastoder%c2%bb\/\"]}]},{\"@type\":\"ImageObject\",\"inLanguage\":\"bs-BA\",\"@id\":\"https:\/\/sandzakpress.net\/arhiva\/bkz-u-luksemburgu-ustanovila-priznanje-%c2%abmulla-osman-hrastoder%c2%bb\/#primaryimage\",\"url\":\"https:\/\/sandzakpress.net\/arhiva\/wp-content\/uploads\/2013\/02\/Mulla_Osman_Hrastoder1.jpg\",\"contentUrl\":\"https:\/\/sandzakpress.net\/arhiva\/wp-content\/uploads\/2013\/02\/Mulla_Osman_Hrastoder1.jpg\",\"width\":265,\"height\":234},{\"@type\":\"BreadcrumbList\",\"@id\":\"https:\/\/sandzakpress.net\/arhiva\/bkz-u-luksemburgu-ustanovila-priznanje-%c2%abmulla-osman-hrastoder%c2%bb\/#breadcrumb\",\"itemListElement\":[{\"@type\":\"ListItem\",\"position\":1,\"name\":\"Home\",\"item\":\"https:\/\/sandzakpress.net\/arhiva\/\"},{\"@type\":\"ListItem\",\"position\":2,\"name\":\"BKZ u Luksemburgu ustanovila priznanje \u00abMulla Osman Hrastoder\u00bb\"}]},{\"@type\":\"WebSite\",\"@id\":\"https:\/\/sandzakpress.net\/arhiva\/#website\",\"url\":\"https:\/\/sandzakpress.net\/arhiva\/\",\"name\":\"Sand\u017eak PRESS\",\"description\":\"Prve elektronske novine u Sand\u017eaku\",\"publisher\":{\"@id\":\"https:\/\/sandzakpress.net\/arhiva\/#\/schema\/person\/6e72b67d6e51910a1117b3b483ba20bd\"},\"potentialAction\":[{\"@type\":\"SearchAction\",\"target\":{\"@type\":\"EntryPoint\",\"urlTemplate\":\"https:\/\/sandzakpress.net\/arhiva\/?s={search_term_string}\"},\"query-input\":{\"@type\":\"PropertyValueSpecification\",\"valueRequired\":true,\"valueName\":\"search_term_string\"}}],\"inLanguage\":\"bs-BA\"},{\"@type\":[\"Person\",\"Organization\"],\"@id\":\"https:\/\/sandzakpress.net\/arhiva\/#\/schema\/person\/6e72b67d6e51910a1117b3b483ba20bd\",\"name\":\"Kul\",\"image\":{\"@type\":\"ImageObject\",\"inLanguage\":\"bs-BA\",\"@id\":\"https:\/\/sandzakpress.net\/arhiva\/#\/schema\/person\/image\/\",\"url\":\"https:\/\/secure.gravatar.com\/avatar\/42263f39aa27ac04c43cab85c280eb2e?s=96&d=mm&r=pg\",\"contentUrl\":\"https:\/\/secure.gravatar.com\/avatar\/42263f39aa27ac04c43cab85c280eb2e?s=96&d=mm&r=pg\",\"caption\":\"Kul\"},\"logo\":{\"@id\":\"https:\/\/sandzakpress.net\/arhiva\/#\/schema\/person\/image\/\"}},{\"@type\":\"Person\",\"@id\":\"\",\"url\":\"https:\/\/sandzakpress.net\/arhiva\/author\/\"}]}<\/script>\n<!-- \/ Yoast SEO Premium plugin. -->","yoast_head_json":{"title":"BKZ u Luksemburgu ustanovila priznanje \u00abMulla Osman Hrastoder\u00bb","robots":{"index":"index","follow":"follow","max-snippet":"max-snippet:-1","max-image-preview":"max-image-preview:large","max-video-preview":"max-video-preview:-1"},"canonical":"https:\/\/sandzakpress.net\/arhiva\/bkz-u-luksemburgu-ustanovila-priznanje-\u00abmulla-osman-hrastoder\u00bb\/","og_locale":"bs_BA","og_type":"article","og_title":"BKZ u Luksemburgu ustanovila priznanje \u00abMulla Osman Hrastoder\u00bb","og_description":"Luksemburg &#8211; Povodom obilje\u017eavanja prve godi\u0161njice svog uspje\u0161nog rada i postojanja,\u00a0Bo\u0161nja\u010dka kulturna zajednica u Luksemburgu (BKZL) ustanovljava priznanje\u00a0\u00abMulla Osman Hrastoder\u00bb. Priznanje \u0107e se dodjeljivati istaknutim pojedincima koji su svojim radom i zalaganjem doprijeneli afirmaciji bo\u0161nja\u010dkih nacionalnih, vjerskih i kulturnih vrijednosti, te interesima Bo\u0161njaka uop\u0107eno. \u017delja nam je odati priznanje i izraziti duboku zahvalu korisnim i [&hellip;]","og_url":"https:\/\/sandzakpress.net\/arhiva\/bkz-u-luksemburgu-ustanovila-priznanje-\u00abmulla-osman-hrastoder\u00bb\/","og_site_name":"Sand\u017eak PRESS","article_published_time":"2013-02-26T17:49:28+00:00","article_modified_time":"2013-02-27T17:44:21+00:00","og_image":[{"width":265,"height":234,"url":"https:\/\/sandzakpress.net\/arhiva\/wp-content\/uploads\/2013\/02\/Mulla_Osman_Hrastoder1.jpg","type":"image\/jpeg"}],"twitter_card":"summary_large_image","twitter_misc":{"Written by":"","Est. reading time":"3 minute"},"schema":{"@context":"https:\/\/schema.org","@graph":[{"@type":"Article","@id":"https:\/\/sandzakpress.net\/arhiva\/bkz-u-luksemburgu-ustanovila-priznanje-%c2%abmulla-osman-hrastoder%c2%bb\/#article","isPartOf":{"@id":"https:\/\/sandzakpress.net\/arhiva\/bkz-u-luksemburgu-ustanovila-priznanje-%c2%abmulla-osman-hrastoder%c2%bb\/"},"author":{"name":"","@id":""},"headline":"BKZ u Luksemburgu ustanovila priznanje \u00abMulla Osman Hrastoder\u00bb","datePublished":"2013-02-26T17:49:28+00:00","dateModified":"2013-02-27T17:44:21+00:00","mainEntityOfPage":{"@id":"https:\/\/sandzakpress.net\/arhiva\/bkz-u-luksemburgu-ustanovila-priznanje-%c2%abmulla-osman-hrastoder%c2%bb\/"},"wordCount":567,"commentCount":1,"publisher":{"@id":"https:\/\/sandzakpress.net\/arhiva\/#\/schema\/person\/6e72b67d6e51910a1117b3b483ba20bd"},"image":{"@id":"https:\/\/sandzakpress.net\/arhiva\/bkz-u-luksemburgu-ustanovila-priznanje-%c2%abmulla-osman-hrastoder%c2%bb\/#primaryimage"},"thumbnailUrl":"https:\/\/sandzakpress.net\/arhiva\/wp-content\/uploads\/2013\/02\/Mulla_Osman_Hrastoder1.jpg","articleSection":["Nacija","Luksemburg","VIJESTI DANA"],"inLanguage":"bs-BA","potentialAction":[{"@type":"CommentAction","name":"Comment","target":["https:\/\/sandzakpress.net\/arhiva\/bkz-u-luksemburgu-ustanovila-priznanje-%c2%abmulla-osman-hrastoder%c2%bb\/#respond"]}]},{"@type":"WebPage","@id":"https:\/\/sandzakpress.net\/arhiva\/bkz-u-luksemburgu-ustanovila-priznanje-%c2%abmulla-osman-hrastoder%c2%bb\/","url":"https:\/\/sandzakpress.net\/arhiva\/bkz-u-luksemburgu-ustanovila-priznanje-%c2%abmulla-osman-hrastoder%c2%bb\/","name":"BKZ u Luksemburgu ustanovila priznanje \u00abMulla Osman Hrastoder\u00bb","isPartOf":{"@id":"https:\/\/sandzakpress.net\/arhiva\/#website"},"primaryImageOfPage":{"@id":"https:\/\/sandzakpress.net\/arhiva\/bkz-u-luksemburgu-ustanovila-priznanje-%c2%abmulla-osman-hrastoder%c2%bb\/#primaryimage"},"image":{"@id":"https:\/\/sandzakpress.net\/arhiva\/bkz-u-luksemburgu-ustanovila-priznanje-%c2%abmulla-osman-hrastoder%c2%bb\/#primaryimage"},"thumbnailUrl":"https:\/\/sandzakpress.net\/arhiva\/wp-content\/uploads\/2013\/02\/Mulla_Osman_Hrastoder1.jpg","datePublished":"2013-02-26T17:49:28+00:00","dateModified":"2013-02-27T17:44:21+00:00","breadcrumb":{"@id":"https:\/\/sandzakpress.net\/arhiva\/bkz-u-luksemburgu-ustanovila-priznanje-%c2%abmulla-osman-hrastoder%c2%bb\/#breadcrumb"},"inLanguage":"bs-BA","potentialAction":[{"@type":"ReadAction","target":["https:\/\/sandzakpress.net\/arhiva\/bkz-u-luksemburgu-ustanovila-priznanje-%c2%abmulla-osman-hrastoder%c2%bb\/"]}]},{"@type":"ImageObject","inLanguage":"bs-BA","@id":"https:\/\/sandzakpress.net\/arhiva\/bkz-u-luksemburgu-ustanovila-priznanje-%c2%abmulla-osman-hrastoder%c2%bb\/#primaryimage","url":"https:\/\/sandzakpress.net\/arhiva\/wp-content\/uploads\/2013\/02\/Mulla_Osman_Hrastoder1.jpg","contentUrl":"https:\/\/sandzakpress.net\/arhiva\/wp-content\/uploads\/2013\/02\/Mulla_Osman_Hrastoder1.jpg","width":265,"height":234},{"@type":"BreadcrumbList","@id":"https:\/\/sandzakpress.net\/arhiva\/bkz-u-luksemburgu-ustanovila-priznanje-%c2%abmulla-osman-hrastoder%c2%bb\/#breadcrumb","itemListElement":[{"@type":"ListItem","position":1,"name":"Home","item":"https:\/\/sandzakpress.net\/arhiva\/"},{"@type":"ListItem","position":2,"name":"BKZ u Luksemburgu ustanovila priznanje \u00abMulla Osman Hrastoder\u00bb"}]},{"@type":"WebSite","@id":"https:\/\/sandzakpress.net\/arhiva\/#website","url":"https:\/\/sandzakpress.net\/arhiva\/","name":"Sand\u017eak PRESS","description":"Prve elektronske novine u Sand\u017eaku","publisher":{"@id":"https:\/\/sandzakpress.net\/arhiva\/#\/schema\/person\/6e72b67d6e51910a1117b3b483ba20bd"},"potentialAction":[{"@type":"SearchAction","target":{"@type":"EntryPoint","urlTemplate":"https:\/\/sandzakpress.net\/arhiva\/?s={search_term_string}"},"query-input":{"@type":"PropertyValueSpecification","valueRequired":true,"valueName":"search_term_string"}}],"inLanguage":"bs-BA"},{"@type":["Person","Organization"],"@id":"https:\/\/sandzakpress.net\/arhiva\/#\/schema\/person\/6e72b67d6e51910a1117b3b483ba20bd","name":"Kul","image":{"@type":"ImageObject","inLanguage":"bs-BA","@id":"https:\/\/sandzakpress.net\/arhiva\/#\/schema\/person\/image\/","url":"https:\/\/secure.gravatar.com\/avatar\/42263f39aa27ac04c43cab85c280eb2e?s=96&d=mm&r=pg","contentUrl":"https:\/\/secure.gravatar.com\/avatar\/42263f39aa27ac04c43cab85c280eb2e?s=96&d=mm&r=pg","caption":"Kul"},"logo":{"@id":"https:\/\/sandzakpress.net\/arhiva\/#\/schema\/person\/image\/"}},{"@type":"Person","@id":"","url":"https:\/\/sandzakpress.net\/arhiva\/author\/"}]}},"_links":{"self":[{"href":"https:\/\/sandzakpress.net\/arhiva\/wp-json\/wp\/v2\/posts\/67835"}],"collection":[{"href":"https:\/\/sandzakpress.net\/arhiva\/wp-json\/wp\/v2\/posts"}],"about":[{"href":"https:\/\/sandzakpress.net\/arhiva\/wp-json\/wp\/v2\/types\/post"}],"author":[{"embeddable":true,"href":"https:\/\/sandzakpress.net\/arhiva\/wp-json\/wp\/v2\/users\/16"}],"replies":[{"embeddable":true,"href":"https:\/\/sandzakpress.net\/arhiva\/wp-json\/wp\/v2\/comments?post=67835"}],"version-history":[{"count":0,"href":"https:\/\/sandzakpress.net\/arhiva\/wp-json\/wp\/v2\/posts\/67835\/revisions"}],"wp:featuredmedia":[{"embeddable":true,"href":"https:\/\/sandzakpress.net\/arhiva\/wp-json\/wp\/v2\/media\/67986"}],"wp:attachment":[{"href":"https:\/\/sandzakpress.net\/arhiva\/wp-json\/wp\/v2\/media?parent=67835"}],"wp:term":[{"taxonomy":"category","embeddable":true,"href":"https:\/\/sandzakpress.net\/arhiva\/wp-json\/wp\/v2\/categories?post=67835"},{"taxonomy":"post_tag","embeddable":true,"href":"https:\/\/sandzakpress.net\/arhiva\/wp-json\/wp\/v2\/tags?post=67835"}],"curies":[{"name":"wp","href":"https:\/\/api.w.org\/{rel}","templated":true}]}}