{"id":67813,"date":"2013-02-26T16:45:31","date_gmt":"2013-02-26T15:45:31","guid":{"rendered":"https:\/\/sandzakpress.net\/arhiva\/?p=67813"},"modified":"2013-02-26T16:45:31","modified_gmt":"2013-02-26T15:45:31","slug":"erdogan-merkel-vazna-podrska-njemacke-na-putu-turske-ka-eu-u","status":"publish","type":"post","link":"https:\/\/sandzakpress.net\/arhiva\/erdogan-merkel-vazna-podrska-njemacke-na-putu-turske-ka-eu-u\/","title":{"rendered":"Erdogan-Merkel: Va\u017ena podr\u0161ka Njema\u010dke na putu Turske ka EU-u"},"content":{"rendered":"<div>\n<div><strong><a href=\"https:\/\/sandzakpress.net\/arhiva\/wp-content\/uploads\/2013\/02\/copyright_aabadoluajansi_2013_20130226154234.jpg\"><img loading=\"lazy\" decoding=\"async\" class=\"alignleft size-medium wp-image-67814\" title=\"copyright_aabadoluajansi_2013_20130226154234\" src=\"https:\/\/sandzakpress.net\/arhiva\/wp-content\/uploads\/2013\/02\/copyright_aabadoluajansi_2013_20130226154234-300x208.jpg\" alt=\"\" width=\"300\" height=\"208\" \/><\/a>Njema\u010dka, Turska &#8211; Turski premijer na zajedni\u010dkoj konferenciji za novinare sa njema\u010dkom kancelarkom izrazio zadovoljstvo obimom saradnje dviju dr\u017eava<\/strong><\/div>\n<\/div>\n<div id=\"news-maincontent\">\n<p>Turski premijer\u00a0Recep Tayyip Erdogan i njema\u010dka kancelarka\u00a0Angela Merkel su, nakon sastanka iza zatvorenih vrata u Anakri, odr\u017eali su zajedni\u010dku konferenciju za novinare na kojoj je Erdogan izrazio zadovoljstvo \u0161to je imao priliku ugostiti Merkel u Turskoj.<\/p>\n<p>Turski premijer je podsjetio da je podr\u0161ka Njema\u010dke\u00a0Turskoj\u00a0na njenom putu ka Evropskoj uniji jako va\u017ena. On je\u00a0zahvalio Merkel i zbog pomo\u0107i koju je Njema\u010dka pru\u017eila\u00a0u vezi sa postavljanjem antiraketnog\u00a0sistema Patriot u Turskoj.<\/p>\n<p>Njema\u010dka kancelarka nalazi se u dvodnevnoj posjeti Turskoj u koju je doputovala ju\u010der. Posjetu je po\u010dela obilaskom njema\u010dkih vojnika anga\u017eovanih na antiraketnom sistemu Patriot u Turskoj.<\/p>\n<p>Erdogan je odnose Turske i Njema\u010dke ocijenio jako dobrim u mnogim podru\u010djima.<\/p>\n<p>&#8220;Imamo trgovinski obim od oko 35 miliona dolara. Oko pet\u00a0miliona njema\u010dkih turista se nalazi u Turskoj, \u0161to doprinosi na\u0161oj\u00a0me\u0111usobnoj\u00a0saradnji. Njema\u010dka je prva na listi zemalja u koje izvozimo svoje proizvode u Evropi, a druga kada govorimo u uvozu Turske&#8221;, kazao je Erdogan.<\/p>\n<p>On je istako da je\u00a0jedna od najva\u017enijih ta\u010daka saradnje izme\u0111u ove dvije zemlje Tursko-njema\u010dki univerzitet.<\/p>\n<p>&#8220;Nastavljamo pregovore. U narednom periodu planiramo imenovati rektora univerziteta i ubrzati aktivnosti&#8221;, poru\u010dio je Erdogan.<\/p>\n<p>Erdogan je kazao da \u0107e se Merkel nakon konferecnije za novinare\u00a0sastati sa biznismenima i sa turskim visokim zvani\u010dnicima na ve\u010deri.<\/p>\n<p>(AA)<\/p>\n<\/div>\n","protected":false},"excerpt":{"rendered":"<p>Njema\u010dka, Turska &#8211; Turski premijer na zajedni\u010dkoj konferenciji za novinare sa njema\u010dkom kancelarkom izrazio zadovoljstvo obimom saradnje dviju dr\u017eava Turski premijer\u00a0Recep Tayyip Erdogan i njema\u010dka kancelarka\u00a0Angela Merkel su, nakon sastanka iza zatvorenih vrata u Anakri, odr\u017eali su zajedni\u010dku konferenciju za novinare na kojoj je Erdogan izrazio zadovoljstvo \u0161to je imao priliku ugostiti Merkel u Turskoj. [&hellip;]<\/p>\n","protected":false},"author":16,"featured_media":67814,"comment_status":"open","ping_status":"open","sticky":false,"template":"","format":"standard","meta":{"footnotes":""},"categories":[9538,9,2692],"tags":[],"class_list":{"0":"post-67813","1":"post","2":"type-post","3":"status-publish","4":"format-standard","5":"has-post-thumbnail","7":"category-njemacka-dijaspora-gradovi-vase-vijesti","8":"category-svijet","9":"category-turska-gradovi"},"yoast_head":"<!-- This site is optimized with the Yoast SEO Premium plugin v23.1 (Yoast SEO v24.9) - https:\/\/yoast.com\/wordpress\/plugins\/seo\/ -->\n<title>Erdogan-Merkel: Va\u017ena podr\u0161ka Njema\u010dke na putu Turske ka EU-u<\/title>\n<meta name=\"robots\" content=\"index, follow, max-snippet:-1, max-image-preview:large, max-video-preview:-1\" \/>\n<link rel=\"canonical\" href=\"https:\/\/sandzakpress.net\/arhiva\/erdogan-merkel-vazna-podrska-njemacke-na-putu-turske-ka-eu-u\/\" \/>\n<meta property=\"og:locale\" content=\"bs_BA\" \/>\n<meta property=\"og:type\" content=\"article\" \/>\n<meta property=\"og:title\" content=\"Erdogan-Merkel: Va\u017ena podr\u0161ka Njema\u010dke na putu Turske ka EU-u\" \/>\n<meta property=\"og:description\" content=\"Njema\u010dka, Turska &#8211; Turski premijer na zajedni\u010dkoj konferenciji za novinare sa njema\u010dkom kancelarkom izrazio zadovoljstvo obimom saradnje dviju dr\u017eava Turski premijer\u00a0Recep Tayyip Erdogan i njema\u010dka kancelarka\u00a0Angela Merkel su, nakon sastanka iza zatvorenih vrata u Anakri, odr\u017eali su zajedni\u010dku konferenciju za novinare na kojoj je Erdogan izrazio zadovoljstvo \u0161to je imao priliku ugostiti Merkel u Turskoj. [&hellip;]\" \/>\n<meta property=\"og:url\" content=\"https:\/\/sandzakpress.net\/arhiva\/erdogan-merkel-vazna-podrska-njemacke-na-putu-turske-ka-eu-u\/\" \/>\n<meta property=\"og:site_name\" content=\"Sand\u017eak PRESS\" \/>\n<meta property=\"article:published_time\" content=\"2013-02-26T15:45:31+00:00\" \/>\n<meta property=\"og:image\" content=\"https:\/\/sandzakpress.net\/arhiva\/wp-content\/uploads\/2013\/02\/copyright_aabadoluajansi_2013_20130226154234.jpg\" \/>\n\t<meta property=\"og:image:width\" content=\"609\" \/>\n\t<meta property=\"og:image:height\" content=\"424\" \/>\n\t<meta property=\"og:image:type\" content=\"image\/jpeg\" \/>\n<meta name=\"twitter:card\" content=\"summary_large_image\" \/>\n<meta name=\"twitter:label1\" content=\"Written by\" \/>\n\t<meta name=\"twitter:data1\" content=\"\" \/>\n\t<meta name=\"twitter:label2\" content=\"Est. reading time\" \/>\n\t<meta name=\"twitter:data2\" content=\"1 minuta\" \/>\n<script type=\"application\/ld+json\" class=\"yoast-schema-graph\">{\"@context\":\"https:\/\/schema.org\",\"@graph\":[{\"@type\":\"Article\",\"@id\":\"https:\/\/sandzakpress.net\/arhiva\/erdogan-merkel-vazna-podrska-njemacke-na-putu-turske-ka-eu-u\/#article\",\"isPartOf\":{\"@id\":\"https:\/\/sandzakpress.net\/arhiva\/erdogan-merkel-vazna-podrska-njemacke-na-putu-turske-ka-eu-u\/\"},\"author\":{\"name\":\"\",\"@id\":\"\"},\"headline\":\"Erdogan-Merkel: Va\u017ena podr\u0161ka Njema\u010dke na putu Turske ka EU-u\",\"datePublished\":\"2013-02-26T15:45:31+00:00\",\"mainEntityOfPage\":{\"@id\":\"https:\/\/sandzakpress.net\/arhiva\/erdogan-merkel-vazna-podrska-njemacke-na-putu-turske-ka-eu-u\/\"},\"wordCount\":272,\"commentCount\":0,\"publisher\":{\"@id\":\"https:\/\/sandzakpress.net\/arhiva\/#\/schema\/person\/6e72b67d6e51910a1117b3b483ba20bd\"},\"image\":{\"@id\":\"https:\/\/sandzakpress.net\/arhiva\/erdogan-merkel-vazna-podrska-njemacke-na-putu-turske-ka-eu-u\/#primaryimage\"},\"thumbnailUrl\":\"https:\/\/sandzakpress.net\/arhiva\/wp-content\/uploads\/2013\/02\/copyright_aabadoluajansi_2013_20130226154234.jpg\",\"articleSection\":[\"Njema\u010dka\",\"Svijet\",\"Turska\"],\"inLanguage\":\"bs-BA\",\"potentialAction\":[{\"@type\":\"CommentAction\",\"name\":\"Comment\",\"target\":[\"https:\/\/sandzakpress.net\/arhiva\/erdogan-merkel-vazna-podrska-njemacke-na-putu-turske-ka-eu-u\/#respond\"]}]},{\"@type\":\"WebPage\",\"@id\":\"https:\/\/sandzakpress.net\/arhiva\/erdogan-merkel-vazna-podrska-njemacke-na-putu-turske-ka-eu-u\/\",\"url\":\"https:\/\/sandzakpress.net\/arhiva\/erdogan-merkel-vazna-podrska-njemacke-na-putu-turske-ka-eu-u\/\",\"name\":\"Erdogan-Merkel: Va\u017ena podr\u0161ka Njema\u010dke na putu Turske ka EU-u\",\"isPartOf\":{\"@id\":\"https:\/\/sandzakpress.net\/arhiva\/#website\"},\"primaryImageOfPage\":{\"@id\":\"https:\/\/sandzakpress.net\/arhiva\/erdogan-merkel-vazna-podrska-njemacke-na-putu-turske-ka-eu-u\/#primaryimage\"},\"image\":{\"@id\":\"https:\/\/sandzakpress.net\/arhiva\/erdogan-merkel-vazna-podrska-njemacke-na-putu-turske-ka-eu-u\/#primaryimage\"},\"thumbnailUrl\":\"https:\/\/sandzakpress.net\/arhiva\/wp-content\/uploads\/2013\/02\/copyright_aabadoluajansi_2013_20130226154234.jpg\",\"datePublished\":\"2013-02-26T15:45:31+00:00\",\"breadcrumb\":{\"@id\":\"https:\/\/sandzakpress.net\/arhiva\/erdogan-merkel-vazna-podrska-njemacke-na-putu-turske-ka-eu-u\/#breadcrumb\"},\"inLanguage\":\"bs-BA\",\"potentialAction\":[{\"@type\":\"ReadAction\",\"target\":[\"https:\/\/sandzakpress.net\/arhiva\/erdogan-merkel-vazna-podrska-njemacke-na-putu-turske-ka-eu-u\/\"]}]},{\"@type\":\"ImageObject\",\"inLanguage\":\"bs-BA\",\"@id\":\"https:\/\/sandzakpress.net\/arhiva\/erdogan-merkel-vazna-podrska-njemacke-na-putu-turske-ka-eu-u\/#primaryimage\",\"url\":\"https:\/\/sandzakpress.net\/arhiva\/wp-content\/uploads\/2013\/02\/copyright_aabadoluajansi_2013_20130226154234.jpg\",\"contentUrl\":\"https:\/\/sandzakpress.net\/arhiva\/wp-content\/uploads\/2013\/02\/copyright_aabadoluajansi_2013_20130226154234.jpg\",\"width\":609,\"height\":424},{\"@type\":\"BreadcrumbList\",\"@id\":\"https:\/\/sandzakpress.net\/arhiva\/erdogan-merkel-vazna-podrska-njemacke-na-putu-turske-ka-eu-u\/#breadcrumb\",\"itemListElement\":[{\"@type\":\"ListItem\",\"position\":1,\"name\":\"Home\",\"item\":\"https:\/\/sandzakpress.net\/arhiva\/\"},{\"@type\":\"ListItem\",\"position\":2,\"name\":\"Erdogan-Merkel: Va\u017ena podr\u0161ka Njema\u010dke na putu Turske ka EU-u\"}]},{\"@type\":\"WebSite\",\"@id\":\"https:\/\/sandzakpress.net\/arhiva\/#website\",\"url\":\"https:\/\/sandzakpress.net\/arhiva\/\",\"name\":\"Sand\u017eak PRESS\",\"description\":\"Prve elektronske novine u Sand\u017eaku\",\"publisher\":{\"@id\":\"https:\/\/sandzakpress.net\/arhiva\/#\/schema\/person\/6e72b67d6e51910a1117b3b483ba20bd\"},\"potentialAction\":[{\"@type\":\"SearchAction\",\"target\":{\"@type\":\"EntryPoint\",\"urlTemplate\":\"https:\/\/sandzakpress.net\/arhiva\/?s={search_term_string}\"},\"query-input\":{\"@type\":\"PropertyValueSpecification\",\"valueRequired\":true,\"valueName\":\"search_term_string\"}}],\"inLanguage\":\"bs-BA\"},{\"@type\":[\"Person\",\"Organization\"],\"@id\":\"https:\/\/sandzakpress.net\/arhiva\/#\/schema\/person\/6e72b67d6e51910a1117b3b483ba20bd\",\"name\":\"Kul\",\"image\":{\"@type\":\"ImageObject\",\"inLanguage\":\"bs-BA\",\"@id\":\"https:\/\/sandzakpress.net\/arhiva\/#\/schema\/person\/image\/\",\"url\":\"https:\/\/secure.gravatar.com\/avatar\/42263f39aa27ac04c43cab85c280eb2e?s=96&d=mm&r=pg\",\"contentUrl\":\"https:\/\/secure.gravatar.com\/avatar\/42263f39aa27ac04c43cab85c280eb2e?s=96&d=mm&r=pg\",\"caption\":\"Kul\"},\"logo\":{\"@id\":\"https:\/\/sandzakpress.net\/arhiva\/#\/schema\/person\/image\/\"}},{\"@type\":\"Person\",\"@id\":\"\",\"url\":\"https:\/\/sandzakpress.net\/arhiva\/author\/\"}]}<\/script>\n<!-- \/ Yoast SEO Premium plugin. -->","yoast_head_json":{"title":"Erdogan-Merkel: Va\u017ena podr\u0161ka Njema\u010dke na putu Turske ka EU-u","robots":{"index":"index","follow":"follow","max-snippet":"max-snippet:-1","max-image-preview":"max-image-preview:large","max-video-preview":"max-video-preview:-1"},"canonical":"https:\/\/sandzakpress.net\/arhiva\/erdogan-merkel-vazna-podrska-njemacke-na-putu-turske-ka-eu-u\/","og_locale":"bs_BA","og_type":"article","og_title":"Erdogan-Merkel: Va\u017ena podr\u0161ka Njema\u010dke na putu Turske ka EU-u","og_description":"Njema\u010dka, Turska &#8211; Turski premijer na zajedni\u010dkoj konferenciji za novinare sa njema\u010dkom kancelarkom izrazio zadovoljstvo obimom saradnje dviju dr\u017eava Turski premijer\u00a0Recep Tayyip Erdogan i njema\u010dka kancelarka\u00a0Angela Merkel su, nakon sastanka iza zatvorenih vrata u Anakri, odr\u017eali su zajedni\u010dku konferenciju za novinare na kojoj je Erdogan izrazio zadovoljstvo \u0161to je imao priliku ugostiti Merkel u Turskoj. [&hellip;]","og_url":"https:\/\/sandzakpress.net\/arhiva\/erdogan-merkel-vazna-podrska-njemacke-na-putu-turske-ka-eu-u\/","og_site_name":"Sand\u017eak PRESS","article_published_time":"2013-02-26T15:45:31+00:00","og_image":[{"width":609,"height":424,"url":"https:\/\/sandzakpress.net\/arhiva\/wp-content\/uploads\/2013\/02\/copyright_aabadoluajansi_2013_20130226154234.jpg","type":"image\/jpeg"}],"twitter_card":"summary_large_image","twitter_misc":{"Written by":"","Est. reading time":"1 minuta"},"schema":{"@context":"https:\/\/schema.org","@graph":[{"@type":"Article","@id":"https:\/\/sandzakpress.net\/arhiva\/erdogan-merkel-vazna-podrska-njemacke-na-putu-turske-ka-eu-u\/#article","isPartOf":{"@id":"https:\/\/sandzakpress.net\/arhiva\/erdogan-merkel-vazna-podrska-njemacke-na-putu-turske-ka-eu-u\/"},"author":{"name":"","@id":""},"headline":"Erdogan-Merkel: Va\u017ena podr\u0161ka Njema\u010dke na putu Turske ka EU-u","datePublished":"2013-02-26T15:45:31+00:00","mainEntityOfPage":{"@id":"https:\/\/sandzakpress.net\/arhiva\/erdogan-merkel-vazna-podrska-njemacke-na-putu-turske-ka-eu-u\/"},"wordCount":272,"commentCount":0,"publisher":{"@id":"https:\/\/sandzakpress.net\/arhiva\/#\/schema\/person\/6e72b67d6e51910a1117b3b483ba20bd"},"image":{"@id":"https:\/\/sandzakpress.net\/arhiva\/erdogan-merkel-vazna-podrska-njemacke-na-putu-turske-ka-eu-u\/#primaryimage"},"thumbnailUrl":"https:\/\/sandzakpress.net\/arhiva\/wp-content\/uploads\/2013\/02\/copyright_aabadoluajansi_2013_20130226154234.jpg","articleSection":["Njema\u010dka","Svijet","Turska"],"inLanguage":"bs-BA","potentialAction":[{"@type":"CommentAction","name":"Comment","target":["https:\/\/sandzakpress.net\/arhiva\/erdogan-merkel-vazna-podrska-njemacke-na-putu-turske-ka-eu-u\/#respond"]}]},{"@type":"WebPage","@id":"https:\/\/sandzakpress.net\/arhiva\/erdogan-merkel-vazna-podrska-njemacke-na-putu-turske-ka-eu-u\/","url":"https:\/\/sandzakpress.net\/arhiva\/erdogan-merkel-vazna-podrska-njemacke-na-putu-turske-ka-eu-u\/","name":"Erdogan-Merkel: Va\u017ena podr\u0161ka Njema\u010dke na putu Turske ka EU-u","isPartOf":{"@id":"https:\/\/sandzakpress.net\/arhiva\/#website"},"primaryImageOfPage":{"@id":"https:\/\/sandzakpress.net\/arhiva\/erdogan-merkel-vazna-podrska-njemacke-na-putu-turske-ka-eu-u\/#primaryimage"},"image":{"@id":"https:\/\/sandzakpress.net\/arhiva\/erdogan-merkel-vazna-podrska-njemacke-na-putu-turske-ka-eu-u\/#primaryimage"},"thumbnailUrl":"https:\/\/sandzakpress.net\/arhiva\/wp-content\/uploads\/2013\/02\/copyright_aabadoluajansi_2013_20130226154234.jpg","datePublished":"2013-02-26T15:45:31+00:00","breadcrumb":{"@id":"https:\/\/sandzakpress.net\/arhiva\/erdogan-merkel-vazna-podrska-njemacke-na-putu-turske-ka-eu-u\/#breadcrumb"},"inLanguage":"bs-BA","potentialAction":[{"@type":"ReadAction","target":["https:\/\/sandzakpress.net\/arhiva\/erdogan-merkel-vazna-podrska-njemacke-na-putu-turske-ka-eu-u\/"]}]},{"@type":"ImageObject","inLanguage":"bs-BA","@id":"https:\/\/sandzakpress.net\/arhiva\/erdogan-merkel-vazna-podrska-njemacke-na-putu-turske-ka-eu-u\/#primaryimage","url":"https:\/\/sandzakpress.net\/arhiva\/wp-content\/uploads\/2013\/02\/copyright_aabadoluajansi_2013_20130226154234.jpg","contentUrl":"https:\/\/sandzakpress.net\/arhiva\/wp-content\/uploads\/2013\/02\/copyright_aabadoluajansi_2013_20130226154234.jpg","width":609,"height":424},{"@type":"BreadcrumbList","@id":"https:\/\/sandzakpress.net\/arhiva\/erdogan-merkel-vazna-podrska-njemacke-na-putu-turske-ka-eu-u\/#breadcrumb","itemListElement":[{"@type":"ListItem","position":1,"name":"Home","item":"https:\/\/sandzakpress.net\/arhiva\/"},{"@type":"ListItem","position":2,"name":"Erdogan-Merkel: Va\u017ena podr\u0161ka Njema\u010dke na putu Turske ka EU-u"}]},{"@type":"WebSite","@id":"https:\/\/sandzakpress.net\/arhiva\/#website","url":"https:\/\/sandzakpress.net\/arhiva\/","name":"Sand\u017eak PRESS","description":"Prve elektronske novine u Sand\u017eaku","publisher":{"@id":"https:\/\/sandzakpress.net\/arhiva\/#\/schema\/person\/6e72b67d6e51910a1117b3b483ba20bd"},"potentialAction":[{"@type":"SearchAction","target":{"@type":"EntryPoint","urlTemplate":"https:\/\/sandzakpress.net\/arhiva\/?s={search_term_string}"},"query-input":{"@type":"PropertyValueSpecification","valueRequired":true,"valueName":"search_term_string"}}],"inLanguage":"bs-BA"},{"@type":["Person","Organization"],"@id":"https:\/\/sandzakpress.net\/arhiva\/#\/schema\/person\/6e72b67d6e51910a1117b3b483ba20bd","name":"Kul","image":{"@type":"ImageObject","inLanguage":"bs-BA","@id":"https:\/\/sandzakpress.net\/arhiva\/#\/schema\/person\/image\/","url":"https:\/\/secure.gravatar.com\/avatar\/42263f39aa27ac04c43cab85c280eb2e?s=96&d=mm&r=pg","contentUrl":"https:\/\/secure.gravatar.com\/avatar\/42263f39aa27ac04c43cab85c280eb2e?s=96&d=mm&r=pg","caption":"Kul"},"logo":{"@id":"https:\/\/sandzakpress.net\/arhiva\/#\/schema\/person\/image\/"}},{"@type":"Person","@id":"","url":"https:\/\/sandzakpress.net\/arhiva\/author\/"}]}},"_links":{"self":[{"href":"https:\/\/sandzakpress.net\/arhiva\/wp-json\/wp\/v2\/posts\/67813"}],"collection":[{"href":"https:\/\/sandzakpress.net\/arhiva\/wp-json\/wp\/v2\/posts"}],"about":[{"href":"https:\/\/sandzakpress.net\/arhiva\/wp-json\/wp\/v2\/types\/post"}],"author":[{"embeddable":true,"href":"https:\/\/sandzakpress.net\/arhiva\/wp-json\/wp\/v2\/users\/16"}],"replies":[{"embeddable":true,"href":"https:\/\/sandzakpress.net\/arhiva\/wp-json\/wp\/v2\/comments?post=67813"}],"version-history":[{"count":0,"href":"https:\/\/sandzakpress.net\/arhiva\/wp-json\/wp\/v2\/posts\/67813\/revisions"}],"wp:featuredmedia":[{"embeddable":true,"href":"https:\/\/sandzakpress.net\/arhiva\/wp-json\/wp\/v2\/media\/67814"}],"wp:attachment":[{"href":"https:\/\/sandzakpress.net\/arhiva\/wp-json\/wp\/v2\/media?parent=67813"}],"wp:term":[{"taxonomy":"category","embeddable":true,"href":"https:\/\/sandzakpress.net\/arhiva\/wp-json\/wp\/v2\/categories?post=67813"},{"taxonomy":"post_tag","embeddable":true,"href":"https:\/\/sandzakpress.net\/arhiva\/wp-json\/wp\/v2\/tags?post=67813"}],"curies":[{"name":"wp","href":"https:\/\/api.w.org\/{rel}","templated":true}]}}