{"id":67684,"date":"2013-02-26T15:49:30","date_gmt":"2013-02-26T14:49:30","guid":{"rendered":"https:\/\/sandzakpress.net\/arhiva\/?p=67684"},"modified":"2013-02-26T15:49:30","modified_gmt":"2013-02-26T14:49:30","slug":"sef-kluba-poslanika-bosnjacke-stranke-almer-kalac-na-seminaru-evropskog-parlamenta-u-briselu","status":"publish","type":"post","link":"https:\/\/sandzakpress.net\/arhiva\/sef-kluba-poslanika-bosnjacke-stranke-almer-kalac-na-seminaru-evropskog-parlamenta-u-briselu\/","title":{"rendered":"\u0160ef kluba poslanika Bo\u0161nja\u010dke stranke Almer Kala\u010d na seminaru Evropskog parlamenta u Briselu"},"content":{"rendered":"<p><strong><a href=\"https:\/\/sandzakpress.net\/arhiva\/wp-content\/uploads\/2013\/02\/almer-kalac.jpg\"><img loading=\"lazy\" decoding=\"async\" class=\"alignleft size-medium wp-image-67689\" title=\"almer-kalac\" src=\"https:\/\/sandzakpress.net\/arhiva\/wp-content\/uploads\/2013\/02\/almer-kalac-300x225.jpg\" alt=\"\" width=\"300\" height=\"225\" \/><\/a>Ro\u017eaje &#8211; \u010clanovi Odbora za ekonomiju, finansije i bud\u017eet prisustvovali su parlamentarnom seminaru koji se odr\u017eao 21. februara 2013. godine u Briselu, u organizaciji Evropskog parlamenta, na temu: ,,Energetska politika EU i njen uticaj na zemlje u procesu pridru\u017eivanja\u2033.<\/strong><\/p>\n<p>\u0160ef kluba poslanika Bo\u0161nja\u010dke stranke,\u00a0<strong>Almer Kala\u010d<\/strong>, bio je \u010dlan Delegacije Odbora za ekonomiju, finansije i bud\u017eet Skup\u0161tine Crne Gore, a pored njega u Delegaciji su bili i poslanici:\u00a0<strong>Filip Vukovi\u0107, Strahinja Bulaji\u0107 <\/strong>i<strong> Fatmir Gjeka<\/strong>.<\/p>\n<p>Na seminaru je analizirana strategija Energetske zajednice i predstavljeni izazovi i mjere sa kojima \u0107e se zemlje kandidati i zemlje u procesu pridru\u017eivanja nositi kako bi na adekvatan na\u010din izvr\u0161ili reformu energetskog sektora.<\/p>\n<p>Tokom seminara bilo je rije\u010di o modelu koji bi omogu\u0107io integraciju energetskog tr\u017ei\u0161ta, stvaranju stabilnog energetskog okru\u017eenja, ali i o nedostacima zemalja Jugoisto\u010dne Evrope, a koji se odnose na veli\u010dinu energetskog tr\u017ei\u0161ta, zastarjelost infrastrukture kao i nedovoljnu iskori\u0161\u0107enost obnovljivih izvora energije.<\/p>\n<p>Tako\u0111e, predstavnici parlamentarnih delegacija zemalja Jugoisto\u010dne Evrope predstavili su energetske infrastrukturne prioritete zemalja iz kojih dolaze, nakon \u010dega su predstavljeni i energetski infrastrukturni prioriteti Evropske unije do 2020. godine.<\/p>\n<p>Seminaru, pored parlamentarne delegacije Crne Gore i predstavnika Evropskog parlamenta,\u00a0 prisustvovale su i delegacije Albanije, Bosne i Hercegovine, Srbije, Kosova i Turske.<\/p>\n<p>(BSCG)<\/p>\n","protected":false},"excerpt":{"rendered":"<p>Ro\u017eaje &#8211; \u010clanovi Odbora za ekonomiju, finansije i bud\u017eet prisustvovali su parlamentarnom seminaru koji se odr\u017eao 21. februara 2013. godine u Briselu, u organizaciji Evropskog parlamenta, na temu: ,,Energetska politika EU i njen uticaj na zemlje u procesu pridru\u017eivanja\u2033. \u0160ef kluba poslanika Bo\u0161nja\u010dke stranke,\u00a0Almer Kala\u010d, bio je \u010dlan Delegacije Odbora za ekonomiju, finansije i bud\u017eet [&hellip;]<\/p>\n","protected":false},"author":16,"featured_media":67689,"comment_status":"open","ping_status":"open","sticky":false,"template":"","format":"standard","meta":{"footnotes":""},"categories":[398,1],"tags":[],"class_list":{"0":"post-67684","1":"post","2":"type-post","3":"status-publish","4":"format-standard","5":"has-post-thumbnail","7":"category-rozaje","8":"category-politika"},"yoast_head":"<!-- This site is optimized with the Yoast SEO Premium plugin v23.1 (Yoast SEO v24.9) - https:\/\/yoast.com\/wordpress\/plugins\/seo\/ -->\n<title>\u0160ef kluba poslanika Bo\u0161nja\u010dke stranke Almer Kala\u010d na seminaru Evropskog parlamenta u Briselu<\/title>\n<meta name=\"robots\" content=\"index, follow, max-snippet:-1, max-image-preview:large, max-video-preview:-1\" \/>\n<link rel=\"canonical\" href=\"https:\/\/sandzakpress.net\/arhiva\/sef-kluba-poslanika-bosnjacke-stranke-almer-kalac-na-seminaru-evropskog-parlamenta-u-briselu\/\" \/>\n<meta property=\"og:locale\" content=\"bs_BA\" \/>\n<meta property=\"og:type\" content=\"article\" \/>\n<meta property=\"og:title\" content=\"\u0160ef kluba poslanika Bo\u0161nja\u010dke stranke Almer Kala\u010d na seminaru Evropskog parlamenta u Briselu\" \/>\n<meta property=\"og:description\" content=\"Ro\u017eaje &#8211; \u010clanovi Odbora za ekonomiju, finansije i bud\u017eet prisustvovali su parlamentarnom seminaru koji se odr\u017eao 21. februara 2013. godine u Briselu, u organizaciji Evropskog parlamenta, na temu: ,,Energetska politika EU i njen uticaj na zemlje u procesu pridru\u017eivanja\u2033. \u0160ef kluba poslanika Bo\u0161nja\u010dke stranke,\u00a0Almer Kala\u010d, bio je \u010dlan Delegacije Odbora za ekonomiju, finansije i bud\u017eet [&hellip;]\" \/>\n<meta property=\"og:url\" content=\"https:\/\/sandzakpress.net\/arhiva\/sef-kluba-poslanika-bosnjacke-stranke-almer-kalac-na-seminaru-evropskog-parlamenta-u-briselu\/\" \/>\n<meta property=\"og:site_name\" content=\"Sand\u017eak PRESS\" \/>\n<meta property=\"article:published_time\" content=\"2013-02-26T14:49:30+00:00\" \/>\n<meta property=\"og:image\" content=\"https:\/\/sandzakpress.net\/arhiva\/wp-content\/uploads\/2013\/02\/almer-kalac.jpg\" \/>\n\t<meta property=\"og:image:width\" content=\"616\" \/>\n\t<meta property=\"og:image:height\" content=\"462\" \/>\n\t<meta property=\"og:image:type\" content=\"image\/jpeg\" \/>\n<meta name=\"twitter:card\" content=\"summary_large_image\" \/>\n<meta name=\"twitter:label1\" content=\"Written by\" \/>\n\t<meta name=\"twitter:data1\" content=\"\" \/>\n\t<meta name=\"twitter:label2\" content=\"Est. reading time\" \/>\n\t<meta name=\"twitter:data2\" content=\"1 minuta\" \/>\n<script type=\"application\/ld+json\" class=\"yoast-schema-graph\">{\"@context\":\"https:\/\/schema.org\",\"@graph\":[{\"@type\":\"Article\",\"@id\":\"https:\/\/sandzakpress.net\/arhiva\/sef-kluba-poslanika-bosnjacke-stranke-almer-kalac-na-seminaru-evropskog-parlamenta-u-briselu\/#article\",\"isPartOf\":{\"@id\":\"https:\/\/sandzakpress.net\/arhiva\/sef-kluba-poslanika-bosnjacke-stranke-almer-kalac-na-seminaru-evropskog-parlamenta-u-briselu\/\"},\"author\":{\"name\":\"\",\"@id\":\"\"},\"headline\":\"\u0160ef kluba poslanika Bo\u0161nja\u010dke stranke Almer Kala\u010d na seminaru Evropskog parlamenta u Briselu\",\"datePublished\":\"2013-02-26T14:49:30+00:00\",\"mainEntityOfPage\":{\"@id\":\"https:\/\/sandzakpress.net\/arhiva\/sef-kluba-poslanika-bosnjacke-stranke-almer-kalac-na-seminaru-evropskog-parlamenta-u-briselu\/\"},\"wordCount\":236,\"commentCount\":0,\"publisher\":{\"@id\":\"https:\/\/sandzakpress.net\/arhiva\/#\/schema\/person\/6e72b67d6e51910a1117b3b483ba20bd\"},\"image\":{\"@id\":\"https:\/\/sandzakpress.net\/arhiva\/sef-kluba-poslanika-bosnjacke-stranke-almer-kalac-na-seminaru-evropskog-parlamenta-u-briselu\/#primaryimage\"},\"thumbnailUrl\":\"https:\/\/sandzakpress.net\/arhiva\/wp-content\/uploads\/2013\/02\/almer-kalac.jpg\",\"articleSection\":[\"Ro\u017eaje\",\"Politika\"],\"inLanguage\":\"bs-BA\",\"potentialAction\":[{\"@type\":\"CommentAction\",\"name\":\"Comment\",\"target\":[\"https:\/\/sandzakpress.net\/arhiva\/sef-kluba-poslanika-bosnjacke-stranke-almer-kalac-na-seminaru-evropskog-parlamenta-u-briselu\/#respond\"]}]},{\"@type\":\"WebPage\",\"@id\":\"https:\/\/sandzakpress.net\/arhiva\/sef-kluba-poslanika-bosnjacke-stranke-almer-kalac-na-seminaru-evropskog-parlamenta-u-briselu\/\",\"url\":\"https:\/\/sandzakpress.net\/arhiva\/sef-kluba-poslanika-bosnjacke-stranke-almer-kalac-na-seminaru-evropskog-parlamenta-u-briselu\/\",\"name\":\"\u0160ef kluba poslanika Bo\u0161nja\u010dke stranke Almer Kala\u010d na seminaru Evropskog parlamenta u Briselu\",\"isPartOf\":{\"@id\":\"https:\/\/sandzakpress.net\/arhiva\/#website\"},\"primaryImageOfPage\":{\"@id\":\"https:\/\/sandzakpress.net\/arhiva\/sef-kluba-poslanika-bosnjacke-stranke-almer-kalac-na-seminaru-evropskog-parlamenta-u-briselu\/#primaryimage\"},\"image\":{\"@id\":\"https:\/\/sandzakpress.net\/arhiva\/sef-kluba-poslanika-bosnjacke-stranke-almer-kalac-na-seminaru-evropskog-parlamenta-u-briselu\/#primaryimage\"},\"thumbnailUrl\":\"https:\/\/sandzakpress.net\/arhiva\/wp-content\/uploads\/2013\/02\/almer-kalac.jpg\",\"datePublished\":\"2013-02-26T14:49:30+00:00\",\"breadcrumb\":{\"@id\":\"https:\/\/sandzakpress.net\/arhiva\/sef-kluba-poslanika-bosnjacke-stranke-almer-kalac-na-seminaru-evropskog-parlamenta-u-briselu\/#breadcrumb\"},\"inLanguage\":\"bs-BA\",\"potentialAction\":[{\"@type\":\"ReadAction\",\"target\":[\"https:\/\/sandzakpress.net\/arhiva\/sef-kluba-poslanika-bosnjacke-stranke-almer-kalac-na-seminaru-evropskog-parlamenta-u-briselu\/\"]}]},{\"@type\":\"ImageObject\",\"inLanguage\":\"bs-BA\",\"@id\":\"https:\/\/sandzakpress.net\/arhiva\/sef-kluba-poslanika-bosnjacke-stranke-almer-kalac-na-seminaru-evropskog-parlamenta-u-briselu\/#primaryimage\",\"url\":\"https:\/\/sandzakpress.net\/arhiva\/wp-content\/uploads\/2013\/02\/almer-kalac.jpg\",\"contentUrl\":\"https:\/\/sandzakpress.net\/arhiva\/wp-content\/uploads\/2013\/02\/almer-kalac.jpg\",\"width\":616,\"height\":462},{\"@type\":\"BreadcrumbList\",\"@id\":\"https:\/\/sandzakpress.net\/arhiva\/sef-kluba-poslanika-bosnjacke-stranke-almer-kalac-na-seminaru-evropskog-parlamenta-u-briselu\/#breadcrumb\",\"itemListElement\":[{\"@type\":\"ListItem\",\"position\":1,\"name\":\"Home\",\"item\":\"https:\/\/sandzakpress.net\/arhiva\/\"},{\"@type\":\"ListItem\",\"position\":2,\"name\":\"\u0160ef kluba poslanika Bo\u0161nja\u010dke stranke Almer Kala\u010d na seminaru Evropskog parlamenta u Briselu\"}]},{\"@type\":\"WebSite\",\"@id\":\"https:\/\/sandzakpress.net\/arhiva\/#website\",\"url\":\"https:\/\/sandzakpress.net\/arhiva\/\",\"name\":\"Sand\u017eak PRESS\",\"description\":\"Prve elektronske novine u Sand\u017eaku\",\"publisher\":{\"@id\":\"https:\/\/sandzakpress.net\/arhiva\/#\/schema\/person\/6e72b67d6e51910a1117b3b483ba20bd\"},\"potentialAction\":[{\"@type\":\"SearchAction\",\"target\":{\"@type\":\"EntryPoint\",\"urlTemplate\":\"https:\/\/sandzakpress.net\/arhiva\/?s={search_term_string}\"},\"query-input\":{\"@type\":\"PropertyValueSpecification\",\"valueRequired\":true,\"valueName\":\"search_term_string\"}}],\"inLanguage\":\"bs-BA\"},{\"@type\":[\"Person\",\"Organization\"],\"@id\":\"https:\/\/sandzakpress.net\/arhiva\/#\/schema\/person\/6e72b67d6e51910a1117b3b483ba20bd\",\"name\":\"Kul\",\"image\":{\"@type\":\"ImageObject\",\"inLanguage\":\"bs-BA\",\"@id\":\"https:\/\/sandzakpress.net\/arhiva\/#\/schema\/person\/image\/\",\"url\":\"https:\/\/secure.gravatar.com\/avatar\/42263f39aa27ac04c43cab85c280eb2e?s=96&d=mm&r=pg\",\"contentUrl\":\"https:\/\/secure.gravatar.com\/avatar\/42263f39aa27ac04c43cab85c280eb2e?s=96&d=mm&r=pg\",\"caption\":\"Kul\"},\"logo\":{\"@id\":\"https:\/\/sandzakpress.net\/arhiva\/#\/schema\/person\/image\/\"}},{\"@type\":\"Person\",\"@id\":\"\",\"url\":\"https:\/\/sandzakpress.net\/arhiva\/author\/\"}]}<\/script>\n<!-- \/ Yoast SEO Premium plugin. -->","yoast_head_json":{"title":"\u0160ef kluba poslanika Bo\u0161nja\u010dke stranke Almer Kala\u010d na seminaru Evropskog parlamenta u Briselu","robots":{"index":"index","follow":"follow","max-snippet":"max-snippet:-1","max-image-preview":"max-image-preview:large","max-video-preview":"max-video-preview:-1"},"canonical":"https:\/\/sandzakpress.net\/arhiva\/sef-kluba-poslanika-bosnjacke-stranke-almer-kalac-na-seminaru-evropskog-parlamenta-u-briselu\/","og_locale":"bs_BA","og_type":"article","og_title":"\u0160ef kluba poslanika Bo\u0161nja\u010dke stranke Almer Kala\u010d na seminaru Evropskog parlamenta u Briselu","og_description":"Ro\u017eaje &#8211; \u010clanovi Odbora za ekonomiju, finansije i bud\u017eet prisustvovali su parlamentarnom seminaru koji se odr\u017eao 21. februara 2013. godine u Briselu, u organizaciji Evropskog parlamenta, na temu: ,,Energetska politika EU i njen uticaj na zemlje u procesu pridru\u017eivanja\u2033. \u0160ef kluba poslanika Bo\u0161nja\u010dke stranke,\u00a0Almer Kala\u010d, bio je \u010dlan Delegacije Odbora za ekonomiju, finansije i bud\u017eet [&hellip;]","og_url":"https:\/\/sandzakpress.net\/arhiva\/sef-kluba-poslanika-bosnjacke-stranke-almer-kalac-na-seminaru-evropskog-parlamenta-u-briselu\/","og_site_name":"Sand\u017eak PRESS","article_published_time":"2013-02-26T14:49:30+00:00","og_image":[{"width":616,"height":462,"url":"https:\/\/sandzakpress.net\/arhiva\/wp-content\/uploads\/2013\/02\/almer-kalac.jpg","type":"image\/jpeg"}],"twitter_card":"summary_large_image","twitter_misc":{"Written by":"","Est. reading time":"1 minuta"},"schema":{"@context":"https:\/\/schema.org","@graph":[{"@type":"Article","@id":"https:\/\/sandzakpress.net\/arhiva\/sef-kluba-poslanika-bosnjacke-stranke-almer-kalac-na-seminaru-evropskog-parlamenta-u-briselu\/#article","isPartOf":{"@id":"https:\/\/sandzakpress.net\/arhiva\/sef-kluba-poslanika-bosnjacke-stranke-almer-kalac-na-seminaru-evropskog-parlamenta-u-briselu\/"},"author":{"name":"","@id":""},"headline":"\u0160ef kluba poslanika Bo\u0161nja\u010dke stranke Almer Kala\u010d na seminaru Evropskog parlamenta u Briselu","datePublished":"2013-02-26T14:49:30+00:00","mainEntityOfPage":{"@id":"https:\/\/sandzakpress.net\/arhiva\/sef-kluba-poslanika-bosnjacke-stranke-almer-kalac-na-seminaru-evropskog-parlamenta-u-briselu\/"},"wordCount":236,"commentCount":0,"publisher":{"@id":"https:\/\/sandzakpress.net\/arhiva\/#\/schema\/person\/6e72b67d6e51910a1117b3b483ba20bd"},"image":{"@id":"https:\/\/sandzakpress.net\/arhiva\/sef-kluba-poslanika-bosnjacke-stranke-almer-kalac-na-seminaru-evropskog-parlamenta-u-briselu\/#primaryimage"},"thumbnailUrl":"https:\/\/sandzakpress.net\/arhiva\/wp-content\/uploads\/2013\/02\/almer-kalac.jpg","articleSection":["Ro\u017eaje","Politika"],"inLanguage":"bs-BA","potentialAction":[{"@type":"CommentAction","name":"Comment","target":["https:\/\/sandzakpress.net\/arhiva\/sef-kluba-poslanika-bosnjacke-stranke-almer-kalac-na-seminaru-evropskog-parlamenta-u-briselu\/#respond"]}]},{"@type":"WebPage","@id":"https:\/\/sandzakpress.net\/arhiva\/sef-kluba-poslanika-bosnjacke-stranke-almer-kalac-na-seminaru-evropskog-parlamenta-u-briselu\/","url":"https:\/\/sandzakpress.net\/arhiva\/sef-kluba-poslanika-bosnjacke-stranke-almer-kalac-na-seminaru-evropskog-parlamenta-u-briselu\/","name":"\u0160ef kluba poslanika Bo\u0161nja\u010dke stranke Almer Kala\u010d na seminaru Evropskog parlamenta u Briselu","isPartOf":{"@id":"https:\/\/sandzakpress.net\/arhiva\/#website"},"primaryImageOfPage":{"@id":"https:\/\/sandzakpress.net\/arhiva\/sef-kluba-poslanika-bosnjacke-stranke-almer-kalac-na-seminaru-evropskog-parlamenta-u-briselu\/#primaryimage"},"image":{"@id":"https:\/\/sandzakpress.net\/arhiva\/sef-kluba-poslanika-bosnjacke-stranke-almer-kalac-na-seminaru-evropskog-parlamenta-u-briselu\/#primaryimage"},"thumbnailUrl":"https:\/\/sandzakpress.net\/arhiva\/wp-content\/uploads\/2013\/02\/almer-kalac.jpg","datePublished":"2013-02-26T14:49:30+00:00","breadcrumb":{"@id":"https:\/\/sandzakpress.net\/arhiva\/sef-kluba-poslanika-bosnjacke-stranke-almer-kalac-na-seminaru-evropskog-parlamenta-u-briselu\/#breadcrumb"},"inLanguage":"bs-BA","potentialAction":[{"@type":"ReadAction","target":["https:\/\/sandzakpress.net\/arhiva\/sef-kluba-poslanika-bosnjacke-stranke-almer-kalac-na-seminaru-evropskog-parlamenta-u-briselu\/"]}]},{"@type":"ImageObject","inLanguage":"bs-BA","@id":"https:\/\/sandzakpress.net\/arhiva\/sef-kluba-poslanika-bosnjacke-stranke-almer-kalac-na-seminaru-evropskog-parlamenta-u-briselu\/#primaryimage","url":"https:\/\/sandzakpress.net\/arhiva\/wp-content\/uploads\/2013\/02\/almer-kalac.jpg","contentUrl":"https:\/\/sandzakpress.net\/arhiva\/wp-content\/uploads\/2013\/02\/almer-kalac.jpg","width":616,"height":462},{"@type":"BreadcrumbList","@id":"https:\/\/sandzakpress.net\/arhiva\/sef-kluba-poslanika-bosnjacke-stranke-almer-kalac-na-seminaru-evropskog-parlamenta-u-briselu\/#breadcrumb","itemListElement":[{"@type":"ListItem","position":1,"name":"Home","item":"https:\/\/sandzakpress.net\/arhiva\/"},{"@type":"ListItem","position":2,"name":"\u0160ef kluba poslanika Bo\u0161nja\u010dke stranke Almer Kala\u010d na seminaru Evropskog parlamenta u Briselu"}]},{"@type":"WebSite","@id":"https:\/\/sandzakpress.net\/arhiva\/#website","url":"https:\/\/sandzakpress.net\/arhiva\/","name":"Sand\u017eak PRESS","description":"Prve elektronske novine u Sand\u017eaku","publisher":{"@id":"https:\/\/sandzakpress.net\/arhiva\/#\/schema\/person\/6e72b67d6e51910a1117b3b483ba20bd"},"potentialAction":[{"@type":"SearchAction","target":{"@type":"EntryPoint","urlTemplate":"https:\/\/sandzakpress.net\/arhiva\/?s={search_term_string}"},"query-input":{"@type":"PropertyValueSpecification","valueRequired":true,"valueName":"search_term_string"}}],"inLanguage":"bs-BA"},{"@type":["Person","Organization"],"@id":"https:\/\/sandzakpress.net\/arhiva\/#\/schema\/person\/6e72b67d6e51910a1117b3b483ba20bd","name":"Kul","image":{"@type":"ImageObject","inLanguage":"bs-BA","@id":"https:\/\/sandzakpress.net\/arhiva\/#\/schema\/person\/image\/","url":"https:\/\/secure.gravatar.com\/avatar\/42263f39aa27ac04c43cab85c280eb2e?s=96&d=mm&r=pg","contentUrl":"https:\/\/secure.gravatar.com\/avatar\/42263f39aa27ac04c43cab85c280eb2e?s=96&d=mm&r=pg","caption":"Kul"},"logo":{"@id":"https:\/\/sandzakpress.net\/arhiva\/#\/schema\/person\/image\/"}},{"@type":"Person","@id":"","url":"https:\/\/sandzakpress.net\/arhiva\/author\/"}]}},"_links":{"self":[{"href":"https:\/\/sandzakpress.net\/arhiva\/wp-json\/wp\/v2\/posts\/67684"}],"collection":[{"href":"https:\/\/sandzakpress.net\/arhiva\/wp-json\/wp\/v2\/posts"}],"about":[{"href":"https:\/\/sandzakpress.net\/arhiva\/wp-json\/wp\/v2\/types\/post"}],"author":[{"embeddable":true,"href":"https:\/\/sandzakpress.net\/arhiva\/wp-json\/wp\/v2\/users\/16"}],"replies":[{"embeddable":true,"href":"https:\/\/sandzakpress.net\/arhiva\/wp-json\/wp\/v2\/comments?post=67684"}],"version-history":[{"count":0,"href":"https:\/\/sandzakpress.net\/arhiva\/wp-json\/wp\/v2\/posts\/67684\/revisions"}],"wp:featuredmedia":[{"embeddable":true,"href":"https:\/\/sandzakpress.net\/arhiva\/wp-json\/wp\/v2\/media\/67689"}],"wp:attachment":[{"href":"https:\/\/sandzakpress.net\/arhiva\/wp-json\/wp\/v2\/media?parent=67684"}],"wp:term":[{"taxonomy":"category","embeddable":true,"href":"https:\/\/sandzakpress.net\/arhiva\/wp-json\/wp\/v2\/categories?post=67684"},{"taxonomy":"post_tag","embeddable":true,"href":"https:\/\/sandzakpress.net\/arhiva\/wp-json\/wp\/v2\/tags?post=67684"}],"curies":[{"name":"wp","href":"https:\/\/api.w.org\/{rel}","templated":true}]}}