{"id":67619,"date":"2013-02-25T15:35:24","date_gmt":"2013-02-25T14:35:24","guid":{"rendered":"https:\/\/sandzakpress.net\/arhiva\/?p=67619"},"modified":"2013-02-26T15:36:36","modified_gmt":"2013-02-26T14:36:36","slug":"turski-hijanet","status":"publish","type":"post","link":"https:\/\/sandzakpress.net\/arhiva\/turski-hijanet\/","title":{"rendered":"TURSKI HIJANET"},"content":{"rendered":"<p><span style=\"font-size: 13px;\"><a href=\"https:\/\/sandzakpress.net\/arhiva\/wp-content\/uploads\/2013\/02\/jahja-fehratovic-intervju1.jpg\"><img loading=\"lazy\" decoding=\"async\" class=\"alignleft size-thumbnail wp-image-67620\" title=\"Sandzak 164.indd\" src=\"https:\/\/sandzakpress.net\/arhiva\/wp-content\/uploads\/2013\/02\/jahja-fehratovic-intervju1-150x150.jpg\" alt=\"\" width=\"150\" height=\"150\" srcset=\"https:\/\/sandzakpress.net\/arhiva\/wp-content\/uploads\/2013\/02\/jahja-fehratovic-intervju1-150x150.jpg 150w, https:\/\/sandzakpress.net\/arhiva\/wp-content\/uploads\/2013\/02\/jahja-fehratovic-intervju1-90x90.jpg 90w, https:\/\/sandzakpress.net\/arhiva\/wp-content\/uploads\/2013\/02\/jahja-fehratovic-intervju1-380x380.jpg 380w, https:\/\/sandzakpress.net\/arhiva\/wp-content\/uploads\/2013\/02\/jahja-fehratovic-intervju1-125x125.jpg 125w\" sizes=\"(max-width: 150px) 100vw, 150px\" \/><\/a>Od vremena Osmanlija na ovamo jo\u0161 nikad Bo\u0161njaci u ovolikoj mjeri nisu imali odbojnije stavove prema turskim vlastima. Pet stotina godina zajedni\u010dkog \u017eivljenja, preklapanja historije, kulture, tradicije i vjerskih osje\u0107anja \u010dinili su koheziju i, bez obzira na otvorene zulume pojedinih namjesnika, koje su radili bez znanja i iza le\u0111a sultana, zbli\u017eile su ova dva bratska naroda do te mjere da su Bo\u0161njake susjedi \u010desto u oslovljavanju mije\u0161ali sa Turcima. A oni su svojski shvatili bratske veze ne \u017eale\u0107i ni \u017eivota za odbranu turskog naroda i dr\u017eave. Od Be\u010da, Budima, Moha\u010da preko svih balkanskih gudura do \u010canakalla ostavljali su svoje kosti i, uz ljiljane, ponosno uzdizali bajrak Osman Gazi-pa\u0161e. Osim, miliona \u0161ehidske krvi, dali su Bo\u0161njaci Osmanlijama i vi\u0161e hiljada umnih glava, dr\u017eavnika, alima, mislilaca, u\u010denjaka, umjetnika i stru\u010dnjaka svih fela bez kojih bi osmanlijska kultura i civilizacija bila \u0161upljikavija od \u0161vicarskog sira.<!--more--><br \/>\n<\/span><\/p>\n<p>I mi Bo\u0161njaci smo se ponosili time, pa \u010dak kad nas je Turska, kao kakva gorda ma\u0107eha, ostavila bez \u0161tita i ma\u010da na nemilost bjelosvjetskim krvo\u017ederima, nismo se mnogo srdili ve\u0107 smo je u na\u0161im pitomim du\u0161ama i dalje voljeli kao majku koja je morala rodu u natrage, nadaju\u0107i se da \u0107e do\u0107i vrijeme i \u010deznu\u0107i da nas ponovo pomiluje po o\u0161troj kosi, a da joj pritom ne prepukne materinsko srce kao u Hasanaginice od boli za mla\u0111ahnim sinom u be\u0161ici. I \u017eivjeli smo kao neja\u010d skoro cijeli dvadeseti vijek, cijepalo nam se jato i lomila krila sve do kriti\u010dne ta\u010dke uginu\u0107a devedesetih godina kada se vratila nada da nas mati nije skroz zaboravila, da nas se jo\u0161 sje\u0107a i nosi u njedrima nekadra da uzme u naru\u010dje, ali ipak dovoljna jaka da po\u0161alje selame i uzdahe saosje\u0107anja s na\u0161om tugom i srebreni\u010dkom suzom.<\/p>\n<p>E, onda nam je mati stala na noge i krenula u zagrljaj. A mi \u2013 mi se rastr\u010dali k njoj da \u0161to prije osjetimo toplinu i onu dra\u017e materinskog osje\u0107aja \u0161to nam toliko fali da ga haman i ne poznamo. Toliko smo se zalijepili uz nju, da se skoro istopismo ne vide\u0107i da rukavice na materinim rukama imaju neke na\u0161im zane\u0161enim o\u010dima nevidljive namaze \u0161to ho\u0107e da nas satru. I sada se \u010dudimo dok gledamo u toplinu njenih o\u010diju i \u010de\u0161emo se zbog svraba kojim nas zarazi\u0161e te otrovne rukavice. Kako vrijeme prolazi, svrab je sve \u017ee\u0161\u0107i pa pomalo po\u010dinjemo zazirati od majke, ne usu\u0111uju\u0107i se da joj prilazimo i prepustimo se njenim toplim i otrovnim dodirima. A u ustima gorak okus bo\u0161nja\u010dkog prkosa i misao na sve \u0161to pretrpjesmo zbog toga \u0161to nas je napustila \u2013 i jedanaest genocida, i stotinama poru\u0161enih d\u017eamija, i hiljadama silovanih \u017eena, i stotinama hiljada nevino pobijene djece, \u017eena i staraca, i preko milion rasutih po svijetu \u2013 i sve nas to ne pokoleba da sanjamo o majci, iako tra\u017eimo opravdanje tom neugodnom osje\u0107aju zbog svraba \u0161to s njenih rukavica pre\u0111e na na\u0161a tijela. Ne mo\u017eemo da se ne sjetimo \u0161ejh Muhameda iz U\u017eica i njegove poslanice iz 1768. godine i pitamo se da li su turska vlast i premijer Erdoan ikada nau\u010dili ili su mo\u017eda samo zaboravili ovu lekciju, da li se uop\u0107e sje\u0107aju U\u017eica i u\u017ei\u010dkih vitkih minara, pa makar kad spomenu svog najve\u0107eg divanskog pjesnika Sabita U\u017ei\u010danina?<\/p>\n<p>Mi u Sand\u017eaku \u010duvamo sje\u0107anje na \u0161ejh Muhameda U\u017ei\u010danina pred \u010dijim je turbetom u Baloti\u0107ima kod Ro\u017eaja iznikla prekasna ru\u017ea kakva vi\u0161e nikad i nigdje nije procvjetala. \u0160ejh \u041cuh\u0430m\u0435d je bi\u043e pravi\u010dan \u010dovjek koji je polo\u017eio \u017eivot radi borbe protiv nasilja vlasti, tla\u010denja raj\u0435 i samovolje osmanlijskih namjesnika. Njegov otpor nije se ograni\u010dio na U\u017eice ve\u0107 je zahvatio butum Bosnu, o \u010demu pi\u0161u ovda\u0161nji hroni\u010dari. A ugledni turski histori\u010dari, me\u0111u kojima je i \u0160emsudin Sami, o Muhamed-pa\u0161i, njegovom krvniku, ka\u017eu da je s mjesta pe\u0161kirage i \u010dokadara za vrijeme sultana Mustafe II do\u0161ao na mjesto velikog vezira, a onda i beogradskog valije, te da je bio obrazovan i blag \u010dovjek, ali da u va\u017enim dr\u017eavnim poslovima nije imao sposobnosti.<\/p>\n<p>Dvije su pouke u poslanici \u0161ejh Muhameda zbog kojih i mi danas osje\u0107amo svrab \u0161to nas kopa s rukavica na\u0161e majke. Prva glasi: \u201cKako \u0458\u0435 ovaj siromah razumio, u Beogradu i Carigradu se falsifikuju fermani, \u0430 da \u043e tom\u0435 car ni pojma nema.\u201d A druga je jo\u0161 eksplicitnije upu\u0107ena Muhamed-pa\u0161i beogradskom: \u201eBez visokog fermana ho\u0107e\u0161 da skuplja\u0161 vojsku protiv mene. Ne znam kakvu \u0107e\u0161 vojsku skupiti i nas oplja\u010dkati, Austrijance ili carigradske hamzevije, kojima jo\u0161 ka\u017eu &#8216;podruma\u0161i&#8217;. Kada ulaze u podrum stave \u0161e\u0161ir na glavu i jedan drugog nazivaju Nikola-\u0160aban, Jovan-Red\u017eep, \u0430 danju neki imaju na glavi kadijski saruk, neki \u0161areni saruk, neki \u0458\u0435 u slu\u017ebi pred vratima vezira, \u0430 neki defterdar i tada se oslovljavaju \u0160aban-efendi i Red\u017eep-efendi.\u201c \u00a0Zbog takvih \u0160abana i Red\u017eepa u U\u017eicama danas nema ni jedne od stotina vitkih minara, niti muslimanskih grobalja, niti bilo kakvog biljega da je nekada tu, na toj zemlji podignut Osman-gazijev bajrak na \u010dast i ponos cijelog ummeta. A zbog takvih namjesnika na du\u0161u sultana ostala je neizbrisiva mrlja do Kijametskog dana.<\/p>\n<p>Znate li \u0161ta su \u0160aban-Nikola i Red\u017eep-Jovan kazali muslimanima kada su im \u201epomagali\u201c da se isele iz U\u017eica? \u201eKom\u0161ije, ni\u0161ta ne brinite \u2013 gdje god da odete i tamo \u0107emo do\u0107i da Vam pomognemo da se odselite.\u201c I izgleda da su se namera\u010dili da nam doista pomognu, samo \u0161to Sand\u017eak nisu U\u017eice, i \u0161to, vjerujemo, turski premijer Red\u017eep Tajip Erdoan nije lahkovjeran kao sultan Mahmut II te \u0107e na vrijeme svoje \u0160aban-Nikole i Red\u017eep-Jovane onemogu\u0107iti da mu pri\u0161iju tako veliki grijeh i prizovu prokletstvo silnog Mehmeda Fatiha koji ove na\u0161e sand\u017ea\u010dke i bosanske krajeve u\u010dini svojim vakufima i za\u0161titi plemenitim dovama.<\/p>\n<p>A premijer Erodan oko sebe dakako ima tih la\u017enih beogradskih fermana i \u0160aban-Nikola i Red\u017eep-Jovana koji mu danas, preko Dijaneta (Direkcije za vjerska pitanja pri Vladi Republike Turske), te niza drugih vladinih i nevladinih organizacija i pojedinaca, \u017eele svojim hr\u0111avim djelima ba\u0161 to prokletstvo nanijeti, i zauvijek napraviti omrazu izme\u0111u Bo\u0161njaka i Turaka, Albanaca i Turaka, ostalih muslimanskih naroda Balkana i Turaka, \u0161to \u0107e u kona\u010dnici dovesti da se bolest iznova ugnijezdi na Bosforu, samo \u0161to vi\u0161e ne\u0107e imati ni Bo\u0161njaka ni Albanaca niti drugih balkanskih muslimana da vidaju rane i stoje na \u010canakallama brane\u0107i \u010dast i ponos svoga dina.<\/p>\n<p>Valja otvoreno kazati da su Dijanet i njegov sada\u0161nji rukovodilac Mehmed Gormez (nastavljaju\u0107i posao svog prethodnika) bili partneri Beogradu u projektu razbijanja Islamske zajednice 2007. godine. Nakon \u0161to im se grupa koju su zajedno sa Beogradom proizveli otela kontroli i postala srpska zajednica, oni uspani\u010deno poku\u0161avaju praviti novu Islamsku zajednicu koja bi im bila poslu\u0161na. Dijanet je, u ime turskih vlasti i premijera Erdoana, u\u010dinio ovaj najve\u0107i grijeh cijepanja Islamske zajednice Bo\u0161njaka Sand\u017eaka koji nisu imali hrabrosti napraviti ni najve\u0107i diktatori i d\u017eelati Balkana. Zbog takvih ne\u010dasnih radnji, u Sand\u017eaku se sve \u010de\u0161\u0107e ova dr\u017eavna turska institucija oslovljava kao Hijanet.<\/p>\n<p>Na \u017ealost, i vode\u0107i muslimanski politi\u010dar u svijetu Red\u017eep Taip Erdoan i veliki turski narod trenutno su taoci takvog Dijaneta, vladinih i nevladinih udruga i pojedinaca \u0160abana, Nikola, Red\u017eepa i Jovana \u0161to falsifikuju fermane i pronose neistine pune\u0107i d\u017eepove lirama i dolarima iz turskog dr\u017eavnog bud\u017eeta i velikih vakufa na ime pomo\u0107i bra\u0107i na Balkanu. Ti silni novci, umjesto za pomo\u0107 potrebnima, koriste se za potkupljivanje i pribavljanje kurira i sluga koji \u0107e bez pogovora i radi zadovoljenja li\u010dnih interesa izvr\u0161avati sve zadatke koji vode ka razbijanju jedinstvene Islamske zajednice Bo\u0161njaka. Njihova je te\u017enja da u kona\u010dnici od ovda\u0161njih \u00a0muslimanskih sredina naprave novo U\u017eice usputno \u0161ire\u0107i kod Bo\u0161njaka omrazu i jed prema svom bratskom turskom narodu.<\/p>\n<p>Zato i pi\u0161em ovu poslanicu iz Sand\u017eaka, ne \u0161to imam bojazan da \u0107e se ovdje dogoditi u\u017ei\u010dki scenarij ve\u0107 kako bih ukazao premijeru Erdoanu na ne\u010dasnike i kako bi on u o\u010dima bo\u0161nja\u010dkog i ostalih muslimanskih naroda Balkana sa\u010duvao svoj i ugled cijelog turskog naroda koji nekada nije bio tako mali, ali hijanetlucima koji se rade, vjerujem njemu iza le\u0111a, postaje sve blje\u0111i i polahko sahne. Uva\u017eeni Premijeru, na vrijeme promijenite otrovne rukavice kojim, umjesto bratske ljubavi i dobrote, s Va\u0161ih ruku na nas Bo\u0161njake i druge muslimanske balkanske narode prenosite svrab \u0161to nam zadaje neugodne osje\u0107aje i primorava da izbjegavamo Va\u0161 iskreni stisak.<\/p>\n<p style=\"text-align: right;\"><strong>mr. Jahja Fehratovi\u0107<\/strong><\/p>\n","protected":false},"excerpt":{"rendered":"<p>Od vremena Osmanlija na ovamo jo\u0161 nikad Bo\u0161njaci u ovolikoj mjeri nisu imali odbojnije stavove prema turskim vlastima. Pet stotina godina zajedni\u010dkog \u017eivljenja, preklapanja historije, kulture, tradicije i vjerskih osje\u0107anja \u010dinili su koheziju i, bez obzira na otvorene zulume pojedinih namjesnika, koje su radili bez znanja i iza le\u0111a sultana, zbli\u017eile su ova dva bratska [&hellip;]<\/p>\n","protected":false},"author":83,"featured_media":67620,"comment_status":"open","ping_status":"open","sticky":false,"template":"","format":"standard","meta":{"footnotes":""},"categories":[72,2692],"tags":[],"class_list":{"0":"post-67619","1":"post","2":"type-post","3":"status-publish","4":"format-standard","5":"has-post-thumbnail","7":"category-novi-pazar","8":"category-turska-gradovi"},"yoast_head":"<!-- This site is optimized with the Yoast SEO Premium plugin v23.1 (Yoast SEO v24.9) - https:\/\/yoast.com\/wordpress\/plugins\/seo\/ -->\n<title>TURSKI HIJANET<\/title>\n<meta name=\"robots\" content=\"index, follow, max-snippet:-1, max-image-preview:large, max-video-preview:-1\" \/>\n<link rel=\"canonical\" href=\"https:\/\/sandzakpress.net\/arhiva\/turski-hijanet\/\" \/>\n<meta property=\"og:locale\" content=\"bs_BA\" \/>\n<meta property=\"og:type\" content=\"article\" \/>\n<meta property=\"og:title\" content=\"TURSKI HIJANET\" \/>\n<meta property=\"og:description\" content=\"Od vremena Osmanlija na ovamo jo\u0161 nikad Bo\u0161njaci u ovolikoj mjeri nisu imali odbojnije stavove prema turskim vlastima. Pet stotina godina zajedni\u010dkog \u017eivljenja, preklapanja historije, kulture, tradicije i vjerskih osje\u0107anja \u010dinili su koheziju i, bez obzira na otvorene zulume pojedinih namjesnika, koje su radili bez znanja i iza le\u0111a sultana, zbli\u017eile su ova dva bratska [&hellip;]\" \/>\n<meta property=\"og:url\" content=\"https:\/\/sandzakpress.net\/arhiva\/turski-hijanet\/\" \/>\n<meta property=\"og:site_name\" content=\"Sand\u017eak PRESS\" \/>\n<meta property=\"article:published_time\" content=\"2013-02-25T14:35:24+00:00\" \/>\n<meta property=\"article:modified_time\" content=\"2013-02-26T14:36:36+00:00\" \/>\n<meta property=\"og:image\" content=\"https:\/\/sandzakpress.net\/arhiva\/wp-content\/uploads\/2013\/02\/jahja-fehratovic-intervju1.jpg\" \/>\n\t<meta property=\"og:image:width\" content=\"616\" \/>\n\t<meta property=\"og:image:height\" content=\"431\" \/>\n\t<meta property=\"og:image:type\" content=\"image\/jpeg\" \/>\n<meta name=\"author\" content=\"bosniak\" \/>\n<meta name=\"twitter:card\" content=\"summary_large_image\" \/>\n<meta name=\"twitter:label1\" content=\"Written by\" \/>\n\t<meta name=\"twitter:data1\" content=\"bosniak\" \/>\n\t<meta name=\"twitter:label2\" content=\"Est. reading time\" \/>\n\t<meta name=\"twitter:data2\" content=\"8 minuta\" \/>\n<script type=\"application\/ld+json\" class=\"yoast-schema-graph\">{\"@context\":\"https:\/\/schema.org\",\"@graph\":[{\"@type\":\"Article\",\"@id\":\"https:\/\/sandzakpress.net\/arhiva\/turski-hijanet\/#article\",\"isPartOf\":{\"@id\":\"https:\/\/sandzakpress.net\/arhiva\/turski-hijanet\/\"},\"author\":{\"name\":\"bosniak\",\"@id\":\"https:\/\/sandzakpress.net\/arhiva\/#\/schema\/person\/c8baee722073534b583ea7bdb2e36c02\"},\"headline\":\"TURSKI HIJANET\",\"datePublished\":\"2013-02-25T14:35:24+00:00\",\"dateModified\":\"2013-02-26T14:36:36+00:00\",\"mainEntityOfPage\":{\"@id\":\"https:\/\/sandzakpress.net\/arhiva\/turski-hijanet\/\"},\"wordCount\":1537,\"commentCount\":5,\"publisher\":{\"@id\":\"https:\/\/sandzakpress.net\/arhiva\/#\/schema\/person\/6e72b67d6e51910a1117b3b483ba20bd\"},\"image\":{\"@id\":\"https:\/\/sandzakpress.net\/arhiva\/turski-hijanet\/#primaryimage\"},\"thumbnailUrl\":\"https:\/\/sandzakpress.net\/arhiva\/wp-content\/uploads\/2013\/02\/jahja-fehratovic-intervju1.jpg\",\"articleSection\":[\"Novi Pazar\",\"Turska\"],\"inLanguage\":\"bs-BA\",\"potentialAction\":[{\"@type\":\"CommentAction\",\"name\":\"Comment\",\"target\":[\"https:\/\/sandzakpress.net\/arhiva\/turski-hijanet\/#respond\"]}]},{\"@type\":\"WebPage\",\"@id\":\"https:\/\/sandzakpress.net\/arhiva\/turski-hijanet\/\",\"url\":\"https:\/\/sandzakpress.net\/arhiva\/turski-hijanet\/\",\"name\":\"TURSKI HIJANET\",\"isPartOf\":{\"@id\":\"https:\/\/sandzakpress.net\/arhiva\/#website\"},\"primaryImageOfPage\":{\"@id\":\"https:\/\/sandzakpress.net\/arhiva\/turski-hijanet\/#primaryimage\"},\"image\":{\"@id\":\"https:\/\/sandzakpress.net\/arhiva\/turski-hijanet\/#primaryimage\"},\"thumbnailUrl\":\"https:\/\/sandzakpress.net\/arhiva\/wp-content\/uploads\/2013\/02\/jahja-fehratovic-intervju1.jpg\",\"datePublished\":\"2013-02-25T14:35:24+00:00\",\"dateModified\":\"2013-02-26T14:36:36+00:00\",\"breadcrumb\":{\"@id\":\"https:\/\/sandzakpress.net\/arhiva\/turski-hijanet\/#breadcrumb\"},\"inLanguage\":\"bs-BA\",\"potentialAction\":[{\"@type\":\"ReadAction\",\"target\":[\"https:\/\/sandzakpress.net\/arhiva\/turski-hijanet\/\"]}]},{\"@type\":\"ImageObject\",\"inLanguage\":\"bs-BA\",\"@id\":\"https:\/\/sandzakpress.net\/arhiva\/turski-hijanet\/#primaryimage\",\"url\":\"https:\/\/sandzakpress.net\/arhiva\/wp-content\/uploads\/2013\/02\/jahja-fehratovic-intervju1.jpg\",\"contentUrl\":\"https:\/\/sandzakpress.net\/arhiva\/wp-content\/uploads\/2013\/02\/jahja-fehratovic-intervju1.jpg\",\"width\":616,\"height\":431},{\"@type\":\"BreadcrumbList\",\"@id\":\"https:\/\/sandzakpress.net\/arhiva\/turski-hijanet\/#breadcrumb\",\"itemListElement\":[{\"@type\":\"ListItem\",\"position\":1,\"name\":\"Home\",\"item\":\"https:\/\/sandzakpress.net\/arhiva\/\"},{\"@type\":\"ListItem\",\"position\":2,\"name\":\"TURSKI HIJANET\"}]},{\"@type\":\"WebSite\",\"@id\":\"https:\/\/sandzakpress.net\/arhiva\/#website\",\"url\":\"https:\/\/sandzakpress.net\/arhiva\/\",\"name\":\"Sand\u017eak PRESS\",\"description\":\"Prve elektronske novine u Sand\u017eaku\",\"publisher\":{\"@id\":\"https:\/\/sandzakpress.net\/arhiva\/#\/schema\/person\/6e72b67d6e51910a1117b3b483ba20bd\"},\"potentialAction\":[{\"@type\":\"SearchAction\",\"target\":{\"@type\":\"EntryPoint\",\"urlTemplate\":\"https:\/\/sandzakpress.net\/arhiva\/?s={search_term_string}\"},\"query-input\":{\"@type\":\"PropertyValueSpecification\",\"valueRequired\":true,\"valueName\":\"search_term_string\"}}],\"inLanguage\":\"bs-BA\"},{\"@type\":[\"Person\",\"Organization\"],\"@id\":\"https:\/\/sandzakpress.net\/arhiva\/#\/schema\/person\/6e72b67d6e51910a1117b3b483ba20bd\",\"name\":\"Kul\",\"image\":{\"@type\":\"ImageObject\",\"inLanguage\":\"bs-BA\",\"@id\":\"https:\/\/sandzakpress.net\/arhiva\/#\/schema\/person\/image\/\",\"url\":\"https:\/\/secure.gravatar.com\/avatar\/42263f39aa27ac04c43cab85c280eb2e?s=96&d=mm&r=pg\",\"contentUrl\":\"https:\/\/secure.gravatar.com\/avatar\/42263f39aa27ac04c43cab85c280eb2e?s=96&d=mm&r=pg\",\"caption\":\"Kul\"},\"logo\":{\"@id\":\"https:\/\/sandzakpress.net\/arhiva\/#\/schema\/person\/image\/\"}},{\"@type\":\"Person\",\"@id\":\"https:\/\/sandzakpress.net\/arhiva\/#\/schema\/person\/c8baee722073534b583ea7bdb2e36c02\",\"name\":\"bosniak\",\"image\":{\"@type\":\"ImageObject\",\"inLanguage\":\"bs-BA\",\"@id\":\"https:\/\/sandzakpress.net\/arhiva\/#\/schema\/person\/image\/\",\"url\":\"https:\/\/secure.gravatar.com\/avatar\/a04fd330bfe3a36a72a0ad4a6d89fca7?s=96&d=mm&r=pg\",\"contentUrl\":\"https:\/\/secure.gravatar.com\/avatar\/a04fd330bfe3a36a72a0ad4a6d89fca7?s=96&d=mm&r=pg\",\"caption\":\"bosniak\"},\"url\":\"https:\/\/sandzakpress.net\/arhiva\/author\/bosniak\/\"}]}<\/script>\n<!-- \/ Yoast SEO Premium plugin. -->","yoast_head_json":{"title":"TURSKI HIJANET","robots":{"index":"index","follow":"follow","max-snippet":"max-snippet:-1","max-image-preview":"max-image-preview:large","max-video-preview":"max-video-preview:-1"},"canonical":"https:\/\/sandzakpress.net\/arhiva\/turski-hijanet\/","og_locale":"bs_BA","og_type":"article","og_title":"TURSKI HIJANET","og_description":"Od vremena Osmanlija na ovamo jo\u0161 nikad Bo\u0161njaci u ovolikoj mjeri nisu imali odbojnije stavove prema turskim vlastima. Pet stotina godina zajedni\u010dkog \u017eivljenja, preklapanja historije, kulture, tradicije i vjerskih osje\u0107anja \u010dinili su koheziju i, bez obzira na otvorene zulume pojedinih namjesnika, koje su radili bez znanja i iza le\u0111a sultana, zbli\u017eile su ova dva bratska [&hellip;]","og_url":"https:\/\/sandzakpress.net\/arhiva\/turski-hijanet\/","og_site_name":"Sand\u017eak PRESS","article_published_time":"2013-02-25T14:35:24+00:00","article_modified_time":"2013-02-26T14:36:36+00:00","og_image":[{"width":616,"height":431,"url":"https:\/\/sandzakpress.net\/arhiva\/wp-content\/uploads\/2013\/02\/jahja-fehratovic-intervju1.jpg","type":"image\/jpeg"}],"author":"bosniak","twitter_card":"summary_large_image","twitter_misc":{"Written by":"bosniak","Est. reading time":"8 minuta"},"schema":{"@context":"https:\/\/schema.org","@graph":[{"@type":"Article","@id":"https:\/\/sandzakpress.net\/arhiva\/turski-hijanet\/#article","isPartOf":{"@id":"https:\/\/sandzakpress.net\/arhiva\/turski-hijanet\/"},"author":{"name":"bosniak","@id":"https:\/\/sandzakpress.net\/arhiva\/#\/schema\/person\/c8baee722073534b583ea7bdb2e36c02"},"headline":"TURSKI HIJANET","datePublished":"2013-02-25T14:35:24+00:00","dateModified":"2013-02-26T14:36:36+00:00","mainEntityOfPage":{"@id":"https:\/\/sandzakpress.net\/arhiva\/turski-hijanet\/"},"wordCount":1537,"commentCount":5,"publisher":{"@id":"https:\/\/sandzakpress.net\/arhiva\/#\/schema\/person\/6e72b67d6e51910a1117b3b483ba20bd"},"image":{"@id":"https:\/\/sandzakpress.net\/arhiva\/turski-hijanet\/#primaryimage"},"thumbnailUrl":"https:\/\/sandzakpress.net\/arhiva\/wp-content\/uploads\/2013\/02\/jahja-fehratovic-intervju1.jpg","articleSection":["Novi Pazar","Turska"],"inLanguage":"bs-BA","potentialAction":[{"@type":"CommentAction","name":"Comment","target":["https:\/\/sandzakpress.net\/arhiva\/turski-hijanet\/#respond"]}]},{"@type":"WebPage","@id":"https:\/\/sandzakpress.net\/arhiva\/turski-hijanet\/","url":"https:\/\/sandzakpress.net\/arhiva\/turski-hijanet\/","name":"TURSKI HIJANET","isPartOf":{"@id":"https:\/\/sandzakpress.net\/arhiva\/#website"},"primaryImageOfPage":{"@id":"https:\/\/sandzakpress.net\/arhiva\/turski-hijanet\/#primaryimage"},"image":{"@id":"https:\/\/sandzakpress.net\/arhiva\/turski-hijanet\/#primaryimage"},"thumbnailUrl":"https:\/\/sandzakpress.net\/arhiva\/wp-content\/uploads\/2013\/02\/jahja-fehratovic-intervju1.jpg","datePublished":"2013-02-25T14:35:24+00:00","dateModified":"2013-02-26T14:36:36+00:00","breadcrumb":{"@id":"https:\/\/sandzakpress.net\/arhiva\/turski-hijanet\/#breadcrumb"},"inLanguage":"bs-BA","potentialAction":[{"@type":"ReadAction","target":["https:\/\/sandzakpress.net\/arhiva\/turski-hijanet\/"]}]},{"@type":"ImageObject","inLanguage":"bs-BA","@id":"https:\/\/sandzakpress.net\/arhiva\/turski-hijanet\/#primaryimage","url":"https:\/\/sandzakpress.net\/arhiva\/wp-content\/uploads\/2013\/02\/jahja-fehratovic-intervju1.jpg","contentUrl":"https:\/\/sandzakpress.net\/arhiva\/wp-content\/uploads\/2013\/02\/jahja-fehratovic-intervju1.jpg","width":616,"height":431},{"@type":"BreadcrumbList","@id":"https:\/\/sandzakpress.net\/arhiva\/turski-hijanet\/#breadcrumb","itemListElement":[{"@type":"ListItem","position":1,"name":"Home","item":"https:\/\/sandzakpress.net\/arhiva\/"},{"@type":"ListItem","position":2,"name":"TURSKI HIJANET"}]},{"@type":"WebSite","@id":"https:\/\/sandzakpress.net\/arhiva\/#website","url":"https:\/\/sandzakpress.net\/arhiva\/","name":"Sand\u017eak PRESS","description":"Prve elektronske novine u Sand\u017eaku","publisher":{"@id":"https:\/\/sandzakpress.net\/arhiva\/#\/schema\/person\/6e72b67d6e51910a1117b3b483ba20bd"},"potentialAction":[{"@type":"SearchAction","target":{"@type":"EntryPoint","urlTemplate":"https:\/\/sandzakpress.net\/arhiva\/?s={search_term_string}"},"query-input":{"@type":"PropertyValueSpecification","valueRequired":true,"valueName":"search_term_string"}}],"inLanguage":"bs-BA"},{"@type":["Person","Organization"],"@id":"https:\/\/sandzakpress.net\/arhiva\/#\/schema\/person\/6e72b67d6e51910a1117b3b483ba20bd","name":"Kul","image":{"@type":"ImageObject","inLanguage":"bs-BA","@id":"https:\/\/sandzakpress.net\/arhiva\/#\/schema\/person\/image\/","url":"https:\/\/secure.gravatar.com\/avatar\/42263f39aa27ac04c43cab85c280eb2e?s=96&d=mm&r=pg","contentUrl":"https:\/\/secure.gravatar.com\/avatar\/42263f39aa27ac04c43cab85c280eb2e?s=96&d=mm&r=pg","caption":"Kul"},"logo":{"@id":"https:\/\/sandzakpress.net\/arhiva\/#\/schema\/person\/image\/"}},{"@type":"Person","@id":"https:\/\/sandzakpress.net\/arhiva\/#\/schema\/person\/c8baee722073534b583ea7bdb2e36c02","name":"bosniak","image":{"@type":"ImageObject","inLanguage":"bs-BA","@id":"https:\/\/sandzakpress.net\/arhiva\/#\/schema\/person\/image\/","url":"https:\/\/secure.gravatar.com\/avatar\/a04fd330bfe3a36a72a0ad4a6d89fca7?s=96&d=mm&r=pg","contentUrl":"https:\/\/secure.gravatar.com\/avatar\/a04fd330bfe3a36a72a0ad4a6d89fca7?s=96&d=mm&r=pg","caption":"bosniak"},"url":"https:\/\/sandzakpress.net\/arhiva\/author\/bosniak\/"}]}},"_links":{"self":[{"href":"https:\/\/sandzakpress.net\/arhiva\/wp-json\/wp\/v2\/posts\/67619"}],"collection":[{"href":"https:\/\/sandzakpress.net\/arhiva\/wp-json\/wp\/v2\/posts"}],"about":[{"href":"https:\/\/sandzakpress.net\/arhiva\/wp-json\/wp\/v2\/types\/post"}],"author":[{"embeddable":true,"href":"https:\/\/sandzakpress.net\/arhiva\/wp-json\/wp\/v2\/users\/83"}],"replies":[{"embeddable":true,"href":"https:\/\/sandzakpress.net\/arhiva\/wp-json\/wp\/v2\/comments?post=67619"}],"version-history":[{"count":0,"href":"https:\/\/sandzakpress.net\/arhiva\/wp-json\/wp\/v2\/posts\/67619\/revisions"}],"wp:featuredmedia":[{"embeddable":true,"href":"https:\/\/sandzakpress.net\/arhiva\/wp-json\/wp\/v2\/media\/67620"}],"wp:attachment":[{"href":"https:\/\/sandzakpress.net\/arhiva\/wp-json\/wp\/v2\/media?parent=67619"}],"wp:term":[{"taxonomy":"category","embeddable":true,"href":"https:\/\/sandzakpress.net\/arhiva\/wp-json\/wp\/v2\/categories?post=67619"},{"taxonomy":"post_tag","embeddable":true,"href":"https:\/\/sandzakpress.net\/arhiva\/wp-json\/wp\/v2\/tags?post=67619"}],"curies":[{"name":"wp","href":"https:\/\/api.w.org\/{rel}","templated":true}]}}