{"id":6757,"date":"2010-08-11T10:12:16","date_gmt":"2010-08-11T10:12:16","guid":{"rendered":"https:\/\/sandzakpress.net\/arhiva\/?p=6757"},"modified":"2010-08-11T10:12:16","modified_gmt":"2010-08-11T10:12:16","slug":"ramazanska-cestitka-reisu-l-uleme","status":"publish","type":"post","link":"https:\/\/sandzakpress.net\/arhiva\/ramazanska-cestitka-reisu-l-uleme\/","title":{"rendered":"Ramazanska \u010destitka reisu-l-uleme"},"content":{"rendered":"<p><a href=\"https:\/\/sandzakpress.net\/arhiva\/wp-content\/uploads\/2010\/08\/reis-ramazanska-cestitka-2010.jpg\"><img loading=\"lazy\" decoding=\"async\" class=\"alignleft size-medium wp-image-6758\" title=\"reis-ramazanska-cestitka-2010\" src=\"https:\/\/sandzakpress.net\/arhiva\/wp-content\/uploads\/2010\/08\/reis-ramazanska-cestitka-2010-300x225.jpg\" alt=\"\" width=\"300\" height=\"225\" \/><\/a>Danas je reisu-l-ulema dr. Mustafa Ceri\u0107\u00a0 uputio ramazansku \u010destitku u kojoj se ka\u017ee:<\/p>\n<p>&#8211; Draga bra\u0107o i sestre,<\/p>\n<p>U srijedu 11. avgusta 2010. godine po Miladu pada 1. dan ramazana u 1431. godine po Hid\u017eri. Ovo je 1429. ramazan od kako je Uzvi\u0161eni Allah objavio svom Poslaniku Muhammedu, a.s., da je mjesec Ramazan vrijeme posta: &#8211; O vjernici neka znate da vam se propisuje post kao \u0161to je bio propisan i onima prije vas da biste bili pobo\u017eni i skru\u0161eni (El-Bekare, 179).<!--more-->Vjera nas u\u010di da postoje tri vrste bi\u0107a: meleki sa razumom bez strasti, \u017eivotinje sa strastima bez razuma, i\u00a0 \u010dovjek sa razumom i sa strastima. Ako strasti nadvladaju razum, onda je \u017eivotinja bolja od \u010dovjeka, ali ako razum nadvlada stratsti, onda je \u010dovjek bolji od meleka.<\/p>\n<p>Prema tome, \u010dovjek je u sredini izme\u0111u razuma du\u0161e i po\u017eude tijela. U tom stalnom nadmetanju izme\u0111u \u010dovjekovog duha i \u010dovjekovog tijela najbolji sudija je pobo\u017enost i skru\u0161enost koju propisuje vjera kroz post. Jer u postu du\u0161a i tijelo postaju jedno bi\u0107e u pokornosti Uzvi\u0161enom Bogu.<\/p>\n<p>Mubarek ramazan je vrijeme u kojem se najsna\u017enije o\u010dituje ta osobna pobo\u017enost \u010dovjeka za koju Uzvi\u0161eni Allah ka\u017ee da se ne mo\u017ee mjeriti ni sa jednom ovodunjalu\u010dkom vrijednosti. &#8220;Post je &#8211; ka\u017ee Uzvi\u0161eni Allah &#8211; moja stvar i ja \u0107u to posebno vrednovati.&#8221;<\/p>\n<p>Pred nama je mjesec ramazan u kojem \u0107emo postiti sa \u017eeljom da se u\u010dimo samodisciplini tijela i du\u0161e u pokornosti Allahu Uzvi\u0161enom.<\/p>\n<p>Ibadet posta u\u010di \u010dovjeka da nije sam na svijetu, ve\u0107 da postoje ljudi i stvari oko njega koje treba da upozna.<\/p>\n<p>Post je uzvi\u0161eno stanje du\u0161e koja se odmara dok posmatra, koja se hrani dok razmi\u0161lja, koja se lije\u010di dok razgovara.<\/p>\n<p>Ramazan nam donosi mno\u0161tvo darova, koji nas obavezuju da i mi darujemo:<\/p>\n<p>na\u0161 \u017eivot i na\u0161u pobo\u017enost Stvoritelju,<\/p>\n<p>na\u0161u zahvalnost i poslu\u0161nost roditeljima,<\/p>\n<p>na\u0161u vjernost i pouzdanost prijateljima,<\/p>\n<p>na\u0161u brigu i na\u0161 lijep primjer na\u0161oj djeci,<\/p>\n<p>na\u0161u ljubav i vjernost bra\u010dnom drugu i drugarici,<\/p>\n<p>te da darujemo otvorenost na\u0161e du\u0161e, \u0161irinu na\u0161ega srca i pru\u017enost na\u0161e ruke bra\u0107i i sestrama kojima dugujemo na\u0161u brigu i na\u0161u ljubav.<\/p>\n<p>Stoga pozivam sve imu\u0107ne ljude i one koji zbog bolesti, starosti ili nekog drugog razloga ne mogu postiti pa su, stoga, du\u017eni podijeliti fidju (otplatu duga posta u visini jednodnevne ishrane za jednu osobu) da ovoga ramazana umjesto velikih iftara uplate iftar na ra\u010dun kuhinje stari grad u Sarajevu sa ciljem da se svakim danom organizira pet hiljada iftara za sve one koji zaslu\u017euju na\u0161u kolektivnu brigu i ljubav \u0161irom na\u0161e domovine. Posebno, pozivam omladinu-studente da svojim dobrovoljnim radom pomognu ovu plemenitu ramazansku akciju sa ciljem da u na\u0161oj zemlji niko ne bude gladan.<\/p>\n<p>Ramazan je radost na nebu i na Zemlji za one koji \u0107e se u ime uzvi\u0161enih ideala pobo\u017enosti i humanizma mjesec dana odricati jela i pi\u0107a da bi im du\u0161a bila \u0161iroka, i ruka dare\u017eljiva, i srce puno suosje\u0107anja prema roditeljima, siro\u010dadima, siromasima, kom\u0161ijama, bli\u017eim i daljnjim ro\u0111acima, te svim ljudima dobre volje.<\/p>\n<p>Svima vam od srca \u017eelim sretan ramazan, mole\u0107i dragog Allaha (d\u017e.\u0161.) za va\u0161e zdravlje i uspjeh u \u017eivotu i radu. Posebno \u017eelim ramazan \u010destitati prognanim, bolesnim i nemo\u0107nim sa dovom Stvoritelju Uzvi\u0161enom da im bude na pomo\u0107i!<\/p>\n<p>Sa osobitim \u017eeljama ramazan \u010destitam na\u0161oj bra\u0107i u Hrvatskoj, Sloveniji, Sand\u017eaku, Kosovu, Crnoj Gori, Srbiji, Makedoniji, te bo\u0161nja\u010dkoj dijaspori i svim muslimanima i muslimankama u svijetu:<\/p>\n<p>Ramazan \u0161erif mubarek olsun!<\/p>\n","protected":false},"excerpt":{"rendered":"<p>Danas je reisu-l-ulema dr. Mustafa Ceri\u0107\u00a0 uputio ramazansku \u010destitku u kojoj se ka\u017ee: &#8211; Draga bra\u0107o i sestre, U srijedu 11. avgusta 2010. godine po Miladu pada 1. dan ramazana u 1431. godine po Hid\u017eri. Ovo je 1429. ramazan od kako je Uzvi\u0161eni Allah objavio svom Poslaniku Muhammedu, a.s., da je mjesec Ramazan vrijeme posta: [&hellip;]<\/p>\n","protected":false},"author":83,"featured_media":6758,"comment_status":"open","ping_status":"open","sticky":false,"template":"","format":"standard","meta":{"footnotes":""},"categories":[802],"tags":[],"class_list":{"0":"post-6757","1":"post","2":"type-post","3":"status-publish","4":"format-standard","5":"has-post-thumbnail","7":"category-islamska_zajednica"},"yoast_head":"<!-- This site is optimized with the Yoast SEO Premium plugin v23.1 (Yoast SEO v24.9) - https:\/\/yoast.com\/wordpress\/plugins\/seo\/ -->\n<title>Ramazanska \u010destitka reisu-l-uleme<\/title>\n<meta name=\"robots\" content=\"index, follow, max-snippet:-1, max-image-preview:large, max-video-preview:-1\" \/>\n<link rel=\"canonical\" href=\"https:\/\/sandzakpress.net\/arhiva\/ramazanska-cestitka-reisu-l-uleme\/\" \/>\n<meta property=\"og:locale\" content=\"bs_BA\" \/>\n<meta property=\"og:type\" content=\"article\" \/>\n<meta property=\"og:title\" content=\"Ramazanska \u010destitka reisu-l-uleme\" \/>\n<meta property=\"og:description\" content=\"Danas je reisu-l-ulema dr. Mustafa Ceri\u0107\u00a0 uputio ramazansku \u010destitku u kojoj se ka\u017ee: &#8211; Draga bra\u0107o i sestre, U srijedu 11. avgusta 2010. godine po Miladu pada 1. dan ramazana u 1431. godine po Hid\u017eri. Ovo je 1429. ramazan od kako je Uzvi\u0161eni Allah objavio svom Poslaniku Muhammedu, a.s., da je mjesec Ramazan vrijeme posta: [&hellip;]\" \/>\n<meta property=\"og:url\" content=\"https:\/\/sandzakpress.net\/arhiva\/ramazanska-cestitka-reisu-l-uleme\/\" \/>\n<meta property=\"og:site_name\" content=\"Sand\u017eak PRESS\" \/>\n<meta property=\"article:published_time\" content=\"2010-08-11T10:12:16+00:00\" \/>\n<meta property=\"og:image\" content=\"https:\/\/sandzakpress.net\/arhiva\/wp-content\/uploads\/2010\/08\/reis-ramazanska-cestitka-2010.jpg\" \/>\n\t<meta property=\"og:image:width\" content=\"450\" \/>\n\t<meta property=\"og:image:height\" content=\"338\" \/>\n\t<meta property=\"og:image:type\" content=\"image\/jpeg\" \/>\n<meta name=\"author\" content=\"bosniak\" \/>\n<meta name=\"twitter:card\" content=\"summary_large_image\" \/>\n<meta name=\"twitter:label1\" content=\"Written by\" \/>\n\t<meta name=\"twitter:data1\" content=\"bosniak\" \/>\n\t<meta name=\"twitter:label2\" content=\"Est. reading time\" \/>\n\t<meta name=\"twitter:data2\" content=\"3 minute\" \/>\n<script type=\"application\/ld+json\" class=\"yoast-schema-graph\">{\"@context\":\"https:\/\/schema.org\",\"@graph\":[{\"@type\":\"Article\",\"@id\":\"https:\/\/sandzakpress.net\/arhiva\/ramazanska-cestitka-reisu-l-uleme\/#article\",\"isPartOf\":{\"@id\":\"https:\/\/sandzakpress.net\/arhiva\/ramazanska-cestitka-reisu-l-uleme\/\"},\"author\":{\"name\":\"bosniak\",\"@id\":\"https:\/\/sandzakpress.net\/arhiva\/#\/schema\/person\/c8baee722073534b583ea7bdb2e36c02\"},\"headline\":\"Ramazanska \u010destitka reisu-l-uleme\",\"datePublished\":\"2010-08-11T10:12:16+00:00\",\"mainEntityOfPage\":{\"@id\":\"https:\/\/sandzakpress.net\/arhiva\/ramazanska-cestitka-reisu-l-uleme\/\"},\"wordCount\":638,\"commentCount\":0,\"publisher\":{\"@id\":\"https:\/\/sandzakpress.net\/arhiva\/#\/schema\/person\/6e72b67d6e51910a1117b3b483ba20bd\"},\"image\":{\"@id\":\"https:\/\/sandzakpress.net\/arhiva\/ramazanska-cestitka-reisu-l-uleme\/#primaryimage\"},\"thumbnailUrl\":\"https:\/\/sandzakpress.net\/arhiva\/wp-content\/uploads\/2010\/08\/reis-ramazanska-cestitka-2010.jpg\",\"articleSection\":[\"Islamska zajednica\"],\"inLanguage\":\"bs-BA\",\"potentialAction\":[{\"@type\":\"CommentAction\",\"name\":\"Comment\",\"target\":[\"https:\/\/sandzakpress.net\/arhiva\/ramazanska-cestitka-reisu-l-uleme\/#respond\"]}]},{\"@type\":\"WebPage\",\"@id\":\"https:\/\/sandzakpress.net\/arhiva\/ramazanska-cestitka-reisu-l-uleme\/\",\"url\":\"https:\/\/sandzakpress.net\/arhiva\/ramazanska-cestitka-reisu-l-uleme\/\",\"name\":\"Ramazanska \u010destitka reisu-l-uleme\",\"isPartOf\":{\"@id\":\"https:\/\/sandzakpress.net\/arhiva\/#website\"},\"primaryImageOfPage\":{\"@id\":\"https:\/\/sandzakpress.net\/arhiva\/ramazanska-cestitka-reisu-l-uleme\/#primaryimage\"},\"image\":{\"@id\":\"https:\/\/sandzakpress.net\/arhiva\/ramazanska-cestitka-reisu-l-uleme\/#primaryimage\"},\"thumbnailUrl\":\"https:\/\/sandzakpress.net\/arhiva\/wp-content\/uploads\/2010\/08\/reis-ramazanska-cestitka-2010.jpg\",\"datePublished\":\"2010-08-11T10:12:16+00:00\",\"breadcrumb\":{\"@id\":\"https:\/\/sandzakpress.net\/arhiva\/ramazanska-cestitka-reisu-l-uleme\/#breadcrumb\"},\"inLanguage\":\"bs-BA\",\"potentialAction\":[{\"@type\":\"ReadAction\",\"target\":[\"https:\/\/sandzakpress.net\/arhiva\/ramazanska-cestitka-reisu-l-uleme\/\"]}]},{\"@type\":\"ImageObject\",\"inLanguage\":\"bs-BA\",\"@id\":\"https:\/\/sandzakpress.net\/arhiva\/ramazanska-cestitka-reisu-l-uleme\/#primaryimage\",\"url\":\"https:\/\/sandzakpress.net\/arhiva\/wp-content\/uploads\/2010\/08\/reis-ramazanska-cestitka-2010.jpg\",\"contentUrl\":\"https:\/\/sandzakpress.net\/arhiva\/wp-content\/uploads\/2010\/08\/reis-ramazanska-cestitka-2010.jpg\",\"width\":450,\"height\":338},{\"@type\":\"BreadcrumbList\",\"@id\":\"https:\/\/sandzakpress.net\/arhiva\/ramazanska-cestitka-reisu-l-uleme\/#breadcrumb\",\"itemListElement\":[{\"@type\":\"ListItem\",\"position\":1,\"name\":\"Home\",\"item\":\"https:\/\/sandzakpress.net\/arhiva\/\"},{\"@type\":\"ListItem\",\"position\":2,\"name\":\"Ramazanska \u010destitka reisu-l-uleme\"}]},{\"@type\":\"WebSite\",\"@id\":\"https:\/\/sandzakpress.net\/arhiva\/#website\",\"url\":\"https:\/\/sandzakpress.net\/arhiva\/\",\"name\":\"Sand\u017eak PRESS\",\"description\":\"Prve elektronske novine u Sand\u017eaku\",\"publisher\":{\"@id\":\"https:\/\/sandzakpress.net\/arhiva\/#\/schema\/person\/6e72b67d6e51910a1117b3b483ba20bd\"},\"potentialAction\":[{\"@type\":\"SearchAction\",\"target\":{\"@type\":\"EntryPoint\",\"urlTemplate\":\"https:\/\/sandzakpress.net\/arhiva\/?s={search_term_string}\"},\"query-input\":{\"@type\":\"PropertyValueSpecification\",\"valueRequired\":true,\"valueName\":\"search_term_string\"}}],\"inLanguage\":\"bs-BA\"},{\"@type\":[\"Person\",\"Organization\"],\"@id\":\"https:\/\/sandzakpress.net\/arhiva\/#\/schema\/person\/6e72b67d6e51910a1117b3b483ba20bd\",\"name\":\"Kul\",\"image\":{\"@type\":\"ImageObject\",\"inLanguage\":\"bs-BA\",\"@id\":\"https:\/\/sandzakpress.net\/arhiva\/#\/schema\/person\/image\/\",\"url\":\"https:\/\/secure.gravatar.com\/avatar\/42263f39aa27ac04c43cab85c280eb2e?s=96&d=mm&r=pg\",\"contentUrl\":\"https:\/\/secure.gravatar.com\/avatar\/42263f39aa27ac04c43cab85c280eb2e?s=96&d=mm&r=pg\",\"caption\":\"Kul\"},\"logo\":{\"@id\":\"https:\/\/sandzakpress.net\/arhiva\/#\/schema\/person\/image\/\"}},{\"@type\":\"Person\",\"@id\":\"https:\/\/sandzakpress.net\/arhiva\/#\/schema\/person\/c8baee722073534b583ea7bdb2e36c02\",\"name\":\"bosniak\",\"image\":{\"@type\":\"ImageObject\",\"inLanguage\":\"bs-BA\",\"@id\":\"https:\/\/sandzakpress.net\/arhiva\/#\/schema\/person\/image\/\",\"url\":\"https:\/\/secure.gravatar.com\/avatar\/a04fd330bfe3a36a72a0ad4a6d89fca7?s=96&d=mm&r=pg\",\"contentUrl\":\"https:\/\/secure.gravatar.com\/avatar\/a04fd330bfe3a36a72a0ad4a6d89fca7?s=96&d=mm&r=pg\",\"caption\":\"bosniak\"},\"url\":\"https:\/\/sandzakpress.net\/arhiva\/author\/bosniak\/\"}]}<\/script>\n<!-- \/ Yoast SEO Premium plugin. -->","yoast_head_json":{"title":"Ramazanska \u010destitka reisu-l-uleme","robots":{"index":"index","follow":"follow","max-snippet":"max-snippet:-1","max-image-preview":"max-image-preview:large","max-video-preview":"max-video-preview:-1"},"canonical":"https:\/\/sandzakpress.net\/arhiva\/ramazanska-cestitka-reisu-l-uleme\/","og_locale":"bs_BA","og_type":"article","og_title":"Ramazanska \u010destitka reisu-l-uleme","og_description":"Danas je reisu-l-ulema dr. Mustafa Ceri\u0107\u00a0 uputio ramazansku \u010destitku u kojoj se ka\u017ee: &#8211; Draga bra\u0107o i sestre, U srijedu 11. avgusta 2010. godine po Miladu pada 1. dan ramazana u 1431. godine po Hid\u017eri. Ovo je 1429. ramazan od kako je Uzvi\u0161eni Allah objavio svom Poslaniku Muhammedu, a.s., da je mjesec Ramazan vrijeme posta: [&hellip;]","og_url":"https:\/\/sandzakpress.net\/arhiva\/ramazanska-cestitka-reisu-l-uleme\/","og_site_name":"Sand\u017eak PRESS","article_published_time":"2010-08-11T10:12:16+00:00","og_image":[{"width":450,"height":338,"url":"https:\/\/sandzakpress.net\/arhiva\/wp-content\/uploads\/2010\/08\/reis-ramazanska-cestitka-2010.jpg","type":"image\/jpeg"}],"author":"bosniak","twitter_card":"summary_large_image","twitter_misc":{"Written by":"bosniak","Est. reading time":"3 minute"},"schema":{"@context":"https:\/\/schema.org","@graph":[{"@type":"Article","@id":"https:\/\/sandzakpress.net\/arhiva\/ramazanska-cestitka-reisu-l-uleme\/#article","isPartOf":{"@id":"https:\/\/sandzakpress.net\/arhiva\/ramazanska-cestitka-reisu-l-uleme\/"},"author":{"name":"bosniak","@id":"https:\/\/sandzakpress.net\/arhiva\/#\/schema\/person\/c8baee722073534b583ea7bdb2e36c02"},"headline":"Ramazanska \u010destitka reisu-l-uleme","datePublished":"2010-08-11T10:12:16+00:00","mainEntityOfPage":{"@id":"https:\/\/sandzakpress.net\/arhiva\/ramazanska-cestitka-reisu-l-uleme\/"},"wordCount":638,"commentCount":0,"publisher":{"@id":"https:\/\/sandzakpress.net\/arhiva\/#\/schema\/person\/6e72b67d6e51910a1117b3b483ba20bd"},"image":{"@id":"https:\/\/sandzakpress.net\/arhiva\/ramazanska-cestitka-reisu-l-uleme\/#primaryimage"},"thumbnailUrl":"https:\/\/sandzakpress.net\/arhiva\/wp-content\/uploads\/2010\/08\/reis-ramazanska-cestitka-2010.jpg","articleSection":["Islamska zajednica"],"inLanguage":"bs-BA","potentialAction":[{"@type":"CommentAction","name":"Comment","target":["https:\/\/sandzakpress.net\/arhiva\/ramazanska-cestitka-reisu-l-uleme\/#respond"]}]},{"@type":"WebPage","@id":"https:\/\/sandzakpress.net\/arhiva\/ramazanska-cestitka-reisu-l-uleme\/","url":"https:\/\/sandzakpress.net\/arhiva\/ramazanska-cestitka-reisu-l-uleme\/","name":"Ramazanska \u010destitka reisu-l-uleme","isPartOf":{"@id":"https:\/\/sandzakpress.net\/arhiva\/#website"},"primaryImageOfPage":{"@id":"https:\/\/sandzakpress.net\/arhiva\/ramazanska-cestitka-reisu-l-uleme\/#primaryimage"},"image":{"@id":"https:\/\/sandzakpress.net\/arhiva\/ramazanska-cestitka-reisu-l-uleme\/#primaryimage"},"thumbnailUrl":"https:\/\/sandzakpress.net\/arhiva\/wp-content\/uploads\/2010\/08\/reis-ramazanska-cestitka-2010.jpg","datePublished":"2010-08-11T10:12:16+00:00","breadcrumb":{"@id":"https:\/\/sandzakpress.net\/arhiva\/ramazanska-cestitka-reisu-l-uleme\/#breadcrumb"},"inLanguage":"bs-BA","potentialAction":[{"@type":"ReadAction","target":["https:\/\/sandzakpress.net\/arhiva\/ramazanska-cestitka-reisu-l-uleme\/"]}]},{"@type":"ImageObject","inLanguage":"bs-BA","@id":"https:\/\/sandzakpress.net\/arhiva\/ramazanska-cestitka-reisu-l-uleme\/#primaryimage","url":"https:\/\/sandzakpress.net\/arhiva\/wp-content\/uploads\/2010\/08\/reis-ramazanska-cestitka-2010.jpg","contentUrl":"https:\/\/sandzakpress.net\/arhiva\/wp-content\/uploads\/2010\/08\/reis-ramazanska-cestitka-2010.jpg","width":450,"height":338},{"@type":"BreadcrumbList","@id":"https:\/\/sandzakpress.net\/arhiva\/ramazanska-cestitka-reisu-l-uleme\/#breadcrumb","itemListElement":[{"@type":"ListItem","position":1,"name":"Home","item":"https:\/\/sandzakpress.net\/arhiva\/"},{"@type":"ListItem","position":2,"name":"Ramazanska \u010destitka reisu-l-uleme"}]},{"@type":"WebSite","@id":"https:\/\/sandzakpress.net\/arhiva\/#website","url":"https:\/\/sandzakpress.net\/arhiva\/","name":"Sand\u017eak PRESS","description":"Prve elektronske novine u Sand\u017eaku","publisher":{"@id":"https:\/\/sandzakpress.net\/arhiva\/#\/schema\/person\/6e72b67d6e51910a1117b3b483ba20bd"},"potentialAction":[{"@type":"SearchAction","target":{"@type":"EntryPoint","urlTemplate":"https:\/\/sandzakpress.net\/arhiva\/?s={search_term_string}"},"query-input":{"@type":"PropertyValueSpecification","valueRequired":true,"valueName":"search_term_string"}}],"inLanguage":"bs-BA"},{"@type":["Person","Organization"],"@id":"https:\/\/sandzakpress.net\/arhiva\/#\/schema\/person\/6e72b67d6e51910a1117b3b483ba20bd","name":"Kul","image":{"@type":"ImageObject","inLanguage":"bs-BA","@id":"https:\/\/sandzakpress.net\/arhiva\/#\/schema\/person\/image\/","url":"https:\/\/secure.gravatar.com\/avatar\/42263f39aa27ac04c43cab85c280eb2e?s=96&d=mm&r=pg","contentUrl":"https:\/\/secure.gravatar.com\/avatar\/42263f39aa27ac04c43cab85c280eb2e?s=96&d=mm&r=pg","caption":"Kul"},"logo":{"@id":"https:\/\/sandzakpress.net\/arhiva\/#\/schema\/person\/image\/"}},{"@type":"Person","@id":"https:\/\/sandzakpress.net\/arhiva\/#\/schema\/person\/c8baee722073534b583ea7bdb2e36c02","name":"bosniak","image":{"@type":"ImageObject","inLanguage":"bs-BA","@id":"https:\/\/sandzakpress.net\/arhiva\/#\/schema\/person\/image\/","url":"https:\/\/secure.gravatar.com\/avatar\/a04fd330bfe3a36a72a0ad4a6d89fca7?s=96&d=mm&r=pg","contentUrl":"https:\/\/secure.gravatar.com\/avatar\/a04fd330bfe3a36a72a0ad4a6d89fca7?s=96&d=mm&r=pg","caption":"bosniak"},"url":"https:\/\/sandzakpress.net\/arhiva\/author\/bosniak\/"}]}},"_links":{"self":[{"href":"https:\/\/sandzakpress.net\/arhiva\/wp-json\/wp\/v2\/posts\/6757"}],"collection":[{"href":"https:\/\/sandzakpress.net\/arhiva\/wp-json\/wp\/v2\/posts"}],"about":[{"href":"https:\/\/sandzakpress.net\/arhiva\/wp-json\/wp\/v2\/types\/post"}],"author":[{"embeddable":true,"href":"https:\/\/sandzakpress.net\/arhiva\/wp-json\/wp\/v2\/users\/83"}],"replies":[{"embeddable":true,"href":"https:\/\/sandzakpress.net\/arhiva\/wp-json\/wp\/v2\/comments?post=6757"}],"version-history":[{"count":0,"href":"https:\/\/sandzakpress.net\/arhiva\/wp-json\/wp\/v2\/posts\/6757\/revisions"}],"wp:featuredmedia":[{"embeddable":true,"href":"https:\/\/sandzakpress.net\/arhiva\/wp-json\/wp\/v2\/media\/6758"}],"wp:attachment":[{"href":"https:\/\/sandzakpress.net\/arhiva\/wp-json\/wp\/v2\/media?parent=6757"}],"wp:term":[{"taxonomy":"category","embeddable":true,"href":"https:\/\/sandzakpress.net\/arhiva\/wp-json\/wp\/v2\/categories?post=6757"},{"taxonomy":"post_tag","embeddable":true,"href":"https:\/\/sandzakpress.net\/arhiva\/wp-json\/wp\/v2\/tags?post=6757"}],"curies":[{"name":"wp","href":"https:\/\/api.w.org\/{rel}","templated":true}]}}