{"id":6754,"date":"2010-08-11T10:09:59","date_gmt":"2010-08-11T10:09:59","guid":{"rendered":"https:\/\/sandzakpress.net\/arhiva\/?p=6754"},"modified":"2010-08-11T10:09:59","modified_gmt":"2010-08-11T10:09:59","slug":"preporuke-reisu-l-uleme-imamima","status":"publish","type":"post","link":"https:\/\/sandzakpress.net\/arhiva\/preporuke-reisu-l-uleme-imamima\/","title":{"rendered":"Preporuke reisu-l-uleme imamima"},"content":{"rendered":"<p><a href=\"https:\/\/sandzakpress.net\/arhiva\/wp-content\/uploads\/2010\/08\/reisu-l-ulema-ceri01c.jpg\"><img loading=\"lazy\" decoding=\"async\" class=\"alignleft size-medium wp-image-6755\" title=\"reisu-l-ulema-ceri01c\" src=\"https:\/\/sandzakpress.net\/arhiva\/wp-content\/uploads\/2010\/08\/reisu-l-ulema-ceri01c-300x168.jpg\" alt=\"\" width=\"300\" height=\"168\" \/><\/a><\/p>\n<p><strong>Po\u0161tovani imami! <\/strong><\/p>\n<p>Pred nama je, ako Bog da, ramazan-i \u0161erif, mjesec Allahovog rahmeta i magfireta.<\/p>\n<p>Neizmjerno smo zahvalni Uzvi\u0161enom Allahu \u0161to \u0107e nam pru\u017eiti priliku da Mu u ovom blagoslovljenom mjesecu iska\u017eemo iskrenu\u00a0 ljubav i pokornost, i omogu\u010diti da nam ramazanski ibadeti budu inspiracija aktivnosti na promicanju dobra, a odvra\u0107anju od lo\u0161ih djela i poroka.<!--more--><\/p>\n<p>U to ime, Rijaset Islamske zajednice u BiH koristi priliku da, u povodu nastupaju\u0107eg ramazani \u0161erifa, izrazi svoje \u010destitke svim imamima i d\u017eematlijama, \u010dine\u0107i dovu Uzvi\u0161enom Allahu da nam podari zdravlje kako bi ramazan, kao istinski ibadetski ugo\u0111aj, proveli u iskrenim ibadetima u kojima \u0107emo Ga moliti za sebe, na\u0161e porodice, na\u0161u u\u017eu i \u0161iru zajednicu, za na\u0161u Domovinu i cijeli islamski Ummet.<\/p>\n<p>Kao glavni imami, imamima i teravih-imamima na podru\u010dju Islamske zajednice u Bosni i Hercegovini posebno vam \u00a0ukazujemo na sljede\u0107e:<\/p>\n<ul>\n<li>ramazan      \u00a0predstavlja naro\u010dit mjesec u njegovom ibadetskom izrazu i imami      trebaju o tome voditi ra\u010duna;<\/li>\n<\/ul>\n<ul>\n<li>imam      koji predvodi d\u017eemat, po ovla\u0161tenju reisu-l-uleme, doma\u0107in je u d\u017eamiji i      odgovoran je za \u010duvanje svetosti d\u017eamije i njenih \u010dasnih simbola kao \u0161to      su: mihrab, minber i \u0107urs;<\/li>\n<\/ul>\n<ol>\n<li>sve      d\u017eematlije imaju pravo da se u d\u017eamiji osje\u0107aju ugodno, a imam je du\u017ean      voditi ra\u010duna da svojim postupcima ne izaziva nelagodu kod d\u017eematlija,      posebno kada su u pitanju njihova razli\u010dita politi\u010dka opredjeljenja;<\/li>\n<li>d\u017eematlije      su u d\u017eamiji poradi svojih duhovnih potreba i imam kao njihov duhovni      predvodnik mora nastojati da ih svojim znanjem i pona\u0161anjem inspiri\u0161e da u      d\u017eamijskom ambijentu u\u017eivaju u ljepoti islama i blagodatima ramazana.<\/li>\n<\/ol>\n<p>Na kraju, uz rije\u010di: <strong><em>Ramazan \u0161erif mubarek olsun!<\/em><\/strong> Toplo vas selamimo i upu\u0107ujemo\u00a0izraze na\u0161eg po\u0161tovanja i zahvalnosti na saradnji.<\/p>\n<p>Reisu-l-ulema<\/p>\n<p>dr. Mustafa Ceri\u0107<\/p>\n","protected":false},"excerpt":{"rendered":"<p>Po\u0161tovani imami! Pred nama je, ako Bog da, ramazan-i \u0161erif, mjesec Allahovog rahmeta i magfireta. Neizmjerno smo zahvalni Uzvi\u0161enom Allahu \u0161to \u0107e nam pru\u017eiti priliku da Mu u ovom blagoslovljenom mjesecu iska\u017eemo iskrenu\u00a0 ljubav i pokornost, i omogu\u010diti da nam ramazanski ibadeti budu inspiracija aktivnosti na promicanju dobra, a odvra\u0107anju od lo\u0161ih djela i poroka.<\/p>\n","protected":false},"author":83,"featured_media":6755,"comment_status":"open","ping_status":"open","sticky":false,"template":"","format":"standard","meta":{"footnotes":""},"categories":[802],"tags":[],"class_list":{"0":"post-6754","1":"post","2":"type-post","3":"status-publish","4":"format-standard","5":"has-post-thumbnail","7":"category-islamska_zajednica"},"yoast_head":"<!-- This site is optimized with the Yoast SEO Premium plugin v23.1 (Yoast SEO v24.9) - https:\/\/yoast.com\/wordpress\/plugins\/seo\/ -->\n<title>Preporuke reisu-l-uleme imamima<\/title>\n<meta name=\"robots\" content=\"index, follow, max-snippet:-1, max-image-preview:large, max-video-preview:-1\" \/>\n<link rel=\"canonical\" href=\"https:\/\/sandzakpress.net\/arhiva\/preporuke-reisu-l-uleme-imamima\/\" \/>\n<meta property=\"og:locale\" content=\"bs_BA\" \/>\n<meta property=\"og:type\" content=\"article\" \/>\n<meta property=\"og:title\" content=\"Preporuke reisu-l-uleme imamima\" \/>\n<meta property=\"og:description\" content=\"Po\u0161tovani imami! Pred nama je, ako Bog da, ramazan-i \u0161erif, mjesec Allahovog rahmeta i magfireta. Neizmjerno smo zahvalni Uzvi\u0161enom Allahu \u0161to \u0107e nam pru\u017eiti priliku da Mu u ovom blagoslovljenom mjesecu iska\u017eemo iskrenu\u00a0 ljubav i pokornost, i omogu\u010diti da nam ramazanski ibadeti budu inspiracija aktivnosti na promicanju dobra, a odvra\u0107anju od lo\u0161ih djela i poroka.\" \/>\n<meta property=\"og:url\" content=\"https:\/\/sandzakpress.net\/arhiva\/preporuke-reisu-l-uleme-imamima\/\" \/>\n<meta property=\"og:site_name\" content=\"Sand\u017eak PRESS\" \/>\n<meta property=\"article:published_time\" content=\"2010-08-11T10:09:59+00:00\" \/>\n<meta property=\"og:image\" content=\"https:\/\/sandzakpress.net\/arhiva\/wp-content\/uploads\/2010\/08\/reisu-l-ulema-ceri01c.jpg\" \/>\n\t<meta property=\"og:image:width\" content=\"616\" \/>\n\t<meta property=\"og:image:height\" content=\"345\" \/>\n\t<meta property=\"og:image:type\" content=\"image\/jpeg\" \/>\n<meta name=\"author\" content=\"bosniak\" \/>\n<meta name=\"twitter:card\" content=\"summary_large_image\" \/>\n<meta name=\"twitter:label1\" content=\"Written by\" \/>\n\t<meta name=\"twitter:data1\" content=\"bosniak\" \/>\n\t<meta name=\"twitter:label2\" content=\"Est. reading time\" \/>\n\t<meta name=\"twitter:data2\" content=\"2 minute\" \/>\n<script type=\"application\/ld+json\" class=\"yoast-schema-graph\">{\"@context\":\"https:\/\/schema.org\",\"@graph\":[{\"@type\":\"Article\",\"@id\":\"https:\/\/sandzakpress.net\/arhiva\/preporuke-reisu-l-uleme-imamima\/#article\",\"isPartOf\":{\"@id\":\"https:\/\/sandzakpress.net\/arhiva\/preporuke-reisu-l-uleme-imamima\/\"},\"author\":{\"name\":\"bosniak\",\"@id\":\"https:\/\/sandzakpress.net\/arhiva\/#\/schema\/person\/c8baee722073534b583ea7bdb2e36c02\"},\"headline\":\"Preporuke reisu-l-uleme imamima\",\"datePublished\":\"2010-08-11T10:09:59+00:00\",\"mainEntityOfPage\":{\"@id\":\"https:\/\/sandzakpress.net\/arhiva\/preporuke-reisu-l-uleme-imamima\/\"},\"wordCount\":318,\"commentCount\":0,\"publisher\":{\"@id\":\"https:\/\/sandzakpress.net\/arhiva\/#\/schema\/person\/6e72b67d6e51910a1117b3b483ba20bd\"},\"image\":{\"@id\":\"https:\/\/sandzakpress.net\/arhiva\/preporuke-reisu-l-uleme-imamima\/#primaryimage\"},\"thumbnailUrl\":\"https:\/\/sandzakpress.net\/arhiva\/wp-content\/uploads\/2010\/08\/reisu-l-ulema-ceri01c.jpg\",\"articleSection\":[\"Islamska zajednica\"],\"inLanguage\":\"bs-BA\",\"potentialAction\":[{\"@type\":\"CommentAction\",\"name\":\"Comment\",\"target\":[\"https:\/\/sandzakpress.net\/arhiva\/preporuke-reisu-l-uleme-imamima\/#respond\"]}]},{\"@type\":\"WebPage\",\"@id\":\"https:\/\/sandzakpress.net\/arhiva\/preporuke-reisu-l-uleme-imamima\/\",\"url\":\"https:\/\/sandzakpress.net\/arhiva\/preporuke-reisu-l-uleme-imamima\/\",\"name\":\"Preporuke reisu-l-uleme imamima\",\"isPartOf\":{\"@id\":\"https:\/\/sandzakpress.net\/arhiva\/#website\"},\"primaryImageOfPage\":{\"@id\":\"https:\/\/sandzakpress.net\/arhiva\/preporuke-reisu-l-uleme-imamima\/#primaryimage\"},\"image\":{\"@id\":\"https:\/\/sandzakpress.net\/arhiva\/preporuke-reisu-l-uleme-imamima\/#primaryimage\"},\"thumbnailUrl\":\"https:\/\/sandzakpress.net\/arhiva\/wp-content\/uploads\/2010\/08\/reisu-l-ulema-ceri01c.jpg\",\"datePublished\":\"2010-08-11T10:09:59+00:00\",\"breadcrumb\":{\"@id\":\"https:\/\/sandzakpress.net\/arhiva\/preporuke-reisu-l-uleme-imamima\/#breadcrumb\"},\"inLanguage\":\"bs-BA\",\"potentialAction\":[{\"@type\":\"ReadAction\",\"target\":[\"https:\/\/sandzakpress.net\/arhiva\/preporuke-reisu-l-uleme-imamima\/\"]}]},{\"@type\":\"ImageObject\",\"inLanguage\":\"bs-BA\",\"@id\":\"https:\/\/sandzakpress.net\/arhiva\/preporuke-reisu-l-uleme-imamima\/#primaryimage\",\"url\":\"https:\/\/sandzakpress.net\/arhiva\/wp-content\/uploads\/2010\/08\/reisu-l-ulema-ceri01c.jpg\",\"contentUrl\":\"https:\/\/sandzakpress.net\/arhiva\/wp-content\/uploads\/2010\/08\/reisu-l-ulema-ceri01c.jpg\",\"width\":616,\"height\":345},{\"@type\":\"BreadcrumbList\",\"@id\":\"https:\/\/sandzakpress.net\/arhiva\/preporuke-reisu-l-uleme-imamima\/#breadcrumb\",\"itemListElement\":[{\"@type\":\"ListItem\",\"position\":1,\"name\":\"Home\",\"item\":\"https:\/\/sandzakpress.net\/arhiva\/\"},{\"@type\":\"ListItem\",\"position\":2,\"name\":\"Preporuke reisu-l-uleme imamima\"}]},{\"@type\":\"WebSite\",\"@id\":\"https:\/\/sandzakpress.net\/arhiva\/#website\",\"url\":\"https:\/\/sandzakpress.net\/arhiva\/\",\"name\":\"Sand\u017eak PRESS\",\"description\":\"Prve elektronske novine u Sand\u017eaku\",\"publisher\":{\"@id\":\"https:\/\/sandzakpress.net\/arhiva\/#\/schema\/person\/6e72b67d6e51910a1117b3b483ba20bd\"},\"potentialAction\":[{\"@type\":\"SearchAction\",\"target\":{\"@type\":\"EntryPoint\",\"urlTemplate\":\"https:\/\/sandzakpress.net\/arhiva\/?s={search_term_string}\"},\"query-input\":{\"@type\":\"PropertyValueSpecification\",\"valueRequired\":true,\"valueName\":\"search_term_string\"}}],\"inLanguage\":\"bs-BA\"},{\"@type\":[\"Person\",\"Organization\"],\"@id\":\"https:\/\/sandzakpress.net\/arhiva\/#\/schema\/person\/6e72b67d6e51910a1117b3b483ba20bd\",\"name\":\"Kul\",\"image\":{\"@type\":\"ImageObject\",\"inLanguage\":\"bs-BA\",\"@id\":\"https:\/\/sandzakpress.net\/arhiva\/#\/schema\/person\/image\/\",\"url\":\"https:\/\/secure.gravatar.com\/avatar\/42263f39aa27ac04c43cab85c280eb2e?s=96&d=mm&r=pg\",\"contentUrl\":\"https:\/\/secure.gravatar.com\/avatar\/42263f39aa27ac04c43cab85c280eb2e?s=96&d=mm&r=pg\",\"caption\":\"Kul\"},\"logo\":{\"@id\":\"https:\/\/sandzakpress.net\/arhiva\/#\/schema\/person\/image\/\"}},{\"@type\":\"Person\",\"@id\":\"https:\/\/sandzakpress.net\/arhiva\/#\/schema\/person\/c8baee722073534b583ea7bdb2e36c02\",\"name\":\"bosniak\",\"image\":{\"@type\":\"ImageObject\",\"inLanguage\":\"bs-BA\",\"@id\":\"https:\/\/sandzakpress.net\/arhiva\/#\/schema\/person\/image\/\",\"url\":\"https:\/\/secure.gravatar.com\/avatar\/a04fd330bfe3a36a72a0ad4a6d89fca7?s=96&d=mm&r=pg\",\"contentUrl\":\"https:\/\/secure.gravatar.com\/avatar\/a04fd330bfe3a36a72a0ad4a6d89fca7?s=96&d=mm&r=pg\",\"caption\":\"bosniak\"},\"url\":\"https:\/\/sandzakpress.net\/arhiva\/author\/bosniak\/\"}]}<\/script>\n<!-- \/ Yoast SEO Premium plugin. -->","yoast_head_json":{"title":"Preporuke reisu-l-uleme imamima","robots":{"index":"index","follow":"follow","max-snippet":"max-snippet:-1","max-image-preview":"max-image-preview:large","max-video-preview":"max-video-preview:-1"},"canonical":"https:\/\/sandzakpress.net\/arhiva\/preporuke-reisu-l-uleme-imamima\/","og_locale":"bs_BA","og_type":"article","og_title":"Preporuke reisu-l-uleme imamima","og_description":"Po\u0161tovani imami! Pred nama je, ako Bog da, ramazan-i \u0161erif, mjesec Allahovog rahmeta i magfireta. Neizmjerno smo zahvalni Uzvi\u0161enom Allahu \u0161to \u0107e nam pru\u017eiti priliku da Mu u ovom blagoslovljenom mjesecu iska\u017eemo iskrenu\u00a0 ljubav i pokornost, i omogu\u010diti da nam ramazanski ibadeti budu inspiracija aktivnosti na promicanju dobra, a odvra\u0107anju od lo\u0161ih djela i poroka.","og_url":"https:\/\/sandzakpress.net\/arhiva\/preporuke-reisu-l-uleme-imamima\/","og_site_name":"Sand\u017eak PRESS","article_published_time":"2010-08-11T10:09:59+00:00","og_image":[{"width":616,"height":345,"url":"https:\/\/sandzakpress.net\/arhiva\/wp-content\/uploads\/2010\/08\/reisu-l-ulema-ceri01c.jpg","type":"image\/jpeg"}],"author":"bosniak","twitter_card":"summary_large_image","twitter_misc":{"Written by":"bosniak","Est. reading time":"2 minute"},"schema":{"@context":"https:\/\/schema.org","@graph":[{"@type":"Article","@id":"https:\/\/sandzakpress.net\/arhiva\/preporuke-reisu-l-uleme-imamima\/#article","isPartOf":{"@id":"https:\/\/sandzakpress.net\/arhiva\/preporuke-reisu-l-uleme-imamima\/"},"author":{"name":"bosniak","@id":"https:\/\/sandzakpress.net\/arhiva\/#\/schema\/person\/c8baee722073534b583ea7bdb2e36c02"},"headline":"Preporuke reisu-l-uleme imamima","datePublished":"2010-08-11T10:09:59+00:00","mainEntityOfPage":{"@id":"https:\/\/sandzakpress.net\/arhiva\/preporuke-reisu-l-uleme-imamima\/"},"wordCount":318,"commentCount":0,"publisher":{"@id":"https:\/\/sandzakpress.net\/arhiva\/#\/schema\/person\/6e72b67d6e51910a1117b3b483ba20bd"},"image":{"@id":"https:\/\/sandzakpress.net\/arhiva\/preporuke-reisu-l-uleme-imamima\/#primaryimage"},"thumbnailUrl":"https:\/\/sandzakpress.net\/arhiva\/wp-content\/uploads\/2010\/08\/reisu-l-ulema-ceri01c.jpg","articleSection":["Islamska zajednica"],"inLanguage":"bs-BA","potentialAction":[{"@type":"CommentAction","name":"Comment","target":["https:\/\/sandzakpress.net\/arhiva\/preporuke-reisu-l-uleme-imamima\/#respond"]}]},{"@type":"WebPage","@id":"https:\/\/sandzakpress.net\/arhiva\/preporuke-reisu-l-uleme-imamima\/","url":"https:\/\/sandzakpress.net\/arhiva\/preporuke-reisu-l-uleme-imamima\/","name":"Preporuke reisu-l-uleme imamima","isPartOf":{"@id":"https:\/\/sandzakpress.net\/arhiva\/#website"},"primaryImageOfPage":{"@id":"https:\/\/sandzakpress.net\/arhiva\/preporuke-reisu-l-uleme-imamima\/#primaryimage"},"image":{"@id":"https:\/\/sandzakpress.net\/arhiva\/preporuke-reisu-l-uleme-imamima\/#primaryimage"},"thumbnailUrl":"https:\/\/sandzakpress.net\/arhiva\/wp-content\/uploads\/2010\/08\/reisu-l-ulema-ceri01c.jpg","datePublished":"2010-08-11T10:09:59+00:00","breadcrumb":{"@id":"https:\/\/sandzakpress.net\/arhiva\/preporuke-reisu-l-uleme-imamima\/#breadcrumb"},"inLanguage":"bs-BA","potentialAction":[{"@type":"ReadAction","target":["https:\/\/sandzakpress.net\/arhiva\/preporuke-reisu-l-uleme-imamima\/"]}]},{"@type":"ImageObject","inLanguage":"bs-BA","@id":"https:\/\/sandzakpress.net\/arhiva\/preporuke-reisu-l-uleme-imamima\/#primaryimage","url":"https:\/\/sandzakpress.net\/arhiva\/wp-content\/uploads\/2010\/08\/reisu-l-ulema-ceri01c.jpg","contentUrl":"https:\/\/sandzakpress.net\/arhiva\/wp-content\/uploads\/2010\/08\/reisu-l-ulema-ceri01c.jpg","width":616,"height":345},{"@type":"BreadcrumbList","@id":"https:\/\/sandzakpress.net\/arhiva\/preporuke-reisu-l-uleme-imamima\/#breadcrumb","itemListElement":[{"@type":"ListItem","position":1,"name":"Home","item":"https:\/\/sandzakpress.net\/arhiva\/"},{"@type":"ListItem","position":2,"name":"Preporuke reisu-l-uleme imamima"}]},{"@type":"WebSite","@id":"https:\/\/sandzakpress.net\/arhiva\/#website","url":"https:\/\/sandzakpress.net\/arhiva\/","name":"Sand\u017eak PRESS","description":"Prve elektronske novine u Sand\u017eaku","publisher":{"@id":"https:\/\/sandzakpress.net\/arhiva\/#\/schema\/person\/6e72b67d6e51910a1117b3b483ba20bd"},"potentialAction":[{"@type":"SearchAction","target":{"@type":"EntryPoint","urlTemplate":"https:\/\/sandzakpress.net\/arhiva\/?s={search_term_string}"},"query-input":{"@type":"PropertyValueSpecification","valueRequired":true,"valueName":"search_term_string"}}],"inLanguage":"bs-BA"},{"@type":["Person","Organization"],"@id":"https:\/\/sandzakpress.net\/arhiva\/#\/schema\/person\/6e72b67d6e51910a1117b3b483ba20bd","name":"Kul","image":{"@type":"ImageObject","inLanguage":"bs-BA","@id":"https:\/\/sandzakpress.net\/arhiva\/#\/schema\/person\/image\/","url":"https:\/\/secure.gravatar.com\/avatar\/42263f39aa27ac04c43cab85c280eb2e?s=96&d=mm&r=pg","contentUrl":"https:\/\/secure.gravatar.com\/avatar\/42263f39aa27ac04c43cab85c280eb2e?s=96&d=mm&r=pg","caption":"Kul"},"logo":{"@id":"https:\/\/sandzakpress.net\/arhiva\/#\/schema\/person\/image\/"}},{"@type":"Person","@id":"https:\/\/sandzakpress.net\/arhiva\/#\/schema\/person\/c8baee722073534b583ea7bdb2e36c02","name":"bosniak","image":{"@type":"ImageObject","inLanguage":"bs-BA","@id":"https:\/\/sandzakpress.net\/arhiva\/#\/schema\/person\/image\/","url":"https:\/\/secure.gravatar.com\/avatar\/a04fd330bfe3a36a72a0ad4a6d89fca7?s=96&d=mm&r=pg","contentUrl":"https:\/\/secure.gravatar.com\/avatar\/a04fd330bfe3a36a72a0ad4a6d89fca7?s=96&d=mm&r=pg","caption":"bosniak"},"url":"https:\/\/sandzakpress.net\/arhiva\/author\/bosniak\/"}]}},"_links":{"self":[{"href":"https:\/\/sandzakpress.net\/arhiva\/wp-json\/wp\/v2\/posts\/6754"}],"collection":[{"href":"https:\/\/sandzakpress.net\/arhiva\/wp-json\/wp\/v2\/posts"}],"about":[{"href":"https:\/\/sandzakpress.net\/arhiva\/wp-json\/wp\/v2\/types\/post"}],"author":[{"embeddable":true,"href":"https:\/\/sandzakpress.net\/arhiva\/wp-json\/wp\/v2\/users\/83"}],"replies":[{"embeddable":true,"href":"https:\/\/sandzakpress.net\/arhiva\/wp-json\/wp\/v2\/comments?post=6754"}],"version-history":[{"count":0,"href":"https:\/\/sandzakpress.net\/arhiva\/wp-json\/wp\/v2\/posts\/6754\/revisions"}],"wp:featuredmedia":[{"embeddable":true,"href":"https:\/\/sandzakpress.net\/arhiva\/wp-json\/wp\/v2\/media\/6755"}],"wp:attachment":[{"href":"https:\/\/sandzakpress.net\/arhiva\/wp-json\/wp\/v2\/media?parent=6754"}],"wp:term":[{"taxonomy":"category","embeddable":true,"href":"https:\/\/sandzakpress.net\/arhiva\/wp-json\/wp\/v2\/categories?post=6754"},{"taxonomy":"post_tag","embeddable":true,"href":"https:\/\/sandzakpress.net\/arhiva\/wp-json\/wp\/v2\/tags?post=6754"}],"curies":[{"name":"wp","href":"https:\/\/api.w.org\/{rel}","templated":true}]}}