{"id":67525,"date":"2013-02-25T15:20:33","date_gmt":"2013-02-25T14:20:33","guid":{"rendered":"https:\/\/sandzakpress.net\/arhiva\/?p=67525"},"modified":"2013-02-25T15:20:33","modified_gmt":"2013-02-25T14:20:33","slug":"mahmutovic-pravoslavno-groblje-spremno-za-koriscenje","status":"publish","type":"post","link":"https:\/\/sandzakpress.net\/arhiva\/mahmutovic-pravoslavno-groblje-spremno-za-koriscenje\/","title":{"rendered":"Mahmutovi\u0107: Pravoslavno groblje spremno za kori\u0161\u0107enje"},"content":{"rendered":"<p><strong><a href=\"https:\/\/sandzakpress.net\/arhiva\/wp-content\/uploads\/2013\/02\/9462c3e6bb9ef02032165a9e50a578db_M.jpg\"><img loading=\"lazy\" decoding=\"async\" class=\"alignleft size-medium wp-image-67526\" title=\"9462c3e6bb9ef02032165a9e50a578db_M\" src=\"https:\/\/sandzakpress.net\/arhiva\/wp-content\/uploads\/2013\/02\/9462c3e6bb9ef02032165a9e50a578db_M-300x174.jpg\" alt=\"\" width=\"300\" height=\"174\" \/><\/a>Novi Pazar &#8211; Gradona\u010delnik Novog Pazara Meho Mahmutovi\u0107 izjavio je danas da je novo pravoslavno groblje kod Petrove crkve spremno za kori\u0161\u0107enje i da su rije\u0161eni pravni problemi.<br \/>\n<\/strong><br \/>\nOn je u izjavi za radio Sto plus istakao da su gra\u0111evinski radovi (parcelisanje, ogra\u0111ivanje, dovo\u0111enje vode, struje i kanalizacije) zavr\u0161eni, kao i da su svi problemi pravne prirode prakti\u010dno rije\u0161eni.<\/p>\n<p>Mahmutovi\u0107 je rekao da \u0107e u narednom periodu ovo groblje biti predato na kori\u0161\u0107enje JKP Gradska \u010disto\u0107a koje \u0107e obavljati poslove sahranjivanja i odr\u017eavanja.<\/p>\n<p>&#8220;Groblje je pripremljeno. Grad \u0107e, zbog postojanja sujeverja oko toga ko \u0107e prvi biti sahranjen, finansirati izgradnju prvih pet grobnica. Ostalo je da se po\u010detkom gra\u0111evinske sezone postavi kapija i, zbog slabog pritiska, pusti u rad pumpa za vodu&#8221;, kazao je Mahmutovi\u0107.<\/p>\n<p>On je dodao i da \u0107e grad finansirati odr\u017eavanje pumpe i potro\u0161nju vode, \u010dime \u0107e osloboditi obaveza oko 15 doma\u0107instava koja se snabdijevaju s tog priklju\u010dka.<\/p>\n<p>Protojerej Srpske pravoslavne crkve (SPC) u Novom Pazaru Tomislav Milenkovi\u0107 za Sto plus ranije je izjavio da aktiviranje groblja kod Petrove crkve ko\u010di samo potpis \u010delnika lokalne samouprave na ugovoru kojim se crkvena parcela daje gradu na kori\u0161\u0107enje.<\/p>\n<p>&#8220;Sva neophodna dokumentacija je spremna i to se mo\u017ee zavr\u0161iti za pola sata. Odr\u017eavanje svih grobalja u Novom Pazaru je u nadle\u017enosti JKP &#8216;Gradska \u010disto\u0107a&#8217;, pa je na op\u0161tini da re\u0161i problem&#8221;, rekao je tada Milenkovi\u0107.<\/p>\n<p>Sada\u0161nje pravoslavno groblje u naselju \u0160estovo jo\u0161 prije desetak godina bilo je puno i bez slobodnih grobnih mjesta, pa je sve\u0161tenstvo SPC zbog neadekvatnog sahranjivanja pod svakodnevnih pritiskom vernika.<\/p>\n<p>(RadioStoPlus)<\/p>\n","protected":false},"excerpt":{"rendered":"<p>Novi Pazar &#8211; Gradona\u010delnik Novog Pazara Meho Mahmutovi\u0107 izjavio je danas da je novo pravoslavno groblje kod Petrove crkve spremno za kori\u0161\u0107enje i da su rije\u0161eni pravni problemi. On je u izjavi za radio Sto plus istakao da su gra\u0111evinski radovi (parcelisanje, ogra\u0111ivanje, dovo\u0111enje vode, struje i kanalizacije) zavr\u0161eni, kao i da su svi problemi [&hellip;]<\/p>\n","protected":false},"author":16,"featured_media":67526,"comment_status":"open","ping_status":"open","sticky":false,"template":"","format":"standard","meta":{"footnotes":""},"categories":[72,1],"tags":[],"class_list":{"0":"post-67525","1":"post","2":"type-post","3":"status-publish","4":"format-standard","5":"has-post-thumbnail","7":"category-novi-pazar","8":"category-politika"},"yoast_head":"<!-- This site is optimized with the Yoast SEO Premium plugin v23.1 (Yoast SEO v24.9) - https:\/\/yoast.com\/wordpress\/plugins\/seo\/ -->\n<title>Mahmutovi\u0107: Pravoslavno groblje spremno za kori\u0161\u0107enje<\/title>\n<meta name=\"robots\" content=\"index, follow, max-snippet:-1, max-image-preview:large, max-video-preview:-1\" \/>\n<link rel=\"canonical\" href=\"https:\/\/sandzakpress.net\/arhiva\/mahmutovic-pravoslavno-groblje-spremno-za-koriscenje\/\" \/>\n<meta property=\"og:locale\" content=\"bs_BA\" \/>\n<meta property=\"og:type\" content=\"article\" \/>\n<meta property=\"og:title\" content=\"Mahmutovi\u0107: Pravoslavno groblje spremno za kori\u0161\u0107enje\" \/>\n<meta property=\"og:description\" content=\"Novi Pazar &#8211; Gradona\u010delnik Novog Pazara Meho Mahmutovi\u0107 izjavio je danas da je novo pravoslavno groblje kod Petrove crkve spremno za kori\u0161\u0107enje i da su rije\u0161eni pravni problemi. On je u izjavi za radio Sto plus istakao da su gra\u0111evinski radovi (parcelisanje, ogra\u0111ivanje, dovo\u0111enje vode, struje i kanalizacije) zavr\u0161eni, kao i da su svi problemi [&hellip;]\" \/>\n<meta property=\"og:url\" content=\"https:\/\/sandzakpress.net\/arhiva\/mahmutovic-pravoslavno-groblje-spremno-za-koriscenje\/\" \/>\n<meta property=\"og:site_name\" content=\"Sand\u017eak PRESS\" \/>\n<meta property=\"article:published_time\" content=\"2013-02-25T14:20:33+00:00\" \/>\n<meta property=\"og:image\" content=\"https:\/\/sandzakpress.net\/arhiva\/wp-content\/uploads\/2013\/02\/9462c3e6bb9ef02032165a9e50a578db_M.jpg\" \/>\n\t<meta property=\"og:image:width\" content=\"310\" \/>\n\t<meta property=\"og:image:height\" content=\"180\" \/>\n\t<meta property=\"og:image:type\" content=\"image\/jpeg\" \/>\n<meta name=\"twitter:card\" content=\"summary_large_image\" \/>\n<meta name=\"twitter:label1\" content=\"Written by\" \/>\n\t<meta name=\"twitter:data1\" content=\"\" \/>\n\t<meta name=\"twitter:label2\" content=\"Est. reading time\" \/>\n\t<meta name=\"twitter:data2\" content=\"1 minuta\" \/>\n<script type=\"application\/ld+json\" class=\"yoast-schema-graph\">{\"@context\":\"https:\/\/schema.org\",\"@graph\":[{\"@type\":\"Article\",\"@id\":\"https:\/\/sandzakpress.net\/arhiva\/mahmutovic-pravoslavno-groblje-spremno-za-koriscenje\/#article\",\"isPartOf\":{\"@id\":\"https:\/\/sandzakpress.net\/arhiva\/mahmutovic-pravoslavno-groblje-spremno-za-koriscenje\/\"},\"author\":{\"name\":\"\",\"@id\":\"\"},\"headline\":\"Mahmutovi\u0107: Pravoslavno groblje spremno za kori\u0161\u0107enje\",\"datePublished\":\"2013-02-25T14:20:33+00:00\",\"mainEntityOfPage\":{\"@id\":\"https:\/\/sandzakpress.net\/arhiva\/mahmutovic-pravoslavno-groblje-spremno-za-koriscenje\/\"},\"wordCount\":290,\"commentCount\":0,\"publisher\":{\"@id\":\"https:\/\/sandzakpress.net\/arhiva\/#\/schema\/person\/6e72b67d6e51910a1117b3b483ba20bd\"},\"image\":{\"@id\":\"https:\/\/sandzakpress.net\/arhiva\/mahmutovic-pravoslavno-groblje-spremno-za-koriscenje\/#primaryimage\"},\"thumbnailUrl\":\"https:\/\/sandzakpress.net\/arhiva\/wp-content\/uploads\/2013\/02\/9462c3e6bb9ef02032165a9e50a578db_M.jpg\",\"articleSection\":[\"Novi Pazar\",\"Politika\"],\"inLanguage\":\"bs-BA\",\"potentialAction\":[{\"@type\":\"CommentAction\",\"name\":\"Comment\",\"target\":[\"https:\/\/sandzakpress.net\/arhiva\/mahmutovic-pravoslavno-groblje-spremno-za-koriscenje\/#respond\"]}]},{\"@type\":\"WebPage\",\"@id\":\"https:\/\/sandzakpress.net\/arhiva\/mahmutovic-pravoslavno-groblje-spremno-za-koriscenje\/\",\"url\":\"https:\/\/sandzakpress.net\/arhiva\/mahmutovic-pravoslavno-groblje-spremno-za-koriscenje\/\",\"name\":\"Mahmutovi\u0107: Pravoslavno groblje spremno za kori\u0161\u0107enje\",\"isPartOf\":{\"@id\":\"https:\/\/sandzakpress.net\/arhiva\/#website\"},\"primaryImageOfPage\":{\"@id\":\"https:\/\/sandzakpress.net\/arhiva\/mahmutovic-pravoslavno-groblje-spremno-za-koriscenje\/#primaryimage\"},\"image\":{\"@id\":\"https:\/\/sandzakpress.net\/arhiva\/mahmutovic-pravoslavno-groblje-spremno-za-koriscenje\/#primaryimage\"},\"thumbnailUrl\":\"https:\/\/sandzakpress.net\/arhiva\/wp-content\/uploads\/2013\/02\/9462c3e6bb9ef02032165a9e50a578db_M.jpg\",\"datePublished\":\"2013-02-25T14:20:33+00:00\",\"breadcrumb\":{\"@id\":\"https:\/\/sandzakpress.net\/arhiva\/mahmutovic-pravoslavno-groblje-spremno-za-koriscenje\/#breadcrumb\"},\"inLanguage\":\"bs-BA\",\"potentialAction\":[{\"@type\":\"ReadAction\",\"target\":[\"https:\/\/sandzakpress.net\/arhiva\/mahmutovic-pravoslavno-groblje-spremno-za-koriscenje\/\"]}]},{\"@type\":\"ImageObject\",\"inLanguage\":\"bs-BA\",\"@id\":\"https:\/\/sandzakpress.net\/arhiva\/mahmutovic-pravoslavno-groblje-spremno-za-koriscenje\/#primaryimage\",\"url\":\"https:\/\/sandzakpress.net\/arhiva\/wp-content\/uploads\/2013\/02\/9462c3e6bb9ef02032165a9e50a578db_M.jpg\",\"contentUrl\":\"https:\/\/sandzakpress.net\/arhiva\/wp-content\/uploads\/2013\/02\/9462c3e6bb9ef02032165a9e50a578db_M.jpg\",\"width\":310,\"height\":180},{\"@type\":\"BreadcrumbList\",\"@id\":\"https:\/\/sandzakpress.net\/arhiva\/mahmutovic-pravoslavno-groblje-spremno-za-koriscenje\/#breadcrumb\",\"itemListElement\":[{\"@type\":\"ListItem\",\"position\":1,\"name\":\"Home\",\"item\":\"https:\/\/sandzakpress.net\/arhiva\/\"},{\"@type\":\"ListItem\",\"position\":2,\"name\":\"Mahmutovi\u0107: Pravoslavno groblje spremno za kori\u0161\u0107enje\"}]},{\"@type\":\"WebSite\",\"@id\":\"https:\/\/sandzakpress.net\/arhiva\/#website\",\"url\":\"https:\/\/sandzakpress.net\/arhiva\/\",\"name\":\"Sand\u017eak PRESS\",\"description\":\"Prve elektronske novine u Sand\u017eaku\",\"publisher\":{\"@id\":\"https:\/\/sandzakpress.net\/arhiva\/#\/schema\/person\/6e72b67d6e51910a1117b3b483ba20bd\"},\"potentialAction\":[{\"@type\":\"SearchAction\",\"target\":{\"@type\":\"EntryPoint\",\"urlTemplate\":\"https:\/\/sandzakpress.net\/arhiva\/?s={search_term_string}\"},\"query-input\":{\"@type\":\"PropertyValueSpecification\",\"valueRequired\":true,\"valueName\":\"search_term_string\"}}],\"inLanguage\":\"bs-BA\"},{\"@type\":[\"Person\",\"Organization\"],\"@id\":\"https:\/\/sandzakpress.net\/arhiva\/#\/schema\/person\/6e72b67d6e51910a1117b3b483ba20bd\",\"name\":\"Kul\",\"image\":{\"@type\":\"ImageObject\",\"inLanguage\":\"bs-BA\",\"@id\":\"https:\/\/sandzakpress.net\/arhiva\/#\/schema\/person\/image\/\",\"url\":\"https:\/\/secure.gravatar.com\/avatar\/42263f39aa27ac04c43cab85c280eb2e?s=96&d=mm&r=pg\",\"contentUrl\":\"https:\/\/secure.gravatar.com\/avatar\/42263f39aa27ac04c43cab85c280eb2e?s=96&d=mm&r=pg\",\"caption\":\"Kul\"},\"logo\":{\"@id\":\"https:\/\/sandzakpress.net\/arhiva\/#\/schema\/person\/image\/\"}},{\"@type\":\"Person\",\"@id\":\"\",\"url\":\"https:\/\/sandzakpress.net\/arhiva\/author\/\"}]}<\/script>\n<!-- \/ Yoast SEO Premium plugin. -->","yoast_head_json":{"title":"Mahmutovi\u0107: Pravoslavno groblje spremno za kori\u0161\u0107enje","robots":{"index":"index","follow":"follow","max-snippet":"max-snippet:-1","max-image-preview":"max-image-preview:large","max-video-preview":"max-video-preview:-1"},"canonical":"https:\/\/sandzakpress.net\/arhiva\/mahmutovic-pravoslavno-groblje-spremno-za-koriscenje\/","og_locale":"bs_BA","og_type":"article","og_title":"Mahmutovi\u0107: Pravoslavno groblje spremno za kori\u0161\u0107enje","og_description":"Novi Pazar &#8211; Gradona\u010delnik Novog Pazara Meho Mahmutovi\u0107 izjavio je danas da je novo pravoslavno groblje kod Petrove crkve spremno za kori\u0161\u0107enje i da su rije\u0161eni pravni problemi. On je u izjavi za radio Sto plus istakao da su gra\u0111evinski radovi (parcelisanje, ogra\u0111ivanje, dovo\u0111enje vode, struje i kanalizacije) zavr\u0161eni, kao i da su svi problemi [&hellip;]","og_url":"https:\/\/sandzakpress.net\/arhiva\/mahmutovic-pravoslavno-groblje-spremno-za-koriscenje\/","og_site_name":"Sand\u017eak PRESS","article_published_time":"2013-02-25T14:20:33+00:00","og_image":[{"width":310,"height":180,"url":"https:\/\/sandzakpress.net\/arhiva\/wp-content\/uploads\/2013\/02\/9462c3e6bb9ef02032165a9e50a578db_M.jpg","type":"image\/jpeg"}],"twitter_card":"summary_large_image","twitter_misc":{"Written by":"","Est. reading time":"1 minuta"},"schema":{"@context":"https:\/\/schema.org","@graph":[{"@type":"Article","@id":"https:\/\/sandzakpress.net\/arhiva\/mahmutovic-pravoslavno-groblje-spremno-za-koriscenje\/#article","isPartOf":{"@id":"https:\/\/sandzakpress.net\/arhiva\/mahmutovic-pravoslavno-groblje-spremno-za-koriscenje\/"},"author":{"name":"","@id":""},"headline":"Mahmutovi\u0107: Pravoslavno groblje spremno za kori\u0161\u0107enje","datePublished":"2013-02-25T14:20:33+00:00","mainEntityOfPage":{"@id":"https:\/\/sandzakpress.net\/arhiva\/mahmutovic-pravoslavno-groblje-spremno-za-koriscenje\/"},"wordCount":290,"commentCount":0,"publisher":{"@id":"https:\/\/sandzakpress.net\/arhiva\/#\/schema\/person\/6e72b67d6e51910a1117b3b483ba20bd"},"image":{"@id":"https:\/\/sandzakpress.net\/arhiva\/mahmutovic-pravoslavno-groblje-spremno-za-koriscenje\/#primaryimage"},"thumbnailUrl":"https:\/\/sandzakpress.net\/arhiva\/wp-content\/uploads\/2013\/02\/9462c3e6bb9ef02032165a9e50a578db_M.jpg","articleSection":["Novi Pazar","Politika"],"inLanguage":"bs-BA","potentialAction":[{"@type":"CommentAction","name":"Comment","target":["https:\/\/sandzakpress.net\/arhiva\/mahmutovic-pravoslavno-groblje-spremno-za-koriscenje\/#respond"]}]},{"@type":"WebPage","@id":"https:\/\/sandzakpress.net\/arhiva\/mahmutovic-pravoslavno-groblje-spremno-za-koriscenje\/","url":"https:\/\/sandzakpress.net\/arhiva\/mahmutovic-pravoslavno-groblje-spremno-za-koriscenje\/","name":"Mahmutovi\u0107: Pravoslavno groblje spremno za kori\u0161\u0107enje","isPartOf":{"@id":"https:\/\/sandzakpress.net\/arhiva\/#website"},"primaryImageOfPage":{"@id":"https:\/\/sandzakpress.net\/arhiva\/mahmutovic-pravoslavno-groblje-spremno-za-koriscenje\/#primaryimage"},"image":{"@id":"https:\/\/sandzakpress.net\/arhiva\/mahmutovic-pravoslavno-groblje-spremno-za-koriscenje\/#primaryimage"},"thumbnailUrl":"https:\/\/sandzakpress.net\/arhiva\/wp-content\/uploads\/2013\/02\/9462c3e6bb9ef02032165a9e50a578db_M.jpg","datePublished":"2013-02-25T14:20:33+00:00","breadcrumb":{"@id":"https:\/\/sandzakpress.net\/arhiva\/mahmutovic-pravoslavno-groblje-spremno-za-koriscenje\/#breadcrumb"},"inLanguage":"bs-BA","potentialAction":[{"@type":"ReadAction","target":["https:\/\/sandzakpress.net\/arhiva\/mahmutovic-pravoslavno-groblje-spremno-za-koriscenje\/"]}]},{"@type":"ImageObject","inLanguage":"bs-BA","@id":"https:\/\/sandzakpress.net\/arhiva\/mahmutovic-pravoslavno-groblje-spremno-za-koriscenje\/#primaryimage","url":"https:\/\/sandzakpress.net\/arhiva\/wp-content\/uploads\/2013\/02\/9462c3e6bb9ef02032165a9e50a578db_M.jpg","contentUrl":"https:\/\/sandzakpress.net\/arhiva\/wp-content\/uploads\/2013\/02\/9462c3e6bb9ef02032165a9e50a578db_M.jpg","width":310,"height":180},{"@type":"BreadcrumbList","@id":"https:\/\/sandzakpress.net\/arhiva\/mahmutovic-pravoslavno-groblje-spremno-za-koriscenje\/#breadcrumb","itemListElement":[{"@type":"ListItem","position":1,"name":"Home","item":"https:\/\/sandzakpress.net\/arhiva\/"},{"@type":"ListItem","position":2,"name":"Mahmutovi\u0107: Pravoslavno groblje spremno za kori\u0161\u0107enje"}]},{"@type":"WebSite","@id":"https:\/\/sandzakpress.net\/arhiva\/#website","url":"https:\/\/sandzakpress.net\/arhiva\/","name":"Sand\u017eak PRESS","description":"Prve elektronske novine u Sand\u017eaku","publisher":{"@id":"https:\/\/sandzakpress.net\/arhiva\/#\/schema\/person\/6e72b67d6e51910a1117b3b483ba20bd"},"potentialAction":[{"@type":"SearchAction","target":{"@type":"EntryPoint","urlTemplate":"https:\/\/sandzakpress.net\/arhiva\/?s={search_term_string}"},"query-input":{"@type":"PropertyValueSpecification","valueRequired":true,"valueName":"search_term_string"}}],"inLanguage":"bs-BA"},{"@type":["Person","Organization"],"@id":"https:\/\/sandzakpress.net\/arhiva\/#\/schema\/person\/6e72b67d6e51910a1117b3b483ba20bd","name":"Kul","image":{"@type":"ImageObject","inLanguage":"bs-BA","@id":"https:\/\/sandzakpress.net\/arhiva\/#\/schema\/person\/image\/","url":"https:\/\/secure.gravatar.com\/avatar\/42263f39aa27ac04c43cab85c280eb2e?s=96&d=mm&r=pg","contentUrl":"https:\/\/secure.gravatar.com\/avatar\/42263f39aa27ac04c43cab85c280eb2e?s=96&d=mm&r=pg","caption":"Kul"},"logo":{"@id":"https:\/\/sandzakpress.net\/arhiva\/#\/schema\/person\/image\/"}},{"@type":"Person","@id":"","url":"https:\/\/sandzakpress.net\/arhiva\/author\/"}]}},"_links":{"self":[{"href":"https:\/\/sandzakpress.net\/arhiva\/wp-json\/wp\/v2\/posts\/67525"}],"collection":[{"href":"https:\/\/sandzakpress.net\/arhiva\/wp-json\/wp\/v2\/posts"}],"about":[{"href":"https:\/\/sandzakpress.net\/arhiva\/wp-json\/wp\/v2\/types\/post"}],"author":[{"embeddable":true,"href":"https:\/\/sandzakpress.net\/arhiva\/wp-json\/wp\/v2\/users\/16"}],"replies":[{"embeddable":true,"href":"https:\/\/sandzakpress.net\/arhiva\/wp-json\/wp\/v2\/comments?post=67525"}],"version-history":[{"count":0,"href":"https:\/\/sandzakpress.net\/arhiva\/wp-json\/wp\/v2\/posts\/67525\/revisions"}],"wp:featuredmedia":[{"embeddable":true,"href":"https:\/\/sandzakpress.net\/arhiva\/wp-json\/wp\/v2\/media\/67526"}],"wp:attachment":[{"href":"https:\/\/sandzakpress.net\/arhiva\/wp-json\/wp\/v2\/media?parent=67525"}],"wp:term":[{"taxonomy":"category","embeddable":true,"href":"https:\/\/sandzakpress.net\/arhiva\/wp-json\/wp\/v2\/categories?post=67525"},{"taxonomy":"post_tag","embeddable":true,"href":"https:\/\/sandzakpress.net\/arhiva\/wp-json\/wp\/v2\/tags?post=67525"}],"curies":[{"name":"wp","href":"https:\/\/api.w.org\/{rel}","templated":true}]}}