{"id":6706,"date":"2010-08-05T19:31:30","date_gmt":"2010-08-05T19:31:30","guid":{"rendered":"https:\/\/sandzakpress.net\/arhiva\/?p=6706"},"modified":"2010-08-05T19:31:30","modified_gmt":"2010-08-05T19:31:30","slug":"dr-dudic-se-satao-iranskim-ambasadorom-delfijem","status":"publish","type":"post","link":"https:\/\/sandzakpress.net\/arhiva\/dr-dudic-se-satao-iranskim-ambasadorom-delfijem\/","title":{"rendered":"Dr. Dudi\u0107 se satao iranskim ambasadorom Delfijem"},"content":{"rendered":"<p><a href=\"https:\/\/sandzakpress.net\/arhiva\/wp-content\/uploads\/2010\/08\/dudic_mevlud-5-150x150.jpg\"><img loading=\"lazy\" decoding=\"async\" class=\"alignleft size-full wp-image-6707\" title=\"dudic_mevlud-5-150x150\" src=\"https:\/\/sandzakpress.net\/arhiva\/wp-content\/uploads\/2010\/08\/dudic_mevlud-5-150x150.jpg\" alt=\"\" width=\"150\" height=\"150\" srcset=\"https:\/\/sandzakpress.net\/arhiva\/wp-content\/uploads\/2010\/08\/dudic_mevlud-5-150x150.jpg 150w, https:\/\/sandzakpress.net\/arhiva\/wp-content\/uploads\/2010\/08\/dudic_mevlud-5-150x150-90x90.jpg 90w, https:\/\/sandzakpress.net\/arhiva\/wp-content\/uploads\/2010\/08\/dudic_mevlud-5-150x150-125x125.jpg 125w\" sizes=\"(max-width: 150px) 100vw, 150px\" \/><\/a><strong>Beograd &#8211; U  ponedjeljak 02.08.2010. god. u popodnevnim satima predsjednik  Bo\u0161nja\u010dkog nacionalnog vije\u0107a prof. dr. Mevlud Dudi\u0107 susreo se sa  novoimenovanim ambasadorom Irana u Beogradu g. Abul Kasimom Delfijem.<img decoding=\"async\" title=\"More...\" src=\"http:\/\/bnv.rs\/wp-includes\/js\/tinymce\/plugins\/wordpress\/img\/trans.gif\" alt=\"\" \/><\/strong><!--more--><\/p>\n<p>U srda\u010dnom razgovoru bilo je rije\u010di o Internacionalnom univerzitetu u  Novom Pazaru, \u010diji je rektor dr. Dudi\u0107, te mogu\u0107nosti saradnje ove  visoko\u0161kolske institucije sa univerzitetima u Iranu.<\/p>\n<p>Iranski diplomata se interesovao i o radu Bo\u0161nja\u010dkog nacionalnog  vije\u0107a, gdje ga je tom prilikom gost upoznao sa poku\u0161ajima opstrukcije  prilikom njegovog konstituisanja od strane Ministarstva za ljudska i  manjinska prava, gaze\u0107i time izbornu volju Bo\u0161njaka u Srbiji.<\/p>\n<p>Sastanak je okon\u010dan obe\u0107anjem iranskog ambasadora da uskoro posjeti  tri temeljne bo\u0161nja\u010dke institucije \u2013 Islamsku zajednicu, Internacionalni  univerzitet i Bo\u0161nja\u010dko nacionalno vije\u0107e.<\/p>\n<p><strong>Izvor: Bnv.rs<\/strong><\/p>\n","protected":false},"excerpt":{"rendered":"<p>Beograd &#8211; U ponedjeljak 02.08.2010. god. u popodnevnim satima predsjednik Bo\u0161nja\u010dkog nacionalnog vije\u0107a prof. dr. Mevlud Dudi\u0107 susreo se sa novoimenovanim ambasadorom Irana u Beogradu g. Abul Kasimom Delfijem.<\/p>\n","protected":false},"author":83,"featured_media":6707,"comment_status":"open","ping_status":"open","sticky":false,"template":"","format":"standard","meta":{"footnotes":""},"categories":[72,5],"tags":[],"class_list":{"0":"post-6706","1":"post","2":"type-post","3":"status-publish","4":"format-standard","5":"has-post-thumbnail","7":"category-novi-pazar","8":"category-drustvo"},"yoast_head":"<!-- This site is optimized with the Yoast SEO Premium plugin v23.1 (Yoast SEO v24.9) - https:\/\/yoast.com\/wordpress\/plugins\/seo\/ -->\n<title>Dr. Dudi\u0107 se satao iranskim ambasadorom Delfijem<\/title>\n<meta name=\"robots\" content=\"index, follow, max-snippet:-1, max-image-preview:large, max-video-preview:-1\" \/>\n<link rel=\"canonical\" href=\"https:\/\/sandzakpress.net\/arhiva\/dr-dudic-se-satao-iranskim-ambasadorom-delfijem\/\" \/>\n<meta property=\"og:locale\" content=\"bs_BA\" \/>\n<meta property=\"og:type\" content=\"article\" \/>\n<meta property=\"og:title\" content=\"Dr. Dudi\u0107 se satao iranskim ambasadorom Delfijem\" \/>\n<meta property=\"og:description\" content=\"Beograd &#8211; U ponedjeljak 02.08.2010. god. u popodnevnim satima predsjednik Bo\u0161nja\u010dkog nacionalnog vije\u0107a prof. dr. Mevlud Dudi\u0107 susreo se sa novoimenovanim ambasadorom Irana u Beogradu g. Abul Kasimom Delfijem.\" \/>\n<meta property=\"og:url\" content=\"https:\/\/sandzakpress.net\/arhiva\/dr-dudic-se-satao-iranskim-ambasadorom-delfijem\/\" \/>\n<meta property=\"og:site_name\" content=\"Sand\u017eak PRESS\" \/>\n<meta property=\"article:published_time\" content=\"2010-08-05T19:31:30+00:00\" \/>\n<meta property=\"og:image\" content=\"https:\/\/sandzakpress.net\/arhiva\/wp-content\/uploads\/2010\/08\/dudic_mevlud-5-150x150.jpg\" \/>\n\t<meta property=\"og:image:width\" content=\"150\" \/>\n\t<meta property=\"og:image:height\" content=\"150\" \/>\n\t<meta property=\"og:image:type\" content=\"image\/jpeg\" \/>\n<meta name=\"author\" content=\"bosniak\" \/>\n<meta name=\"twitter:card\" content=\"summary_large_image\" \/>\n<meta name=\"twitter:label1\" content=\"Written by\" \/>\n\t<meta name=\"twitter:data1\" content=\"bosniak\" \/>\n\t<meta name=\"twitter:label2\" content=\"Est. reading time\" \/>\n\t<meta name=\"twitter:data2\" content=\"1 minuta\" \/>\n<script type=\"application\/ld+json\" class=\"yoast-schema-graph\">{\"@context\":\"https:\/\/schema.org\",\"@graph\":[{\"@type\":\"Article\",\"@id\":\"https:\/\/sandzakpress.net\/arhiva\/dr-dudic-se-satao-iranskim-ambasadorom-delfijem\/#article\",\"isPartOf\":{\"@id\":\"https:\/\/sandzakpress.net\/arhiva\/dr-dudic-se-satao-iranskim-ambasadorom-delfijem\/\"},\"author\":{\"name\":\"bosniak\",\"@id\":\"https:\/\/sandzakpress.net\/arhiva\/#\/schema\/person\/c8baee722073534b583ea7bdb2e36c02\"},\"headline\":\"Dr. Dudi\u0107 se satao iranskim ambasadorom Delfijem\",\"datePublished\":\"2010-08-05T19:31:30+00:00\",\"mainEntityOfPage\":{\"@id\":\"https:\/\/sandzakpress.net\/arhiva\/dr-dudic-se-satao-iranskim-ambasadorom-delfijem\/\"},\"wordCount\":144,\"commentCount\":0,\"publisher\":{\"@id\":\"https:\/\/sandzakpress.net\/arhiva\/#\/schema\/person\/6e72b67d6e51910a1117b3b483ba20bd\"},\"image\":{\"@id\":\"https:\/\/sandzakpress.net\/arhiva\/dr-dudic-se-satao-iranskim-ambasadorom-delfijem\/#primaryimage\"},\"thumbnailUrl\":\"https:\/\/sandzakpress.net\/arhiva\/wp-content\/uploads\/2010\/08\/dudic_mevlud-5-150x150.jpg\",\"articleSection\":[\"Novi Pazar\",\"Dru\u0161tvo\"],\"inLanguage\":\"bs-BA\",\"potentialAction\":[{\"@type\":\"CommentAction\",\"name\":\"Comment\",\"target\":[\"https:\/\/sandzakpress.net\/arhiva\/dr-dudic-se-satao-iranskim-ambasadorom-delfijem\/#respond\"]}]},{\"@type\":\"WebPage\",\"@id\":\"https:\/\/sandzakpress.net\/arhiva\/dr-dudic-se-satao-iranskim-ambasadorom-delfijem\/\",\"url\":\"https:\/\/sandzakpress.net\/arhiva\/dr-dudic-se-satao-iranskim-ambasadorom-delfijem\/\",\"name\":\"Dr. Dudi\u0107 se satao iranskim ambasadorom Delfijem\",\"isPartOf\":{\"@id\":\"https:\/\/sandzakpress.net\/arhiva\/#website\"},\"primaryImageOfPage\":{\"@id\":\"https:\/\/sandzakpress.net\/arhiva\/dr-dudic-se-satao-iranskim-ambasadorom-delfijem\/#primaryimage\"},\"image\":{\"@id\":\"https:\/\/sandzakpress.net\/arhiva\/dr-dudic-se-satao-iranskim-ambasadorom-delfijem\/#primaryimage\"},\"thumbnailUrl\":\"https:\/\/sandzakpress.net\/arhiva\/wp-content\/uploads\/2010\/08\/dudic_mevlud-5-150x150.jpg\",\"datePublished\":\"2010-08-05T19:31:30+00:00\",\"breadcrumb\":{\"@id\":\"https:\/\/sandzakpress.net\/arhiva\/dr-dudic-se-satao-iranskim-ambasadorom-delfijem\/#breadcrumb\"},\"inLanguage\":\"bs-BA\",\"potentialAction\":[{\"@type\":\"ReadAction\",\"target\":[\"https:\/\/sandzakpress.net\/arhiva\/dr-dudic-se-satao-iranskim-ambasadorom-delfijem\/\"]}]},{\"@type\":\"ImageObject\",\"inLanguage\":\"bs-BA\",\"@id\":\"https:\/\/sandzakpress.net\/arhiva\/dr-dudic-se-satao-iranskim-ambasadorom-delfijem\/#primaryimage\",\"url\":\"https:\/\/sandzakpress.net\/arhiva\/wp-content\/uploads\/2010\/08\/dudic_mevlud-5-150x150.jpg\",\"contentUrl\":\"https:\/\/sandzakpress.net\/arhiva\/wp-content\/uploads\/2010\/08\/dudic_mevlud-5-150x150.jpg\",\"width\":150,\"height\":150},{\"@type\":\"BreadcrumbList\",\"@id\":\"https:\/\/sandzakpress.net\/arhiva\/dr-dudic-se-satao-iranskim-ambasadorom-delfijem\/#breadcrumb\",\"itemListElement\":[{\"@type\":\"ListItem\",\"position\":1,\"name\":\"Home\",\"item\":\"https:\/\/sandzakpress.net\/arhiva\/\"},{\"@type\":\"ListItem\",\"position\":2,\"name\":\"Dr. Dudi\u0107 se satao iranskim ambasadorom Delfijem\"}]},{\"@type\":\"WebSite\",\"@id\":\"https:\/\/sandzakpress.net\/arhiva\/#website\",\"url\":\"https:\/\/sandzakpress.net\/arhiva\/\",\"name\":\"Sand\u017eak PRESS\",\"description\":\"Prve elektronske novine u Sand\u017eaku\",\"publisher\":{\"@id\":\"https:\/\/sandzakpress.net\/arhiva\/#\/schema\/person\/6e72b67d6e51910a1117b3b483ba20bd\"},\"potentialAction\":[{\"@type\":\"SearchAction\",\"target\":{\"@type\":\"EntryPoint\",\"urlTemplate\":\"https:\/\/sandzakpress.net\/arhiva\/?s={search_term_string}\"},\"query-input\":{\"@type\":\"PropertyValueSpecification\",\"valueRequired\":true,\"valueName\":\"search_term_string\"}}],\"inLanguage\":\"bs-BA\"},{\"@type\":[\"Person\",\"Organization\"],\"@id\":\"https:\/\/sandzakpress.net\/arhiva\/#\/schema\/person\/6e72b67d6e51910a1117b3b483ba20bd\",\"name\":\"Kul\",\"image\":{\"@type\":\"ImageObject\",\"inLanguage\":\"bs-BA\",\"@id\":\"https:\/\/sandzakpress.net\/arhiva\/#\/schema\/person\/image\/\",\"url\":\"https:\/\/secure.gravatar.com\/avatar\/42263f39aa27ac04c43cab85c280eb2e?s=96&d=mm&r=pg\",\"contentUrl\":\"https:\/\/secure.gravatar.com\/avatar\/42263f39aa27ac04c43cab85c280eb2e?s=96&d=mm&r=pg\",\"caption\":\"Kul\"},\"logo\":{\"@id\":\"https:\/\/sandzakpress.net\/arhiva\/#\/schema\/person\/image\/\"}},{\"@type\":\"Person\",\"@id\":\"https:\/\/sandzakpress.net\/arhiva\/#\/schema\/person\/c8baee722073534b583ea7bdb2e36c02\",\"name\":\"bosniak\",\"image\":{\"@type\":\"ImageObject\",\"inLanguage\":\"bs-BA\",\"@id\":\"https:\/\/sandzakpress.net\/arhiva\/#\/schema\/person\/image\/\",\"url\":\"https:\/\/secure.gravatar.com\/avatar\/a04fd330bfe3a36a72a0ad4a6d89fca7?s=96&d=mm&r=pg\",\"contentUrl\":\"https:\/\/secure.gravatar.com\/avatar\/a04fd330bfe3a36a72a0ad4a6d89fca7?s=96&d=mm&r=pg\",\"caption\":\"bosniak\"},\"url\":\"https:\/\/sandzakpress.net\/arhiva\/author\/bosniak\/\"}]}<\/script>\n<!-- \/ Yoast SEO Premium plugin. -->","yoast_head_json":{"title":"Dr. Dudi\u0107 se satao iranskim ambasadorom Delfijem","robots":{"index":"index","follow":"follow","max-snippet":"max-snippet:-1","max-image-preview":"max-image-preview:large","max-video-preview":"max-video-preview:-1"},"canonical":"https:\/\/sandzakpress.net\/arhiva\/dr-dudic-se-satao-iranskim-ambasadorom-delfijem\/","og_locale":"bs_BA","og_type":"article","og_title":"Dr. Dudi\u0107 se satao iranskim ambasadorom Delfijem","og_description":"Beograd &#8211; U ponedjeljak 02.08.2010. god. u popodnevnim satima predsjednik Bo\u0161nja\u010dkog nacionalnog vije\u0107a prof. dr. Mevlud Dudi\u0107 susreo se sa novoimenovanim ambasadorom Irana u Beogradu g. Abul Kasimom Delfijem.","og_url":"https:\/\/sandzakpress.net\/arhiva\/dr-dudic-se-satao-iranskim-ambasadorom-delfijem\/","og_site_name":"Sand\u017eak PRESS","article_published_time":"2010-08-05T19:31:30+00:00","og_image":[{"width":150,"height":150,"url":"https:\/\/sandzakpress.net\/arhiva\/wp-content\/uploads\/2010\/08\/dudic_mevlud-5-150x150.jpg","type":"image\/jpeg"}],"author":"bosniak","twitter_card":"summary_large_image","twitter_misc":{"Written by":"bosniak","Est. reading time":"1 minuta"},"schema":{"@context":"https:\/\/schema.org","@graph":[{"@type":"Article","@id":"https:\/\/sandzakpress.net\/arhiva\/dr-dudic-se-satao-iranskim-ambasadorom-delfijem\/#article","isPartOf":{"@id":"https:\/\/sandzakpress.net\/arhiva\/dr-dudic-se-satao-iranskim-ambasadorom-delfijem\/"},"author":{"name":"bosniak","@id":"https:\/\/sandzakpress.net\/arhiva\/#\/schema\/person\/c8baee722073534b583ea7bdb2e36c02"},"headline":"Dr. Dudi\u0107 se satao iranskim ambasadorom Delfijem","datePublished":"2010-08-05T19:31:30+00:00","mainEntityOfPage":{"@id":"https:\/\/sandzakpress.net\/arhiva\/dr-dudic-se-satao-iranskim-ambasadorom-delfijem\/"},"wordCount":144,"commentCount":0,"publisher":{"@id":"https:\/\/sandzakpress.net\/arhiva\/#\/schema\/person\/6e72b67d6e51910a1117b3b483ba20bd"},"image":{"@id":"https:\/\/sandzakpress.net\/arhiva\/dr-dudic-se-satao-iranskim-ambasadorom-delfijem\/#primaryimage"},"thumbnailUrl":"https:\/\/sandzakpress.net\/arhiva\/wp-content\/uploads\/2010\/08\/dudic_mevlud-5-150x150.jpg","articleSection":["Novi Pazar","Dru\u0161tvo"],"inLanguage":"bs-BA","potentialAction":[{"@type":"CommentAction","name":"Comment","target":["https:\/\/sandzakpress.net\/arhiva\/dr-dudic-se-satao-iranskim-ambasadorom-delfijem\/#respond"]}]},{"@type":"WebPage","@id":"https:\/\/sandzakpress.net\/arhiva\/dr-dudic-se-satao-iranskim-ambasadorom-delfijem\/","url":"https:\/\/sandzakpress.net\/arhiva\/dr-dudic-se-satao-iranskim-ambasadorom-delfijem\/","name":"Dr. Dudi\u0107 se satao iranskim ambasadorom Delfijem","isPartOf":{"@id":"https:\/\/sandzakpress.net\/arhiva\/#website"},"primaryImageOfPage":{"@id":"https:\/\/sandzakpress.net\/arhiva\/dr-dudic-se-satao-iranskim-ambasadorom-delfijem\/#primaryimage"},"image":{"@id":"https:\/\/sandzakpress.net\/arhiva\/dr-dudic-se-satao-iranskim-ambasadorom-delfijem\/#primaryimage"},"thumbnailUrl":"https:\/\/sandzakpress.net\/arhiva\/wp-content\/uploads\/2010\/08\/dudic_mevlud-5-150x150.jpg","datePublished":"2010-08-05T19:31:30+00:00","breadcrumb":{"@id":"https:\/\/sandzakpress.net\/arhiva\/dr-dudic-se-satao-iranskim-ambasadorom-delfijem\/#breadcrumb"},"inLanguage":"bs-BA","potentialAction":[{"@type":"ReadAction","target":["https:\/\/sandzakpress.net\/arhiva\/dr-dudic-se-satao-iranskim-ambasadorom-delfijem\/"]}]},{"@type":"ImageObject","inLanguage":"bs-BA","@id":"https:\/\/sandzakpress.net\/arhiva\/dr-dudic-se-satao-iranskim-ambasadorom-delfijem\/#primaryimage","url":"https:\/\/sandzakpress.net\/arhiva\/wp-content\/uploads\/2010\/08\/dudic_mevlud-5-150x150.jpg","contentUrl":"https:\/\/sandzakpress.net\/arhiva\/wp-content\/uploads\/2010\/08\/dudic_mevlud-5-150x150.jpg","width":150,"height":150},{"@type":"BreadcrumbList","@id":"https:\/\/sandzakpress.net\/arhiva\/dr-dudic-se-satao-iranskim-ambasadorom-delfijem\/#breadcrumb","itemListElement":[{"@type":"ListItem","position":1,"name":"Home","item":"https:\/\/sandzakpress.net\/arhiva\/"},{"@type":"ListItem","position":2,"name":"Dr. Dudi\u0107 se satao iranskim ambasadorom Delfijem"}]},{"@type":"WebSite","@id":"https:\/\/sandzakpress.net\/arhiva\/#website","url":"https:\/\/sandzakpress.net\/arhiva\/","name":"Sand\u017eak PRESS","description":"Prve elektronske novine u Sand\u017eaku","publisher":{"@id":"https:\/\/sandzakpress.net\/arhiva\/#\/schema\/person\/6e72b67d6e51910a1117b3b483ba20bd"},"potentialAction":[{"@type":"SearchAction","target":{"@type":"EntryPoint","urlTemplate":"https:\/\/sandzakpress.net\/arhiva\/?s={search_term_string}"},"query-input":{"@type":"PropertyValueSpecification","valueRequired":true,"valueName":"search_term_string"}}],"inLanguage":"bs-BA"},{"@type":["Person","Organization"],"@id":"https:\/\/sandzakpress.net\/arhiva\/#\/schema\/person\/6e72b67d6e51910a1117b3b483ba20bd","name":"Kul","image":{"@type":"ImageObject","inLanguage":"bs-BA","@id":"https:\/\/sandzakpress.net\/arhiva\/#\/schema\/person\/image\/","url":"https:\/\/secure.gravatar.com\/avatar\/42263f39aa27ac04c43cab85c280eb2e?s=96&d=mm&r=pg","contentUrl":"https:\/\/secure.gravatar.com\/avatar\/42263f39aa27ac04c43cab85c280eb2e?s=96&d=mm&r=pg","caption":"Kul"},"logo":{"@id":"https:\/\/sandzakpress.net\/arhiva\/#\/schema\/person\/image\/"}},{"@type":"Person","@id":"https:\/\/sandzakpress.net\/arhiva\/#\/schema\/person\/c8baee722073534b583ea7bdb2e36c02","name":"bosniak","image":{"@type":"ImageObject","inLanguage":"bs-BA","@id":"https:\/\/sandzakpress.net\/arhiva\/#\/schema\/person\/image\/","url":"https:\/\/secure.gravatar.com\/avatar\/a04fd330bfe3a36a72a0ad4a6d89fca7?s=96&d=mm&r=pg","contentUrl":"https:\/\/secure.gravatar.com\/avatar\/a04fd330bfe3a36a72a0ad4a6d89fca7?s=96&d=mm&r=pg","caption":"bosniak"},"url":"https:\/\/sandzakpress.net\/arhiva\/author\/bosniak\/"}]}},"_links":{"self":[{"href":"https:\/\/sandzakpress.net\/arhiva\/wp-json\/wp\/v2\/posts\/6706"}],"collection":[{"href":"https:\/\/sandzakpress.net\/arhiva\/wp-json\/wp\/v2\/posts"}],"about":[{"href":"https:\/\/sandzakpress.net\/arhiva\/wp-json\/wp\/v2\/types\/post"}],"author":[{"embeddable":true,"href":"https:\/\/sandzakpress.net\/arhiva\/wp-json\/wp\/v2\/users\/83"}],"replies":[{"embeddable":true,"href":"https:\/\/sandzakpress.net\/arhiva\/wp-json\/wp\/v2\/comments?post=6706"}],"version-history":[{"count":0,"href":"https:\/\/sandzakpress.net\/arhiva\/wp-json\/wp\/v2\/posts\/6706\/revisions"}],"wp:featuredmedia":[{"embeddable":true,"href":"https:\/\/sandzakpress.net\/arhiva\/wp-json\/wp\/v2\/media\/6707"}],"wp:attachment":[{"href":"https:\/\/sandzakpress.net\/arhiva\/wp-json\/wp\/v2\/media?parent=6706"}],"wp:term":[{"taxonomy":"category","embeddable":true,"href":"https:\/\/sandzakpress.net\/arhiva\/wp-json\/wp\/v2\/categories?post=6706"},{"taxonomy":"post_tag","embeddable":true,"href":"https:\/\/sandzakpress.net\/arhiva\/wp-json\/wp\/v2\/tags?post=6706"}],"curies":[{"name":"wp","href":"https:\/\/api.w.org\/{rel}","templated":true}]}}