{"id":66826,"date":"2013-02-19T15:48:49","date_gmt":"2013-02-19T14:48:49","guid":{"rendered":"https:\/\/sandzakpress.net\/arhiva\/?p=66826"},"modified":"2013-02-19T16:48:58","modified_gmt":"2013-02-19T15:48:58","slug":"bacicanin-nece-da-zakaze-skupstinu-rok-je-do-28-marta","status":"publish","type":"post","link":"https:\/\/sandzakpress.net\/arhiva\/bacicanin-nece-da-zakaze-skupstinu-rok-je-do-28-marta\/","title":{"rendered":"Ba\u0107i\u0107anin ne\u0107e da zaka\u017ee skup\u0161tinu &#8211; Rok je do 28. marta"},"content":{"rendered":"<p><strong><a href=\"https:\/\/sandzakpress.net\/arhiva\/wp-content\/uploads\/2013\/02\/12edbba9687890b0f60ebcb73b5ab935_XL.jpg\"><img loading=\"lazy\" decoding=\"async\" class=\"alignleft size-medium wp-image-66827\" title=\"12edbba9687890b0f60ebcb73b5ab935_XL\" src=\"https:\/\/sandzakpress.net\/arhiva\/wp-content\/uploads\/2013\/02\/12edbba9687890b0f60ebcb73b5ab935_XL-300x231.jpg\" alt=\"\" width=\"240\" height=\"185\" \/><\/a>Novi Pazar &#8211; Predsjednik Skup\u0161tine grada Novog Pazara Fuad Ba\u0107i\u0107anin danas nije mogao da precizira kada \u0107e zakazati sjednicu gradskog parlamenta, osim da \u0107e se to desiti \u201ckada se u gradu budu smirile politi\u010dke strasti\u201d.<br \/>\n<\/strong><br \/>\nOn je radiju Sto plus rekao da zakonski rok za zakazivanje sjednice isti\u010de 28. marta, a da \u0107e se na dnevnom redu na\u0107i \u201cta\u010dke koje su pro\u0161le prethodnu proceduru\u201d.<\/p>\n<p>\u201cSjednica \u0107e biti zakazana u skladu sa Zakonom i sa ta\u010dkama dnevnog reda koje su pro\u0161le prethodnu proceduru da bi o njima razmatrala Skup\u0161tina. Prije nedjelju dana sam dobio zahtjev gradona\u010delnika Meha Mahmutovi\u0107a da zaka\u017eem sjednicu sa predlo\u017eenim dnevnim redom, me\u0111u kojima ima i ta\u010daka koje aposultno nisu pro\u0161le prethodnu proceduru, tako da ih je neodgovorno stavljati pred odbornike\u201d, rekao je Ba\u0107i\u0107anin na\u0161em radiju.<\/p>\n<p>On je rekao da me\u0111u predlo\u017eenim ta\u010dkama nema onih koji su vezane za zakonski rok, dok je kao \u201csporne ta\u010dke\u201d izdvojio osnivanje dvije nove javne ustanove.<\/p>\n<p>\u201cPored dvije ustanove za sport u gradu, ho\u0107e da osnuju i tre\u0107u, pa pored Centra za djecu i omladinu Duga i Kulturnog centra tra\u017ee osnivanje Kancelarije za mlade. Ove nove ustanove bi jo\u0161 dodatno opteretile gradski bud\u017eet sa po bar pet- \u0161est miliona dinara mjese\u010dno, samo za plate. Ove dvije ta\u010dke nisu pro\u0161le potrebnu proceduru da bi do\u0161le na Skup\u0161tinu, jer nemaju predlaga\u010de, elaborate i mi\u0161ljenje stru\u010dnih slu\u017ebi\u201d, rekao je Ba\u0107i\u0107anin radiju Sto plus.<\/p>\n<p>On je istakao da je njegov cilj kao predsjednika Skup\u0161tine da \u201csa\u010duva dostojanstvo ovog tijela, svakog odbornika pojedina\u010dno, a samim tim i svih gra\u0111ana koji su glasali za njih\u201d.<\/p>\n<p>Prema \u010dlanu 43. Statuta grada Novog Pazara, predsjednik Skup\u0161tine du\u017ean je da sjednicu zaka\u017ee na zahtjev gradona\u010delnika ili jedne tre\u0107ine odbornika, u roku od sedam dana od dana dono\u0161enja zahtjeva.<\/p>\n<p>Prema tim odrednicama, dan odr\u017eavanja sjednice treba bude najkasnije u roku od 15 dana od dana podno\u0161enja zahtjeva, a ukoliko predsjednik Skup\u0161tine ne zaka\u017ee sjednicu u ovom roku, nju mo\u017ee da sazove i podnosilac zahtjeva.<\/p>\n<p>S obzirom da danas isti\u010de rok do kada je Ba\u0107i\u0107anin na zahtjev gradona\u010delnika trebao da zaka\u017ee sjednicu, to ve\u0107 od sutra mo\u017ee da uradi i sam Mahmutovi\u0107.<\/p>\n<p>A.Bajrovi\u0107<\/p>\n<p>(Radio100+)<\/p>\n","protected":false},"excerpt":{"rendered":"<p>Novi Pazar &#8211; Predsjednik Skup\u0161tine grada Novog Pazara Fuad Ba\u0107i\u0107anin danas nije mogao da precizira kada \u0107e zakazati sjednicu gradskog parlamenta, osim da \u0107e se to desiti \u201ckada se u gradu budu smirile politi\u010dke strasti\u201d. On je radiju Sto plus rekao da zakonski rok za zakazivanje sjednice isti\u010de 28. marta, a da \u0107e se na [&hellip;]<\/p>\n","protected":false},"author":83,"featured_media":66827,"comment_status":"open","ping_status":"open","sticky":false,"template":"","format":"standard","meta":{"footnotes":""},"categories":[72,1,8957],"tags":[],"class_list":{"0":"post-66826","1":"post","2":"type-post","3":"status-publish","4":"format-standard","5":"has-post-thumbnail","7":"category-novi-pazar","8":"category-politika","9":"category-vijesti-dana"},"yoast_head":"<!-- This site is optimized with the Yoast SEO Premium plugin v23.1 (Yoast SEO v24.9) - https:\/\/yoast.com\/wordpress\/plugins\/seo\/ -->\n<title>Ba\u0107i\u0107anin ne\u0107e da zaka\u017ee skup\u0161tinu - Rok je do 28. marta<\/title>\n<meta name=\"robots\" content=\"index, follow, max-snippet:-1, max-image-preview:large, max-video-preview:-1\" \/>\n<link rel=\"canonical\" href=\"https:\/\/sandzakpress.net\/arhiva\/bacicanin-nece-da-zakaze-skupstinu-rok-je-do-28-marta\/\" \/>\n<meta property=\"og:locale\" content=\"bs_BA\" \/>\n<meta property=\"og:type\" content=\"article\" \/>\n<meta property=\"og:title\" content=\"Ba\u0107i\u0107anin ne\u0107e da zaka\u017ee skup\u0161tinu - Rok je do 28. marta\" \/>\n<meta property=\"og:description\" content=\"Novi Pazar &#8211; Predsjednik Skup\u0161tine grada Novog Pazara Fuad Ba\u0107i\u0107anin danas nije mogao da precizira kada \u0107e zakazati sjednicu gradskog parlamenta, osim da \u0107e se to desiti \u201ckada se u gradu budu smirile politi\u010dke strasti\u201d. On je radiju Sto plus rekao da zakonski rok za zakazivanje sjednice isti\u010de 28. marta, a da \u0107e se na [&hellip;]\" \/>\n<meta property=\"og:url\" content=\"https:\/\/sandzakpress.net\/arhiva\/bacicanin-nece-da-zakaze-skupstinu-rok-je-do-28-marta\/\" \/>\n<meta property=\"og:site_name\" content=\"Sand\u017eak PRESS\" \/>\n<meta property=\"article:published_time\" content=\"2013-02-19T14:48:49+00:00\" \/>\n<meta property=\"article:modified_time\" content=\"2013-02-19T15:48:58+00:00\" \/>\n<meta property=\"og:image\" content=\"https:\/\/sandzakpress.net\/arhiva\/wp-content\/uploads\/2013\/02\/12edbba9687890b0f60ebcb73b5ab935_XL.jpg\" \/>\n\t<meta property=\"og:image:width\" content=\"616\" \/>\n\t<meta property=\"og:image:height\" content=\"476\" \/>\n\t<meta property=\"og:image:type\" content=\"image\/jpeg\" \/>\n<meta name=\"author\" content=\"bosniak\" \/>\n<meta name=\"twitter:card\" content=\"summary_large_image\" \/>\n<meta name=\"twitter:label1\" content=\"Written by\" \/>\n\t<meta name=\"twitter:data1\" content=\"bosniak\" \/>\n\t<meta name=\"twitter:label2\" content=\"Est. reading time\" \/>\n\t<meta name=\"twitter:data2\" content=\"2 minute\" \/>\n<script type=\"application\/ld+json\" class=\"yoast-schema-graph\">{\"@context\":\"https:\/\/schema.org\",\"@graph\":[{\"@type\":\"Article\",\"@id\":\"https:\/\/sandzakpress.net\/arhiva\/bacicanin-nece-da-zakaze-skupstinu-rok-je-do-28-marta\/#article\",\"isPartOf\":{\"@id\":\"https:\/\/sandzakpress.net\/arhiva\/bacicanin-nece-da-zakaze-skupstinu-rok-je-do-28-marta\/\"},\"author\":{\"name\":\"bosniak\",\"@id\":\"https:\/\/sandzakpress.net\/arhiva\/#\/schema\/person\/c8baee722073534b583ea7bdb2e36c02\"},\"headline\":\"Ba\u0107i\u0107anin ne\u0107e da zaka\u017ee skup\u0161tinu &#8211; Rok je do 28. marta\",\"datePublished\":\"2013-02-19T14:48:49+00:00\",\"dateModified\":\"2013-02-19T15:48:58+00:00\",\"mainEntityOfPage\":{\"@id\":\"https:\/\/sandzakpress.net\/arhiva\/bacicanin-nece-da-zakaze-skupstinu-rok-je-do-28-marta\/\"},\"wordCount\":425,\"commentCount\":3,\"publisher\":{\"@id\":\"https:\/\/sandzakpress.net\/arhiva\/#\/schema\/person\/6e72b67d6e51910a1117b3b483ba20bd\"},\"image\":{\"@id\":\"https:\/\/sandzakpress.net\/arhiva\/bacicanin-nece-da-zakaze-skupstinu-rok-je-do-28-marta\/#primaryimage\"},\"thumbnailUrl\":\"https:\/\/sandzakpress.net\/arhiva\/wp-content\/uploads\/2013\/02\/12edbba9687890b0f60ebcb73b5ab935_XL.jpg\",\"articleSection\":[\"Novi Pazar\",\"Politika\",\"VIJESTI DANA\"],\"inLanguage\":\"bs-BA\",\"potentialAction\":[{\"@type\":\"CommentAction\",\"name\":\"Comment\",\"target\":[\"https:\/\/sandzakpress.net\/arhiva\/bacicanin-nece-da-zakaze-skupstinu-rok-je-do-28-marta\/#respond\"]}]},{\"@type\":\"WebPage\",\"@id\":\"https:\/\/sandzakpress.net\/arhiva\/bacicanin-nece-da-zakaze-skupstinu-rok-je-do-28-marta\/\",\"url\":\"https:\/\/sandzakpress.net\/arhiva\/bacicanin-nece-da-zakaze-skupstinu-rok-je-do-28-marta\/\",\"name\":\"Ba\u0107i\u0107anin ne\u0107e da zaka\u017ee skup\u0161tinu - Rok je do 28. marta\",\"isPartOf\":{\"@id\":\"https:\/\/sandzakpress.net\/arhiva\/#website\"},\"primaryImageOfPage\":{\"@id\":\"https:\/\/sandzakpress.net\/arhiva\/bacicanin-nece-da-zakaze-skupstinu-rok-je-do-28-marta\/#primaryimage\"},\"image\":{\"@id\":\"https:\/\/sandzakpress.net\/arhiva\/bacicanin-nece-da-zakaze-skupstinu-rok-je-do-28-marta\/#primaryimage\"},\"thumbnailUrl\":\"https:\/\/sandzakpress.net\/arhiva\/wp-content\/uploads\/2013\/02\/12edbba9687890b0f60ebcb73b5ab935_XL.jpg\",\"datePublished\":\"2013-02-19T14:48:49+00:00\",\"dateModified\":\"2013-02-19T15:48:58+00:00\",\"breadcrumb\":{\"@id\":\"https:\/\/sandzakpress.net\/arhiva\/bacicanin-nece-da-zakaze-skupstinu-rok-je-do-28-marta\/#breadcrumb\"},\"inLanguage\":\"bs-BA\",\"potentialAction\":[{\"@type\":\"ReadAction\",\"target\":[\"https:\/\/sandzakpress.net\/arhiva\/bacicanin-nece-da-zakaze-skupstinu-rok-je-do-28-marta\/\"]}]},{\"@type\":\"ImageObject\",\"inLanguage\":\"bs-BA\",\"@id\":\"https:\/\/sandzakpress.net\/arhiva\/bacicanin-nece-da-zakaze-skupstinu-rok-je-do-28-marta\/#primaryimage\",\"url\":\"https:\/\/sandzakpress.net\/arhiva\/wp-content\/uploads\/2013\/02\/12edbba9687890b0f60ebcb73b5ab935_XL.jpg\",\"contentUrl\":\"https:\/\/sandzakpress.net\/arhiva\/wp-content\/uploads\/2013\/02\/12edbba9687890b0f60ebcb73b5ab935_XL.jpg\",\"width\":616,\"height\":476},{\"@type\":\"BreadcrumbList\",\"@id\":\"https:\/\/sandzakpress.net\/arhiva\/bacicanin-nece-da-zakaze-skupstinu-rok-je-do-28-marta\/#breadcrumb\",\"itemListElement\":[{\"@type\":\"ListItem\",\"position\":1,\"name\":\"Home\",\"item\":\"https:\/\/sandzakpress.net\/arhiva\/\"},{\"@type\":\"ListItem\",\"position\":2,\"name\":\"Ba\u0107i\u0107anin ne\u0107e da zaka\u017ee skup\u0161tinu &#8211; Rok je do 28. marta\"}]},{\"@type\":\"WebSite\",\"@id\":\"https:\/\/sandzakpress.net\/arhiva\/#website\",\"url\":\"https:\/\/sandzakpress.net\/arhiva\/\",\"name\":\"Sand\u017eak PRESS\",\"description\":\"Prve elektronske novine u Sand\u017eaku\",\"publisher\":{\"@id\":\"https:\/\/sandzakpress.net\/arhiva\/#\/schema\/person\/6e72b67d6e51910a1117b3b483ba20bd\"},\"potentialAction\":[{\"@type\":\"SearchAction\",\"target\":{\"@type\":\"EntryPoint\",\"urlTemplate\":\"https:\/\/sandzakpress.net\/arhiva\/?s={search_term_string}\"},\"query-input\":{\"@type\":\"PropertyValueSpecification\",\"valueRequired\":true,\"valueName\":\"search_term_string\"}}],\"inLanguage\":\"bs-BA\"},{\"@type\":[\"Person\",\"Organization\"],\"@id\":\"https:\/\/sandzakpress.net\/arhiva\/#\/schema\/person\/6e72b67d6e51910a1117b3b483ba20bd\",\"name\":\"Kul\",\"image\":{\"@type\":\"ImageObject\",\"inLanguage\":\"bs-BA\",\"@id\":\"https:\/\/sandzakpress.net\/arhiva\/#\/schema\/person\/image\/\",\"url\":\"https:\/\/secure.gravatar.com\/avatar\/42263f39aa27ac04c43cab85c280eb2e?s=96&d=mm&r=pg\",\"contentUrl\":\"https:\/\/secure.gravatar.com\/avatar\/42263f39aa27ac04c43cab85c280eb2e?s=96&d=mm&r=pg\",\"caption\":\"Kul\"},\"logo\":{\"@id\":\"https:\/\/sandzakpress.net\/arhiva\/#\/schema\/person\/image\/\"}},{\"@type\":\"Person\",\"@id\":\"https:\/\/sandzakpress.net\/arhiva\/#\/schema\/person\/c8baee722073534b583ea7bdb2e36c02\",\"name\":\"bosniak\",\"image\":{\"@type\":\"ImageObject\",\"inLanguage\":\"bs-BA\",\"@id\":\"https:\/\/sandzakpress.net\/arhiva\/#\/schema\/person\/image\/\",\"url\":\"https:\/\/secure.gravatar.com\/avatar\/a04fd330bfe3a36a72a0ad4a6d89fca7?s=96&d=mm&r=pg\",\"contentUrl\":\"https:\/\/secure.gravatar.com\/avatar\/a04fd330bfe3a36a72a0ad4a6d89fca7?s=96&d=mm&r=pg\",\"caption\":\"bosniak\"},\"url\":\"https:\/\/sandzakpress.net\/arhiva\/author\/bosniak\/\"}]}<\/script>\n<!-- \/ Yoast SEO Premium plugin. -->","yoast_head_json":{"title":"Ba\u0107i\u0107anin ne\u0107e da zaka\u017ee skup\u0161tinu - Rok je do 28. marta","robots":{"index":"index","follow":"follow","max-snippet":"max-snippet:-1","max-image-preview":"max-image-preview:large","max-video-preview":"max-video-preview:-1"},"canonical":"https:\/\/sandzakpress.net\/arhiva\/bacicanin-nece-da-zakaze-skupstinu-rok-je-do-28-marta\/","og_locale":"bs_BA","og_type":"article","og_title":"Ba\u0107i\u0107anin ne\u0107e da zaka\u017ee skup\u0161tinu - Rok je do 28. marta","og_description":"Novi Pazar &#8211; Predsjednik Skup\u0161tine grada Novog Pazara Fuad Ba\u0107i\u0107anin danas nije mogao da precizira kada \u0107e zakazati sjednicu gradskog parlamenta, osim da \u0107e se to desiti \u201ckada se u gradu budu smirile politi\u010dke strasti\u201d. On je radiju Sto plus rekao da zakonski rok za zakazivanje sjednice isti\u010de 28. marta, a da \u0107e se na [&hellip;]","og_url":"https:\/\/sandzakpress.net\/arhiva\/bacicanin-nece-da-zakaze-skupstinu-rok-je-do-28-marta\/","og_site_name":"Sand\u017eak PRESS","article_published_time":"2013-02-19T14:48:49+00:00","article_modified_time":"2013-02-19T15:48:58+00:00","og_image":[{"width":616,"height":476,"url":"https:\/\/sandzakpress.net\/arhiva\/wp-content\/uploads\/2013\/02\/12edbba9687890b0f60ebcb73b5ab935_XL.jpg","type":"image\/jpeg"}],"author":"bosniak","twitter_card":"summary_large_image","twitter_misc":{"Written by":"bosniak","Est. reading time":"2 minute"},"schema":{"@context":"https:\/\/schema.org","@graph":[{"@type":"Article","@id":"https:\/\/sandzakpress.net\/arhiva\/bacicanin-nece-da-zakaze-skupstinu-rok-je-do-28-marta\/#article","isPartOf":{"@id":"https:\/\/sandzakpress.net\/arhiva\/bacicanin-nece-da-zakaze-skupstinu-rok-je-do-28-marta\/"},"author":{"name":"bosniak","@id":"https:\/\/sandzakpress.net\/arhiva\/#\/schema\/person\/c8baee722073534b583ea7bdb2e36c02"},"headline":"Ba\u0107i\u0107anin ne\u0107e da zaka\u017ee skup\u0161tinu &#8211; Rok je do 28. marta","datePublished":"2013-02-19T14:48:49+00:00","dateModified":"2013-02-19T15:48:58+00:00","mainEntityOfPage":{"@id":"https:\/\/sandzakpress.net\/arhiva\/bacicanin-nece-da-zakaze-skupstinu-rok-je-do-28-marta\/"},"wordCount":425,"commentCount":3,"publisher":{"@id":"https:\/\/sandzakpress.net\/arhiva\/#\/schema\/person\/6e72b67d6e51910a1117b3b483ba20bd"},"image":{"@id":"https:\/\/sandzakpress.net\/arhiva\/bacicanin-nece-da-zakaze-skupstinu-rok-je-do-28-marta\/#primaryimage"},"thumbnailUrl":"https:\/\/sandzakpress.net\/arhiva\/wp-content\/uploads\/2013\/02\/12edbba9687890b0f60ebcb73b5ab935_XL.jpg","articleSection":["Novi Pazar","Politika","VIJESTI DANA"],"inLanguage":"bs-BA","potentialAction":[{"@type":"CommentAction","name":"Comment","target":["https:\/\/sandzakpress.net\/arhiva\/bacicanin-nece-da-zakaze-skupstinu-rok-je-do-28-marta\/#respond"]}]},{"@type":"WebPage","@id":"https:\/\/sandzakpress.net\/arhiva\/bacicanin-nece-da-zakaze-skupstinu-rok-je-do-28-marta\/","url":"https:\/\/sandzakpress.net\/arhiva\/bacicanin-nece-da-zakaze-skupstinu-rok-je-do-28-marta\/","name":"Ba\u0107i\u0107anin ne\u0107e da zaka\u017ee skup\u0161tinu - Rok je do 28. marta","isPartOf":{"@id":"https:\/\/sandzakpress.net\/arhiva\/#website"},"primaryImageOfPage":{"@id":"https:\/\/sandzakpress.net\/arhiva\/bacicanin-nece-da-zakaze-skupstinu-rok-je-do-28-marta\/#primaryimage"},"image":{"@id":"https:\/\/sandzakpress.net\/arhiva\/bacicanin-nece-da-zakaze-skupstinu-rok-je-do-28-marta\/#primaryimage"},"thumbnailUrl":"https:\/\/sandzakpress.net\/arhiva\/wp-content\/uploads\/2013\/02\/12edbba9687890b0f60ebcb73b5ab935_XL.jpg","datePublished":"2013-02-19T14:48:49+00:00","dateModified":"2013-02-19T15:48:58+00:00","breadcrumb":{"@id":"https:\/\/sandzakpress.net\/arhiva\/bacicanin-nece-da-zakaze-skupstinu-rok-je-do-28-marta\/#breadcrumb"},"inLanguage":"bs-BA","potentialAction":[{"@type":"ReadAction","target":["https:\/\/sandzakpress.net\/arhiva\/bacicanin-nece-da-zakaze-skupstinu-rok-je-do-28-marta\/"]}]},{"@type":"ImageObject","inLanguage":"bs-BA","@id":"https:\/\/sandzakpress.net\/arhiva\/bacicanin-nece-da-zakaze-skupstinu-rok-je-do-28-marta\/#primaryimage","url":"https:\/\/sandzakpress.net\/arhiva\/wp-content\/uploads\/2013\/02\/12edbba9687890b0f60ebcb73b5ab935_XL.jpg","contentUrl":"https:\/\/sandzakpress.net\/arhiva\/wp-content\/uploads\/2013\/02\/12edbba9687890b0f60ebcb73b5ab935_XL.jpg","width":616,"height":476},{"@type":"BreadcrumbList","@id":"https:\/\/sandzakpress.net\/arhiva\/bacicanin-nece-da-zakaze-skupstinu-rok-je-do-28-marta\/#breadcrumb","itemListElement":[{"@type":"ListItem","position":1,"name":"Home","item":"https:\/\/sandzakpress.net\/arhiva\/"},{"@type":"ListItem","position":2,"name":"Ba\u0107i\u0107anin ne\u0107e da zaka\u017ee skup\u0161tinu &#8211; Rok je do 28. marta"}]},{"@type":"WebSite","@id":"https:\/\/sandzakpress.net\/arhiva\/#website","url":"https:\/\/sandzakpress.net\/arhiva\/","name":"Sand\u017eak PRESS","description":"Prve elektronske novine u Sand\u017eaku","publisher":{"@id":"https:\/\/sandzakpress.net\/arhiva\/#\/schema\/person\/6e72b67d6e51910a1117b3b483ba20bd"},"potentialAction":[{"@type":"SearchAction","target":{"@type":"EntryPoint","urlTemplate":"https:\/\/sandzakpress.net\/arhiva\/?s={search_term_string}"},"query-input":{"@type":"PropertyValueSpecification","valueRequired":true,"valueName":"search_term_string"}}],"inLanguage":"bs-BA"},{"@type":["Person","Organization"],"@id":"https:\/\/sandzakpress.net\/arhiva\/#\/schema\/person\/6e72b67d6e51910a1117b3b483ba20bd","name":"Kul","image":{"@type":"ImageObject","inLanguage":"bs-BA","@id":"https:\/\/sandzakpress.net\/arhiva\/#\/schema\/person\/image\/","url":"https:\/\/secure.gravatar.com\/avatar\/42263f39aa27ac04c43cab85c280eb2e?s=96&d=mm&r=pg","contentUrl":"https:\/\/secure.gravatar.com\/avatar\/42263f39aa27ac04c43cab85c280eb2e?s=96&d=mm&r=pg","caption":"Kul"},"logo":{"@id":"https:\/\/sandzakpress.net\/arhiva\/#\/schema\/person\/image\/"}},{"@type":"Person","@id":"https:\/\/sandzakpress.net\/arhiva\/#\/schema\/person\/c8baee722073534b583ea7bdb2e36c02","name":"bosniak","image":{"@type":"ImageObject","inLanguage":"bs-BA","@id":"https:\/\/sandzakpress.net\/arhiva\/#\/schema\/person\/image\/","url":"https:\/\/secure.gravatar.com\/avatar\/a04fd330bfe3a36a72a0ad4a6d89fca7?s=96&d=mm&r=pg","contentUrl":"https:\/\/secure.gravatar.com\/avatar\/a04fd330bfe3a36a72a0ad4a6d89fca7?s=96&d=mm&r=pg","caption":"bosniak"},"url":"https:\/\/sandzakpress.net\/arhiva\/author\/bosniak\/"}]}},"_links":{"self":[{"href":"https:\/\/sandzakpress.net\/arhiva\/wp-json\/wp\/v2\/posts\/66826"}],"collection":[{"href":"https:\/\/sandzakpress.net\/arhiva\/wp-json\/wp\/v2\/posts"}],"about":[{"href":"https:\/\/sandzakpress.net\/arhiva\/wp-json\/wp\/v2\/types\/post"}],"author":[{"embeddable":true,"href":"https:\/\/sandzakpress.net\/arhiva\/wp-json\/wp\/v2\/users\/83"}],"replies":[{"embeddable":true,"href":"https:\/\/sandzakpress.net\/arhiva\/wp-json\/wp\/v2\/comments?post=66826"}],"version-history":[{"count":0,"href":"https:\/\/sandzakpress.net\/arhiva\/wp-json\/wp\/v2\/posts\/66826\/revisions"}],"wp:featuredmedia":[{"embeddable":true,"href":"https:\/\/sandzakpress.net\/arhiva\/wp-json\/wp\/v2\/media\/66827"}],"wp:attachment":[{"href":"https:\/\/sandzakpress.net\/arhiva\/wp-json\/wp\/v2\/media?parent=66826"}],"wp:term":[{"taxonomy":"category","embeddable":true,"href":"https:\/\/sandzakpress.net\/arhiva\/wp-json\/wp\/v2\/categories?post=66826"},{"taxonomy":"post_tag","embeddable":true,"href":"https:\/\/sandzakpress.net\/arhiva\/wp-json\/wp\/v2\/tags?post=66826"}],"curies":[{"name":"wp","href":"https:\/\/api.w.org\/{rel}","templated":true}]}}