{"id":66772,"date":"2013-02-19T15:33:53","date_gmt":"2013-02-19T14:33:53","guid":{"rendered":"https:\/\/sandzakpress.net\/arhiva\/?p=66772"},"modified":"2013-02-19T15:33:53","modified_gmt":"2013-02-19T14:33:53","slug":"minhen-dzemat-fedzr-kupio-dzamijske-prostorije","status":"publish","type":"post","link":"https:\/\/sandzakpress.net\/arhiva\/minhen-dzemat-fedzr-kupio-dzamijske-prostorije\/","title":{"rendered":"Minhen: D\u017eemat Fed\u017er kupio d\u017eamijske prostorije"},"content":{"rendered":"<p><strong><a href=\"https:\/\/sandzakpress.net\/arhiva\/wp-content\/uploads\/2013\/02\/min-dzem-fed-02-2013-1.jpg\"><img loading=\"lazy\" decoding=\"async\" class=\"alignleft size-medium wp-image-66773\" title=\"min-dzem-fed-02-2013-1\" src=\"https:\/\/sandzakpress.net\/arhiva\/wp-content\/uploads\/2013\/02\/min-dzem-fed-02-2013-1-300x225.jpg\" alt=\"\" width=\"300\" height=\"225\" \/><\/a>Njema\u010dka &#8211; Nakon dugo godina provedenih pod kirijom, predstavnici Islamske zajednice D\u017eemata Fed\u017er u Minhenu potpisali su u \u010detvrtak, 14.02.2012 ugovor o kupovini svojih vlastitih prostorija.<\/strong><\/p>\n<p>Potpisivanju ugovora prisustvovali su Halil Zorni\u0107 (predsjednik), Nuradin Crnovr\u0161anin (sekretar), D\u017eenan Beganovi\u0107 (blagajnik), Sejat Sokolu (predsjednik odbora za kupovinu) predvo\u0111eni imamom zajednice Izet ef. Bibic.<\/p>\n<p>Ve\u010dera\u0161njim ugovorom kupljeno je 322m2 koje \u0107e se in\u0161allah koristiti u svrhu d\u017eamije, \u0161kole Kur`ana, mektebskih u\u010dionica, omladinskih prostorija itd. U drugom dijelu predvi\u0111ena je kupovina jo\u0161 dodatnih 250m2 koje \u0107e in\u0161allah biti iskori\u0161tene za otvaranje islamskog obdani\u0161ta te drugih funkcionalnih institucija koje \u0107e pomo\u0107i \u0161to boljoj integraciji u dru\u0161tvu.<\/p>\n<p>&#8211; Ovom prilikom zahvaljujemo se svim vakifima koji su do sada pomogli te ujedno pozivamo sve ljude dobre volje koji su u finansijskoj mogu\u0107nosti da se odazovu te da zajedno izgradimo jednu jaku i zdravu zajednicu koja \u0107e biti \u010dvrst temelje o\u010duvanja na\u0161e vjere, kulture i tradicije, poru\u010dili su iz D\u017eemata Fed\u017er.<\/p>\n<p>(Rijaset)<\/p>\n","protected":false},"excerpt":{"rendered":"<p>Njema\u010dka &#8211; Nakon dugo godina provedenih pod kirijom, predstavnici Islamske zajednice D\u017eemata Fed\u017er u Minhenu potpisali su u \u010detvrtak, 14.02.2012 ugovor o kupovini svojih vlastitih prostorija. Potpisivanju ugovora prisustvovali su Halil Zorni\u0107 (predsjednik), Nuradin Crnovr\u0161anin (sekretar), D\u017eenan Beganovi\u0107 (blagajnik), Sejat Sokolu (predsjednik odbora za kupovinu) predvo\u0111eni imamom zajednice Izet ef. Bibic. Ve\u010dera\u0161njim ugovorom kupljeno je [&hellip;]<\/p>\n","protected":false},"author":16,"featured_media":66773,"comment_status":"open","ping_status":"open","sticky":false,"template":"","format":"standard","meta":{"footnotes":""},"categories":[9538,802],"tags":[],"class_list":{"0":"post-66772","1":"post","2":"type-post","3":"status-publish","4":"format-standard","5":"has-post-thumbnail","7":"category-njemacka-dijaspora-gradovi-vase-vijesti","8":"category-islamska_zajednica"},"yoast_head":"<!-- This site is optimized with the Yoast SEO Premium plugin v23.1 (Yoast SEO v24.9) - https:\/\/yoast.com\/wordpress\/plugins\/seo\/ -->\n<title>Minhen: D\u017eemat Fed\u017er kupio d\u017eamijske prostorije<\/title>\n<meta name=\"robots\" content=\"index, follow, max-snippet:-1, max-image-preview:large, max-video-preview:-1\" \/>\n<link rel=\"canonical\" href=\"https:\/\/sandzakpress.net\/arhiva\/minhen-dzemat-fedzr-kupio-dzamijske-prostorije\/\" \/>\n<meta property=\"og:locale\" content=\"bs_BA\" \/>\n<meta property=\"og:type\" content=\"article\" \/>\n<meta property=\"og:title\" content=\"Minhen: D\u017eemat Fed\u017er kupio d\u017eamijske prostorije\" \/>\n<meta property=\"og:description\" content=\"Njema\u010dka &#8211; Nakon dugo godina provedenih pod kirijom, predstavnici Islamske zajednice D\u017eemata Fed\u017er u Minhenu potpisali su u \u010detvrtak, 14.02.2012 ugovor o kupovini svojih vlastitih prostorija. Potpisivanju ugovora prisustvovali su Halil Zorni\u0107 (predsjednik), Nuradin Crnovr\u0161anin (sekretar), D\u017eenan Beganovi\u0107 (blagajnik), Sejat Sokolu (predsjednik odbora za kupovinu) predvo\u0111eni imamom zajednice Izet ef. Bibic. Ve\u010dera\u0161njim ugovorom kupljeno je [&hellip;]\" \/>\n<meta property=\"og:url\" content=\"https:\/\/sandzakpress.net\/arhiva\/minhen-dzemat-fedzr-kupio-dzamijske-prostorije\/\" \/>\n<meta property=\"og:site_name\" content=\"Sand\u017eak PRESS\" \/>\n<meta property=\"article:published_time\" content=\"2013-02-19T14:33:53+00:00\" \/>\n<meta property=\"og:image\" content=\"https:\/\/sandzakpress.net\/arhiva\/wp-content\/uploads\/2013\/02\/min-dzem-fed-02-2013-1.jpg\" \/>\n\t<meta property=\"og:image:width\" content=\"616\" \/>\n\t<meta property=\"og:image:height\" content=\"462\" \/>\n\t<meta property=\"og:image:type\" content=\"image\/jpeg\" \/>\n<meta name=\"twitter:card\" content=\"summary_large_image\" \/>\n<meta name=\"twitter:label1\" content=\"Written by\" \/>\n\t<meta name=\"twitter:data1\" content=\"\" \/>\n\t<meta name=\"twitter:label2\" content=\"Est. reading time\" \/>\n\t<meta name=\"twitter:data2\" content=\"1 minuta\" \/>\n<script type=\"application\/ld+json\" class=\"yoast-schema-graph\">{\"@context\":\"https:\/\/schema.org\",\"@graph\":[{\"@type\":\"Article\",\"@id\":\"https:\/\/sandzakpress.net\/arhiva\/minhen-dzemat-fedzr-kupio-dzamijske-prostorije\/#article\",\"isPartOf\":{\"@id\":\"https:\/\/sandzakpress.net\/arhiva\/minhen-dzemat-fedzr-kupio-dzamijske-prostorije\/\"},\"author\":{\"name\":\"\",\"@id\":\"\"},\"headline\":\"Minhen: D\u017eemat Fed\u017er kupio d\u017eamijske prostorije\",\"datePublished\":\"2013-02-19T14:33:53+00:00\",\"mainEntityOfPage\":{\"@id\":\"https:\/\/sandzakpress.net\/arhiva\/minhen-dzemat-fedzr-kupio-dzamijske-prostorije\/\"},\"wordCount\":186,\"commentCount\":1,\"publisher\":{\"@id\":\"https:\/\/sandzakpress.net\/arhiva\/#\/schema\/person\/6e72b67d6e51910a1117b3b483ba20bd\"},\"image\":{\"@id\":\"https:\/\/sandzakpress.net\/arhiva\/minhen-dzemat-fedzr-kupio-dzamijske-prostorije\/#primaryimage\"},\"thumbnailUrl\":\"https:\/\/sandzakpress.net\/arhiva\/wp-content\/uploads\/2013\/02\/min-dzem-fed-02-2013-1.jpg\",\"articleSection\":[\"Njema\u010dka\",\"Islamska zajednica\"],\"inLanguage\":\"bs-BA\",\"potentialAction\":[{\"@type\":\"CommentAction\",\"name\":\"Comment\",\"target\":[\"https:\/\/sandzakpress.net\/arhiva\/minhen-dzemat-fedzr-kupio-dzamijske-prostorije\/#respond\"]}]},{\"@type\":\"WebPage\",\"@id\":\"https:\/\/sandzakpress.net\/arhiva\/minhen-dzemat-fedzr-kupio-dzamijske-prostorije\/\",\"url\":\"https:\/\/sandzakpress.net\/arhiva\/minhen-dzemat-fedzr-kupio-dzamijske-prostorije\/\",\"name\":\"Minhen: D\u017eemat Fed\u017er kupio d\u017eamijske prostorije\",\"isPartOf\":{\"@id\":\"https:\/\/sandzakpress.net\/arhiva\/#website\"},\"primaryImageOfPage\":{\"@id\":\"https:\/\/sandzakpress.net\/arhiva\/minhen-dzemat-fedzr-kupio-dzamijske-prostorije\/#primaryimage\"},\"image\":{\"@id\":\"https:\/\/sandzakpress.net\/arhiva\/minhen-dzemat-fedzr-kupio-dzamijske-prostorije\/#primaryimage\"},\"thumbnailUrl\":\"https:\/\/sandzakpress.net\/arhiva\/wp-content\/uploads\/2013\/02\/min-dzem-fed-02-2013-1.jpg\",\"datePublished\":\"2013-02-19T14:33:53+00:00\",\"breadcrumb\":{\"@id\":\"https:\/\/sandzakpress.net\/arhiva\/minhen-dzemat-fedzr-kupio-dzamijske-prostorije\/#breadcrumb\"},\"inLanguage\":\"bs-BA\",\"potentialAction\":[{\"@type\":\"ReadAction\",\"target\":[\"https:\/\/sandzakpress.net\/arhiva\/minhen-dzemat-fedzr-kupio-dzamijske-prostorije\/\"]}]},{\"@type\":\"ImageObject\",\"inLanguage\":\"bs-BA\",\"@id\":\"https:\/\/sandzakpress.net\/arhiva\/minhen-dzemat-fedzr-kupio-dzamijske-prostorije\/#primaryimage\",\"url\":\"https:\/\/sandzakpress.net\/arhiva\/wp-content\/uploads\/2013\/02\/min-dzem-fed-02-2013-1.jpg\",\"contentUrl\":\"https:\/\/sandzakpress.net\/arhiva\/wp-content\/uploads\/2013\/02\/min-dzem-fed-02-2013-1.jpg\",\"width\":616,\"height\":462},{\"@type\":\"BreadcrumbList\",\"@id\":\"https:\/\/sandzakpress.net\/arhiva\/minhen-dzemat-fedzr-kupio-dzamijske-prostorije\/#breadcrumb\",\"itemListElement\":[{\"@type\":\"ListItem\",\"position\":1,\"name\":\"Home\",\"item\":\"https:\/\/sandzakpress.net\/arhiva\/\"},{\"@type\":\"ListItem\",\"position\":2,\"name\":\"Minhen: D\u017eemat Fed\u017er kupio d\u017eamijske prostorije\"}]},{\"@type\":\"WebSite\",\"@id\":\"https:\/\/sandzakpress.net\/arhiva\/#website\",\"url\":\"https:\/\/sandzakpress.net\/arhiva\/\",\"name\":\"Sand\u017eak PRESS\",\"description\":\"Prve elektronske novine u Sand\u017eaku\",\"publisher\":{\"@id\":\"https:\/\/sandzakpress.net\/arhiva\/#\/schema\/person\/6e72b67d6e51910a1117b3b483ba20bd\"},\"potentialAction\":[{\"@type\":\"SearchAction\",\"target\":{\"@type\":\"EntryPoint\",\"urlTemplate\":\"https:\/\/sandzakpress.net\/arhiva\/?s={search_term_string}\"},\"query-input\":{\"@type\":\"PropertyValueSpecification\",\"valueRequired\":true,\"valueName\":\"search_term_string\"}}],\"inLanguage\":\"bs-BA\"},{\"@type\":[\"Person\",\"Organization\"],\"@id\":\"https:\/\/sandzakpress.net\/arhiva\/#\/schema\/person\/6e72b67d6e51910a1117b3b483ba20bd\",\"name\":\"Kul\",\"image\":{\"@type\":\"ImageObject\",\"inLanguage\":\"bs-BA\",\"@id\":\"https:\/\/sandzakpress.net\/arhiva\/#\/schema\/person\/image\/\",\"url\":\"https:\/\/secure.gravatar.com\/avatar\/42263f39aa27ac04c43cab85c280eb2e?s=96&d=mm&r=pg\",\"contentUrl\":\"https:\/\/secure.gravatar.com\/avatar\/42263f39aa27ac04c43cab85c280eb2e?s=96&d=mm&r=pg\",\"caption\":\"Kul\"},\"logo\":{\"@id\":\"https:\/\/sandzakpress.net\/arhiva\/#\/schema\/person\/image\/\"}},{\"@type\":\"Person\",\"@id\":\"\",\"url\":\"https:\/\/sandzakpress.net\/arhiva\/author\/\"}]}<\/script>\n<!-- \/ Yoast SEO Premium plugin. -->","yoast_head_json":{"title":"Minhen: D\u017eemat Fed\u017er kupio d\u017eamijske prostorije","robots":{"index":"index","follow":"follow","max-snippet":"max-snippet:-1","max-image-preview":"max-image-preview:large","max-video-preview":"max-video-preview:-1"},"canonical":"https:\/\/sandzakpress.net\/arhiva\/minhen-dzemat-fedzr-kupio-dzamijske-prostorije\/","og_locale":"bs_BA","og_type":"article","og_title":"Minhen: D\u017eemat Fed\u017er kupio d\u017eamijske prostorije","og_description":"Njema\u010dka &#8211; Nakon dugo godina provedenih pod kirijom, predstavnici Islamske zajednice D\u017eemata Fed\u017er u Minhenu potpisali su u \u010detvrtak, 14.02.2012 ugovor o kupovini svojih vlastitih prostorija. Potpisivanju ugovora prisustvovali su Halil Zorni\u0107 (predsjednik), Nuradin Crnovr\u0161anin (sekretar), D\u017eenan Beganovi\u0107 (blagajnik), Sejat Sokolu (predsjednik odbora za kupovinu) predvo\u0111eni imamom zajednice Izet ef. Bibic. Ve\u010dera\u0161njim ugovorom kupljeno je [&hellip;]","og_url":"https:\/\/sandzakpress.net\/arhiva\/minhen-dzemat-fedzr-kupio-dzamijske-prostorije\/","og_site_name":"Sand\u017eak PRESS","article_published_time":"2013-02-19T14:33:53+00:00","og_image":[{"width":616,"height":462,"url":"https:\/\/sandzakpress.net\/arhiva\/wp-content\/uploads\/2013\/02\/min-dzem-fed-02-2013-1.jpg","type":"image\/jpeg"}],"twitter_card":"summary_large_image","twitter_misc":{"Written by":"","Est. reading time":"1 minuta"},"schema":{"@context":"https:\/\/schema.org","@graph":[{"@type":"Article","@id":"https:\/\/sandzakpress.net\/arhiva\/minhen-dzemat-fedzr-kupio-dzamijske-prostorije\/#article","isPartOf":{"@id":"https:\/\/sandzakpress.net\/arhiva\/minhen-dzemat-fedzr-kupio-dzamijske-prostorije\/"},"author":{"name":"","@id":""},"headline":"Minhen: D\u017eemat Fed\u017er kupio d\u017eamijske prostorije","datePublished":"2013-02-19T14:33:53+00:00","mainEntityOfPage":{"@id":"https:\/\/sandzakpress.net\/arhiva\/minhen-dzemat-fedzr-kupio-dzamijske-prostorije\/"},"wordCount":186,"commentCount":1,"publisher":{"@id":"https:\/\/sandzakpress.net\/arhiva\/#\/schema\/person\/6e72b67d6e51910a1117b3b483ba20bd"},"image":{"@id":"https:\/\/sandzakpress.net\/arhiva\/minhen-dzemat-fedzr-kupio-dzamijske-prostorije\/#primaryimage"},"thumbnailUrl":"https:\/\/sandzakpress.net\/arhiva\/wp-content\/uploads\/2013\/02\/min-dzem-fed-02-2013-1.jpg","articleSection":["Njema\u010dka","Islamska zajednica"],"inLanguage":"bs-BA","potentialAction":[{"@type":"CommentAction","name":"Comment","target":["https:\/\/sandzakpress.net\/arhiva\/minhen-dzemat-fedzr-kupio-dzamijske-prostorije\/#respond"]}]},{"@type":"WebPage","@id":"https:\/\/sandzakpress.net\/arhiva\/minhen-dzemat-fedzr-kupio-dzamijske-prostorije\/","url":"https:\/\/sandzakpress.net\/arhiva\/minhen-dzemat-fedzr-kupio-dzamijske-prostorije\/","name":"Minhen: D\u017eemat Fed\u017er kupio d\u017eamijske prostorije","isPartOf":{"@id":"https:\/\/sandzakpress.net\/arhiva\/#website"},"primaryImageOfPage":{"@id":"https:\/\/sandzakpress.net\/arhiva\/minhen-dzemat-fedzr-kupio-dzamijske-prostorije\/#primaryimage"},"image":{"@id":"https:\/\/sandzakpress.net\/arhiva\/minhen-dzemat-fedzr-kupio-dzamijske-prostorije\/#primaryimage"},"thumbnailUrl":"https:\/\/sandzakpress.net\/arhiva\/wp-content\/uploads\/2013\/02\/min-dzem-fed-02-2013-1.jpg","datePublished":"2013-02-19T14:33:53+00:00","breadcrumb":{"@id":"https:\/\/sandzakpress.net\/arhiva\/minhen-dzemat-fedzr-kupio-dzamijske-prostorije\/#breadcrumb"},"inLanguage":"bs-BA","potentialAction":[{"@type":"ReadAction","target":["https:\/\/sandzakpress.net\/arhiva\/minhen-dzemat-fedzr-kupio-dzamijske-prostorije\/"]}]},{"@type":"ImageObject","inLanguage":"bs-BA","@id":"https:\/\/sandzakpress.net\/arhiva\/minhen-dzemat-fedzr-kupio-dzamijske-prostorije\/#primaryimage","url":"https:\/\/sandzakpress.net\/arhiva\/wp-content\/uploads\/2013\/02\/min-dzem-fed-02-2013-1.jpg","contentUrl":"https:\/\/sandzakpress.net\/arhiva\/wp-content\/uploads\/2013\/02\/min-dzem-fed-02-2013-1.jpg","width":616,"height":462},{"@type":"BreadcrumbList","@id":"https:\/\/sandzakpress.net\/arhiva\/minhen-dzemat-fedzr-kupio-dzamijske-prostorije\/#breadcrumb","itemListElement":[{"@type":"ListItem","position":1,"name":"Home","item":"https:\/\/sandzakpress.net\/arhiva\/"},{"@type":"ListItem","position":2,"name":"Minhen: D\u017eemat Fed\u017er kupio d\u017eamijske prostorije"}]},{"@type":"WebSite","@id":"https:\/\/sandzakpress.net\/arhiva\/#website","url":"https:\/\/sandzakpress.net\/arhiva\/","name":"Sand\u017eak PRESS","description":"Prve elektronske novine u Sand\u017eaku","publisher":{"@id":"https:\/\/sandzakpress.net\/arhiva\/#\/schema\/person\/6e72b67d6e51910a1117b3b483ba20bd"},"potentialAction":[{"@type":"SearchAction","target":{"@type":"EntryPoint","urlTemplate":"https:\/\/sandzakpress.net\/arhiva\/?s={search_term_string}"},"query-input":{"@type":"PropertyValueSpecification","valueRequired":true,"valueName":"search_term_string"}}],"inLanguage":"bs-BA"},{"@type":["Person","Organization"],"@id":"https:\/\/sandzakpress.net\/arhiva\/#\/schema\/person\/6e72b67d6e51910a1117b3b483ba20bd","name":"Kul","image":{"@type":"ImageObject","inLanguage":"bs-BA","@id":"https:\/\/sandzakpress.net\/arhiva\/#\/schema\/person\/image\/","url":"https:\/\/secure.gravatar.com\/avatar\/42263f39aa27ac04c43cab85c280eb2e?s=96&d=mm&r=pg","contentUrl":"https:\/\/secure.gravatar.com\/avatar\/42263f39aa27ac04c43cab85c280eb2e?s=96&d=mm&r=pg","caption":"Kul"},"logo":{"@id":"https:\/\/sandzakpress.net\/arhiva\/#\/schema\/person\/image\/"}},{"@type":"Person","@id":"","url":"https:\/\/sandzakpress.net\/arhiva\/author\/"}]}},"_links":{"self":[{"href":"https:\/\/sandzakpress.net\/arhiva\/wp-json\/wp\/v2\/posts\/66772"}],"collection":[{"href":"https:\/\/sandzakpress.net\/arhiva\/wp-json\/wp\/v2\/posts"}],"about":[{"href":"https:\/\/sandzakpress.net\/arhiva\/wp-json\/wp\/v2\/types\/post"}],"author":[{"embeddable":true,"href":"https:\/\/sandzakpress.net\/arhiva\/wp-json\/wp\/v2\/users\/16"}],"replies":[{"embeddable":true,"href":"https:\/\/sandzakpress.net\/arhiva\/wp-json\/wp\/v2\/comments?post=66772"}],"version-history":[{"count":0,"href":"https:\/\/sandzakpress.net\/arhiva\/wp-json\/wp\/v2\/posts\/66772\/revisions"}],"wp:featuredmedia":[{"embeddable":true,"href":"https:\/\/sandzakpress.net\/arhiva\/wp-json\/wp\/v2\/media\/66773"}],"wp:attachment":[{"href":"https:\/\/sandzakpress.net\/arhiva\/wp-json\/wp\/v2\/media?parent=66772"}],"wp:term":[{"taxonomy":"category","embeddable":true,"href":"https:\/\/sandzakpress.net\/arhiva\/wp-json\/wp\/v2\/categories?post=66772"},{"taxonomy":"post_tag","embeddable":true,"href":"https:\/\/sandzakpress.net\/arhiva\/wp-json\/wp\/v2\/tags?post=66772"}],"curies":[{"name":"wp","href":"https:\/\/api.w.org\/{rel}","templated":true}]}}