{"id":6671,"date":"2010-07-28T22:07:37","date_gmt":"2010-07-28T22:07:37","guid":{"rendered":"https:\/\/sandzakpress.net\/arhiva\/?p=6671"},"modified":"2010-07-31T22:10:51","modified_gmt":"2010-07-31T22:10:51","slug":"tribina-islamisticki-pokreti-i-iz-u-bih-izmedu-anarhije-i-pluralizma","status":"publish","type":"post","link":"https:\/\/sandzakpress.net\/arhiva\/tribina-islamisticki-pokreti-i-iz-u-bih-izmedu-anarhije-i-pluralizma\/","title":{"rendered":"Tribina &#8220;Islamisti\u010dki pokreti i IZ u BiH izme\u0111u anarhije i pluralizma&#8221;"},"content":{"rendered":"<p><a href=\"https:\/\/sandzakpress.net\/arhiva\/wp-content\/uploads\/2010\/07\/tribina-u-sarajevu-islamski-pokreti.jpg\"><img loading=\"lazy\" decoding=\"async\" class=\"alignleft size-medium wp-image-6672\" title=\"tribina u sarajevu - islamski pokreti\" src=\"https:\/\/sandzakpress.net\/arhiva\/wp-content\/uploads\/2010\/07\/tribina-u-sarajevu-islamski-pokreti-300x225.jpg\" alt=\"\" width=\"300\" height=\"225\" \/><\/a>Sarajevo\u00a0 &#8211;\u00a0 \u201eIslamisti\u010dki pokreti i Islamska zajednica u BiH izme\u0111u anarhije i pluralizma&#8221; bila je tema tribine BOSNA DANAS koja je u organizaciji Glavnog odbora Udru\u017eenja ilmijje IZ\u00a0 u BiH odr\u017eana danas na Fakultetu islamskih nauka u Sarajevu.<!--more--><\/p>\n<p>Teroristi\u010dki \u010din koji se desio u Bugojnu na dan Ajvatovice ponovo je u centar pozornosti vratio pitanje prisustva radikalnih grupa u nekim d\u017eematima. Razmatraju\u0107i ovaj problem na svojoj redovnoj sjednici Glavni odbor je zaklju\u010dio da je va\u017eno i potrebno organizirati tribinu o pomenutoj temi.<\/p>\n<p>Uvodni\u010dar na dana\u0161njoj tribini bio je Muhamed Jusi\u0107, dobar poznavalac ove problematike koji je objavio (2005.) i knjigu pod naslovom\u00a0 \u201eIslamisti\u010dki pokreti&#8221;.<\/p>\n<p>Na po\u010detku svog izlaganja Jusi\u0107 je istakao\u00a0 da su bosanskohercegova\u010dki muslimani dugo vremena bili pod staklenim zvonom i izolovani od de\u0161avanja u muslimanskom svijetu. Izbijanjem agresije na BiH i u postratnom periodu kao zajednica i narod u\u0161li smo preko no\u0107i u procese koji traju desetlje\u0107ima u muslimanskom svijetu, tako smo se suo\u010dili\u00a0 sa \u010ditavim spektrom razli\u010ditih ideologija islamisti\u010dkih pokreta u svijetu. Ne radi se samo o vehabizamu i selefizamu,\u00a0 rekao je Jusi\u0107.<\/p>\n<p>On je naglasio veoma zna\u010dajnim potrebu preciziranja granice gdje prestaje pluralizam, a nastaje anarhija. Bo\u0161nja\u010dka tradicija nije isklju\u010diva prema razli\u010ditim interpretacijama islama, ali je Hanefijski mezheb oficijelni i mora ga se pridr\u017eavati, jer je to definisano i Ustavom Islamske zajednice u BiH.<\/p>\n<p>Islamska zajednico prema Jusi\u0107evim rije\u010dima ne mo\u017ee biti inkvizitor kako to neki od nje tra\u017ee, ali ima obavezu da reaguje kada se uo\u010di da se izlazi iz okvira u\u010denja koja se temelje na Kur`anu, Hadisu i \u0160erijatu.<\/p>\n<p>Analiziraju\u0107i uzroke prihvatanja me\u0111u mladim ideja koje se kose s bo\u0161nja\u010dkom tradicijom on je naveo kao uzroke krizu u identitetu, osje\u0107aju pripadnosti i potrebu za anga\u017emanom, na \u010demu bi Islamska zajednica trebala vi\u0161e poraditi.<\/p>\n<p>U\u010destvuju\u0107i u raspravi na dana\u0161njoj tribini, reisu-l-ulema dr. Mustafa Ceri\u0107 je pohvalio i podr\u017eao inicijativu Udru\u017eenja ilmijje na \u010delu s predsjednikom Muharemom Hasanbegovi\u0107em, da se pozabave ovim procesima, koji \u0107e prema njegovim rije\u010dima du\u017ee potrajati.<\/p>\n<p>Podr\u017eao je program Udru\u017eenja ilmije u tom pogledu, a to je da se ovim problemima ne mo\u017ee pri\u0107i propagandisti\u010dki, ve\u0107 argumentima na osnovu Kur-ana i suneta, da se ta pitanja ne mogu rje\u0161avati represijom, ve\u0107 razgovorom i argumentima akaidske doktrine, artikuliranjem identiteta, razvijanjem osje\u0107aja pripadnosti zajednici i ve\u0107im anga\u017emanom mladih u Islamskoj zajednici. Reisu-l-ulema je pozvao ulemu da se anga\u017euje upravo na ovim principima.<\/p>\n<p>Izvor: Rijaset.ba<\/p>\n","protected":false},"excerpt":{"rendered":"<p>Sarajevo\u00a0 &#8211;\u00a0 \u201eIslamisti\u010dki pokreti i Islamska zajednica u BiH izme\u0111u anarhije i pluralizma&#8221; bila je tema tribine BOSNA DANAS koja je u organizaciji Glavnog odbora Udru\u017eenja ilmijje IZ\u00a0 u BiH odr\u017eana danas na Fakultetu islamskih nauka u Sarajevu.<\/p>\n","protected":false},"author":83,"featured_media":6672,"comment_status":"open","ping_status":"open","sticky":false,"template":"","format":"standard","meta":{"footnotes":""},"categories":[4],"tags":[],"class_list":{"0":"post-6671","1":"post","2":"type-post","3":"status-publish","4":"format-standard","5":"has-post-thumbnail","7":"category-obrazovanje"},"yoast_head":"<!-- This site is optimized with the Yoast SEO Premium plugin v23.1 (Yoast SEO v24.9) - https:\/\/yoast.com\/wordpress\/plugins\/seo\/ -->\n<title>Tribina &quot;Islamisti\u010dki pokreti i IZ u BiH izme\u0111u anarhije i pluralizma&quot;<\/title>\n<meta name=\"robots\" content=\"index, follow, max-snippet:-1, max-image-preview:large, max-video-preview:-1\" \/>\n<link rel=\"canonical\" href=\"https:\/\/sandzakpress.net\/arhiva\/tribina-islamisticki-pokreti-i-iz-u-bih-izmedu-anarhije-i-pluralizma\/\" \/>\n<meta property=\"og:locale\" content=\"bs_BA\" \/>\n<meta property=\"og:type\" content=\"article\" \/>\n<meta property=\"og:title\" content=\"Tribina &quot;Islamisti\u010dki pokreti i IZ u BiH izme\u0111u anarhije i pluralizma&quot;\" \/>\n<meta property=\"og:description\" content=\"Sarajevo\u00a0 &#8211;\u00a0 \u201eIslamisti\u010dki pokreti i Islamska zajednica u BiH izme\u0111u anarhije i pluralizma&#8221; bila je tema tribine BOSNA DANAS koja je u organizaciji Glavnog odbora Udru\u017eenja ilmijje IZ\u00a0 u BiH odr\u017eana danas na Fakultetu islamskih nauka u Sarajevu.\" \/>\n<meta property=\"og:url\" content=\"https:\/\/sandzakpress.net\/arhiva\/tribina-islamisticki-pokreti-i-iz-u-bih-izmedu-anarhije-i-pluralizma\/\" \/>\n<meta property=\"og:site_name\" content=\"Sand\u017eak PRESS\" \/>\n<meta property=\"article:published_time\" content=\"2010-07-28T22:07:37+00:00\" \/>\n<meta property=\"article:modified_time\" content=\"2010-07-31T22:10:51+00:00\" \/>\n<meta property=\"og:image\" content=\"https:\/\/sandzakpress.net\/arhiva\/wp-content\/uploads\/2010\/07\/tribina-u-sarajevu-islamski-pokreti.jpg\" \/>\n\t<meta property=\"og:image:width\" content=\"450\" \/>\n\t<meta property=\"og:image:height\" content=\"338\" \/>\n\t<meta property=\"og:image:type\" content=\"image\/jpeg\" \/>\n<meta name=\"author\" content=\"bosniak\" \/>\n<meta name=\"twitter:card\" content=\"summary_large_image\" \/>\n<meta name=\"twitter:label1\" content=\"Written by\" \/>\n\t<meta name=\"twitter:data1\" content=\"bosniak\" \/>\n\t<meta name=\"twitter:label2\" content=\"Est. reading time\" \/>\n\t<meta name=\"twitter:data2\" content=\"2 minute\" \/>\n<script type=\"application\/ld+json\" class=\"yoast-schema-graph\">{\"@context\":\"https:\/\/schema.org\",\"@graph\":[{\"@type\":\"Article\",\"@id\":\"https:\/\/sandzakpress.net\/arhiva\/tribina-islamisticki-pokreti-i-iz-u-bih-izmedu-anarhije-i-pluralizma\/#article\",\"isPartOf\":{\"@id\":\"https:\/\/sandzakpress.net\/arhiva\/tribina-islamisticki-pokreti-i-iz-u-bih-izmedu-anarhije-i-pluralizma\/\"},\"author\":{\"name\":\"bosniak\",\"@id\":\"https:\/\/sandzakpress.net\/arhiva\/#\/schema\/person\/c8baee722073534b583ea7bdb2e36c02\"},\"headline\":\"Tribina &#8220;Islamisti\u010dki pokreti i IZ u BiH izme\u0111u anarhije i pluralizma&#8221;\",\"datePublished\":\"2010-07-28T22:07:37+00:00\",\"dateModified\":\"2010-07-31T22:10:51+00:00\",\"mainEntityOfPage\":{\"@id\":\"https:\/\/sandzakpress.net\/arhiva\/tribina-islamisticki-pokreti-i-iz-u-bih-izmedu-anarhije-i-pluralizma\/\"},\"wordCount\":462,\"commentCount\":1,\"publisher\":{\"@id\":\"https:\/\/sandzakpress.net\/arhiva\/#\/schema\/person\/6e72b67d6e51910a1117b3b483ba20bd\"},\"image\":{\"@id\":\"https:\/\/sandzakpress.net\/arhiva\/tribina-islamisticki-pokreti-i-iz-u-bih-izmedu-anarhije-i-pluralizma\/#primaryimage\"},\"thumbnailUrl\":\"https:\/\/sandzakpress.net\/arhiva\/wp-content\/uploads\/2010\/07\/tribina-u-sarajevu-islamski-pokreti.jpg\",\"articleSection\":[\"Obrazovanje\"],\"inLanguage\":\"bs-BA\",\"potentialAction\":[{\"@type\":\"CommentAction\",\"name\":\"Comment\",\"target\":[\"https:\/\/sandzakpress.net\/arhiva\/tribina-islamisticki-pokreti-i-iz-u-bih-izmedu-anarhije-i-pluralizma\/#respond\"]}]},{\"@type\":\"WebPage\",\"@id\":\"https:\/\/sandzakpress.net\/arhiva\/tribina-islamisticki-pokreti-i-iz-u-bih-izmedu-anarhije-i-pluralizma\/\",\"url\":\"https:\/\/sandzakpress.net\/arhiva\/tribina-islamisticki-pokreti-i-iz-u-bih-izmedu-anarhije-i-pluralizma\/\",\"name\":\"Tribina \\\"Islamisti\u010dki pokreti i IZ u BiH izme\u0111u anarhije i pluralizma\\\"\",\"isPartOf\":{\"@id\":\"https:\/\/sandzakpress.net\/arhiva\/#website\"},\"primaryImageOfPage\":{\"@id\":\"https:\/\/sandzakpress.net\/arhiva\/tribina-islamisticki-pokreti-i-iz-u-bih-izmedu-anarhije-i-pluralizma\/#primaryimage\"},\"image\":{\"@id\":\"https:\/\/sandzakpress.net\/arhiva\/tribina-islamisticki-pokreti-i-iz-u-bih-izmedu-anarhije-i-pluralizma\/#primaryimage\"},\"thumbnailUrl\":\"https:\/\/sandzakpress.net\/arhiva\/wp-content\/uploads\/2010\/07\/tribina-u-sarajevu-islamski-pokreti.jpg\",\"datePublished\":\"2010-07-28T22:07:37+00:00\",\"dateModified\":\"2010-07-31T22:10:51+00:00\",\"breadcrumb\":{\"@id\":\"https:\/\/sandzakpress.net\/arhiva\/tribina-islamisticki-pokreti-i-iz-u-bih-izmedu-anarhije-i-pluralizma\/#breadcrumb\"},\"inLanguage\":\"bs-BA\",\"potentialAction\":[{\"@type\":\"ReadAction\",\"target\":[\"https:\/\/sandzakpress.net\/arhiva\/tribina-islamisticki-pokreti-i-iz-u-bih-izmedu-anarhije-i-pluralizma\/\"]}]},{\"@type\":\"ImageObject\",\"inLanguage\":\"bs-BA\",\"@id\":\"https:\/\/sandzakpress.net\/arhiva\/tribina-islamisticki-pokreti-i-iz-u-bih-izmedu-anarhije-i-pluralizma\/#primaryimage\",\"url\":\"https:\/\/sandzakpress.net\/arhiva\/wp-content\/uploads\/2010\/07\/tribina-u-sarajevu-islamski-pokreti.jpg\",\"contentUrl\":\"https:\/\/sandzakpress.net\/arhiva\/wp-content\/uploads\/2010\/07\/tribina-u-sarajevu-islamski-pokreti.jpg\",\"width\":450,\"height\":338},{\"@type\":\"BreadcrumbList\",\"@id\":\"https:\/\/sandzakpress.net\/arhiva\/tribina-islamisticki-pokreti-i-iz-u-bih-izmedu-anarhije-i-pluralizma\/#breadcrumb\",\"itemListElement\":[{\"@type\":\"ListItem\",\"position\":1,\"name\":\"Home\",\"item\":\"https:\/\/sandzakpress.net\/arhiva\/\"},{\"@type\":\"ListItem\",\"position\":2,\"name\":\"Tribina &#8220;Islamisti\u010dki pokreti i IZ u BiH izme\u0111u anarhije i pluralizma&#8221;\"}]},{\"@type\":\"WebSite\",\"@id\":\"https:\/\/sandzakpress.net\/arhiva\/#website\",\"url\":\"https:\/\/sandzakpress.net\/arhiva\/\",\"name\":\"Sand\u017eak PRESS\",\"description\":\"Prve elektronske novine u Sand\u017eaku\",\"publisher\":{\"@id\":\"https:\/\/sandzakpress.net\/arhiva\/#\/schema\/person\/6e72b67d6e51910a1117b3b483ba20bd\"},\"potentialAction\":[{\"@type\":\"SearchAction\",\"target\":{\"@type\":\"EntryPoint\",\"urlTemplate\":\"https:\/\/sandzakpress.net\/arhiva\/?s={search_term_string}\"},\"query-input\":{\"@type\":\"PropertyValueSpecification\",\"valueRequired\":true,\"valueName\":\"search_term_string\"}}],\"inLanguage\":\"bs-BA\"},{\"@type\":[\"Person\",\"Organization\"],\"@id\":\"https:\/\/sandzakpress.net\/arhiva\/#\/schema\/person\/6e72b67d6e51910a1117b3b483ba20bd\",\"name\":\"Kul\",\"image\":{\"@type\":\"ImageObject\",\"inLanguage\":\"bs-BA\",\"@id\":\"https:\/\/sandzakpress.net\/arhiva\/#\/schema\/person\/image\/\",\"url\":\"https:\/\/secure.gravatar.com\/avatar\/42263f39aa27ac04c43cab85c280eb2e?s=96&d=mm&r=pg\",\"contentUrl\":\"https:\/\/secure.gravatar.com\/avatar\/42263f39aa27ac04c43cab85c280eb2e?s=96&d=mm&r=pg\",\"caption\":\"Kul\"},\"logo\":{\"@id\":\"https:\/\/sandzakpress.net\/arhiva\/#\/schema\/person\/image\/\"}},{\"@type\":\"Person\",\"@id\":\"https:\/\/sandzakpress.net\/arhiva\/#\/schema\/person\/c8baee722073534b583ea7bdb2e36c02\",\"name\":\"bosniak\",\"image\":{\"@type\":\"ImageObject\",\"inLanguage\":\"bs-BA\",\"@id\":\"https:\/\/sandzakpress.net\/arhiva\/#\/schema\/person\/image\/\",\"url\":\"https:\/\/secure.gravatar.com\/avatar\/a04fd330bfe3a36a72a0ad4a6d89fca7?s=96&d=mm&r=pg\",\"contentUrl\":\"https:\/\/secure.gravatar.com\/avatar\/a04fd330bfe3a36a72a0ad4a6d89fca7?s=96&d=mm&r=pg\",\"caption\":\"bosniak\"},\"url\":\"https:\/\/sandzakpress.net\/arhiva\/author\/bosniak\/\"}]}<\/script>\n<!-- \/ Yoast SEO Premium plugin. -->","yoast_head_json":{"title":"Tribina \"Islamisti\u010dki pokreti i IZ u BiH izme\u0111u anarhije i pluralizma\"","robots":{"index":"index","follow":"follow","max-snippet":"max-snippet:-1","max-image-preview":"max-image-preview:large","max-video-preview":"max-video-preview:-1"},"canonical":"https:\/\/sandzakpress.net\/arhiva\/tribina-islamisticki-pokreti-i-iz-u-bih-izmedu-anarhije-i-pluralizma\/","og_locale":"bs_BA","og_type":"article","og_title":"Tribina \"Islamisti\u010dki pokreti i IZ u BiH izme\u0111u anarhije i pluralizma\"","og_description":"Sarajevo\u00a0 &#8211;\u00a0 \u201eIslamisti\u010dki pokreti i Islamska zajednica u BiH izme\u0111u anarhije i pluralizma&#8221; bila je tema tribine BOSNA DANAS koja je u organizaciji Glavnog odbora Udru\u017eenja ilmijje IZ\u00a0 u BiH odr\u017eana danas na Fakultetu islamskih nauka u Sarajevu.","og_url":"https:\/\/sandzakpress.net\/arhiva\/tribina-islamisticki-pokreti-i-iz-u-bih-izmedu-anarhije-i-pluralizma\/","og_site_name":"Sand\u017eak PRESS","article_published_time":"2010-07-28T22:07:37+00:00","article_modified_time":"2010-07-31T22:10:51+00:00","og_image":[{"width":450,"height":338,"url":"https:\/\/sandzakpress.net\/arhiva\/wp-content\/uploads\/2010\/07\/tribina-u-sarajevu-islamski-pokreti.jpg","type":"image\/jpeg"}],"author":"bosniak","twitter_card":"summary_large_image","twitter_misc":{"Written by":"bosniak","Est. reading time":"2 minute"},"schema":{"@context":"https:\/\/schema.org","@graph":[{"@type":"Article","@id":"https:\/\/sandzakpress.net\/arhiva\/tribina-islamisticki-pokreti-i-iz-u-bih-izmedu-anarhije-i-pluralizma\/#article","isPartOf":{"@id":"https:\/\/sandzakpress.net\/arhiva\/tribina-islamisticki-pokreti-i-iz-u-bih-izmedu-anarhije-i-pluralizma\/"},"author":{"name":"bosniak","@id":"https:\/\/sandzakpress.net\/arhiva\/#\/schema\/person\/c8baee722073534b583ea7bdb2e36c02"},"headline":"Tribina &#8220;Islamisti\u010dki pokreti i IZ u BiH izme\u0111u anarhije i pluralizma&#8221;","datePublished":"2010-07-28T22:07:37+00:00","dateModified":"2010-07-31T22:10:51+00:00","mainEntityOfPage":{"@id":"https:\/\/sandzakpress.net\/arhiva\/tribina-islamisticki-pokreti-i-iz-u-bih-izmedu-anarhije-i-pluralizma\/"},"wordCount":462,"commentCount":1,"publisher":{"@id":"https:\/\/sandzakpress.net\/arhiva\/#\/schema\/person\/6e72b67d6e51910a1117b3b483ba20bd"},"image":{"@id":"https:\/\/sandzakpress.net\/arhiva\/tribina-islamisticki-pokreti-i-iz-u-bih-izmedu-anarhije-i-pluralizma\/#primaryimage"},"thumbnailUrl":"https:\/\/sandzakpress.net\/arhiva\/wp-content\/uploads\/2010\/07\/tribina-u-sarajevu-islamski-pokreti.jpg","articleSection":["Obrazovanje"],"inLanguage":"bs-BA","potentialAction":[{"@type":"CommentAction","name":"Comment","target":["https:\/\/sandzakpress.net\/arhiva\/tribina-islamisticki-pokreti-i-iz-u-bih-izmedu-anarhije-i-pluralizma\/#respond"]}]},{"@type":"WebPage","@id":"https:\/\/sandzakpress.net\/arhiva\/tribina-islamisticki-pokreti-i-iz-u-bih-izmedu-anarhije-i-pluralizma\/","url":"https:\/\/sandzakpress.net\/arhiva\/tribina-islamisticki-pokreti-i-iz-u-bih-izmedu-anarhije-i-pluralizma\/","name":"Tribina \"Islamisti\u010dki pokreti i IZ u BiH izme\u0111u anarhije i pluralizma\"","isPartOf":{"@id":"https:\/\/sandzakpress.net\/arhiva\/#website"},"primaryImageOfPage":{"@id":"https:\/\/sandzakpress.net\/arhiva\/tribina-islamisticki-pokreti-i-iz-u-bih-izmedu-anarhije-i-pluralizma\/#primaryimage"},"image":{"@id":"https:\/\/sandzakpress.net\/arhiva\/tribina-islamisticki-pokreti-i-iz-u-bih-izmedu-anarhije-i-pluralizma\/#primaryimage"},"thumbnailUrl":"https:\/\/sandzakpress.net\/arhiva\/wp-content\/uploads\/2010\/07\/tribina-u-sarajevu-islamski-pokreti.jpg","datePublished":"2010-07-28T22:07:37+00:00","dateModified":"2010-07-31T22:10:51+00:00","breadcrumb":{"@id":"https:\/\/sandzakpress.net\/arhiva\/tribina-islamisticki-pokreti-i-iz-u-bih-izmedu-anarhije-i-pluralizma\/#breadcrumb"},"inLanguage":"bs-BA","potentialAction":[{"@type":"ReadAction","target":["https:\/\/sandzakpress.net\/arhiva\/tribina-islamisticki-pokreti-i-iz-u-bih-izmedu-anarhije-i-pluralizma\/"]}]},{"@type":"ImageObject","inLanguage":"bs-BA","@id":"https:\/\/sandzakpress.net\/arhiva\/tribina-islamisticki-pokreti-i-iz-u-bih-izmedu-anarhije-i-pluralizma\/#primaryimage","url":"https:\/\/sandzakpress.net\/arhiva\/wp-content\/uploads\/2010\/07\/tribina-u-sarajevu-islamski-pokreti.jpg","contentUrl":"https:\/\/sandzakpress.net\/arhiva\/wp-content\/uploads\/2010\/07\/tribina-u-sarajevu-islamski-pokreti.jpg","width":450,"height":338},{"@type":"BreadcrumbList","@id":"https:\/\/sandzakpress.net\/arhiva\/tribina-islamisticki-pokreti-i-iz-u-bih-izmedu-anarhije-i-pluralizma\/#breadcrumb","itemListElement":[{"@type":"ListItem","position":1,"name":"Home","item":"https:\/\/sandzakpress.net\/arhiva\/"},{"@type":"ListItem","position":2,"name":"Tribina &#8220;Islamisti\u010dki pokreti i IZ u BiH izme\u0111u anarhije i pluralizma&#8221;"}]},{"@type":"WebSite","@id":"https:\/\/sandzakpress.net\/arhiva\/#website","url":"https:\/\/sandzakpress.net\/arhiva\/","name":"Sand\u017eak PRESS","description":"Prve elektronske novine u Sand\u017eaku","publisher":{"@id":"https:\/\/sandzakpress.net\/arhiva\/#\/schema\/person\/6e72b67d6e51910a1117b3b483ba20bd"},"potentialAction":[{"@type":"SearchAction","target":{"@type":"EntryPoint","urlTemplate":"https:\/\/sandzakpress.net\/arhiva\/?s={search_term_string}"},"query-input":{"@type":"PropertyValueSpecification","valueRequired":true,"valueName":"search_term_string"}}],"inLanguage":"bs-BA"},{"@type":["Person","Organization"],"@id":"https:\/\/sandzakpress.net\/arhiva\/#\/schema\/person\/6e72b67d6e51910a1117b3b483ba20bd","name":"Kul","image":{"@type":"ImageObject","inLanguage":"bs-BA","@id":"https:\/\/sandzakpress.net\/arhiva\/#\/schema\/person\/image\/","url":"https:\/\/secure.gravatar.com\/avatar\/42263f39aa27ac04c43cab85c280eb2e?s=96&d=mm&r=pg","contentUrl":"https:\/\/secure.gravatar.com\/avatar\/42263f39aa27ac04c43cab85c280eb2e?s=96&d=mm&r=pg","caption":"Kul"},"logo":{"@id":"https:\/\/sandzakpress.net\/arhiva\/#\/schema\/person\/image\/"}},{"@type":"Person","@id":"https:\/\/sandzakpress.net\/arhiva\/#\/schema\/person\/c8baee722073534b583ea7bdb2e36c02","name":"bosniak","image":{"@type":"ImageObject","inLanguage":"bs-BA","@id":"https:\/\/sandzakpress.net\/arhiva\/#\/schema\/person\/image\/","url":"https:\/\/secure.gravatar.com\/avatar\/a04fd330bfe3a36a72a0ad4a6d89fca7?s=96&d=mm&r=pg","contentUrl":"https:\/\/secure.gravatar.com\/avatar\/a04fd330bfe3a36a72a0ad4a6d89fca7?s=96&d=mm&r=pg","caption":"bosniak"},"url":"https:\/\/sandzakpress.net\/arhiva\/author\/bosniak\/"}]}},"_links":{"self":[{"href":"https:\/\/sandzakpress.net\/arhiva\/wp-json\/wp\/v2\/posts\/6671"}],"collection":[{"href":"https:\/\/sandzakpress.net\/arhiva\/wp-json\/wp\/v2\/posts"}],"about":[{"href":"https:\/\/sandzakpress.net\/arhiva\/wp-json\/wp\/v2\/types\/post"}],"author":[{"embeddable":true,"href":"https:\/\/sandzakpress.net\/arhiva\/wp-json\/wp\/v2\/users\/83"}],"replies":[{"embeddable":true,"href":"https:\/\/sandzakpress.net\/arhiva\/wp-json\/wp\/v2\/comments?post=6671"}],"version-history":[{"count":0,"href":"https:\/\/sandzakpress.net\/arhiva\/wp-json\/wp\/v2\/posts\/6671\/revisions"}],"wp:featuredmedia":[{"embeddable":true,"href":"https:\/\/sandzakpress.net\/arhiva\/wp-json\/wp\/v2\/media\/6672"}],"wp:attachment":[{"href":"https:\/\/sandzakpress.net\/arhiva\/wp-json\/wp\/v2\/media?parent=6671"}],"wp:term":[{"taxonomy":"category","embeddable":true,"href":"https:\/\/sandzakpress.net\/arhiva\/wp-json\/wp\/v2\/categories?post=6671"},{"taxonomy":"post_tag","embeddable":true,"href":"https:\/\/sandzakpress.net\/arhiva\/wp-json\/wp\/v2\/tags?post=6671"}],"curies":[{"name":"wp","href":"https:\/\/api.w.org\/{rel}","templated":true}]}}