{"id":6667,"date":"2010-07-30T22:02:32","date_gmt":"2010-07-30T22:02:32","guid":{"rendered":"https:\/\/sandzakpress.net\/arhiva\/?p=6667"},"modified":"2010-07-31T22:04:47","modified_gmt":"2010-07-31T22:04:47","slug":"religija-i-integracija-u-njemackoj","status":"publish","type":"post","link":"https:\/\/sandzakpress.net\/arhiva\/religija-i-integracija-u-njemackoj\/","title":{"rendered":"Religija i integracija u Njema\u010dkoj"},"content":{"rendered":"<p><a href=\"https:\/\/sandzakpress.net\/arhiva\/wp-content\/uploads\/2010\/07\/religija-u-njemackoj.jpg\"><img loading=\"lazy\" decoding=\"async\" class=\"alignleft size-medium wp-image-6668\" title=\"religija-u-njemackoj\" src=\"https:\/\/sandzakpress.net\/arhiva\/wp-content\/uploads\/2010\/07\/religija-u-njemackoj-300x221.jpg\" alt=\"\" width=\"300\" height=\"221\" \/><\/a><\/p>\n<p><strong>Na religiju i integraciju se \u010desto gleda kao na proturje\u010dnost. Ne samo u diskusijama o muslimanima i paralelnim dru\u0161tvima, ve\u0107 i kada su u pitanju i ostale vjere manjina u Njema\u010dkoj.<\/strong><!--more--><\/p>\n<p>Pri tom upravo te vjerske zajednice mogu puno doprinijeti da se stvori povjerenje izme\u0111u manjina i njema\u010dkog dru\u0161tva. Inicijativa koja poti\u010de iz novih njema\u010dkih zemalja poku\u0161ava da iskoristi taj potencijal i dovede u uzajamni kontakt \u010dlanove zajednica razli\u010ditih religija.<\/p>\n<p>\u201ePowerpoint&#8221; &#8211; prezentacija zakonskih tekstova &#8211; ne zvu\u010di ba\u0161 kao ne\u0161to napeto i zanimljivo. No, 25 u\u010desnika seminara EMPA prati izlaganje sa punom koncentracijom. Jer, radi se o zakonima koji su u slu\u017ebi &#8211; njihove za\u0161tite: Osnovnom zakonu, Zakonu protiv diskriminacije i pravu na religiju. Kurs je organizirala Esra Erdem iz Regionalne direkcije za obrazovanje, integraciju i demokratiju:<\/p>\n<p>\u201eEMPA je skra\u0107enica koja znaci: podr\u0161ka i podsticanje integracije imigranata u isto\u010dnonjema\u010dkim saveznim zemljama. Obra\u0107a se doseljenicima iz zemalja van Evropske unije koji \u017eive u njema\u010dkim saveznim zemljama Mecklenburg-Vorpommernu, Brandenburgu, Sachsenu, Sachsen-Anhaltu i Th\u00fcringenu, doseljenicima koji \u017eele da budu aktivisti gra\u0111anskog dru\u0161tva&#8221;.<\/p>\n<p>U\u010desnici seminara putem kontakta razvijaju toleranciju i me\u0111usobno razumjevanje<\/p>\n<p>Na prvi pogled bi se kazalo &#8211; ni\u0161ta posebno; no, ovdje je rije\u010d o inicijativi koja se obra\u0107a specijalno &#8211; vjernicima. U\u010desnici seminara poti\u010du iz 11 zemalja i pripadnici su jevrejske, muslimanske i hri\u0161\u0107anske vjere. Ve\u0107 pola godine, oni se sastaju i razgovaraju o radu sa djecom i porodicama te pokre\u0107u razli\u010dite projekte.<\/p>\n<p>U stalnom i neposrednom kontaktu, pripadnici razli\u010ditih religija razvijaju jednu novu vrstu tolerancije i me\u0111usobnog razumjevanja. Jer, ne samo \u0161to razlicite religije njeguju sli\u010dne vrijednosti, nego su i konkretni problemi imigranata sli\u010dni. Va\u017eno je da niko nema ojse\u0107aj da treba da se pravda zbog svoje vjere.<\/p>\n<p>Va\u017eno je da svako mo\u017ee da bude vjernik bez bilo kakvog konflikta s dru\u0161tvom<\/p>\n<p>27-godi\u0161nja Inas Briek-Hoefer, muslimanka koja se anga\u017eovala u njema\u010dkom gradu Halleu, o tome ka\u017ee:<\/p>\n<p>\u201eVa\u017eno je da svako mo\u017ee da bude vjernik bez ikakvog konflikta sa dru\u0161tvom; da poznaje svoja prava i prava drugih vjernika. To se odnosi na sve religije, pa i na jevrejsku i hri\u0161\u0107ansku, \u0161to je va\u017eno u isto\u010dnonjema\u010dkim saveznim zemljama&#8221;.<\/p>\n<p>Ovaj integracioni projekat omogu\u0107ava ne samo bolju integraciju u njema\u010dko dru\u0161tvo, ve\u0107 u\u010desnicima pru\u017ea i priliku za direktan dijalog sa pripadnicima druge vjere, i to sa temama koje se ti\u010du kako principijelnih pitanja, tako i njihove svakodnevnice.<\/p>\n<p><strong>Izvor:\u00a0 DW-world.de<\/strong><\/p>\n","protected":false},"excerpt":{"rendered":"<p>Na religiju i integraciju se \u010desto gleda kao na proturje\u010dnost. Ne samo u diskusijama o muslimanima i paralelnim dru\u0161tvima, ve\u0107 i kada su u pitanju i ostale vjere manjina u Njema\u010dkoj.<\/p>\n","protected":false},"author":83,"featured_media":6668,"comment_status":"open","ping_status":"open","sticky":false,"template":"","format":"standard","meta":{"footnotes":""},"categories":[9],"tags":[],"class_list":{"0":"post-6667","1":"post","2":"type-post","3":"status-publish","4":"format-standard","5":"has-post-thumbnail","7":"category-svijet"},"yoast_head":"<!-- This site is optimized with the Yoast SEO Premium plugin v23.1 (Yoast SEO v24.9) - https:\/\/yoast.com\/wordpress\/plugins\/seo\/ -->\n<title>Religija i integracija u Njema\u010dkoj<\/title>\n<meta name=\"robots\" content=\"index, follow, max-snippet:-1, max-image-preview:large, max-video-preview:-1\" \/>\n<link rel=\"canonical\" href=\"https:\/\/sandzakpress.net\/arhiva\/religija-i-integracija-u-njemackoj\/\" \/>\n<meta property=\"og:locale\" content=\"bs_BA\" \/>\n<meta property=\"og:type\" content=\"article\" \/>\n<meta property=\"og:title\" content=\"Religija i integracija u Njema\u010dkoj\" \/>\n<meta property=\"og:description\" content=\"Na religiju i integraciju se \u010desto gleda kao na proturje\u010dnost. Ne samo u diskusijama o muslimanima i paralelnim dru\u0161tvima, ve\u0107 i kada su u pitanju i ostale vjere manjina u Njema\u010dkoj.\" \/>\n<meta property=\"og:url\" content=\"https:\/\/sandzakpress.net\/arhiva\/religija-i-integracija-u-njemackoj\/\" \/>\n<meta property=\"og:site_name\" content=\"Sand\u017eak PRESS\" \/>\n<meta property=\"article:published_time\" content=\"2010-07-30T22:02:32+00:00\" \/>\n<meta property=\"article:modified_time\" content=\"2010-07-31T22:04:47+00:00\" \/>\n<meta property=\"og:image\" content=\"https:\/\/sandzakpress.net\/arhiva\/wp-content\/uploads\/2010\/07\/religija-u-njemackoj.jpg\" \/>\n\t<meta property=\"og:image:width\" content=\"330\" \/>\n\t<meta property=\"og:image:height\" content=\"244\" \/>\n\t<meta property=\"og:image:type\" content=\"image\/jpeg\" \/>\n<meta name=\"author\" content=\"bosniak\" \/>\n<meta name=\"twitter:card\" content=\"summary_large_image\" \/>\n<meta name=\"twitter:label1\" content=\"Written by\" \/>\n\t<meta name=\"twitter:data1\" content=\"bosniak\" \/>\n\t<meta name=\"twitter:label2\" content=\"Est. reading time\" \/>\n\t<meta name=\"twitter:data2\" content=\"2 minute\" \/>\n<script type=\"application\/ld+json\" class=\"yoast-schema-graph\">{\"@context\":\"https:\/\/schema.org\",\"@graph\":[{\"@type\":\"Article\",\"@id\":\"https:\/\/sandzakpress.net\/arhiva\/religija-i-integracija-u-njemackoj\/#article\",\"isPartOf\":{\"@id\":\"https:\/\/sandzakpress.net\/arhiva\/religija-i-integracija-u-njemackoj\/\"},\"author\":{\"name\":\"bosniak\",\"@id\":\"https:\/\/sandzakpress.net\/arhiva\/#\/schema\/person\/c8baee722073534b583ea7bdb2e36c02\"},\"headline\":\"Religija i integracija u Njema\u010dkoj\",\"datePublished\":\"2010-07-30T22:02:32+00:00\",\"dateModified\":\"2010-07-31T22:04:47+00:00\",\"mainEntityOfPage\":{\"@id\":\"https:\/\/sandzakpress.net\/arhiva\/religija-i-integracija-u-njemackoj\/\"},\"wordCount\":449,\"commentCount\":0,\"publisher\":{\"@id\":\"https:\/\/sandzakpress.net\/arhiva\/#\/schema\/person\/6e72b67d6e51910a1117b3b483ba20bd\"},\"image\":{\"@id\":\"https:\/\/sandzakpress.net\/arhiva\/religija-i-integracija-u-njemackoj\/#primaryimage\"},\"thumbnailUrl\":\"https:\/\/sandzakpress.net\/arhiva\/wp-content\/uploads\/2010\/07\/religija-u-njemackoj.jpg\",\"articleSection\":[\"Svijet\"],\"inLanguage\":\"bs-BA\",\"potentialAction\":[{\"@type\":\"CommentAction\",\"name\":\"Comment\",\"target\":[\"https:\/\/sandzakpress.net\/arhiva\/religija-i-integracija-u-njemackoj\/#respond\"]}]},{\"@type\":\"WebPage\",\"@id\":\"https:\/\/sandzakpress.net\/arhiva\/religija-i-integracija-u-njemackoj\/\",\"url\":\"https:\/\/sandzakpress.net\/arhiva\/religija-i-integracija-u-njemackoj\/\",\"name\":\"Religija i integracija u Njema\u010dkoj\",\"isPartOf\":{\"@id\":\"https:\/\/sandzakpress.net\/arhiva\/#website\"},\"primaryImageOfPage\":{\"@id\":\"https:\/\/sandzakpress.net\/arhiva\/religija-i-integracija-u-njemackoj\/#primaryimage\"},\"image\":{\"@id\":\"https:\/\/sandzakpress.net\/arhiva\/religija-i-integracija-u-njemackoj\/#primaryimage\"},\"thumbnailUrl\":\"https:\/\/sandzakpress.net\/arhiva\/wp-content\/uploads\/2010\/07\/religija-u-njemackoj.jpg\",\"datePublished\":\"2010-07-30T22:02:32+00:00\",\"dateModified\":\"2010-07-31T22:04:47+00:00\",\"breadcrumb\":{\"@id\":\"https:\/\/sandzakpress.net\/arhiva\/religija-i-integracija-u-njemackoj\/#breadcrumb\"},\"inLanguage\":\"bs-BA\",\"potentialAction\":[{\"@type\":\"ReadAction\",\"target\":[\"https:\/\/sandzakpress.net\/arhiva\/religija-i-integracija-u-njemackoj\/\"]}]},{\"@type\":\"ImageObject\",\"inLanguage\":\"bs-BA\",\"@id\":\"https:\/\/sandzakpress.net\/arhiva\/religija-i-integracija-u-njemackoj\/#primaryimage\",\"url\":\"https:\/\/sandzakpress.net\/arhiva\/wp-content\/uploads\/2010\/07\/religija-u-njemackoj.jpg\",\"contentUrl\":\"https:\/\/sandzakpress.net\/arhiva\/wp-content\/uploads\/2010\/07\/religija-u-njemackoj.jpg\",\"width\":330,\"height\":244},{\"@type\":\"BreadcrumbList\",\"@id\":\"https:\/\/sandzakpress.net\/arhiva\/religija-i-integracija-u-njemackoj\/#breadcrumb\",\"itemListElement\":[{\"@type\":\"ListItem\",\"position\":1,\"name\":\"Home\",\"item\":\"https:\/\/sandzakpress.net\/arhiva\/\"},{\"@type\":\"ListItem\",\"position\":2,\"name\":\"Religija i integracija u Njema\u010dkoj\"}]},{\"@type\":\"WebSite\",\"@id\":\"https:\/\/sandzakpress.net\/arhiva\/#website\",\"url\":\"https:\/\/sandzakpress.net\/arhiva\/\",\"name\":\"Sand\u017eak PRESS\",\"description\":\"Prve elektronske novine u Sand\u017eaku\",\"publisher\":{\"@id\":\"https:\/\/sandzakpress.net\/arhiva\/#\/schema\/person\/6e72b67d6e51910a1117b3b483ba20bd\"},\"potentialAction\":[{\"@type\":\"SearchAction\",\"target\":{\"@type\":\"EntryPoint\",\"urlTemplate\":\"https:\/\/sandzakpress.net\/arhiva\/?s={search_term_string}\"},\"query-input\":{\"@type\":\"PropertyValueSpecification\",\"valueRequired\":true,\"valueName\":\"search_term_string\"}}],\"inLanguage\":\"bs-BA\"},{\"@type\":[\"Person\",\"Organization\"],\"@id\":\"https:\/\/sandzakpress.net\/arhiva\/#\/schema\/person\/6e72b67d6e51910a1117b3b483ba20bd\",\"name\":\"Kul\",\"image\":{\"@type\":\"ImageObject\",\"inLanguage\":\"bs-BA\",\"@id\":\"https:\/\/sandzakpress.net\/arhiva\/#\/schema\/person\/image\/\",\"url\":\"https:\/\/secure.gravatar.com\/avatar\/42263f39aa27ac04c43cab85c280eb2e?s=96&d=mm&r=pg\",\"contentUrl\":\"https:\/\/secure.gravatar.com\/avatar\/42263f39aa27ac04c43cab85c280eb2e?s=96&d=mm&r=pg\",\"caption\":\"Kul\"},\"logo\":{\"@id\":\"https:\/\/sandzakpress.net\/arhiva\/#\/schema\/person\/image\/\"}},{\"@type\":\"Person\",\"@id\":\"https:\/\/sandzakpress.net\/arhiva\/#\/schema\/person\/c8baee722073534b583ea7bdb2e36c02\",\"name\":\"bosniak\",\"image\":{\"@type\":\"ImageObject\",\"inLanguage\":\"bs-BA\",\"@id\":\"https:\/\/sandzakpress.net\/arhiva\/#\/schema\/person\/image\/\",\"url\":\"https:\/\/secure.gravatar.com\/avatar\/a04fd330bfe3a36a72a0ad4a6d89fca7?s=96&d=mm&r=pg\",\"contentUrl\":\"https:\/\/secure.gravatar.com\/avatar\/a04fd330bfe3a36a72a0ad4a6d89fca7?s=96&d=mm&r=pg\",\"caption\":\"bosniak\"},\"url\":\"https:\/\/sandzakpress.net\/arhiva\/author\/bosniak\/\"}]}<\/script>\n<!-- \/ Yoast SEO Premium plugin. -->","yoast_head_json":{"title":"Religija i integracija u Njema\u010dkoj","robots":{"index":"index","follow":"follow","max-snippet":"max-snippet:-1","max-image-preview":"max-image-preview:large","max-video-preview":"max-video-preview:-1"},"canonical":"https:\/\/sandzakpress.net\/arhiva\/religija-i-integracija-u-njemackoj\/","og_locale":"bs_BA","og_type":"article","og_title":"Religija i integracija u Njema\u010dkoj","og_description":"Na religiju i integraciju se \u010desto gleda kao na proturje\u010dnost. Ne samo u diskusijama o muslimanima i paralelnim dru\u0161tvima, ve\u0107 i kada su u pitanju i ostale vjere manjina u Njema\u010dkoj.","og_url":"https:\/\/sandzakpress.net\/arhiva\/religija-i-integracija-u-njemackoj\/","og_site_name":"Sand\u017eak PRESS","article_published_time":"2010-07-30T22:02:32+00:00","article_modified_time":"2010-07-31T22:04:47+00:00","og_image":[{"width":330,"height":244,"url":"https:\/\/sandzakpress.net\/arhiva\/wp-content\/uploads\/2010\/07\/religija-u-njemackoj.jpg","type":"image\/jpeg"}],"author":"bosniak","twitter_card":"summary_large_image","twitter_misc":{"Written by":"bosniak","Est. reading time":"2 minute"},"schema":{"@context":"https:\/\/schema.org","@graph":[{"@type":"Article","@id":"https:\/\/sandzakpress.net\/arhiva\/religija-i-integracija-u-njemackoj\/#article","isPartOf":{"@id":"https:\/\/sandzakpress.net\/arhiva\/religija-i-integracija-u-njemackoj\/"},"author":{"name":"bosniak","@id":"https:\/\/sandzakpress.net\/arhiva\/#\/schema\/person\/c8baee722073534b583ea7bdb2e36c02"},"headline":"Religija i integracija u Njema\u010dkoj","datePublished":"2010-07-30T22:02:32+00:00","dateModified":"2010-07-31T22:04:47+00:00","mainEntityOfPage":{"@id":"https:\/\/sandzakpress.net\/arhiva\/religija-i-integracija-u-njemackoj\/"},"wordCount":449,"commentCount":0,"publisher":{"@id":"https:\/\/sandzakpress.net\/arhiva\/#\/schema\/person\/6e72b67d6e51910a1117b3b483ba20bd"},"image":{"@id":"https:\/\/sandzakpress.net\/arhiva\/religija-i-integracija-u-njemackoj\/#primaryimage"},"thumbnailUrl":"https:\/\/sandzakpress.net\/arhiva\/wp-content\/uploads\/2010\/07\/religija-u-njemackoj.jpg","articleSection":["Svijet"],"inLanguage":"bs-BA","potentialAction":[{"@type":"CommentAction","name":"Comment","target":["https:\/\/sandzakpress.net\/arhiva\/religija-i-integracija-u-njemackoj\/#respond"]}]},{"@type":"WebPage","@id":"https:\/\/sandzakpress.net\/arhiva\/religija-i-integracija-u-njemackoj\/","url":"https:\/\/sandzakpress.net\/arhiva\/religija-i-integracija-u-njemackoj\/","name":"Religija i integracija u Njema\u010dkoj","isPartOf":{"@id":"https:\/\/sandzakpress.net\/arhiva\/#website"},"primaryImageOfPage":{"@id":"https:\/\/sandzakpress.net\/arhiva\/religija-i-integracija-u-njemackoj\/#primaryimage"},"image":{"@id":"https:\/\/sandzakpress.net\/arhiva\/religija-i-integracija-u-njemackoj\/#primaryimage"},"thumbnailUrl":"https:\/\/sandzakpress.net\/arhiva\/wp-content\/uploads\/2010\/07\/religija-u-njemackoj.jpg","datePublished":"2010-07-30T22:02:32+00:00","dateModified":"2010-07-31T22:04:47+00:00","breadcrumb":{"@id":"https:\/\/sandzakpress.net\/arhiva\/religija-i-integracija-u-njemackoj\/#breadcrumb"},"inLanguage":"bs-BA","potentialAction":[{"@type":"ReadAction","target":["https:\/\/sandzakpress.net\/arhiva\/religija-i-integracija-u-njemackoj\/"]}]},{"@type":"ImageObject","inLanguage":"bs-BA","@id":"https:\/\/sandzakpress.net\/arhiva\/religija-i-integracija-u-njemackoj\/#primaryimage","url":"https:\/\/sandzakpress.net\/arhiva\/wp-content\/uploads\/2010\/07\/religija-u-njemackoj.jpg","contentUrl":"https:\/\/sandzakpress.net\/arhiva\/wp-content\/uploads\/2010\/07\/religija-u-njemackoj.jpg","width":330,"height":244},{"@type":"BreadcrumbList","@id":"https:\/\/sandzakpress.net\/arhiva\/religija-i-integracija-u-njemackoj\/#breadcrumb","itemListElement":[{"@type":"ListItem","position":1,"name":"Home","item":"https:\/\/sandzakpress.net\/arhiva\/"},{"@type":"ListItem","position":2,"name":"Religija i integracija u Njema\u010dkoj"}]},{"@type":"WebSite","@id":"https:\/\/sandzakpress.net\/arhiva\/#website","url":"https:\/\/sandzakpress.net\/arhiva\/","name":"Sand\u017eak PRESS","description":"Prve elektronske novine u Sand\u017eaku","publisher":{"@id":"https:\/\/sandzakpress.net\/arhiva\/#\/schema\/person\/6e72b67d6e51910a1117b3b483ba20bd"},"potentialAction":[{"@type":"SearchAction","target":{"@type":"EntryPoint","urlTemplate":"https:\/\/sandzakpress.net\/arhiva\/?s={search_term_string}"},"query-input":{"@type":"PropertyValueSpecification","valueRequired":true,"valueName":"search_term_string"}}],"inLanguage":"bs-BA"},{"@type":["Person","Organization"],"@id":"https:\/\/sandzakpress.net\/arhiva\/#\/schema\/person\/6e72b67d6e51910a1117b3b483ba20bd","name":"Kul","image":{"@type":"ImageObject","inLanguage":"bs-BA","@id":"https:\/\/sandzakpress.net\/arhiva\/#\/schema\/person\/image\/","url":"https:\/\/secure.gravatar.com\/avatar\/42263f39aa27ac04c43cab85c280eb2e?s=96&d=mm&r=pg","contentUrl":"https:\/\/secure.gravatar.com\/avatar\/42263f39aa27ac04c43cab85c280eb2e?s=96&d=mm&r=pg","caption":"Kul"},"logo":{"@id":"https:\/\/sandzakpress.net\/arhiva\/#\/schema\/person\/image\/"}},{"@type":"Person","@id":"https:\/\/sandzakpress.net\/arhiva\/#\/schema\/person\/c8baee722073534b583ea7bdb2e36c02","name":"bosniak","image":{"@type":"ImageObject","inLanguage":"bs-BA","@id":"https:\/\/sandzakpress.net\/arhiva\/#\/schema\/person\/image\/","url":"https:\/\/secure.gravatar.com\/avatar\/a04fd330bfe3a36a72a0ad4a6d89fca7?s=96&d=mm&r=pg","contentUrl":"https:\/\/secure.gravatar.com\/avatar\/a04fd330bfe3a36a72a0ad4a6d89fca7?s=96&d=mm&r=pg","caption":"bosniak"},"url":"https:\/\/sandzakpress.net\/arhiva\/author\/bosniak\/"}]}},"_links":{"self":[{"href":"https:\/\/sandzakpress.net\/arhiva\/wp-json\/wp\/v2\/posts\/6667"}],"collection":[{"href":"https:\/\/sandzakpress.net\/arhiva\/wp-json\/wp\/v2\/posts"}],"about":[{"href":"https:\/\/sandzakpress.net\/arhiva\/wp-json\/wp\/v2\/types\/post"}],"author":[{"embeddable":true,"href":"https:\/\/sandzakpress.net\/arhiva\/wp-json\/wp\/v2\/users\/83"}],"replies":[{"embeddable":true,"href":"https:\/\/sandzakpress.net\/arhiva\/wp-json\/wp\/v2\/comments?post=6667"}],"version-history":[{"count":0,"href":"https:\/\/sandzakpress.net\/arhiva\/wp-json\/wp\/v2\/posts\/6667\/revisions"}],"wp:featuredmedia":[{"embeddable":true,"href":"https:\/\/sandzakpress.net\/arhiva\/wp-json\/wp\/v2\/media\/6668"}],"wp:attachment":[{"href":"https:\/\/sandzakpress.net\/arhiva\/wp-json\/wp\/v2\/media?parent=6667"}],"wp:term":[{"taxonomy":"category","embeddable":true,"href":"https:\/\/sandzakpress.net\/arhiva\/wp-json\/wp\/v2\/categories?post=6667"},{"taxonomy":"post_tag","embeddable":true,"href":"https:\/\/sandzakpress.net\/arhiva\/wp-json\/wp\/v2\/tags?post=6667"}],"curies":[{"name":"wp","href":"https:\/\/api.w.org\/{rel}","templated":true}]}}