{"id":6623,"date":"2010-07-27T17:27:49","date_gmt":"2010-07-27T17:27:49","guid":{"rendered":"https:\/\/sandzakpress.net\/arhiva\/?p=6623"},"modified":"2010-07-28T14:33:50","modified_gmt":"2010-07-28T14:33:50","slug":"delegacija-bnv-a-nastavlja-aktivnosti-u-beogradu","status":"publish","type":"post","link":"https:\/\/sandzakpress.net\/arhiva\/delegacija-bnv-a-nastavlja-aktivnosti-u-beogradu\/","title":{"rendered":"Delegacija BNV-a nastavlja aktivnosti u Beogradu"},"content":{"rendered":"<p><a href=\"https:\/\/sandzakpress.net\/arhiva\/wp-content\/uploads\/2010\/07\/delegacija-BNV-a.jpg\"><img loading=\"lazy\" decoding=\"async\" class=\"alignleft size-thumbnail wp-image-6624\" title=\"delegacija BNV-a\" src=\"https:\/\/sandzakpress.net\/arhiva\/wp-content\/uploads\/2010\/07\/delegacija-BNV-a-150x150.jpg\" alt=\"\" width=\"150\" height=\"150\" srcset=\"https:\/\/sandzakpress.net\/arhiva\/wp-content\/uploads\/2010\/07\/delegacija-BNV-a-150x150.jpg 150w, https:\/\/sandzakpress.net\/arhiva\/wp-content\/uploads\/2010\/07\/delegacija-BNV-a-90x90.jpg 90w, https:\/\/sandzakpress.net\/arhiva\/wp-content\/uploads\/2010\/07\/delegacija-BNV-a-380x379.jpg 380w, https:\/\/sandzakpress.net\/arhiva\/wp-content\/uploads\/2010\/07\/delegacija-BNV-a-125x125.jpg 125w\" sizes=\"(max-width: 150px) 100vw, 150px\" \/><\/a><strong>Beograd &#8211; Visoka delegacija Bo\u0161nja\u010dkog nacionalnog vije\u0107a predvo\u0111ena prvim \u010dovjekom dr. Mevludom Dudi\u0107em koju su \u010dinili i potpredsjednik Zehnija Buli\u0107 i predsjednik IO Samir Tandir posjetila je danas Ambasadu OEBS-a i Veleposlani\u0161tvo Hrvatske u Beogradu, gdje su razgovarali sa predstavnicima ovih institucija.<\/strong><!--more--><\/p>\n<p>Tako\u0111er, delegacija je boravila u Parlamentu R. Srbije, a goste su primili Narodni poslanici poslani\u010dkog kluba Liberalno-demokratske partije g-dina \u010cedomira Jovanovi\u010da.<\/p>\n<p>Prema rije\u010dima g-dina Tandira ovo je samo nastavak zapo\u010detih diplomatskih aktivnosti koje sprovodi rukovodstvo Bo\u0161nja\u010dkog nacionalnog vije\u0107a.<\/p>\n<p>\u201eOvo je samo nastavak aktivnosti koje smo zapo\u010deli susretima sa diplomatama u Beogradu i Sarajevu. BNV \u0107e nastaviti sa diplomatskim aktivnostima kako bi se \u0161to prije rije\u0161ili nagomilani problemi u Sand\u017eaku.\u201c \u2013 kazao je Tandir.<\/p>\n<p><strong>Izvor: BNV.rs<\/strong><\/p>\n","protected":false},"excerpt":{"rendered":"<p>Beograd &#8211; Visoka delegacija Bo\u0161nja\u010dkog nacionalnog vije\u0107a predvo\u0111ena prvim \u010dovjekom dr. Mevludom Dudi\u0107em koju su \u010dinili i potpredsjednik Zehnija Buli\u0107 i predsjednik IO Samir Tandir posjetila je danas Ambasadu OEBS-a i Veleposlani\u0161tvo Hrvatske u Beogradu, gdje su razgovarali sa predstavnicima ovih institucija.<\/p>\n","protected":false},"author":83,"featured_media":6624,"comment_status":"open","ping_status":"open","sticky":false,"template":"","format":"standard","meta":{"footnotes":""},"categories":[72,800],"tags":[],"class_list":{"0":"post-6623","1":"post","2":"type-post","3":"status-publish","4":"format-standard","5":"has-post-thumbnail","7":"category-novi-pazar","8":"category-nacija"},"yoast_head":"<!-- This site is optimized with the Yoast SEO Premium plugin v23.1 (Yoast SEO v24.9) - https:\/\/yoast.com\/wordpress\/plugins\/seo\/ -->\n<title>Delegacija BNV-a nastavlja aktivnosti u Beogradu<\/title>\n<meta name=\"robots\" content=\"index, follow, max-snippet:-1, max-image-preview:large, max-video-preview:-1\" \/>\n<link rel=\"canonical\" href=\"https:\/\/sandzakpress.net\/arhiva\/delegacija-bnv-a-nastavlja-aktivnosti-u-beogradu\/\" \/>\n<meta property=\"og:locale\" content=\"bs_BA\" \/>\n<meta property=\"og:type\" content=\"article\" \/>\n<meta property=\"og:title\" content=\"Delegacija BNV-a nastavlja aktivnosti u Beogradu\" \/>\n<meta property=\"og:description\" content=\"Beograd &#8211; Visoka delegacija Bo\u0161nja\u010dkog nacionalnog vije\u0107a predvo\u0111ena prvim \u010dovjekom dr. Mevludom Dudi\u0107em koju su \u010dinili i potpredsjednik Zehnija Buli\u0107 i predsjednik IO Samir Tandir posjetila je danas Ambasadu OEBS-a i Veleposlani\u0161tvo Hrvatske u Beogradu, gdje su razgovarali sa predstavnicima ovih institucija.\" \/>\n<meta property=\"og:url\" content=\"https:\/\/sandzakpress.net\/arhiva\/delegacija-bnv-a-nastavlja-aktivnosti-u-beogradu\/\" \/>\n<meta property=\"og:site_name\" content=\"Sand\u017eak PRESS\" \/>\n<meta property=\"article:published_time\" content=\"2010-07-27T17:27:49+00:00\" \/>\n<meta property=\"article:modified_time\" content=\"2010-07-28T14:33:50+00:00\" \/>\n<meta property=\"og:image\" content=\"https:\/\/sandzakpress.net\/arhiva\/wp-content\/uploads\/2010\/07\/delegacija-BNV-a.jpg\" \/>\n\t<meta property=\"og:image:width\" content=\"600\" \/>\n\t<meta property=\"og:image:height\" content=\"379\" \/>\n\t<meta property=\"og:image:type\" content=\"image\/jpeg\" \/>\n<meta name=\"author\" content=\"bosniak\" \/>\n<meta name=\"twitter:card\" content=\"summary_large_image\" \/>\n<meta name=\"twitter:label1\" content=\"Written by\" \/>\n\t<meta name=\"twitter:data1\" content=\"bosniak\" \/>\n\t<meta name=\"twitter:label2\" content=\"Est. reading time\" \/>\n\t<meta name=\"twitter:data2\" content=\"1 minuta\" \/>\n<script type=\"application\/ld+json\" class=\"yoast-schema-graph\">{\"@context\":\"https:\/\/schema.org\",\"@graph\":[{\"@type\":\"Article\",\"@id\":\"https:\/\/sandzakpress.net\/arhiva\/delegacija-bnv-a-nastavlja-aktivnosti-u-beogradu\/#article\",\"isPartOf\":{\"@id\":\"https:\/\/sandzakpress.net\/arhiva\/delegacija-bnv-a-nastavlja-aktivnosti-u-beogradu\/\"},\"author\":{\"name\":\"bosniak\",\"@id\":\"https:\/\/sandzakpress.net\/arhiva\/#\/schema\/person\/c8baee722073534b583ea7bdb2e36c02\"},\"headline\":\"Delegacija BNV-a nastavlja aktivnosti u Beogradu\",\"datePublished\":\"2010-07-27T17:27:49+00:00\",\"dateModified\":\"2010-07-28T14:33:50+00:00\",\"mainEntityOfPage\":{\"@id\":\"https:\/\/sandzakpress.net\/arhiva\/delegacija-bnv-a-nastavlja-aktivnosti-u-beogradu\/\"},\"wordCount\":140,\"commentCount\":6,\"publisher\":{\"@id\":\"https:\/\/sandzakpress.net\/arhiva\/#\/schema\/person\/6e72b67d6e51910a1117b3b483ba20bd\"},\"image\":{\"@id\":\"https:\/\/sandzakpress.net\/arhiva\/delegacija-bnv-a-nastavlja-aktivnosti-u-beogradu\/#primaryimage\"},\"thumbnailUrl\":\"https:\/\/sandzakpress.net\/arhiva\/wp-content\/uploads\/2010\/07\/delegacija-BNV-a.jpg\",\"articleSection\":[\"Novi Pazar\",\"Nacija\"],\"inLanguage\":\"bs-BA\",\"potentialAction\":[{\"@type\":\"CommentAction\",\"name\":\"Comment\",\"target\":[\"https:\/\/sandzakpress.net\/arhiva\/delegacija-bnv-a-nastavlja-aktivnosti-u-beogradu\/#respond\"]}]},{\"@type\":\"WebPage\",\"@id\":\"https:\/\/sandzakpress.net\/arhiva\/delegacija-bnv-a-nastavlja-aktivnosti-u-beogradu\/\",\"url\":\"https:\/\/sandzakpress.net\/arhiva\/delegacija-bnv-a-nastavlja-aktivnosti-u-beogradu\/\",\"name\":\"Delegacija BNV-a nastavlja aktivnosti u Beogradu\",\"isPartOf\":{\"@id\":\"https:\/\/sandzakpress.net\/arhiva\/#website\"},\"primaryImageOfPage\":{\"@id\":\"https:\/\/sandzakpress.net\/arhiva\/delegacija-bnv-a-nastavlja-aktivnosti-u-beogradu\/#primaryimage\"},\"image\":{\"@id\":\"https:\/\/sandzakpress.net\/arhiva\/delegacija-bnv-a-nastavlja-aktivnosti-u-beogradu\/#primaryimage\"},\"thumbnailUrl\":\"https:\/\/sandzakpress.net\/arhiva\/wp-content\/uploads\/2010\/07\/delegacija-BNV-a.jpg\",\"datePublished\":\"2010-07-27T17:27:49+00:00\",\"dateModified\":\"2010-07-28T14:33:50+00:00\",\"breadcrumb\":{\"@id\":\"https:\/\/sandzakpress.net\/arhiva\/delegacija-bnv-a-nastavlja-aktivnosti-u-beogradu\/#breadcrumb\"},\"inLanguage\":\"bs-BA\",\"potentialAction\":[{\"@type\":\"ReadAction\",\"target\":[\"https:\/\/sandzakpress.net\/arhiva\/delegacija-bnv-a-nastavlja-aktivnosti-u-beogradu\/\"]}]},{\"@type\":\"ImageObject\",\"inLanguage\":\"bs-BA\",\"@id\":\"https:\/\/sandzakpress.net\/arhiva\/delegacija-bnv-a-nastavlja-aktivnosti-u-beogradu\/#primaryimage\",\"url\":\"https:\/\/sandzakpress.net\/arhiva\/wp-content\/uploads\/2010\/07\/delegacija-BNV-a.jpg\",\"contentUrl\":\"https:\/\/sandzakpress.net\/arhiva\/wp-content\/uploads\/2010\/07\/delegacija-BNV-a.jpg\",\"width\":600,\"height\":379},{\"@type\":\"BreadcrumbList\",\"@id\":\"https:\/\/sandzakpress.net\/arhiva\/delegacija-bnv-a-nastavlja-aktivnosti-u-beogradu\/#breadcrumb\",\"itemListElement\":[{\"@type\":\"ListItem\",\"position\":1,\"name\":\"Home\",\"item\":\"https:\/\/sandzakpress.net\/arhiva\/\"},{\"@type\":\"ListItem\",\"position\":2,\"name\":\"Delegacija BNV-a nastavlja aktivnosti u Beogradu\"}]},{\"@type\":\"WebSite\",\"@id\":\"https:\/\/sandzakpress.net\/arhiva\/#website\",\"url\":\"https:\/\/sandzakpress.net\/arhiva\/\",\"name\":\"Sand\u017eak PRESS\",\"description\":\"Prve elektronske novine u Sand\u017eaku\",\"publisher\":{\"@id\":\"https:\/\/sandzakpress.net\/arhiva\/#\/schema\/person\/6e72b67d6e51910a1117b3b483ba20bd\"},\"potentialAction\":[{\"@type\":\"SearchAction\",\"target\":{\"@type\":\"EntryPoint\",\"urlTemplate\":\"https:\/\/sandzakpress.net\/arhiva\/?s={search_term_string}\"},\"query-input\":{\"@type\":\"PropertyValueSpecification\",\"valueRequired\":true,\"valueName\":\"search_term_string\"}}],\"inLanguage\":\"bs-BA\"},{\"@type\":[\"Person\",\"Organization\"],\"@id\":\"https:\/\/sandzakpress.net\/arhiva\/#\/schema\/person\/6e72b67d6e51910a1117b3b483ba20bd\",\"name\":\"Kul\",\"image\":{\"@type\":\"ImageObject\",\"inLanguage\":\"bs-BA\",\"@id\":\"https:\/\/sandzakpress.net\/arhiva\/#\/schema\/person\/image\/\",\"url\":\"https:\/\/secure.gravatar.com\/avatar\/42263f39aa27ac04c43cab85c280eb2e?s=96&d=mm&r=pg\",\"contentUrl\":\"https:\/\/secure.gravatar.com\/avatar\/42263f39aa27ac04c43cab85c280eb2e?s=96&d=mm&r=pg\",\"caption\":\"Kul\"},\"logo\":{\"@id\":\"https:\/\/sandzakpress.net\/arhiva\/#\/schema\/person\/image\/\"}},{\"@type\":\"Person\",\"@id\":\"https:\/\/sandzakpress.net\/arhiva\/#\/schema\/person\/c8baee722073534b583ea7bdb2e36c02\",\"name\":\"bosniak\",\"image\":{\"@type\":\"ImageObject\",\"inLanguage\":\"bs-BA\",\"@id\":\"https:\/\/sandzakpress.net\/arhiva\/#\/schema\/person\/image\/\",\"url\":\"https:\/\/secure.gravatar.com\/avatar\/a04fd330bfe3a36a72a0ad4a6d89fca7?s=96&d=mm&r=pg\",\"contentUrl\":\"https:\/\/secure.gravatar.com\/avatar\/a04fd330bfe3a36a72a0ad4a6d89fca7?s=96&d=mm&r=pg\",\"caption\":\"bosniak\"},\"url\":\"https:\/\/sandzakpress.net\/arhiva\/author\/bosniak\/\"}]}<\/script>\n<!-- \/ Yoast SEO Premium plugin. -->","yoast_head_json":{"title":"Delegacija BNV-a nastavlja aktivnosti u Beogradu","robots":{"index":"index","follow":"follow","max-snippet":"max-snippet:-1","max-image-preview":"max-image-preview:large","max-video-preview":"max-video-preview:-1"},"canonical":"https:\/\/sandzakpress.net\/arhiva\/delegacija-bnv-a-nastavlja-aktivnosti-u-beogradu\/","og_locale":"bs_BA","og_type":"article","og_title":"Delegacija BNV-a nastavlja aktivnosti u Beogradu","og_description":"Beograd &#8211; Visoka delegacija Bo\u0161nja\u010dkog nacionalnog vije\u0107a predvo\u0111ena prvim \u010dovjekom dr. Mevludom Dudi\u0107em koju su \u010dinili i potpredsjednik Zehnija Buli\u0107 i predsjednik IO Samir Tandir posjetila je danas Ambasadu OEBS-a i Veleposlani\u0161tvo Hrvatske u Beogradu, gdje su razgovarali sa predstavnicima ovih institucija.","og_url":"https:\/\/sandzakpress.net\/arhiva\/delegacija-bnv-a-nastavlja-aktivnosti-u-beogradu\/","og_site_name":"Sand\u017eak PRESS","article_published_time":"2010-07-27T17:27:49+00:00","article_modified_time":"2010-07-28T14:33:50+00:00","og_image":[{"width":600,"height":379,"url":"https:\/\/sandzakpress.net\/arhiva\/wp-content\/uploads\/2010\/07\/delegacija-BNV-a.jpg","type":"image\/jpeg"}],"author":"bosniak","twitter_card":"summary_large_image","twitter_misc":{"Written by":"bosniak","Est. reading time":"1 minuta"},"schema":{"@context":"https:\/\/schema.org","@graph":[{"@type":"Article","@id":"https:\/\/sandzakpress.net\/arhiva\/delegacija-bnv-a-nastavlja-aktivnosti-u-beogradu\/#article","isPartOf":{"@id":"https:\/\/sandzakpress.net\/arhiva\/delegacija-bnv-a-nastavlja-aktivnosti-u-beogradu\/"},"author":{"name":"bosniak","@id":"https:\/\/sandzakpress.net\/arhiva\/#\/schema\/person\/c8baee722073534b583ea7bdb2e36c02"},"headline":"Delegacija BNV-a nastavlja aktivnosti u Beogradu","datePublished":"2010-07-27T17:27:49+00:00","dateModified":"2010-07-28T14:33:50+00:00","mainEntityOfPage":{"@id":"https:\/\/sandzakpress.net\/arhiva\/delegacija-bnv-a-nastavlja-aktivnosti-u-beogradu\/"},"wordCount":140,"commentCount":6,"publisher":{"@id":"https:\/\/sandzakpress.net\/arhiva\/#\/schema\/person\/6e72b67d6e51910a1117b3b483ba20bd"},"image":{"@id":"https:\/\/sandzakpress.net\/arhiva\/delegacija-bnv-a-nastavlja-aktivnosti-u-beogradu\/#primaryimage"},"thumbnailUrl":"https:\/\/sandzakpress.net\/arhiva\/wp-content\/uploads\/2010\/07\/delegacija-BNV-a.jpg","articleSection":["Novi Pazar","Nacija"],"inLanguage":"bs-BA","potentialAction":[{"@type":"CommentAction","name":"Comment","target":["https:\/\/sandzakpress.net\/arhiva\/delegacija-bnv-a-nastavlja-aktivnosti-u-beogradu\/#respond"]}]},{"@type":"WebPage","@id":"https:\/\/sandzakpress.net\/arhiva\/delegacija-bnv-a-nastavlja-aktivnosti-u-beogradu\/","url":"https:\/\/sandzakpress.net\/arhiva\/delegacija-bnv-a-nastavlja-aktivnosti-u-beogradu\/","name":"Delegacija BNV-a nastavlja aktivnosti u Beogradu","isPartOf":{"@id":"https:\/\/sandzakpress.net\/arhiva\/#website"},"primaryImageOfPage":{"@id":"https:\/\/sandzakpress.net\/arhiva\/delegacija-bnv-a-nastavlja-aktivnosti-u-beogradu\/#primaryimage"},"image":{"@id":"https:\/\/sandzakpress.net\/arhiva\/delegacija-bnv-a-nastavlja-aktivnosti-u-beogradu\/#primaryimage"},"thumbnailUrl":"https:\/\/sandzakpress.net\/arhiva\/wp-content\/uploads\/2010\/07\/delegacija-BNV-a.jpg","datePublished":"2010-07-27T17:27:49+00:00","dateModified":"2010-07-28T14:33:50+00:00","breadcrumb":{"@id":"https:\/\/sandzakpress.net\/arhiva\/delegacija-bnv-a-nastavlja-aktivnosti-u-beogradu\/#breadcrumb"},"inLanguage":"bs-BA","potentialAction":[{"@type":"ReadAction","target":["https:\/\/sandzakpress.net\/arhiva\/delegacija-bnv-a-nastavlja-aktivnosti-u-beogradu\/"]}]},{"@type":"ImageObject","inLanguage":"bs-BA","@id":"https:\/\/sandzakpress.net\/arhiva\/delegacija-bnv-a-nastavlja-aktivnosti-u-beogradu\/#primaryimage","url":"https:\/\/sandzakpress.net\/arhiva\/wp-content\/uploads\/2010\/07\/delegacija-BNV-a.jpg","contentUrl":"https:\/\/sandzakpress.net\/arhiva\/wp-content\/uploads\/2010\/07\/delegacija-BNV-a.jpg","width":600,"height":379},{"@type":"BreadcrumbList","@id":"https:\/\/sandzakpress.net\/arhiva\/delegacija-bnv-a-nastavlja-aktivnosti-u-beogradu\/#breadcrumb","itemListElement":[{"@type":"ListItem","position":1,"name":"Home","item":"https:\/\/sandzakpress.net\/arhiva\/"},{"@type":"ListItem","position":2,"name":"Delegacija BNV-a nastavlja aktivnosti u Beogradu"}]},{"@type":"WebSite","@id":"https:\/\/sandzakpress.net\/arhiva\/#website","url":"https:\/\/sandzakpress.net\/arhiva\/","name":"Sand\u017eak PRESS","description":"Prve elektronske novine u Sand\u017eaku","publisher":{"@id":"https:\/\/sandzakpress.net\/arhiva\/#\/schema\/person\/6e72b67d6e51910a1117b3b483ba20bd"},"potentialAction":[{"@type":"SearchAction","target":{"@type":"EntryPoint","urlTemplate":"https:\/\/sandzakpress.net\/arhiva\/?s={search_term_string}"},"query-input":{"@type":"PropertyValueSpecification","valueRequired":true,"valueName":"search_term_string"}}],"inLanguage":"bs-BA"},{"@type":["Person","Organization"],"@id":"https:\/\/sandzakpress.net\/arhiva\/#\/schema\/person\/6e72b67d6e51910a1117b3b483ba20bd","name":"Kul","image":{"@type":"ImageObject","inLanguage":"bs-BA","@id":"https:\/\/sandzakpress.net\/arhiva\/#\/schema\/person\/image\/","url":"https:\/\/secure.gravatar.com\/avatar\/42263f39aa27ac04c43cab85c280eb2e?s=96&d=mm&r=pg","contentUrl":"https:\/\/secure.gravatar.com\/avatar\/42263f39aa27ac04c43cab85c280eb2e?s=96&d=mm&r=pg","caption":"Kul"},"logo":{"@id":"https:\/\/sandzakpress.net\/arhiva\/#\/schema\/person\/image\/"}},{"@type":"Person","@id":"https:\/\/sandzakpress.net\/arhiva\/#\/schema\/person\/c8baee722073534b583ea7bdb2e36c02","name":"bosniak","image":{"@type":"ImageObject","inLanguage":"bs-BA","@id":"https:\/\/sandzakpress.net\/arhiva\/#\/schema\/person\/image\/","url":"https:\/\/secure.gravatar.com\/avatar\/a04fd330bfe3a36a72a0ad4a6d89fca7?s=96&d=mm&r=pg","contentUrl":"https:\/\/secure.gravatar.com\/avatar\/a04fd330bfe3a36a72a0ad4a6d89fca7?s=96&d=mm&r=pg","caption":"bosniak"},"url":"https:\/\/sandzakpress.net\/arhiva\/author\/bosniak\/"}]}},"_links":{"self":[{"href":"https:\/\/sandzakpress.net\/arhiva\/wp-json\/wp\/v2\/posts\/6623"}],"collection":[{"href":"https:\/\/sandzakpress.net\/arhiva\/wp-json\/wp\/v2\/posts"}],"about":[{"href":"https:\/\/sandzakpress.net\/arhiva\/wp-json\/wp\/v2\/types\/post"}],"author":[{"embeddable":true,"href":"https:\/\/sandzakpress.net\/arhiva\/wp-json\/wp\/v2\/users\/83"}],"replies":[{"embeddable":true,"href":"https:\/\/sandzakpress.net\/arhiva\/wp-json\/wp\/v2\/comments?post=6623"}],"version-history":[{"count":0,"href":"https:\/\/sandzakpress.net\/arhiva\/wp-json\/wp\/v2\/posts\/6623\/revisions"}],"wp:featuredmedia":[{"embeddable":true,"href":"https:\/\/sandzakpress.net\/arhiva\/wp-json\/wp\/v2\/media\/6624"}],"wp:attachment":[{"href":"https:\/\/sandzakpress.net\/arhiva\/wp-json\/wp\/v2\/media?parent=6623"}],"wp:term":[{"taxonomy":"category","embeddable":true,"href":"https:\/\/sandzakpress.net\/arhiva\/wp-json\/wp\/v2\/categories?post=6623"},{"taxonomy":"post_tag","embeddable":true,"href":"https:\/\/sandzakpress.net\/arhiva\/wp-json\/wp\/v2\/tags?post=6623"}],"curies":[{"name":"wp","href":"https:\/\/api.w.org\/{rel}","templated":true}]}}