{"id":661,"date":"2009-12-28T12:28:25","date_gmt":"2009-12-28T12:28:25","guid":{"rendered":"https:\/\/sandzakpress.net\/arhiva\/?p=661"},"modified":"2009-12-28T12:28:25","modified_gmt":"2009-12-28T12:28:25","slug":"iran-vise-od-15-mrtvih-demonstranata","status":"publish","type":"post","link":"https:\/\/sandzakpress.net\/arhiva\/iran-vise-od-15-mrtvih-demonstranata\/","title":{"rendered":"Iran: Vi\u0161e od 15 mrtvih demonstranata"},"content":{"rendered":"<p><a href=\"https:\/\/sandzakpress.net\/arhiva\/wp-content\/uploads\/2009\/12\/iran-protesti.jpg\"><img loading=\"lazy\" decoding=\"async\" class=\"alignleft size-full wp-image-662\" title=\"iran-protesti\" src=\"https:\/\/sandzakpress.net\/arhiva\/wp-content\/uploads\/2009\/12\/iran-protesti.jpg\" alt=\"\" width=\"180\" height=\"220\" \/><\/a>Vi\u0161e od 15 osoba je ubijeno u neredima do kojih je u nedjelju do\u0161lo u Teheranu, me\u0111u kojim je pet \u017ertava koje su ubile &#8220;teroristi\u010dke grupe&#8221;, a &#8220;vi\u0161e od 10&#8221; \u017ertava je pripadalo &#8220;antirevolucionarnim grupama&#8221;, objavila je u ponedjeljak iranska dr\u017eavna televizija pozivaju\u0107i se na ministarstvo obavje\u0161tajnih slu\u017ebi. &#8211; Tokom sumnjivih akcija pet osoba su ubile teroristi\u010dke grupe, objavila je televizija u emisiji posve\u0107enoj demonstacijama koje je opozicija povela u nedjelju protiv predsjednika\u00a0<strong>Mahmuda Ahmadined\u017eada <\/strong>u glavnom gradu.<\/p>\n<p>&#8211; Ministarstvo obavje\u0161tajnih slu\u017ebi je saop\u0107ilo da je vi\u0161e od 10 pripadnika teroristi\u010dkih antirevolucionarnih grupa ubijeno za vrijeme dmonstracija, objavila je televizija ne navode\u0107i pojedinosti.<\/p>\n<p>Na internetskim stranicama opozicije se navodi da je najmanje pet osoba ubijeno u nedjeljnim sukobima.<\/p>\n<p>U policijskom saop\u0107enju izdanom u nedjelju nave\u010der potvr\u0111eno je da je pet osoba ubijeno u &#8220;sumnjivim okolnostima&#8221;, nakon \u010dega je otvorena istraga.<\/p>\n<p>Izvor: <strong>Fena<\/strong><\/p>\n","protected":false},"excerpt":{"rendered":"<p>Vi\u0161e od 15 osoba je ubijeno u neredima do kojih je u nedjelju do\u0161lo u Teheranu, me\u0111u kojim je pet \u017ertava koje su ubile &#8220;teroristi\u010dke grupe&#8221;, a &#8220;vi\u0161e od 10&#8221; \u017ertava je pripadalo &#8220;antirevolucionarnim grupama&#8221;, objavila je u ponedjeljak iranska dr\u017eavna televizija pozivaju\u0107i se na ministarstvo obavje\u0161tajnih slu\u017ebi. &#8211; Tokom sumnjivih akcija pet osoba su [&hellip;]<\/p>\n","protected":false},"author":83,"featured_media":662,"comment_status":"open","ping_status":"open","sticky":false,"template":"","format":"standard","meta":{"footnotes":""},"categories":[9],"tags":[],"class_list":{"0":"post-661","1":"post","2":"type-post","3":"status-publish","4":"format-standard","5":"has-post-thumbnail","7":"category-svijet"},"yoast_head":"<!-- This site is optimized with the Yoast SEO Premium plugin v23.1 (Yoast SEO v24.9) - https:\/\/yoast.com\/wordpress\/plugins\/seo\/ -->\n<title>Iran: Vi\u0161e od 15 mrtvih demonstranata<\/title>\n<meta name=\"robots\" content=\"index, follow, max-snippet:-1, max-image-preview:large, max-video-preview:-1\" \/>\n<link rel=\"canonical\" href=\"https:\/\/sandzakpress.net\/arhiva\/iran-vise-od-15-mrtvih-demonstranata\/\" \/>\n<meta property=\"og:locale\" content=\"bs_BA\" \/>\n<meta property=\"og:type\" content=\"article\" \/>\n<meta property=\"og:title\" content=\"Iran: Vi\u0161e od 15 mrtvih demonstranata\" \/>\n<meta property=\"og:description\" content=\"Vi\u0161e od 15 osoba je ubijeno u neredima do kojih je u nedjelju do\u0161lo u Teheranu, me\u0111u kojim je pet \u017ertava koje su ubile &#8220;teroristi\u010dke grupe&#8221;, a &#8220;vi\u0161e od 10&#8221; \u017ertava je pripadalo &#8220;antirevolucionarnim grupama&#8221;, objavila je u ponedjeljak iranska dr\u017eavna televizija pozivaju\u0107i se na ministarstvo obavje\u0161tajnih slu\u017ebi. &#8211; Tokom sumnjivih akcija pet osoba su [&hellip;]\" \/>\n<meta property=\"og:url\" content=\"https:\/\/sandzakpress.net\/arhiva\/iran-vise-od-15-mrtvih-demonstranata\/\" \/>\n<meta property=\"og:site_name\" content=\"Sand\u017eak PRESS\" \/>\n<meta property=\"article:published_time\" content=\"2009-12-28T12:28:25+00:00\" \/>\n<meta property=\"og:image\" content=\"https:\/\/sandzakpress.net\/arhiva\/wp-content\/uploads\/2009\/12\/iran-protesti.jpg\" \/>\n\t<meta property=\"og:image:width\" content=\"180\" \/>\n\t<meta property=\"og:image:height\" content=\"220\" \/>\n\t<meta property=\"og:image:type\" content=\"image\/jpeg\" \/>\n<meta name=\"author\" content=\"bosniak\" \/>\n<meta name=\"twitter:card\" content=\"summary_large_image\" \/>\n<meta name=\"twitter:label1\" content=\"Written by\" \/>\n\t<meta name=\"twitter:data1\" content=\"bosniak\" \/>\n\t<meta name=\"twitter:label2\" content=\"Est. reading time\" \/>\n\t<meta name=\"twitter:data2\" content=\"1 minuta\" \/>\n<script type=\"application\/ld+json\" class=\"yoast-schema-graph\">{\"@context\":\"https:\/\/schema.org\",\"@graph\":[{\"@type\":\"Article\",\"@id\":\"https:\/\/sandzakpress.net\/arhiva\/iran-vise-od-15-mrtvih-demonstranata\/#article\",\"isPartOf\":{\"@id\":\"https:\/\/sandzakpress.net\/arhiva\/iran-vise-od-15-mrtvih-demonstranata\/\"},\"author\":{\"name\":\"bosniak\",\"@id\":\"https:\/\/sandzakpress.net\/arhiva\/#\/schema\/person\/c8baee722073534b583ea7bdb2e36c02\"},\"headline\":\"Iran: Vi\u0161e od 15 mrtvih demonstranata\",\"datePublished\":\"2009-12-28T12:28:25+00:00\",\"mainEntityOfPage\":{\"@id\":\"https:\/\/sandzakpress.net\/arhiva\/iran-vise-od-15-mrtvih-demonstranata\/\"},\"wordCount\":166,\"commentCount\":0,\"publisher\":{\"@id\":\"https:\/\/sandzakpress.net\/arhiva\/#\/schema\/person\/6e72b67d6e51910a1117b3b483ba20bd\"},\"image\":{\"@id\":\"https:\/\/sandzakpress.net\/arhiva\/iran-vise-od-15-mrtvih-demonstranata\/#primaryimage\"},\"thumbnailUrl\":\"https:\/\/sandzakpress.net\/arhiva\/wp-content\/uploads\/2009\/12\/iran-protesti.jpg\",\"articleSection\":[\"Svijet\"],\"inLanguage\":\"bs-BA\",\"potentialAction\":[{\"@type\":\"CommentAction\",\"name\":\"Comment\",\"target\":[\"https:\/\/sandzakpress.net\/arhiva\/iran-vise-od-15-mrtvih-demonstranata\/#respond\"]}]},{\"@type\":\"WebPage\",\"@id\":\"https:\/\/sandzakpress.net\/arhiva\/iran-vise-od-15-mrtvih-demonstranata\/\",\"url\":\"https:\/\/sandzakpress.net\/arhiva\/iran-vise-od-15-mrtvih-demonstranata\/\",\"name\":\"Iran: Vi\u0161e od 15 mrtvih demonstranata\",\"isPartOf\":{\"@id\":\"https:\/\/sandzakpress.net\/arhiva\/#website\"},\"primaryImageOfPage\":{\"@id\":\"https:\/\/sandzakpress.net\/arhiva\/iran-vise-od-15-mrtvih-demonstranata\/#primaryimage\"},\"image\":{\"@id\":\"https:\/\/sandzakpress.net\/arhiva\/iran-vise-od-15-mrtvih-demonstranata\/#primaryimage\"},\"thumbnailUrl\":\"https:\/\/sandzakpress.net\/arhiva\/wp-content\/uploads\/2009\/12\/iran-protesti.jpg\",\"datePublished\":\"2009-12-28T12:28:25+00:00\",\"breadcrumb\":{\"@id\":\"https:\/\/sandzakpress.net\/arhiva\/iran-vise-od-15-mrtvih-demonstranata\/#breadcrumb\"},\"inLanguage\":\"bs-BA\",\"potentialAction\":[{\"@type\":\"ReadAction\",\"target\":[\"https:\/\/sandzakpress.net\/arhiva\/iran-vise-od-15-mrtvih-demonstranata\/\"]}]},{\"@type\":\"ImageObject\",\"inLanguage\":\"bs-BA\",\"@id\":\"https:\/\/sandzakpress.net\/arhiva\/iran-vise-od-15-mrtvih-demonstranata\/#primaryimage\",\"url\":\"https:\/\/sandzakpress.net\/arhiva\/wp-content\/uploads\/2009\/12\/iran-protesti.jpg\",\"contentUrl\":\"https:\/\/sandzakpress.net\/arhiva\/wp-content\/uploads\/2009\/12\/iran-protesti.jpg\",\"width\":180,\"height\":220},{\"@type\":\"BreadcrumbList\",\"@id\":\"https:\/\/sandzakpress.net\/arhiva\/iran-vise-od-15-mrtvih-demonstranata\/#breadcrumb\",\"itemListElement\":[{\"@type\":\"ListItem\",\"position\":1,\"name\":\"Home\",\"item\":\"https:\/\/sandzakpress.net\/arhiva\/\"},{\"@type\":\"ListItem\",\"position\":2,\"name\":\"Iran: Vi\u0161e od 15 mrtvih demonstranata\"}]},{\"@type\":\"WebSite\",\"@id\":\"https:\/\/sandzakpress.net\/arhiva\/#website\",\"url\":\"https:\/\/sandzakpress.net\/arhiva\/\",\"name\":\"Sand\u017eak PRESS\",\"description\":\"Prve elektronske novine u Sand\u017eaku\",\"publisher\":{\"@id\":\"https:\/\/sandzakpress.net\/arhiva\/#\/schema\/person\/6e72b67d6e51910a1117b3b483ba20bd\"},\"potentialAction\":[{\"@type\":\"SearchAction\",\"target\":{\"@type\":\"EntryPoint\",\"urlTemplate\":\"https:\/\/sandzakpress.net\/arhiva\/?s={search_term_string}\"},\"query-input\":{\"@type\":\"PropertyValueSpecification\",\"valueRequired\":true,\"valueName\":\"search_term_string\"}}],\"inLanguage\":\"bs-BA\"},{\"@type\":[\"Person\",\"Organization\"],\"@id\":\"https:\/\/sandzakpress.net\/arhiva\/#\/schema\/person\/6e72b67d6e51910a1117b3b483ba20bd\",\"name\":\"Kul\",\"image\":{\"@type\":\"ImageObject\",\"inLanguage\":\"bs-BA\",\"@id\":\"https:\/\/sandzakpress.net\/arhiva\/#\/schema\/person\/image\/\",\"url\":\"https:\/\/secure.gravatar.com\/avatar\/42263f39aa27ac04c43cab85c280eb2e?s=96&d=mm&r=pg\",\"contentUrl\":\"https:\/\/secure.gravatar.com\/avatar\/42263f39aa27ac04c43cab85c280eb2e?s=96&d=mm&r=pg\",\"caption\":\"Kul\"},\"logo\":{\"@id\":\"https:\/\/sandzakpress.net\/arhiva\/#\/schema\/person\/image\/\"}},{\"@type\":\"Person\",\"@id\":\"https:\/\/sandzakpress.net\/arhiva\/#\/schema\/person\/c8baee722073534b583ea7bdb2e36c02\",\"name\":\"bosniak\",\"image\":{\"@type\":\"ImageObject\",\"inLanguage\":\"bs-BA\",\"@id\":\"https:\/\/sandzakpress.net\/arhiva\/#\/schema\/person\/image\/\",\"url\":\"https:\/\/secure.gravatar.com\/avatar\/a04fd330bfe3a36a72a0ad4a6d89fca7?s=96&d=mm&r=pg\",\"contentUrl\":\"https:\/\/secure.gravatar.com\/avatar\/a04fd330bfe3a36a72a0ad4a6d89fca7?s=96&d=mm&r=pg\",\"caption\":\"bosniak\"},\"url\":\"https:\/\/sandzakpress.net\/arhiva\/author\/bosniak\/\"}]}<\/script>\n<!-- \/ Yoast SEO Premium plugin. -->","yoast_head_json":{"title":"Iran: Vi\u0161e od 15 mrtvih demonstranata","robots":{"index":"index","follow":"follow","max-snippet":"max-snippet:-1","max-image-preview":"max-image-preview:large","max-video-preview":"max-video-preview:-1"},"canonical":"https:\/\/sandzakpress.net\/arhiva\/iran-vise-od-15-mrtvih-demonstranata\/","og_locale":"bs_BA","og_type":"article","og_title":"Iran: Vi\u0161e od 15 mrtvih demonstranata","og_description":"Vi\u0161e od 15 osoba je ubijeno u neredima do kojih je u nedjelju do\u0161lo u Teheranu, me\u0111u kojim je pet \u017ertava koje su ubile &#8220;teroristi\u010dke grupe&#8221;, a &#8220;vi\u0161e od 10&#8221; \u017ertava je pripadalo &#8220;antirevolucionarnim grupama&#8221;, objavila je u ponedjeljak iranska dr\u017eavna televizija pozivaju\u0107i se na ministarstvo obavje\u0161tajnih slu\u017ebi. &#8211; Tokom sumnjivih akcija pet osoba su [&hellip;]","og_url":"https:\/\/sandzakpress.net\/arhiva\/iran-vise-od-15-mrtvih-demonstranata\/","og_site_name":"Sand\u017eak PRESS","article_published_time":"2009-12-28T12:28:25+00:00","og_image":[{"width":180,"height":220,"url":"https:\/\/sandzakpress.net\/arhiva\/wp-content\/uploads\/2009\/12\/iran-protesti.jpg","type":"image\/jpeg"}],"author":"bosniak","twitter_card":"summary_large_image","twitter_misc":{"Written by":"bosniak","Est. reading time":"1 minuta"},"schema":{"@context":"https:\/\/schema.org","@graph":[{"@type":"Article","@id":"https:\/\/sandzakpress.net\/arhiva\/iran-vise-od-15-mrtvih-demonstranata\/#article","isPartOf":{"@id":"https:\/\/sandzakpress.net\/arhiva\/iran-vise-od-15-mrtvih-demonstranata\/"},"author":{"name":"bosniak","@id":"https:\/\/sandzakpress.net\/arhiva\/#\/schema\/person\/c8baee722073534b583ea7bdb2e36c02"},"headline":"Iran: Vi\u0161e od 15 mrtvih demonstranata","datePublished":"2009-12-28T12:28:25+00:00","mainEntityOfPage":{"@id":"https:\/\/sandzakpress.net\/arhiva\/iran-vise-od-15-mrtvih-demonstranata\/"},"wordCount":166,"commentCount":0,"publisher":{"@id":"https:\/\/sandzakpress.net\/arhiva\/#\/schema\/person\/6e72b67d6e51910a1117b3b483ba20bd"},"image":{"@id":"https:\/\/sandzakpress.net\/arhiva\/iran-vise-od-15-mrtvih-demonstranata\/#primaryimage"},"thumbnailUrl":"https:\/\/sandzakpress.net\/arhiva\/wp-content\/uploads\/2009\/12\/iran-protesti.jpg","articleSection":["Svijet"],"inLanguage":"bs-BA","potentialAction":[{"@type":"CommentAction","name":"Comment","target":["https:\/\/sandzakpress.net\/arhiva\/iran-vise-od-15-mrtvih-demonstranata\/#respond"]}]},{"@type":"WebPage","@id":"https:\/\/sandzakpress.net\/arhiva\/iran-vise-od-15-mrtvih-demonstranata\/","url":"https:\/\/sandzakpress.net\/arhiva\/iran-vise-od-15-mrtvih-demonstranata\/","name":"Iran: Vi\u0161e od 15 mrtvih demonstranata","isPartOf":{"@id":"https:\/\/sandzakpress.net\/arhiva\/#website"},"primaryImageOfPage":{"@id":"https:\/\/sandzakpress.net\/arhiva\/iran-vise-od-15-mrtvih-demonstranata\/#primaryimage"},"image":{"@id":"https:\/\/sandzakpress.net\/arhiva\/iran-vise-od-15-mrtvih-demonstranata\/#primaryimage"},"thumbnailUrl":"https:\/\/sandzakpress.net\/arhiva\/wp-content\/uploads\/2009\/12\/iran-protesti.jpg","datePublished":"2009-12-28T12:28:25+00:00","breadcrumb":{"@id":"https:\/\/sandzakpress.net\/arhiva\/iran-vise-od-15-mrtvih-demonstranata\/#breadcrumb"},"inLanguage":"bs-BA","potentialAction":[{"@type":"ReadAction","target":["https:\/\/sandzakpress.net\/arhiva\/iran-vise-od-15-mrtvih-demonstranata\/"]}]},{"@type":"ImageObject","inLanguage":"bs-BA","@id":"https:\/\/sandzakpress.net\/arhiva\/iran-vise-od-15-mrtvih-demonstranata\/#primaryimage","url":"https:\/\/sandzakpress.net\/arhiva\/wp-content\/uploads\/2009\/12\/iran-protesti.jpg","contentUrl":"https:\/\/sandzakpress.net\/arhiva\/wp-content\/uploads\/2009\/12\/iran-protesti.jpg","width":180,"height":220},{"@type":"BreadcrumbList","@id":"https:\/\/sandzakpress.net\/arhiva\/iran-vise-od-15-mrtvih-demonstranata\/#breadcrumb","itemListElement":[{"@type":"ListItem","position":1,"name":"Home","item":"https:\/\/sandzakpress.net\/arhiva\/"},{"@type":"ListItem","position":2,"name":"Iran: Vi\u0161e od 15 mrtvih demonstranata"}]},{"@type":"WebSite","@id":"https:\/\/sandzakpress.net\/arhiva\/#website","url":"https:\/\/sandzakpress.net\/arhiva\/","name":"Sand\u017eak PRESS","description":"Prve elektronske novine u Sand\u017eaku","publisher":{"@id":"https:\/\/sandzakpress.net\/arhiva\/#\/schema\/person\/6e72b67d6e51910a1117b3b483ba20bd"},"potentialAction":[{"@type":"SearchAction","target":{"@type":"EntryPoint","urlTemplate":"https:\/\/sandzakpress.net\/arhiva\/?s={search_term_string}"},"query-input":{"@type":"PropertyValueSpecification","valueRequired":true,"valueName":"search_term_string"}}],"inLanguage":"bs-BA"},{"@type":["Person","Organization"],"@id":"https:\/\/sandzakpress.net\/arhiva\/#\/schema\/person\/6e72b67d6e51910a1117b3b483ba20bd","name":"Kul","image":{"@type":"ImageObject","inLanguage":"bs-BA","@id":"https:\/\/sandzakpress.net\/arhiva\/#\/schema\/person\/image\/","url":"https:\/\/secure.gravatar.com\/avatar\/42263f39aa27ac04c43cab85c280eb2e?s=96&d=mm&r=pg","contentUrl":"https:\/\/secure.gravatar.com\/avatar\/42263f39aa27ac04c43cab85c280eb2e?s=96&d=mm&r=pg","caption":"Kul"},"logo":{"@id":"https:\/\/sandzakpress.net\/arhiva\/#\/schema\/person\/image\/"}},{"@type":"Person","@id":"https:\/\/sandzakpress.net\/arhiva\/#\/schema\/person\/c8baee722073534b583ea7bdb2e36c02","name":"bosniak","image":{"@type":"ImageObject","inLanguage":"bs-BA","@id":"https:\/\/sandzakpress.net\/arhiva\/#\/schema\/person\/image\/","url":"https:\/\/secure.gravatar.com\/avatar\/a04fd330bfe3a36a72a0ad4a6d89fca7?s=96&d=mm&r=pg","contentUrl":"https:\/\/secure.gravatar.com\/avatar\/a04fd330bfe3a36a72a0ad4a6d89fca7?s=96&d=mm&r=pg","caption":"bosniak"},"url":"https:\/\/sandzakpress.net\/arhiva\/author\/bosniak\/"}]}},"_links":{"self":[{"href":"https:\/\/sandzakpress.net\/arhiva\/wp-json\/wp\/v2\/posts\/661"}],"collection":[{"href":"https:\/\/sandzakpress.net\/arhiva\/wp-json\/wp\/v2\/posts"}],"about":[{"href":"https:\/\/sandzakpress.net\/arhiva\/wp-json\/wp\/v2\/types\/post"}],"author":[{"embeddable":true,"href":"https:\/\/sandzakpress.net\/arhiva\/wp-json\/wp\/v2\/users\/83"}],"replies":[{"embeddable":true,"href":"https:\/\/sandzakpress.net\/arhiva\/wp-json\/wp\/v2\/comments?post=661"}],"version-history":[{"count":0,"href":"https:\/\/sandzakpress.net\/arhiva\/wp-json\/wp\/v2\/posts\/661\/revisions"}],"wp:featuredmedia":[{"embeddable":true,"href":"https:\/\/sandzakpress.net\/arhiva\/wp-json\/wp\/v2\/media\/662"}],"wp:attachment":[{"href":"https:\/\/sandzakpress.net\/arhiva\/wp-json\/wp\/v2\/media?parent=661"}],"wp:term":[{"taxonomy":"category","embeddable":true,"href":"https:\/\/sandzakpress.net\/arhiva\/wp-json\/wp\/v2\/categories?post=661"},{"taxonomy":"post_tag","embeddable":true,"href":"https:\/\/sandzakpress.net\/arhiva\/wp-json\/wp\/v2\/tags?post=661"}],"curies":[{"name":"wp","href":"https:\/\/api.w.org\/{rel}","templated":true}]}}