{"id":66091,"date":"2013-02-12T20:46:58","date_gmt":"2013-02-12T19:46:58","guid":{"rendered":"https:\/\/sandzakpress.net\/arhiva\/?p=66091"},"modified":"2013-02-12T20:46:58","modified_gmt":"2013-02-12T19:46:58","slug":"slucaj-andric-grad-mogu-li-bosnjaci-vratiti-otetu-zemlju","status":"publish","type":"post","link":"https:\/\/sandzakpress.net\/arhiva\/slucaj-andric-grad-mogu-li-bosnjaci-vratiti-otetu-zemlju\/","title":{"rendered":"Slu\u010daj Andri\u0107 grad: Mogu li Bo\u0161njaci vratiti otetu zemlju?"},"content":{"rendered":"<p><strong><a href=\"https:\/\/sandzakpress.net\/arhiva\/wp-content\/uploads\/2013\/02\/350_Andricgrad-Nemanja-Kusturica.jpg\"><img loading=\"lazy\" decoding=\"async\" class=\"alignleft size-medium wp-image-66092\" title=\"350_Andricgrad-Nemanja-Kusturica\" src=\"https:\/\/sandzakpress.net\/arhiva\/wp-content\/uploads\/2013\/02\/350_Andricgrad-Nemanja-Kusturica-300x199.jpg\" alt=\"\" width=\"255\" height=\"169\" \/><\/a>BIH &#8211; Biv\u0161i predsjedavaju\u0107i Skup\u0161tine op\u0161tine i aktuelni predsjednik Med\u017elisa Islamske zajednice (IZ) Vi\u0161egrad Bilal Memi\u0161evi\u0107 podr\u017eava nastojanja porodice Had\u017ei\u0107 iz Vi\u0161egrada, nasljednika zemljoposjednika Pa\u0161ana (Mustafe) Had\u017ei\u0107a, koji namjeravaju tu\u017eiti Republiku Srpsku (RS) i re\u017eisera Emira Kusturicu zbog uzurpacije, kako tvrde, njihove zemlje na kojoj se danas podi\u017ee Kusturicin Andri\u0107grad.<\/strong><br \/>\nMeni\u0161evi\u0107 je potvrdio kako je ta\u010dno da su centar Vi\u0161egrad i okolica u &#8221;pro\u0161lom i pretpro\u0161lom stolje\u0107u bili u vlasni\u0161tvu porodice Had\u017ei\u0107&#8221;. Napominje da je rije\u010d o autohtonoj bo\u0161nja\u010dkoj porodici koja je imala ogromno bogastvo.<br \/>\n&#8221;Porodica Had\u017ei\u0107 o\u010dito ima neka saznanja. Njihovo je pravo da tu\u017ee i tra\u017ee ono \u0161to je njihovo. Ako je i taj dio zemlje bio predmet nacionalizacije, imaju pravo na obe\u0161te\u0107enje ili \u0161to ve\u0107 \u017eele. Ta zemlja je, kao i ostale ogromne povr\u0161ine, vjerovatno na bigajri-hak oduzeta od Bo\u0161njaka i bo\u0161nja\u010dkih porodica po\u010detkom pro\u0161log ili krajem pretpro\u0161log vijeka. Svi koji imaju snage i mo\u0107i da pokrenu te procese, naravno, trebaju ih pokrenuti. To je njihovo pravo. No, ja iz svog iskustva vidim kako to te\u0161ko ide kada je u pitanju vakufska imovina. I pored toga \u0161to iza nas stoji vrlo organizirana i mo\u0107na institucija kao \u0161to je Rijaset IZBiH, te Vakufska direkcija&#8221;, kazao je Memi\u0161evi\u0107 za agenciju Anadolija (AA).<br \/>\nMe\u0111utim, Memi\u0161evi\u0107 napominje da je sve ono \u0161to je u\u010dinjeno u pro\u0161lom mandatu lokalne vlasti, kada je i on bio na \u010delu Skup\u0161tine op\u0161tine, &#8221;imalo zakonitu formu&#8221;, te je &#8221;usvojeno odlukama ve\u0107ine&#8221;.<br \/>\n&#8221;Taj prostor gdje se danas nalazi taj bajni Andri\u0107grad i neposredna okolica bio je predmet eksproprijacije u periodu od 1958. i 1962. godine od strane hidroelektrane Peru\u0107ac iz Bajne Ba\u0161te. Dokumenta koja su meni bila dostupna govore da ono \u0161to je bio predmet eksproprijacije, nije bilo i predmet oduzimanja. Eksproprijacija je izvr\u0161ena, a imaocima posjeda je pla\u0107ena nadoknada. Negdje 1962 godine prostor gdje je sada Andri\u0107grad postaje vlasni\u0161tvo Skup\u0161tine op\u0161tine Vi\u0161egrad, i to nekim srezskim odlukama koje imam u arhivi. Od 1962 godine, pa do pro\u0161le ili pretpro\u0161le godine, taj prostor je bio na Skup\u0161tini op\u0161tine. Nakon toga Op\u0161tina je prepisala taj prostor Andri\u0107gradu d.o.o. Fakti\u010dki oni su sada vlasnici tih parcela ili te parcele&#8221;, smatra Memi\u0161evi\u0107.<br \/>\nKako ka\u017ee, lokalitet gdje se danas nalazi Andri\u0107 grad nije se tretirao kao &#8221;posjed ove ili one porodice&#8221;.<br \/>\n&#8221;Laganom odlukom to zemlji\u0161te je predato Andri\u0107gradu d.o.o., ali ja podr\u017eavam te ljude, to je njihove pravo&#8230;Pogotovo ako su sigurni i imaju neke dokaze da je to njihova zemlja. Trebaju istrajati u tome. Dakle, ako su moji zemljaci krenuli u tom pravcu, da im Bog dragi bude na pomo\u0107i. To je vrlo slo\u017eena i komplicirana procedura u vremenu i pod nebom gdje mi sada mi \u017eivimo, tvrdi Memi\u0161evi\u0107.<br \/>\nPoru\u010dio je kako Bo\u0161njaci svoje nacionalno pitanje, ipak, ne trebaju rje\u0161avati na individualan na\u010din.<br \/>\n&#8221;Mi kao narod moramo se pogledati u o\u010di i napraviti jednu strategiju. Te povr\u0161ine su neprocjenjivi kapital, a ta zemlja nam je brutalno oduzeta&#8221;, zaklju\u010dio je Memi\u0161evi\u0107.<br \/>\nAndri\u0107grad je, kako tvrde nasljednici Pa\u0161ana Had\u017ei\u0107a, izgra\u0111en, i jo\u0161 se gradi, na otetoj bo\u0161nja\u010dkoj zemlji koja pripada njima kao nasljednicima \u010dovjeka \u010dija porodica je &#8221;posjedovala pola Vi\u0161egrada&#8221;.<br \/>\nMe\u0111u nasljednicima Pa\u0161ana Had\u017ei\u0107a koji \u0107e tu\u017eiti RS i Emira Kusturicu su: Jasminka Pr\u0161e\u0161- Forca (\u0160vicarska), Jasmin Pr\u0161e\u0161 (USA), Elzana Hasanbegovi\u0107-Vesni\u0107 (Austrija), Mehmed Hasanbegovi\u0107 (Australija), Mirsad Hasanbegovi\u0107 (Novi Zeland), Ahmed Hasanbegovi\u0107 (Holandija), Fuad Had\u017ei\u0107 (Sarajevo), Kemal Had\u017ei\u0107 (Sarajevo), Esad Sabrihafizovi\u0107 (Sarajevo), te jo\u0161 nekoliko nasljednika iz \u0160vedske, Turske i Srbije. (Faruk Vele)<\/p>\n<p>(b.net)<\/p>\n","protected":false},"excerpt":{"rendered":"<p>BIH &#8211; Biv\u0161i predsjedavaju\u0107i Skup\u0161tine op\u0161tine i aktuelni predsjednik Med\u017elisa Islamske zajednice (IZ) Vi\u0161egrad Bilal Memi\u0161evi\u0107 podr\u017eava nastojanja porodice Had\u017ei\u0107 iz Vi\u0161egrada, nasljednika zemljoposjednika Pa\u0161ana (Mustafe) Had\u017ei\u0107a, koji namjeravaju tu\u017eiti Republiku Srpsku (RS) i re\u017eisera Emira Kusturicu zbog uzurpacije, kako tvrde, njihove zemlje na kojoj se danas podi\u017ee Kusturicin Andri\u0107grad. Meni\u0161evi\u0107 je potvrdio kako je [&hellip;]<\/p>\n","protected":false},"author":33,"featured_media":66092,"comment_status":"open","ping_status":"open","sticky":false,"template":"","format":"standard","meta":{"footnotes":""},"categories":[800,2860],"tags":[],"class_list":{"0":"post-66091","1":"post","2":"type-post","3":"status-publish","4":"format-standard","5":"has-post-thumbnail","7":"category-nacija","8":"category-bosna-i-hercegovina-gradovi"},"yoast_head":"<!-- This site is optimized with the Yoast SEO Premium plugin v23.1 (Yoast SEO v24.9) - https:\/\/yoast.com\/wordpress\/plugins\/seo\/ -->\n<title>Slu\u010daj Andri\u0107 grad: Mogu li Bo\u0161njaci vratiti otetu zemlju?<\/title>\n<meta name=\"robots\" content=\"index, follow, max-snippet:-1, max-image-preview:large, max-video-preview:-1\" \/>\n<link rel=\"canonical\" href=\"https:\/\/sandzakpress.net\/arhiva\/slucaj-andric-grad-mogu-li-bosnjaci-vratiti-otetu-zemlju\/\" \/>\n<meta property=\"og:locale\" content=\"bs_BA\" \/>\n<meta property=\"og:type\" content=\"article\" \/>\n<meta property=\"og:title\" content=\"Slu\u010daj Andri\u0107 grad: Mogu li Bo\u0161njaci vratiti otetu zemlju?\" \/>\n<meta property=\"og:description\" content=\"BIH &#8211; Biv\u0161i predsjedavaju\u0107i Skup\u0161tine op\u0161tine i aktuelni predsjednik Med\u017elisa Islamske zajednice (IZ) Vi\u0161egrad Bilal Memi\u0161evi\u0107 podr\u017eava nastojanja porodice Had\u017ei\u0107 iz Vi\u0161egrada, nasljednika zemljoposjednika Pa\u0161ana (Mustafe) Had\u017ei\u0107a, koji namjeravaju tu\u017eiti Republiku Srpsku (RS) i re\u017eisera Emira Kusturicu zbog uzurpacije, kako tvrde, njihove zemlje na kojoj se danas podi\u017ee Kusturicin Andri\u0107grad. Meni\u0161evi\u0107 je potvrdio kako je [&hellip;]\" \/>\n<meta property=\"og:url\" content=\"https:\/\/sandzakpress.net\/arhiva\/slucaj-andric-grad-mogu-li-bosnjaci-vratiti-otetu-zemlju\/\" \/>\n<meta property=\"og:site_name\" content=\"Sand\u017eak PRESS\" \/>\n<meta property=\"article:published_time\" content=\"2013-02-12T19:46:58+00:00\" \/>\n<meta property=\"og:image\" content=\"https:\/\/sandzakpress.net\/arhiva\/wp-content\/uploads\/2013\/02\/350_Andricgrad-Nemanja-Kusturica.jpg\" \/>\n\t<meta property=\"og:image:width\" content=\"350\" \/>\n\t<meta property=\"og:image:height\" content=\"233\" \/>\n\t<meta property=\"og:image:type\" content=\"image\/jpeg\" \/>\n<meta name=\"twitter:card\" content=\"summary_large_image\" \/>\n<meta name=\"twitter:label1\" content=\"Written by\" \/>\n\t<meta name=\"twitter:data1\" content=\"\" \/>\n\t<meta name=\"twitter:label2\" content=\"Est. reading time\" \/>\n\t<meta name=\"twitter:data2\" content=\"3 minute\" \/>\n<script type=\"application\/ld+json\" class=\"yoast-schema-graph\">{\"@context\":\"https:\/\/schema.org\",\"@graph\":[{\"@type\":\"Article\",\"@id\":\"https:\/\/sandzakpress.net\/arhiva\/slucaj-andric-grad-mogu-li-bosnjaci-vratiti-otetu-zemlju\/#article\",\"isPartOf\":{\"@id\":\"https:\/\/sandzakpress.net\/arhiva\/slucaj-andric-grad-mogu-li-bosnjaci-vratiti-otetu-zemlju\/\"},\"author\":{\"name\":\"\",\"@id\":\"\"},\"headline\":\"Slu\u010daj Andri\u0107 grad: Mogu li Bo\u0161njaci vratiti otetu zemlju?\",\"datePublished\":\"2013-02-12T19:46:58+00:00\",\"mainEntityOfPage\":{\"@id\":\"https:\/\/sandzakpress.net\/arhiva\/slucaj-andric-grad-mogu-li-bosnjaci-vratiti-otetu-zemlju\/\"},\"wordCount\":676,\"commentCount\":3,\"publisher\":{\"@id\":\"https:\/\/sandzakpress.net\/arhiva\/#\/schema\/person\/6e72b67d6e51910a1117b3b483ba20bd\"},\"image\":{\"@id\":\"https:\/\/sandzakpress.net\/arhiva\/slucaj-andric-grad-mogu-li-bosnjaci-vratiti-otetu-zemlju\/#primaryimage\"},\"thumbnailUrl\":\"https:\/\/sandzakpress.net\/arhiva\/wp-content\/uploads\/2013\/02\/350_Andricgrad-Nemanja-Kusturica.jpg\",\"articleSection\":[\"Nacija\",\"Bosna i Hercegovina\"],\"inLanguage\":\"bs-BA\",\"potentialAction\":[{\"@type\":\"CommentAction\",\"name\":\"Comment\",\"target\":[\"https:\/\/sandzakpress.net\/arhiva\/slucaj-andric-grad-mogu-li-bosnjaci-vratiti-otetu-zemlju\/#respond\"]}]},{\"@type\":\"WebPage\",\"@id\":\"https:\/\/sandzakpress.net\/arhiva\/slucaj-andric-grad-mogu-li-bosnjaci-vratiti-otetu-zemlju\/\",\"url\":\"https:\/\/sandzakpress.net\/arhiva\/slucaj-andric-grad-mogu-li-bosnjaci-vratiti-otetu-zemlju\/\",\"name\":\"Slu\u010daj Andri\u0107 grad: Mogu li Bo\u0161njaci vratiti otetu zemlju?\",\"isPartOf\":{\"@id\":\"https:\/\/sandzakpress.net\/arhiva\/#website\"},\"primaryImageOfPage\":{\"@id\":\"https:\/\/sandzakpress.net\/arhiva\/slucaj-andric-grad-mogu-li-bosnjaci-vratiti-otetu-zemlju\/#primaryimage\"},\"image\":{\"@id\":\"https:\/\/sandzakpress.net\/arhiva\/slucaj-andric-grad-mogu-li-bosnjaci-vratiti-otetu-zemlju\/#primaryimage\"},\"thumbnailUrl\":\"https:\/\/sandzakpress.net\/arhiva\/wp-content\/uploads\/2013\/02\/350_Andricgrad-Nemanja-Kusturica.jpg\",\"datePublished\":\"2013-02-12T19:46:58+00:00\",\"breadcrumb\":{\"@id\":\"https:\/\/sandzakpress.net\/arhiva\/slucaj-andric-grad-mogu-li-bosnjaci-vratiti-otetu-zemlju\/#breadcrumb\"},\"inLanguage\":\"bs-BA\",\"potentialAction\":[{\"@type\":\"ReadAction\",\"target\":[\"https:\/\/sandzakpress.net\/arhiva\/slucaj-andric-grad-mogu-li-bosnjaci-vratiti-otetu-zemlju\/\"]}]},{\"@type\":\"ImageObject\",\"inLanguage\":\"bs-BA\",\"@id\":\"https:\/\/sandzakpress.net\/arhiva\/slucaj-andric-grad-mogu-li-bosnjaci-vratiti-otetu-zemlju\/#primaryimage\",\"url\":\"https:\/\/sandzakpress.net\/arhiva\/wp-content\/uploads\/2013\/02\/350_Andricgrad-Nemanja-Kusturica.jpg\",\"contentUrl\":\"https:\/\/sandzakpress.net\/arhiva\/wp-content\/uploads\/2013\/02\/350_Andricgrad-Nemanja-Kusturica.jpg\",\"width\":350,\"height\":233},{\"@type\":\"BreadcrumbList\",\"@id\":\"https:\/\/sandzakpress.net\/arhiva\/slucaj-andric-grad-mogu-li-bosnjaci-vratiti-otetu-zemlju\/#breadcrumb\",\"itemListElement\":[{\"@type\":\"ListItem\",\"position\":1,\"name\":\"Home\",\"item\":\"https:\/\/sandzakpress.net\/arhiva\/\"},{\"@type\":\"ListItem\",\"position\":2,\"name\":\"Slu\u010daj Andri\u0107 grad: Mogu li Bo\u0161njaci vratiti otetu zemlju?\"}]},{\"@type\":\"WebSite\",\"@id\":\"https:\/\/sandzakpress.net\/arhiva\/#website\",\"url\":\"https:\/\/sandzakpress.net\/arhiva\/\",\"name\":\"Sand\u017eak PRESS\",\"description\":\"Prve elektronske novine u Sand\u017eaku\",\"publisher\":{\"@id\":\"https:\/\/sandzakpress.net\/arhiva\/#\/schema\/person\/6e72b67d6e51910a1117b3b483ba20bd\"},\"potentialAction\":[{\"@type\":\"SearchAction\",\"target\":{\"@type\":\"EntryPoint\",\"urlTemplate\":\"https:\/\/sandzakpress.net\/arhiva\/?s={search_term_string}\"},\"query-input\":{\"@type\":\"PropertyValueSpecification\",\"valueRequired\":true,\"valueName\":\"search_term_string\"}}],\"inLanguage\":\"bs-BA\"},{\"@type\":[\"Person\",\"Organization\"],\"@id\":\"https:\/\/sandzakpress.net\/arhiva\/#\/schema\/person\/6e72b67d6e51910a1117b3b483ba20bd\",\"name\":\"Kul\",\"image\":{\"@type\":\"ImageObject\",\"inLanguage\":\"bs-BA\",\"@id\":\"https:\/\/sandzakpress.net\/arhiva\/#\/schema\/person\/image\/\",\"url\":\"https:\/\/secure.gravatar.com\/avatar\/42263f39aa27ac04c43cab85c280eb2e?s=96&d=mm&r=pg\",\"contentUrl\":\"https:\/\/secure.gravatar.com\/avatar\/42263f39aa27ac04c43cab85c280eb2e?s=96&d=mm&r=pg\",\"caption\":\"Kul\"},\"logo\":{\"@id\":\"https:\/\/sandzakpress.net\/arhiva\/#\/schema\/person\/image\/\"}},{\"@type\":\"Person\",\"@id\":\"\",\"url\":\"https:\/\/sandzakpress.net\/arhiva\/author\/\"}]}<\/script>\n<!-- \/ Yoast SEO Premium plugin. -->","yoast_head_json":{"title":"Slu\u010daj Andri\u0107 grad: Mogu li Bo\u0161njaci vratiti otetu zemlju?","robots":{"index":"index","follow":"follow","max-snippet":"max-snippet:-1","max-image-preview":"max-image-preview:large","max-video-preview":"max-video-preview:-1"},"canonical":"https:\/\/sandzakpress.net\/arhiva\/slucaj-andric-grad-mogu-li-bosnjaci-vratiti-otetu-zemlju\/","og_locale":"bs_BA","og_type":"article","og_title":"Slu\u010daj Andri\u0107 grad: Mogu li Bo\u0161njaci vratiti otetu zemlju?","og_description":"BIH &#8211; Biv\u0161i predsjedavaju\u0107i Skup\u0161tine op\u0161tine i aktuelni predsjednik Med\u017elisa Islamske zajednice (IZ) Vi\u0161egrad Bilal Memi\u0161evi\u0107 podr\u017eava nastojanja porodice Had\u017ei\u0107 iz Vi\u0161egrada, nasljednika zemljoposjednika Pa\u0161ana (Mustafe) Had\u017ei\u0107a, koji namjeravaju tu\u017eiti Republiku Srpsku (RS) i re\u017eisera Emira Kusturicu zbog uzurpacije, kako tvrde, njihove zemlje na kojoj se danas podi\u017ee Kusturicin Andri\u0107grad. Meni\u0161evi\u0107 je potvrdio kako je [&hellip;]","og_url":"https:\/\/sandzakpress.net\/arhiva\/slucaj-andric-grad-mogu-li-bosnjaci-vratiti-otetu-zemlju\/","og_site_name":"Sand\u017eak PRESS","article_published_time":"2013-02-12T19:46:58+00:00","og_image":[{"width":350,"height":233,"url":"https:\/\/sandzakpress.net\/arhiva\/wp-content\/uploads\/2013\/02\/350_Andricgrad-Nemanja-Kusturica.jpg","type":"image\/jpeg"}],"twitter_card":"summary_large_image","twitter_misc":{"Written by":"","Est. reading time":"3 minute"},"schema":{"@context":"https:\/\/schema.org","@graph":[{"@type":"Article","@id":"https:\/\/sandzakpress.net\/arhiva\/slucaj-andric-grad-mogu-li-bosnjaci-vratiti-otetu-zemlju\/#article","isPartOf":{"@id":"https:\/\/sandzakpress.net\/arhiva\/slucaj-andric-grad-mogu-li-bosnjaci-vratiti-otetu-zemlju\/"},"author":{"name":"","@id":""},"headline":"Slu\u010daj Andri\u0107 grad: Mogu li Bo\u0161njaci vratiti otetu zemlju?","datePublished":"2013-02-12T19:46:58+00:00","mainEntityOfPage":{"@id":"https:\/\/sandzakpress.net\/arhiva\/slucaj-andric-grad-mogu-li-bosnjaci-vratiti-otetu-zemlju\/"},"wordCount":676,"commentCount":3,"publisher":{"@id":"https:\/\/sandzakpress.net\/arhiva\/#\/schema\/person\/6e72b67d6e51910a1117b3b483ba20bd"},"image":{"@id":"https:\/\/sandzakpress.net\/arhiva\/slucaj-andric-grad-mogu-li-bosnjaci-vratiti-otetu-zemlju\/#primaryimage"},"thumbnailUrl":"https:\/\/sandzakpress.net\/arhiva\/wp-content\/uploads\/2013\/02\/350_Andricgrad-Nemanja-Kusturica.jpg","articleSection":["Nacija","Bosna i Hercegovina"],"inLanguage":"bs-BA","potentialAction":[{"@type":"CommentAction","name":"Comment","target":["https:\/\/sandzakpress.net\/arhiva\/slucaj-andric-grad-mogu-li-bosnjaci-vratiti-otetu-zemlju\/#respond"]}]},{"@type":"WebPage","@id":"https:\/\/sandzakpress.net\/arhiva\/slucaj-andric-grad-mogu-li-bosnjaci-vratiti-otetu-zemlju\/","url":"https:\/\/sandzakpress.net\/arhiva\/slucaj-andric-grad-mogu-li-bosnjaci-vratiti-otetu-zemlju\/","name":"Slu\u010daj Andri\u0107 grad: Mogu li Bo\u0161njaci vratiti otetu zemlju?","isPartOf":{"@id":"https:\/\/sandzakpress.net\/arhiva\/#website"},"primaryImageOfPage":{"@id":"https:\/\/sandzakpress.net\/arhiva\/slucaj-andric-grad-mogu-li-bosnjaci-vratiti-otetu-zemlju\/#primaryimage"},"image":{"@id":"https:\/\/sandzakpress.net\/arhiva\/slucaj-andric-grad-mogu-li-bosnjaci-vratiti-otetu-zemlju\/#primaryimage"},"thumbnailUrl":"https:\/\/sandzakpress.net\/arhiva\/wp-content\/uploads\/2013\/02\/350_Andricgrad-Nemanja-Kusturica.jpg","datePublished":"2013-02-12T19:46:58+00:00","breadcrumb":{"@id":"https:\/\/sandzakpress.net\/arhiva\/slucaj-andric-grad-mogu-li-bosnjaci-vratiti-otetu-zemlju\/#breadcrumb"},"inLanguage":"bs-BA","potentialAction":[{"@type":"ReadAction","target":["https:\/\/sandzakpress.net\/arhiva\/slucaj-andric-grad-mogu-li-bosnjaci-vratiti-otetu-zemlju\/"]}]},{"@type":"ImageObject","inLanguage":"bs-BA","@id":"https:\/\/sandzakpress.net\/arhiva\/slucaj-andric-grad-mogu-li-bosnjaci-vratiti-otetu-zemlju\/#primaryimage","url":"https:\/\/sandzakpress.net\/arhiva\/wp-content\/uploads\/2013\/02\/350_Andricgrad-Nemanja-Kusturica.jpg","contentUrl":"https:\/\/sandzakpress.net\/arhiva\/wp-content\/uploads\/2013\/02\/350_Andricgrad-Nemanja-Kusturica.jpg","width":350,"height":233},{"@type":"BreadcrumbList","@id":"https:\/\/sandzakpress.net\/arhiva\/slucaj-andric-grad-mogu-li-bosnjaci-vratiti-otetu-zemlju\/#breadcrumb","itemListElement":[{"@type":"ListItem","position":1,"name":"Home","item":"https:\/\/sandzakpress.net\/arhiva\/"},{"@type":"ListItem","position":2,"name":"Slu\u010daj Andri\u0107 grad: Mogu li Bo\u0161njaci vratiti otetu zemlju?"}]},{"@type":"WebSite","@id":"https:\/\/sandzakpress.net\/arhiva\/#website","url":"https:\/\/sandzakpress.net\/arhiva\/","name":"Sand\u017eak PRESS","description":"Prve elektronske novine u Sand\u017eaku","publisher":{"@id":"https:\/\/sandzakpress.net\/arhiva\/#\/schema\/person\/6e72b67d6e51910a1117b3b483ba20bd"},"potentialAction":[{"@type":"SearchAction","target":{"@type":"EntryPoint","urlTemplate":"https:\/\/sandzakpress.net\/arhiva\/?s={search_term_string}"},"query-input":{"@type":"PropertyValueSpecification","valueRequired":true,"valueName":"search_term_string"}}],"inLanguage":"bs-BA"},{"@type":["Person","Organization"],"@id":"https:\/\/sandzakpress.net\/arhiva\/#\/schema\/person\/6e72b67d6e51910a1117b3b483ba20bd","name":"Kul","image":{"@type":"ImageObject","inLanguage":"bs-BA","@id":"https:\/\/sandzakpress.net\/arhiva\/#\/schema\/person\/image\/","url":"https:\/\/secure.gravatar.com\/avatar\/42263f39aa27ac04c43cab85c280eb2e?s=96&d=mm&r=pg","contentUrl":"https:\/\/secure.gravatar.com\/avatar\/42263f39aa27ac04c43cab85c280eb2e?s=96&d=mm&r=pg","caption":"Kul"},"logo":{"@id":"https:\/\/sandzakpress.net\/arhiva\/#\/schema\/person\/image\/"}},{"@type":"Person","@id":"","url":"https:\/\/sandzakpress.net\/arhiva\/author\/"}]}},"_links":{"self":[{"href":"https:\/\/sandzakpress.net\/arhiva\/wp-json\/wp\/v2\/posts\/66091"}],"collection":[{"href":"https:\/\/sandzakpress.net\/arhiva\/wp-json\/wp\/v2\/posts"}],"about":[{"href":"https:\/\/sandzakpress.net\/arhiva\/wp-json\/wp\/v2\/types\/post"}],"author":[{"embeddable":true,"href":"https:\/\/sandzakpress.net\/arhiva\/wp-json\/wp\/v2\/users\/33"}],"replies":[{"embeddable":true,"href":"https:\/\/sandzakpress.net\/arhiva\/wp-json\/wp\/v2\/comments?post=66091"}],"version-history":[{"count":0,"href":"https:\/\/sandzakpress.net\/arhiva\/wp-json\/wp\/v2\/posts\/66091\/revisions"}],"wp:featuredmedia":[{"embeddable":true,"href":"https:\/\/sandzakpress.net\/arhiva\/wp-json\/wp\/v2\/media\/66092"}],"wp:attachment":[{"href":"https:\/\/sandzakpress.net\/arhiva\/wp-json\/wp\/v2\/media?parent=66091"}],"wp:term":[{"taxonomy":"category","embeddable":true,"href":"https:\/\/sandzakpress.net\/arhiva\/wp-json\/wp\/v2\/categories?post=66091"},{"taxonomy":"post_tag","embeddable":true,"href":"https:\/\/sandzakpress.net\/arhiva\/wp-json\/wp\/v2\/tags?post=66091"}],"curies":[{"name":"wp","href":"https:\/\/api.w.org\/{rel}","templated":true}]}}