{"id":65969,"date":"2013-02-12T15:05:31","date_gmt":"2013-02-12T14:05:31","guid":{"rendered":"https:\/\/sandzakpress.net\/arhiva\/?p=65969"},"modified":"2013-02-12T17:29:24","modified_gmt":"2013-02-12T16:29:24","slug":"saopcenje-za-javnost-instituta-za-istrazivanje-genocida-kanada-povodom-izvjestaja-bosnjackih-organizacija-o-stanju-ljudskih-prava-i-sloboda-bosnjaka-u-crnoj-gori","status":"publish","type":"post","link":"https:\/\/sandzakpress.net\/arhiva\/saopcenje-za-javnost-instituta-za-istrazivanje-genocida-kanada-povodom-izvjestaja-bosnjackih-organizacija-o-stanju-ljudskih-prava-i-sloboda-bosnjaka-u-crnoj-gori\/","title":{"rendered":"Podr\u0161ka izvje\u0161taju bo\u0161nja\u010dkim organizacijama o polo\u017eaju Bo\u0161njaka u Crnoj Gori"},"content":{"rendered":"<p><strong><a href=\"https:\/\/sandzakpress.net\/arhiva\/wp-content\/uploads\/2013\/02\/IRGC__Institut_Canada-Srebrenica.jpg\"><img loading=\"lazy\" decoding=\"async\" class=\"alignleft size-full wp-image-65971\" title=\"IRGC__Institut_Canada-Srebrenica\" src=\"https:\/\/sandzakpress.net\/arhiva\/wp-content\/uploads\/2013\/02\/IRGC__Institut_Canada-Srebrenica.jpg\" alt=\"\" width=\"300\" height=\"188\" \/><\/a>Amerika, Plav, Bijelo Polje &#8211; Institut za istra\u017eivanje genocida Kanada jo\u0161 jednom podsje\u0107a svijetsku javnost da mnogobrojni relevantni izvori razli\u010dite provenijencije, respektabilnih nau\u010dno &#8211; istra\u017eiva\u010dkih institucija u svijetu pouzdano ukazuju da je nad Bo\u0161njacima u Crnoj Gori po\u010dinjen genocid.<\/strong><\/p>\n<p>Rije\u010d je o zlo\u010dinima koji su nastali na temeljima genocidne politike, velikodr\u017eavnog projekta, zlo\u010dina\u010dkog poduhvata, nacionalisti\u010dkog pokreta, agresivne i genocidne strategije dr\u017eave Crne Gore.<\/p>\n<p>Istovremeno dana\u0161nji polo\u017eaj Bo\u0161njaka u Crnoj Gori ni\u0161ta nije povoljniji. Genocid nad njima se nastavlja drugim sredstvima. Prekrajanje historije i zatiranje tragova hiljadugodi\u0161njeg prisustva Bo\u0161njaka na ovim prostorima je postala institucionalna aktivnost dr\u017eavnih organa, u kojima se ime Bo\u0161njak skoro i ne smije spomenuti. Tragovi i spomenici kulture Bo\u0161njaka uglavnom se tretiraju kao osmanlijski ostaci, i kao takvi, ako ve\u0107 nisu uni\u0161teni ili uzurpirani i sa njih pobrisani dokazi stvarnog vlasni\u0161tva, zapu\u0161teni i u nebrizi prepu\u0161teni Islamskoj zajednici koja svojim statusom su\u0161tinski ne mo\u017ee biti vlasnik kulturne ba\u0161tine Bo\u0161njaka, jer se deklarisala kao anacionalna i zajednica gra\u0111ana koji se u vjerskom smislu odre\u0111uju kao muslimani a koji mogu biti pripadnici razli\u010ditih naroda koji \u017eive u Crnoj Gori. Naravno da se ovakvim odnosom prema spomenicima kulture ovog naroda, fakti\u010dki sprovodi kontinuirano poni\u0161tavanje ljudskih prava i sloboda Bo\u0161njaka na dalju opstojnost na ovim prostorima.<\/p>\n<p>Institut za istra\u017eivanje genocida Kanada, kao nau\u010dno \u2013 istra\u017eiva\u010dka institucija koja se bori za istinu, pravdu, mir i pomirenje, te da za su\u017eivot i toleranciju, koje se jedino mogu posti\u0107i istinom o zlo\u010dinima i pravdom za \u017ertve zlo\u010dina zahtijeva odgovornost za ratne zlo\u010dine po\u010dinjene nad Bo\u0161njacima u BiH, Crnoj Gori, Sand\u017eaku u periodu 1992 \u2013 1995.g.<\/p>\n<p>Kao glas pre\u017eivjelih \u017ertava i svjedoka agresije na Republiku Bosnu i Hercegovinu i genocida nad Bo\u0161njacima, zabrinuti za kontinuirano i sistematsko ugro\u017eavanje osnovnih ljudskih prava i sloboda Bo\u0161njaka u Crnoj Gori od strane aktuelne crnogorske vlasti, Institut za istra\u017eivanje genocida Kanada \u0107e iz svoje nadle\u017enosti preduzete sve potrebne i mogu\u0107e mjere za pobolj\u0161avanje polo\u017eaja crnogorskih Bo\u0161njaka. Istovremeno \u0107e Institut za istra\u017eivanje genocida Kanada putem svoga Me\u0111unarodnog ekspetnog tima tra\u017eiti hitnu reakciju svih subjekata kojima je Izvje\u0161taj poslan.<\/p>\n<p>Institut za istra\u017eivanje genocida Kanada se zahvaljuje svima onima koji su radili na Izvje\u0161taju o stanju ljudskih prava i sloboda Bo\u0161njaka u Crnoj Gori, stoji u saop\u0107enju Instituta za istra\u017eivanje genocida, Kanada koje je potpisao<br \/>\ndirektor prof. Emir Rami\u0107.<\/p>\n<p>(Bosnjaci)<\/p>\n","protected":false},"excerpt":{"rendered":"<p>Amerika, Plav, Bijelo Polje &#8211; Institut za istra\u017eivanje genocida Kanada jo\u0161 jednom podsje\u0107a svijetsku javnost da mnogobrojni relevantni izvori razli\u010dite provenijencije, respektabilnih nau\u010dno &#8211; istra\u017eiva\u010dkih institucija u svijetu pouzdano ukazuju da je nad Bo\u0161njacima u Crnoj Gori po\u010dinjen genocid. Rije\u010d je o zlo\u010dinima koji su nastali na temeljima genocidne politike, velikodr\u017eavnog projekta, zlo\u010dina\u010dkog poduhvata, nacionalisti\u010dkog [&hellip;]<\/p>\n","protected":false},"author":16,"featured_media":65971,"comment_status":"open","ping_status":"open","sticky":false,"template":"","format":"standard","meta":{"footnotes":""},"categories":[800,3012,396,399],"tags":[],"class_list":{"0":"post-65969","1":"post","2":"type-post","3":"status-publish","4":"format-standard","5":"has-post-thumbnail","7":"category-nacija","8":"category-amerika-gradovi","9":"category-bijelo_polje","10":"category-plav_"},"yoast_head":"<!-- This site is optimized with the Yoast SEO Premium plugin v23.1 (Yoast SEO v24.9) - https:\/\/yoast.com\/wordpress\/plugins\/seo\/ -->\n<title>Podr\u0161ka izvje\u0161taju bo\u0161nja\u010dkim organizacijama o polo\u017eaju Bo\u0161njaka u Crnoj Gori<\/title>\n<meta name=\"robots\" content=\"index, follow, max-snippet:-1, max-image-preview:large, max-video-preview:-1\" \/>\n<link rel=\"canonical\" href=\"https:\/\/sandzakpress.net\/arhiva\/saopcenje-za-javnost-instituta-za-istrazivanje-genocida-kanada-povodom-izvjestaja-bosnjackih-organizacija-o-stanju-ljudskih-prava-i-sloboda-bosnjaka-u-crnoj-gori\/\" \/>\n<meta property=\"og:locale\" content=\"bs_BA\" \/>\n<meta property=\"og:type\" content=\"article\" \/>\n<meta property=\"og:title\" content=\"Podr\u0161ka izvje\u0161taju bo\u0161nja\u010dkim organizacijama o polo\u017eaju Bo\u0161njaka u Crnoj Gori\" \/>\n<meta property=\"og:description\" content=\"Amerika, Plav, Bijelo Polje &#8211; Institut za istra\u017eivanje genocida Kanada jo\u0161 jednom podsje\u0107a svijetsku javnost da mnogobrojni relevantni izvori razli\u010dite provenijencije, respektabilnih nau\u010dno &#8211; istra\u017eiva\u010dkih institucija u svijetu pouzdano ukazuju da je nad Bo\u0161njacima u Crnoj Gori po\u010dinjen genocid. Rije\u010d je o zlo\u010dinima koji su nastali na temeljima genocidne politike, velikodr\u017eavnog projekta, zlo\u010dina\u010dkog poduhvata, nacionalisti\u010dkog [&hellip;]\" \/>\n<meta property=\"og:url\" content=\"https:\/\/sandzakpress.net\/arhiva\/saopcenje-za-javnost-instituta-za-istrazivanje-genocida-kanada-povodom-izvjestaja-bosnjackih-organizacija-o-stanju-ljudskih-prava-i-sloboda-bosnjaka-u-crnoj-gori\/\" \/>\n<meta property=\"og:site_name\" content=\"Sand\u017eak PRESS\" \/>\n<meta property=\"article:published_time\" content=\"2013-02-12T14:05:31+00:00\" \/>\n<meta property=\"article:modified_time\" content=\"2013-02-12T16:29:24+00:00\" \/>\n<meta property=\"og:image\" content=\"https:\/\/sandzakpress.net\/arhiva\/wp-content\/uploads\/2013\/02\/IRGC__Institut_Canada-Srebrenica.jpg\" \/>\n\t<meta property=\"og:image:width\" content=\"300\" \/>\n\t<meta property=\"og:image:height\" content=\"188\" \/>\n\t<meta property=\"og:image:type\" content=\"image\/jpeg\" \/>\n<meta name=\"twitter:card\" content=\"summary_large_image\" \/>\n<meta name=\"twitter:label1\" content=\"Written by\" \/>\n\t<meta name=\"twitter:data1\" content=\"\" \/>\n\t<meta name=\"twitter:label2\" content=\"Est. reading time\" \/>\n\t<meta name=\"twitter:data2\" content=\"2 minute\" \/>\n<script type=\"application\/ld+json\" class=\"yoast-schema-graph\">{\"@context\":\"https:\/\/schema.org\",\"@graph\":[{\"@type\":\"Article\",\"@id\":\"https:\/\/sandzakpress.net\/arhiva\/saopcenje-za-javnost-instituta-za-istrazivanje-genocida-kanada-povodom-izvjestaja-bosnjackih-organizacija-o-stanju-ljudskih-prava-i-sloboda-bosnjaka-u-crnoj-gori\/#article\",\"isPartOf\":{\"@id\":\"https:\/\/sandzakpress.net\/arhiva\/saopcenje-za-javnost-instituta-za-istrazivanje-genocida-kanada-povodom-izvjestaja-bosnjackih-organizacija-o-stanju-ljudskih-prava-i-sloboda-bosnjaka-u-crnoj-gori\/\"},\"author\":{\"name\":\"\",\"@id\":\"\"},\"headline\":\"Podr\u0161ka izvje\u0161taju bo\u0161nja\u010dkim organizacijama o polo\u017eaju Bo\u0161njaka u Crnoj Gori\",\"datePublished\":\"2013-02-12T14:05:31+00:00\",\"dateModified\":\"2013-02-12T16:29:24+00:00\",\"mainEntityOfPage\":{\"@id\":\"https:\/\/sandzakpress.net\/arhiva\/saopcenje-za-javnost-instituta-za-istrazivanje-genocida-kanada-povodom-izvjestaja-bosnjackih-organizacija-o-stanju-ljudskih-prava-i-sloboda-bosnjaka-u-crnoj-gori\/\"},\"wordCount\":459,\"commentCount\":0,\"publisher\":{\"@id\":\"https:\/\/sandzakpress.net\/arhiva\/#\/schema\/person\/6e72b67d6e51910a1117b3b483ba20bd\"},\"image\":{\"@id\":\"https:\/\/sandzakpress.net\/arhiva\/saopcenje-za-javnost-instituta-za-istrazivanje-genocida-kanada-povodom-izvjestaja-bosnjackih-organizacija-o-stanju-ljudskih-prava-i-sloboda-bosnjaka-u-crnoj-gori\/#primaryimage\"},\"thumbnailUrl\":\"https:\/\/sandzakpress.net\/arhiva\/wp-content\/uploads\/2013\/02\/IRGC__Institut_Canada-Srebrenica.jpg\",\"articleSection\":[\"Nacija\",\"Amerika\",\"Bijelo Polje\",\"Plav\"],\"inLanguage\":\"bs-BA\",\"potentialAction\":[{\"@type\":\"CommentAction\",\"name\":\"Comment\",\"target\":[\"https:\/\/sandzakpress.net\/arhiva\/saopcenje-za-javnost-instituta-za-istrazivanje-genocida-kanada-povodom-izvjestaja-bosnjackih-organizacija-o-stanju-ljudskih-prava-i-sloboda-bosnjaka-u-crnoj-gori\/#respond\"]}]},{\"@type\":\"WebPage\",\"@id\":\"https:\/\/sandzakpress.net\/arhiva\/saopcenje-za-javnost-instituta-za-istrazivanje-genocida-kanada-povodom-izvjestaja-bosnjackih-organizacija-o-stanju-ljudskih-prava-i-sloboda-bosnjaka-u-crnoj-gori\/\",\"url\":\"https:\/\/sandzakpress.net\/arhiva\/saopcenje-za-javnost-instituta-za-istrazivanje-genocida-kanada-povodom-izvjestaja-bosnjackih-organizacija-o-stanju-ljudskih-prava-i-sloboda-bosnjaka-u-crnoj-gori\/\",\"name\":\"Podr\u0161ka izvje\u0161taju bo\u0161nja\u010dkim organizacijama o polo\u017eaju Bo\u0161njaka u Crnoj Gori\",\"isPartOf\":{\"@id\":\"https:\/\/sandzakpress.net\/arhiva\/#website\"},\"primaryImageOfPage\":{\"@id\":\"https:\/\/sandzakpress.net\/arhiva\/saopcenje-za-javnost-instituta-za-istrazivanje-genocida-kanada-povodom-izvjestaja-bosnjackih-organizacija-o-stanju-ljudskih-prava-i-sloboda-bosnjaka-u-crnoj-gori\/#primaryimage\"},\"image\":{\"@id\":\"https:\/\/sandzakpress.net\/arhiva\/saopcenje-za-javnost-instituta-za-istrazivanje-genocida-kanada-povodom-izvjestaja-bosnjackih-organizacija-o-stanju-ljudskih-prava-i-sloboda-bosnjaka-u-crnoj-gori\/#primaryimage\"},\"thumbnailUrl\":\"https:\/\/sandzakpress.net\/arhiva\/wp-content\/uploads\/2013\/02\/IRGC__Institut_Canada-Srebrenica.jpg\",\"datePublished\":\"2013-02-12T14:05:31+00:00\",\"dateModified\":\"2013-02-12T16:29:24+00:00\",\"breadcrumb\":{\"@id\":\"https:\/\/sandzakpress.net\/arhiva\/saopcenje-za-javnost-instituta-za-istrazivanje-genocida-kanada-povodom-izvjestaja-bosnjackih-organizacija-o-stanju-ljudskih-prava-i-sloboda-bosnjaka-u-crnoj-gori\/#breadcrumb\"},\"inLanguage\":\"bs-BA\",\"potentialAction\":[{\"@type\":\"ReadAction\",\"target\":[\"https:\/\/sandzakpress.net\/arhiva\/saopcenje-za-javnost-instituta-za-istrazivanje-genocida-kanada-povodom-izvjestaja-bosnjackih-organizacija-o-stanju-ljudskih-prava-i-sloboda-bosnjaka-u-crnoj-gori\/\"]}]},{\"@type\":\"ImageObject\",\"inLanguage\":\"bs-BA\",\"@id\":\"https:\/\/sandzakpress.net\/arhiva\/saopcenje-za-javnost-instituta-za-istrazivanje-genocida-kanada-povodom-izvjestaja-bosnjackih-organizacija-o-stanju-ljudskih-prava-i-sloboda-bosnjaka-u-crnoj-gori\/#primaryimage\",\"url\":\"https:\/\/sandzakpress.net\/arhiva\/wp-content\/uploads\/2013\/02\/IRGC__Institut_Canada-Srebrenica.jpg\",\"contentUrl\":\"https:\/\/sandzakpress.net\/arhiva\/wp-content\/uploads\/2013\/02\/IRGC__Institut_Canada-Srebrenica.jpg\",\"width\":300,\"height\":188},{\"@type\":\"BreadcrumbList\",\"@id\":\"https:\/\/sandzakpress.net\/arhiva\/saopcenje-za-javnost-instituta-za-istrazivanje-genocida-kanada-povodom-izvjestaja-bosnjackih-organizacija-o-stanju-ljudskih-prava-i-sloboda-bosnjaka-u-crnoj-gori\/#breadcrumb\",\"itemListElement\":[{\"@type\":\"ListItem\",\"position\":1,\"name\":\"Home\",\"item\":\"https:\/\/sandzakpress.net\/arhiva\/\"},{\"@type\":\"ListItem\",\"position\":2,\"name\":\"Podr\u0161ka izvje\u0161taju bo\u0161nja\u010dkim organizacijama o polo\u017eaju Bo\u0161njaka u Crnoj Gori\"}]},{\"@type\":\"WebSite\",\"@id\":\"https:\/\/sandzakpress.net\/arhiva\/#website\",\"url\":\"https:\/\/sandzakpress.net\/arhiva\/\",\"name\":\"Sand\u017eak PRESS\",\"description\":\"Prve elektronske novine u Sand\u017eaku\",\"publisher\":{\"@id\":\"https:\/\/sandzakpress.net\/arhiva\/#\/schema\/person\/6e72b67d6e51910a1117b3b483ba20bd\"},\"potentialAction\":[{\"@type\":\"SearchAction\",\"target\":{\"@type\":\"EntryPoint\",\"urlTemplate\":\"https:\/\/sandzakpress.net\/arhiva\/?s={search_term_string}\"},\"query-input\":{\"@type\":\"PropertyValueSpecification\",\"valueRequired\":true,\"valueName\":\"search_term_string\"}}],\"inLanguage\":\"bs-BA\"},{\"@type\":[\"Person\",\"Organization\"],\"@id\":\"https:\/\/sandzakpress.net\/arhiva\/#\/schema\/person\/6e72b67d6e51910a1117b3b483ba20bd\",\"name\":\"Kul\",\"image\":{\"@type\":\"ImageObject\",\"inLanguage\":\"bs-BA\",\"@id\":\"https:\/\/sandzakpress.net\/arhiva\/#\/schema\/person\/image\/\",\"url\":\"https:\/\/secure.gravatar.com\/avatar\/42263f39aa27ac04c43cab85c280eb2e?s=96&d=mm&r=pg\",\"contentUrl\":\"https:\/\/secure.gravatar.com\/avatar\/42263f39aa27ac04c43cab85c280eb2e?s=96&d=mm&r=pg\",\"caption\":\"Kul\"},\"logo\":{\"@id\":\"https:\/\/sandzakpress.net\/arhiva\/#\/schema\/person\/image\/\"}},{\"@type\":\"Person\",\"@id\":\"\",\"url\":\"https:\/\/sandzakpress.net\/arhiva\/author\/\"}]}<\/script>\n<!-- \/ Yoast SEO Premium plugin. -->","yoast_head_json":{"title":"Podr\u0161ka izvje\u0161taju bo\u0161nja\u010dkim organizacijama o polo\u017eaju Bo\u0161njaka u Crnoj Gori","robots":{"index":"index","follow":"follow","max-snippet":"max-snippet:-1","max-image-preview":"max-image-preview:large","max-video-preview":"max-video-preview:-1"},"canonical":"https:\/\/sandzakpress.net\/arhiva\/saopcenje-za-javnost-instituta-za-istrazivanje-genocida-kanada-povodom-izvjestaja-bosnjackih-organizacija-o-stanju-ljudskih-prava-i-sloboda-bosnjaka-u-crnoj-gori\/","og_locale":"bs_BA","og_type":"article","og_title":"Podr\u0161ka izvje\u0161taju bo\u0161nja\u010dkim organizacijama o polo\u017eaju Bo\u0161njaka u Crnoj Gori","og_description":"Amerika, Plav, Bijelo Polje &#8211; Institut za istra\u017eivanje genocida Kanada jo\u0161 jednom podsje\u0107a svijetsku javnost da mnogobrojni relevantni izvori razli\u010dite provenijencije, respektabilnih nau\u010dno &#8211; istra\u017eiva\u010dkih institucija u svijetu pouzdano ukazuju da je nad Bo\u0161njacima u Crnoj Gori po\u010dinjen genocid. Rije\u010d je o zlo\u010dinima koji su nastali na temeljima genocidne politike, velikodr\u017eavnog projekta, zlo\u010dina\u010dkog poduhvata, nacionalisti\u010dkog [&hellip;]","og_url":"https:\/\/sandzakpress.net\/arhiva\/saopcenje-za-javnost-instituta-za-istrazivanje-genocida-kanada-povodom-izvjestaja-bosnjackih-organizacija-o-stanju-ljudskih-prava-i-sloboda-bosnjaka-u-crnoj-gori\/","og_site_name":"Sand\u017eak PRESS","article_published_time":"2013-02-12T14:05:31+00:00","article_modified_time":"2013-02-12T16:29:24+00:00","og_image":[{"width":300,"height":188,"url":"https:\/\/sandzakpress.net\/arhiva\/wp-content\/uploads\/2013\/02\/IRGC__Institut_Canada-Srebrenica.jpg","type":"image\/jpeg"}],"twitter_card":"summary_large_image","twitter_misc":{"Written by":"","Est. reading time":"2 minute"},"schema":{"@context":"https:\/\/schema.org","@graph":[{"@type":"Article","@id":"https:\/\/sandzakpress.net\/arhiva\/saopcenje-za-javnost-instituta-za-istrazivanje-genocida-kanada-povodom-izvjestaja-bosnjackih-organizacija-o-stanju-ljudskih-prava-i-sloboda-bosnjaka-u-crnoj-gori\/#article","isPartOf":{"@id":"https:\/\/sandzakpress.net\/arhiva\/saopcenje-za-javnost-instituta-za-istrazivanje-genocida-kanada-povodom-izvjestaja-bosnjackih-organizacija-o-stanju-ljudskih-prava-i-sloboda-bosnjaka-u-crnoj-gori\/"},"author":{"name":"","@id":""},"headline":"Podr\u0161ka izvje\u0161taju bo\u0161nja\u010dkim organizacijama o polo\u017eaju Bo\u0161njaka u Crnoj Gori","datePublished":"2013-02-12T14:05:31+00:00","dateModified":"2013-02-12T16:29:24+00:00","mainEntityOfPage":{"@id":"https:\/\/sandzakpress.net\/arhiva\/saopcenje-za-javnost-instituta-za-istrazivanje-genocida-kanada-povodom-izvjestaja-bosnjackih-organizacija-o-stanju-ljudskih-prava-i-sloboda-bosnjaka-u-crnoj-gori\/"},"wordCount":459,"commentCount":0,"publisher":{"@id":"https:\/\/sandzakpress.net\/arhiva\/#\/schema\/person\/6e72b67d6e51910a1117b3b483ba20bd"},"image":{"@id":"https:\/\/sandzakpress.net\/arhiva\/saopcenje-za-javnost-instituta-za-istrazivanje-genocida-kanada-povodom-izvjestaja-bosnjackih-organizacija-o-stanju-ljudskih-prava-i-sloboda-bosnjaka-u-crnoj-gori\/#primaryimage"},"thumbnailUrl":"https:\/\/sandzakpress.net\/arhiva\/wp-content\/uploads\/2013\/02\/IRGC__Institut_Canada-Srebrenica.jpg","articleSection":["Nacija","Amerika","Bijelo Polje","Plav"],"inLanguage":"bs-BA","potentialAction":[{"@type":"CommentAction","name":"Comment","target":["https:\/\/sandzakpress.net\/arhiva\/saopcenje-za-javnost-instituta-za-istrazivanje-genocida-kanada-povodom-izvjestaja-bosnjackih-organizacija-o-stanju-ljudskih-prava-i-sloboda-bosnjaka-u-crnoj-gori\/#respond"]}]},{"@type":"WebPage","@id":"https:\/\/sandzakpress.net\/arhiva\/saopcenje-za-javnost-instituta-za-istrazivanje-genocida-kanada-povodom-izvjestaja-bosnjackih-organizacija-o-stanju-ljudskih-prava-i-sloboda-bosnjaka-u-crnoj-gori\/","url":"https:\/\/sandzakpress.net\/arhiva\/saopcenje-za-javnost-instituta-za-istrazivanje-genocida-kanada-povodom-izvjestaja-bosnjackih-organizacija-o-stanju-ljudskih-prava-i-sloboda-bosnjaka-u-crnoj-gori\/","name":"Podr\u0161ka izvje\u0161taju bo\u0161nja\u010dkim organizacijama o polo\u017eaju Bo\u0161njaka u Crnoj Gori","isPartOf":{"@id":"https:\/\/sandzakpress.net\/arhiva\/#website"},"primaryImageOfPage":{"@id":"https:\/\/sandzakpress.net\/arhiva\/saopcenje-za-javnost-instituta-za-istrazivanje-genocida-kanada-povodom-izvjestaja-bosnjackih-organizacija-o-stanju-ljudskih-prava-i-sloboda-bosnjaka-u-crnoj-gori\/#primaryimage"},"image":{"@id":"https:\/\/sandzakpress.net\/arhiva\/saopcenje-za-javnost-instituta-za-istrazivanje-genocida-kanada-povodom-izvjestaja-bosnjackih-organizacija-o-stanju-ljudskih-prava-i-sloboda-bosnjaka-u-crnoj-gori\/#primaryimage"},"thumbnailUrl":"https:\/\/sandzakpress.net\/arhiva\/wp-content\/uploads\/2013\/02\/IRGC__Institut_Canada-Srebrenica.jpg","datePublished":"2013-02-12T14:05:31+00:00","dateModified":"2013-02-12T16:29:24+00:00","breadcrumb":{"@id":"https:\/\/sandzakpress.net\/arhiva\/saopcenje-za-javnost-instituta-za-istrazivanje-genocida-kanada-povodom-izvjestaja-bosnjackih-organizacija-o-stanju-ljudskih-prava-i-sloboda-bosnjaka-u-crnoj-gori\/#breadcrumb"},"inLanguage":"bs-BA","potentialAction":[{"@type":"ReadAction","target":["https:\/\/sandzakpress.net\/arhiva\/saopcenje-za-javnost-instituta-za-istrazivanje-genocida-kanada-povodom-izvjestaja-bosnjackih-organizacija-o-stanju-ljudskih-prava-i-sloboda-bosnjaka-u-crnoj-gori\/"]}]},{"@type":"ImageObject","inLanguage":"bs-BA","@id":"https:\/\/sandzakpress.net\/arhiva\/saopcenje-za-javnost-instituta-za-istrazivanje-genocida-kanada-povodom-izvjestaja-bosnjackih-organizacija-o-stanju-ljudskih-prava-i-sloboda-bosnjaka-u-crnoj-gori\/#primaryimage","url":"https:\/\/sandzakpress.net\/arhiva\/wp-content\/uploads\/2013\/02\/IRGC__Institut_Canada-Srebrenica.jpg","contentUrl":"https:\/\/sandzakpress.net\/arhiva\/wp-content\/uploads\/2013\/02\/IRGC__Institut_Canada-Srebrenica.jpg","width":300,"height":188},{"@type":"BreadcrumbList","@id":"https:\/\/sandzakpress.net\/arhiva\/saopcenje-za-javnost-instituta-za-istrazivanje-genocida-kanada-povodom-izvjestaja-bosnjackih-organizacija-o-stanju-ljudskih-prava-i-sloboda-bosnjaka-u-crnoj-gori\/#breadcrumb","itemListElement":[{"@type":"ListItem","position":1,"name":"Home","item":"https:\/\/sandzakpress.net\/arhiva\/"},{"@type":"ListItem","position":2,"name":"Podr\u0161ka izvje\u0161taju bo\u0161nja\u010dkim organizacijama o polo\u017eaju Bo\u0161njaka u Crnoj Gori"}]},{"@type":"WebSite","@id":"https:\/\/sandzakpress.net\/arhiva\/#website","url":"https:\/\/sandzakpress.net\/arhiva\/","name":"Sand\u017eak PRESS","description":"Prve elektronske novine u Sand\u017eaku","publisher":{"@id":"https:\/\/sandzakpress.net\/arhiva\/#\/schema\/person\/6e72b67d6e51910a1117b3b483ba20bd"},"potentialAction":[{"@type":"SearchAction","target":{"@type":"EntryPoint","urlTemplate":"https:\/\/sandzakpress.net\/arhiva\/?s={search_term_string}"},"query-input":{"@type":"PropertyValueSpecification","valueRequired":true,"valueName":"search_term_string"}}],"inLanguage":"bs-BA"},{"@type":["Person","Organization"],"@id":"https:\/\/sandzakpress.net\/arhiva\/#\/schema\/person\/6e72b67d6e51910a1117b3b483ba20bd","name":"Kul","image":{"@type":"ImageObject","inLanguage":"bs-BA","@id":"https:\/\/sandzakpress.net\/arhiva\/#\/schema\/person\/image\/","url":"https:\/\/secure.gravatar.com\/avatar\/42263f39aa27ac04c43cab85c280eb2e?s=96&d=mm&r=pg","contentUrl":"https:\/\/secure.gravatar.com\/avatar\/42263f39aa27ac04c43cab85c280eb2e?s=96&d=mm&r=pg","caption":"Kul"},"logo":{"@id":"https:\/\/sandzakpress.net\/arhiva\/#\/schema\/person\/image\/"}},{"@type":"Person","@id":"","url":"https:\/\/sandzakpress.net\/arhiva\/author\/"}]}},"_links":{"self":[{"href":"https:\/\/sandzakpress.net\/arhiva\/wp-json\/wp\/v2\/posts\/65969"}],"collection":[{"href":"https:\/\/sandzakpress.net\/arhiva\/wp-json\/wp\/v2\/posts"}],"about":[{"href":"https:\/\/sandzakpress.net\/arhiva\/wp-json\/wp\/v2\/types\/post"}],"author":[{"embeddable":true,"href":"https:\/\/sandzakpress.net\/arhiva\/wp-json\/wp\/v2\/users\/16"}],"replies":[{"embeddable":true,"href":"https:\/\/sandzakpress.net\/arhiva\/wp-json\/wp\/v2\/comments?post=65969"}],"version-history":[{"count":0,"href":"https:\/\/sandzakpress.net\/arhiva\/wp-json\/wp\/v2\/posts\/65969\/revisions"}],"wp:featuredmedia":[{"embeddable":true,"href":"https:\/\/sandzakpress.net\/arhiva\/wp-json\/wp\/v2\/media\/65971"}],"wp:attachment":[{"href":"https:\/\/sandzakpress.net\/arhiva\/wp-json\/wp\/v2\/media?parent=65969"}],"wp:term":[{"taxonomy":"category","embeddable":true,"href":"https:\/\/sandzakpress.net\/arhiva\/wp-json\/wp\/v2\/categories?post=65969"},{"taxonomy":"post_tag","embeddable":true,"href":"https:\/\/sandzakpress.net\/arhiva\/wp-json\/wp\/v2\/tags?post=65969"}],"curies":[{"name":"wp","href":"https:\/\/api.w.org\/{rel}","templated":true}]}}