{"id":65800,"date":"2013-02-10T18:50:58","date_gmt":"2013-02-10T17:50:58","guid":{"rendered":"https:\/\/sandzakpress.net\/arhiva\/?p=65800"},"modified":"2013-02-11T14:46:01","modified_gmt":"2013-02-11T13:46:01","slug":"sudionici-sporazuma-bs-dps-kemal-purisic-i-hazbija-kalac-%e2%80%9esporazum-jeste-bio-uslov-podrske-na-referendumu%e2%80%9c","status":"publish","type":"post","link":"https:\/\/sandzakpress.net\/arhiva\/sudionici-sporazuma-bs-dps-kemal-purisic-i-hazbija-kalac-%e2%80%9esporazum-jeste-bio-uslov-podrske-na-referendumu%e2%80%9c\/","title":{"rendered":"Sudionici sporazuma BS-DPS Kemal Puri\u0161i\u0107 i Hazbija Kala\u010d: \u201eSporazum jeste bio uslov podr\u0161ke na Referendumu\u201c"},"content":{"rendered":"<p><strong><a href=\"https:\/\/sandzakpress.net\/arhiva\/wp-content\/uploads\/2013\/02\/purisic-kalac.jpg\"><img loading=\"lazy\" decoding=\"async\" class=\"alignleft size-medium wp-image-65801\" title=\"purisic-kalac\" src=\"https:\/\/sandzakpress.net\/arhiva\/wp-content\/uploads\/2013\/02\/purisic-kalac-300x152.jpg\" alt=\"\" width=\"300\" height=\"152\" \/><\/a>Ju\u017eni Sand\u017eak &#8211; Biv\u0161i narodni poslanik u dva saziva u Parlamentu Crne Gore ispred Bo\u0161nja\u010dke stranke gospodin Kemal Puri\u0161i\u0107, u\u010destvovao je na nau\u010dnom skupu: \u201cSelektivna primjena zakona \u2013 skriveni mehanizam spre\u010davanja razvoja nacionalnih posebnosti Bo\u0161njaka u Crnoj Gori\u201d, i tom prilikom odgovaraju\u0107i na postavljeno pitanje o Sporazumu koji tretira Sand\u017eak kao prekograni\u010dnu regiju, a koji je potpisao Rafet Husovi\u0107 i Milo \u0110ukanovi\u0107 ispred Bo\u0161nja\u010dke stranke odnosno Demokratske partije socijalista, kazao da je sudionik potpisivanja ovog sporazuma. <\/strong><!--more--><\/p>\n<h2><strong>Puri\u0161i\u0107: \u201eSporazumom BS-DPS smo \u017eeljeli hlabavu granicu, a dobijamo sve tvr\u0111u i tvr\u0111u&#8230;\u201c<\/strong><\/h2>\n<p>On je kazao da je u predreferendumskom periodu predsjedni\u0161tvo Bo\u0161nja\u010dke stranke imalo dva sastanka sa predsjednikom DPS-a Milom \u0110ukanovi\u0107em, na kojima su razgovarali o potpisivanju sporazuma i elementima koji se trebaju na\u0107i u njemu.<\/p>\n<p>Primarna \u017eelja bila je da granica za \u017eitelje Sand\u017eaka bude transparentna i hlabava.<\/p>\n<p>\u201eZnam \u0161ta smo mu rekli i \u0161ta smo mu tra\u017eili. Mi smo u razgovorima sa predsjednikom DPS-a Milom \u0110ukanovi\u0107em, jasno tra\u017eili da administrativni prijelaz koji nakon osamostaljivanja Crne Gore postaje granica, a koja prolazi kroz sand\u017ea\u010dke mahale i gradove, dijeli imovinu u rodbinu sa jedne i druge strane granice, da ta granica bude transparenta, prozirna, hlabava, \u0161to hlabavija. Mi smo tada dobili uvjeravanja od gospodina \u0110ukanovi\u0107a da \u0107e to tako i biti, govore\u0107i da je Crna Gora najbliskija sa Srbijom, te da se referendumom \u017eeli sagraditi svoja ku\u0107a, a da granica ostaje neupitno hlabava i transparentna. Mi smo tada ocijenili da to ne\u0107e biti sporno i da je to dobro.\u201c \u2013 istakao je Puri\u0161i\u0107.<\/p>\n<p>On je kazao da je sporazum sastavljan dva dana, da je sa\u010dinjeno vi\u0161e verzija i da je ekipa u Podgorici pregovarala sa timom DPS-a koji su se konsultirali u krajnjoj ta\u010dki sa predsjednikom \u0110ukanovi\u0107em.<\/p>\n<p>Gospodin Puri\u0161i\u0107 je kazao da je ovaj sporazum najzna\u010dajniji akt o Sand\u017eaku od ukidanja ZAVNOS-a 1945. godine.<\/p>\n<p>\u201eJa ovaj sporazum nebih ni podcjenjivao niti precjenjivao. On nije sporazum bilo koje institucije Crne Gore, ve\u0107 sporazum dvije partije politi\u010dke parije i on ima status \u201epoliti\u010dkog akta\u201c ili \u201epoliti\u010dkog dokumenta\u201c. I sigurno jeste najzna\u010dajniji dokument koji je neka politi\u010dka parija ostvarila nakon ukidanja ZAVNOS-a 1945.\u201c<\/p>\n<p>Na pitanje \u201eza\u0161to predsjednik BS-a Rafet Husovi\u0107 posljednjih dana u formulaciji o sporazumu na prvom mjestu isti\u010de interes dr\u017eave Crne Gore u odnosu na interes Bo\u0161njaka\u201c, te \u201egdje se danas nalaze Bo\u0161njaci u odnosu na predreferendumski period\u201c, gospodin Kemal Puri\u0161i\u0107 je kazao:<\/p>\n<p>\u201eLi\u010dno mi je zasmetalo kako je moj predsjednik partije Rafet Husovi\u0107 poredao prioritete. On jeste sada potpredsjednik Vlade Crne Gore, ali je on primarno predsjednik Bo\u0161nja\u010dke stranke. I njemu treba prioritet da bude Bo\u0161nja\u010dka stranka a ne dr\u017eava Crna Gora. Narod je va\u017enija i trajnija kategorija od dr\u017eave.<\/p>\n<p>Osnovna stvar koju smo \u017eeljeli da uredimo sporazumom jeste granica, da ona bude hlabava i transparentna. \u0160ta imamo danas za posljedicu? Imamo sve tvr\u0111u i tvr\u0111u granicu. Ako me pitate gdje smo mi danas u odnosu na period potpisivanja sporazuma, tvrdim da smo dalje od onoga \u0161to smo imali prije referenduma. Ali zato se de\u0161avaju neki drugi procesi. Sada to nije kapital samo dvije politi\u010de partije, ve\u0107 i drugih koji obra\u0111uju tu temu, rade na njoj. Dakle ovaj sporazum je veliki politi\u010dki kapital. Nikada se ne bih odricao njega. \u010cini mi da se ni Rafet Husovi\u0107 ne odri\u010de sporazuma, ali ga trenutno nedovoljno vje\u0161to brani. Ali bez obzira ne sve, to je ne\u0161to \u010dega se prvenstveno Bo\u0161nja\u010dka stranka ne odri\u010de.\u201c<\/p>\n<p>Puri\u0161i\u0107 je kazao da je sada potez na Vladama dviju dr\u017eava, Srbije i Crne Gore, da gradove Sand\u017eaka proglase administrativno-teritorijalnim regionima, kako bi se mogla uspostaviti prekograni\u010dna saradnja gradova Sand\u017eaka.<\/p>\n<p>\u201eDa bi za\u017eivjela prekograni\u010dna regija, dvije dr\u017eave moraju tu teritoriju proglasiti administrativno-teritorijalnom cjelinom i da joj prenesu odre\u0111ena ovla\u0161\u0107enja.<\/p>\n<p>U parlamentu Crne Gore je ratifikovana jedan dokument koji predvi\u0111a petnaest vrsta razli\u010ditih sporazuma po kojima trebaju sara\u0111ivati gradovi jedne prekograni\u010dne regije. To su modaliteti koje treba da iskoriste gradovi dvije dr\u017eave, npr. Ro\u017eaja i Tutina \u2013 kako da se bore protiv poplava ili da razvijaju sportsko-kulturnu saradnju, za\u0161titu od epidemija i dr. Ni\u0161ta tu nema imaginarno niti opasno za dr\u017eavu. To su sve stvari vrlo konkretne i korisne, a u interesu gra\u0111ana gradova te regije. Takvih regija ima 270 po Evropi.\u201c \u2013 zaklju\u010dio je Puri\u0161i\u0107.<\/p>\n<p><strong> <\/strong><\/p>\n<h2><strong>Kala\u010d: \u201eUgovor BS-DPS je bio uslov da Bo\u0161njaci podr\u017ee suverenitet Crne Gore\u201c<\/strong><\/h2>\n<p>Predsjednik Bo\u0161nja\u010dke kulturne zajednice u Crnoj Gori Hazbija Kala\u010d, na nau\u010dnom skupu koji je u subotu 9. februara 2013. godine odr\u017ean u Ro\u017eajama, na postavljeno pitanje o Sporazumu Bo\u0161nja\u010dke stranke i Demokratske partije socijalista (kojeg su potpisali Rafet Husovi\u0107 i Milo \u0110ukanovi\u0107), kao jedan od sudionika izrade i potpisivanja sporazuma, odbacio tvrdnje potpisnika sporazuma u kojima se isti\u010de da sporazum nije bio uslov podr\u0161ci Bo\u0161nja\u010dke stranke suverenisti\u010dkom bloku na Referendumu za suverenu Crnu Goru, ve\u0107 da je sporazum potpisan nakon pristupanja ovom bloku.<\/p>\n<p>\u201eMogu da posvjedo\u010dim da je taj dokument, uprkos osporavanjima koja ovih dana dolaze od strane potpisnika ovog sporazuma, bio uslov da Bo\u0161nja\u010dka stranka pristupi suverenisti\u010dkom bloku.<\/p>\n<p>Apsolutno je nelogi\u010dno i neta\u010dno da je BS prostupila suvjerenisti\u010dkom bloku, a tek nakon zog\u00a0 pristupanja, u nekoj le\u017eernoj atmosferi potpisala ovaj sporazum.<\/p>\n<p>Taj sporazum je bio uslov za pristupanje BS-a suvjerenisti\u010dkom bloku, a sudionici svega toga smo ja, Kemal Puri\u0161i\u0107 i jo\u0161 neki ljudi. Taj dokument su radila dva tima i tu je bilo itekako pregovaranja. Svi elementi tog sporazuma se ne mogu isklju\u010diti, bez obzira \u0161to danas oni nekome smetaju, te bi voleli da se rije\u0161e nekih ta\u010daka sporazuma.\u201c \u2013 istakao je Kala\u010d.<\/p>\n<p>Kala\u010d je naglasio da je \u201eBo\u0161nja\u010dki narod je u referendumskom procesu bio svjestan ovog sporazuma.<\/p>\n<p>\u201cJo\u0161 jedanput tvrdim da to nije bila prevara, ve\u0107 vrlo smi\u0161ljena, koordinirana i veoma pametna politi\u010dka odluka na\u0161eg tada\u0161njeg tima na \u010delu sa Rafetom Husovi\u0107em. To je njegov najve\u0107i politi\u010dki kapital i prosto me \u010dudi da se on danas takvog politi\u010dkog kapitala na jeftin na\u010din odri\u010de.\u201c<\/p>\n<p>Kala\u010d je poru\u010dio vlastima da ne bje\u017ee od potpisanog sporazuma jer on\u00a0 itekako afirmi\u0161e dr\u017eavnost Crne Gore.<\/p>\n<p>\u201eSporazum nipo\u0161to nije problem dr\u017eavi Crnoj Gori. Naprotiv, svi elementi tog sporazuma itekako afirmi\u0161u dr\u017eavnost Crne Gore. Da je pametne politike, a ne skrivenih namjera o polo\u017eaju Bo\u0161njaka, Crna Gora bi trebala oberu\u010dke da afitmi\u0161e sve elemente tog sporazuma i na taj na\u010din izvr\u0161i obavezu koju je preuzela prema Bo\u0161nja\u010dkoj stranci i Bo\u0161nja\u010dkom narodu koji je skoro stopostotnim glasom dao doprinos ostvarivanju suvereniteta Crne Gore.\u201c \u2013 kazao je Kala\u010d.<\/p>\n<p><strong>(BKZ)<\/strong><\/p>\n","protected":false},"excerpt":{"rendered":"<p>Ju\u017eni Sand\u017eak &#8211; Biv\u0161i narodni poslanik u dva saziva u Parlamentu Crne Gore ispred Bo\u0161nja\u010dke stranke gospodin Kemal Puri\u0161i\u0107, u\u010destvovao je na nau\u010dnom skupu: \u201cSelektivna primjena zakona \u2013 skriveni mehanizam spre\u010davanja razvoja nacionalnih posebnosti Bo\u0161njaka u Crnoj Gori\u201d, i tom prilikom odgovaraju\u0107i na postavljeno pitanje o Sporazumu koji tretira Sand\u017eak kao prekograni\u010dnu regiju, a koji [&hellip;]<\/p>\n","protected":false},"author":83,"featured_media":65801,"comment_status":"open","ping_status":"open","sticky":false,"template":"","format":"standard","meta":{"footnotes":""},"categories":[398,1,397,396,395,399,8957],"tags":[],"class_list":{"0":"post-65800","1":"post","2":"type-post","3":"status-publish","4":"format-standard","5":"has-post-thumbnail","7":"category-rozaje","8":"category-politika","9":"category-berane","10":"category-bijelo_polje","11":"category-pljevlja_","12":"category-plav_","13":"category-vijesti-dana"},"yoast_head":"<!-- This site is optimized with the Yoast SEO Premium plugin v23.1 (Yoast SEO v24.9) - https:\/\/yoast.com\/wordpress\/plugins\/seo\/ -->\n<title>Sudionici sporazuma BS-DPS Kemal Puri\u0161i\u0107 i Hazbija Kala\u010d: \u201eSporazum jeste bio uslov podr\u0161ke na Referendumu\u201c<\/title>\n<meta name=\"robots\" content=\"index, follow, max-snippet:-1, max-image-preview:large, max-video-preview:-1\" \/>\n<link rel=\"canonical\" href=\"https:\/\/sandzakpress.net\/arhiva\/sudionici-sporazuma-bs-dps-kemal-purisic-i-hazbija-kalac-\u201esporazum-jeste-bio-uslov-podrske-na-referendumu\u201c\/\" \/>\n<meta property=\"og:locale\" content=\"bs_BA\" \/>\n<meta property=\"og:type\" content=\"article\" \/>\n<meta property=\"og:title\" content=\"Sudionici sporazuma BS-DPS Kemal Puri\u0161i\u0107 i Hazbija Kala\u010d: \u201eSporazum jeste bio uslov podr\u0161ke na Referendumu\u201c\" \/>\n<meta property=\"og:description\" content=\"Ju\u017eni Sand\u017eak &#8211; Biv\u0161i narodni poslanik u dva saziva u Parlamentu Crne Gore ispred Bo\u0161nja\u010dke stranke gospodin Kemal Puri\u0161i\u0107, u\u010destvovao je na nau\u010dnom skupu: \u201cSelektivna primjena zakona \u2013 skriveni mehanizam spre\u010davanja razvoja nacionalnih posebnosti Bo\u0161njaka u Crnoj Gori\u201d, i tom prilikom odgovaraju\u0107i na postavljeno pitanje o Sporazumu koji tretira Sand\u017eak kao prekograni\u010dnu regiju, a koji [&hellip;]\" \/>\n<meta property=\"og:url\" content=\"https:\/\/sandzakpress.net\/arhiva\/sudionici-sporazuma-bs-dps-kemal-purisic-i-hazbija-kalac-\u201esporazum-jeste-bio-uslov-podrske-na-referendumu\u201c\/\" \/>\n<meta property=\"og:site_name\" content=\"Sand\u017eak PRESS\" \/>\n<meta property=\"article:published_time\" content=\"2013-02-10T17:50:58+00:00\" \/>\n<meta property=\"article:modified_time\" content=\"2013-02-11T13:46:01+00:00\" \/>\n<meta property=\"og:image\" content=\"https:\/\/sandzakpress.net\/arhiva\/wp-content\/uploads\/2013\/02\/purisic-kalac.jpg\" \/>\n\t<meta property=\"og:image:width\" content=\"616\" \/>\n\t<meta property=\"og:image:height\" content=\"313\" \/>\n\t<meta property=\"og:image:type\" content=\"image\/jpeg\" \/>\n<meta name=\"author\" content=\"bosniak\" \/>\n<meta name=\"twitter:card\" content=\"summary_large_image\" \/>\n<meta name=\"twitter:label1\" content=\"Written by\" \/>\n\t<meta name=\"twitter:data1\" content=\"bosniak\" \/>\n\t<meta name=\"twitter:label2\" content=\"Est. reading time\" \/>\n\t<meta name=\"twitter:data2\" content=\"6 minuta\" \/>\n<script type=\"application\/ld+json\" class=\"yoast-schema-graph\">{\"@context\":\"https:\/\/schema.org\",\"@graph\":[{\"@type\":\"Article\",\"@id\":\"https:\/\/sandzakpress.net\/arhiva\/sudionici-sporazuma-bs-dps-kemal-purisic-i-hazbija-kalac-%e2%80%9esporazum-jeste-bio-uslov-podrske-na-referendumu%e2%80%9c\/#article\",\"isPartOf\":{\"@id\":\"https:\/\/sandzakpress.net\/arhiva\/sudionici-sporazuma-bs-dps-kemal-purisic-i-hazbija-kalac-%e2%80%9esporazum-jeste-bio-uslov-podrske-na-referendumu%e2%80%9c\/\"},\"author\":{\"name\":\"bosniak\",\"@id\":\"https:\/\/sandzakpress.net\/arhiva\/#\/schema\/person\/c8baee722073534b583ea7bdb2e36c02\"},\"headline\":\"Sudionici sporazuma BS-DPS Kemal Puri\u0161i\u0107 i Hazbija Kala\u010d: \u201eSporazum jeste bio uslov podr\u0161ke na Referendumu\u201c\",\"datePublished\":\"2013-02-10T17:50:58+00:00\",\"dateModified\":\"2013-02-11T13:46:01+00:00\",\"mainEntityOfPage\":{\"@id\":\"https:\/\/sandzakpress.net\/arhiva\/sudionici-sporazuma-bs-dps-kemal-purisic-i-hazbija-kalac-%e2%80%9esporazum-jeste-bio-uslov-podrske-na-referendumu%e2%80%9c\/\"},\"wordCount\":1203,\"commentCount\":2,\"publisher\":{\"@id\":\"https:\/\/sandzakpress.net\/arhiva\/#\/schema\/person\/6e72b67d6e51910a1117b3b483ba20bd\"},\"image\":{\"@id\":\"https:\/\/sandzakpress.net\/arhiva\/sudionici-sporazuma-bs-dps-kemal-purisic-i-hazbija-kalac-%e2%80%9esporazum-jeste-bio-uslov-podrske-na-referendumu%e2%80%9c\/#primaryimage\"},\"thumbnailUrl\":\"https:\/\/sandzakpress.net\/arhiva\/wp-content\/uploads\/2013\/02\/purisic-kalac.jpg\",\"articleSection\":[\"Ro\u017eaje\",\"Politika\",\"Berane\",\"Bijelo Polje\",\"Pljevlja\",\"Plav\",\"VIJESTI DANA\"],\"inLanguage\":\"bs-BA\",\"potentialAction\":[{\"@type\":\"CommentAction\",\"name\":\"Comment\",\"target\":[\"https:\/\/sandzakpress.net\/arhiva\/sudionici-sporazuma-bs-dps-kemal-purisic-i-hazbija-kalac-%e2%80%9esporazum-jeste-bio-uslov-podrske-na-referendumu%e2%80%9c\/#respond\"]}]},{\"@type\":\"WebPage\",\"@id\":\"https:\/\/sandzakpress.net\/arhiva\/sudionici-sporazuma-bs-dps-kemal-purisic-i-hazbija-kalac-%e2%80%9esporazum-jeste-bio-uslov-podrske-na-referendumu%e2%80%9c\/\",\"url\":\"https:\/\/sandzakpress.net\/arhiva\/sudionici-sporazuma-bs-dps-kemal-purisic-i-hazbija-kalac-%e2%80%9esporazum-jeste-bio-uslov-podrske-na-referendumu%e2%80%9c\/\",\"name\":\"Sudionici sporazuma BS-DPS Kemal Puri\u0161i\u0107 i Hazbija Kala\u010d: \u201eSporazum jeste bio uslov podr\u0161ke na Referendumu\u201c\",\"isPartOf\":{\"@id\":\"https:\/\/sandzakpress.net\/arhiva\/#website\"},\"primaryImageOfPage\":{\"@id\":\"https:\/\/sandzakpress.net\/arhiva\/sudionici-sporazuma-bs-dps-kemal-purisic-i-hazbija-kalac-%e2%80%9esporazum-jeste-bio-uslov-podrske-na-referendumu%e2%80%9c\/#primaryimage\"},\"image\":{\"@id\":\"https:\/\/sandzakpress.net\/arhiva\/sudionici-sporazuma-bs-dps-kemal-purisic-i-hazbija-kalac-%e2%80%9esporazum-jeste-bio-uslov-podrske-na-referendumu%e2%80%9c\/#primaryimage\"},\"thumbnailUrl\":\"https:\/\/sandzakpress.net\/arhiva\/wp-content\/uploads\/2013\/02\/purisic-kalac.jpg\",\"datePublished\":\"2013-02-10T17:50:58+00:00\",\"dateModified\":\"2013-02-11T13:46:01+00:00\",\"breadcrumb\":{\"@id\":\"https:\/\/sandzakpress.net\/arhiva\/sudionici-sporazuma-bs-dps-kemal-purisic-i-hazbija-kalac-%e2%80%9esporazum-jeste-bio-uslov-podrske-na-referendumu%e2%80%9c\/#breadcrumb\"},\"inLanguage\":\"bs-BA\",\"potentialAction\":[{\"@type\":\"ReadAction\",\"target\":[\"https:\/\/sandzakpress.net\/arhiva\/sudionici-sporazuma-bs-dps-kemal-purisic-i-hazbija-kalac-%e2%80%9esporazum-jeste-bio-uslov-podrske-na-referendumu%e2%80%9c\/\"]}]},{\"@type\":\"ImageObject\",\"inLanguage\":\"bs-BA\",\"@id\":\"https:\/\/sandzakpress.net\/arhiva\/sudionici-sporazuma-bs-dps-kemal-purisic-i-hazbija-kalac-%e2%80%9esporazum-jeste-bio-uslov-podrske-na-referendumu%e2%80%9c\/#primaryimage\",\"url\":\"https:\/\/sandzakpress.net\/arhiva\/wp-content\/uploads\/2013\/02\/purisic-kalac.jpg\",\"contentUrl\":\"https:\/\/sandzakpress.net\/arhiva\/wp-content\/uploads\/2013\/02\/purisic-kalac.jpg\",\"width\":616,\"height\":313},{\"@type\":\"BreadcrumbList\",\"@id\":\"https:\/\/sandzakpress.net\/arhiva\/sudionici-sporazuma-bs-dps-kemal-purisic-i-hazbija-kalac-%e2%80%9esporazum-jeste-bio-uslov-podrske-na-referendumu%e2%80%9c\/#breadcrumb\",\"itemListElement\":[{\"@type\":\"ListItem\",\"position\":1,\"name\":\"Home\",\"item\":\"https:\/\/sandzakpress.net\/arhiva\/\"},{\"@type\":\"ListItem\",\"position\":2,\"name\":\"Sudionici sporazuma BS-DPS Kemal Puri\u0161i\u0107 i Hazbija Kala\u010d: \u201eSporazum jeste bio uslov podr\u0161ke na Referendumu\u201c\"}]},{\"@type\":\"WebSite\",\"@id\":\"https:\/\/sandzakpress.net\/arhiva\/#website\",\"url\":\"https:\/\/sandzakpress.net\/arhiva\/\",\"name\":\"Sand\u017eak PRESS\",\"description\":\"Prve elektronske novine u Sand\u017eaku\",\"publisher\":{\"@id\":\"https:\/\/sandzakpress.net\/arhiva\/#\/schema\/person\/6e72b67d6e51910a1117b3b483ba20bd\"},\"potentialAction\":[{\"@type\":\"SearchAction\",\"target\":{\"@type\":\"EntryPoint\",\"urlTemplate\":\"https:\/\/sandzakpress.net\/arhiva\/?s={search_term_string}\"},\"query-input\":{\"@type\":\"PropertyValueSpecification\",\"valueRequired\":true,\"valueName\":\"search_term_string\"}}],\"inLanguage\":\"bs-BA\"},{\"@type\":[\"Person\",\"Organization\"],\"@id\":\"https:\/\/sandzakpress.net\/arhiva\/#\/schema\/person\/6e72b67d6e51910a1117b3b483ba20bd\",\"name\":\"Kul\",\"image\":{\"@type\":\"ImageObject\",\"inLanguage\":\"bs-BA\",\"@id\":\"https:\/\/sandzakpress.net\/arhiva\/#\/schema\/person\/image\/\",\"url\":\"https:\/\/secure.gravatar.com\/avatar\/42263f39aa27ac04c43cab85c280eb2e?s=96&d=mm&r=pg\",\"contentUrl\":\"https:\/\/secure.gravatar.com\/avatar\/42263f39aa27ac04c43cab85c280eb2e?s=96&d=mm&r=pg\",\"caption\":\"Kul\"},\"logo\":{\"@id\":\"https:\/\/sandzakpress.net\/arhiva\/#\/schema\/person\/image\/\"}},{\"@type\":\"Person\",\"@id\":\"https:\/\/sandzakpress.net\/arhiva\/#\/schema\/person\/c8baee722073534b583ea7bdb2e36c02\",\"name\":\"bosniak\",\"image\":{\"@type\":\"ImageObject\",\"inLanguage\":\"bs-BA\",\"@id\":\"https:\/\/sandzakpress.net\/arhiva\/#\/schema\/person\/image\/\",\"url\":\"https:\/\/secure.gravatar.com\/avatar\/a04fd330bfe3a36a72a0ad4a6d89fca7?s=96&d=mm&r=pg\",\"contentUrl\":\"https:\/\/secure.gravatar.com\/avatar\/a04fd330bfe3a36a72a0ad4a6d89fca7?s=96&d=mm&r=pg\",\"caption\":\"bosniak\"},\"url\":\"https:\/\/sandzakpress.net\/arhiva\/author\/bosniak\/\"}]}<\/script>\n<!-- \/ Yoast SEO Premium plugin. -->","yoast_head_json":{"title":"Sudionici sporazuma BS-DPS Kemal Puri\u0161i\u0107 i Hazbija Kala\u010d: \u201eSporazum jeste bio uslov podr\u0161ke na Referendumu\u201c","robots":{"index":"index","follow":"follow","max-snippet":"max-snippet:-1","max-image-preview":"max-image-preview:large","max-video-preview":"max-video-preview:-1"},"canonical":"https:\/\/sandzakpress.net\/arhiva\/sudionici-sporazuma-bs-dps-kemal-purisic-i-hazbija-kalac-\u201esporazum-jeste-bio-uslov-podrske-na-referendumu\u201c\/","og_locale":"bs_BA","og_type":"article","og_title":"Sudionici sporazuma BS-DPS Kemal Puri\u0161i\u0107 i Hazbija Kala\u010d: \u201eSporazum jeste bio uslov podr\u0161ke na Referendumu\u201c","og_description":"Ju\u017eni Sand\u017eak &#8211; Biv\u0161i narodni poslanik u dva saziva u Parlamentu Crne Gore ispred Bo\u0161nja\u010dke stranke gospodin Kemal Puri\u0161i\u0107, u\u010destvovao je na nau\u010dnom skupu: \u201cSelektivna primjena zakona \u2013 skriveni mehanizam spre\u010davanja razvoja nacionalnih posebnosti Bo\u0161njaka u Crnoj Gori\u201d, i tom prilikom odgovaraju\u0107i na postavljeno pitanje o Sporazumu koji tretira Sand\u017eak kao prekograni\u010dnu regiju, a koji [&hellip;]","og_url":"https:\/\/sandzakpress.net\/arhiva\/sudionici-sporazuma-bs-dps-kemal-purisic-i-hazbija-kalac-\u201esporazum-jeste-bio-uslov-podrske-na-referendumu\u201c\/","og_site_name":"Sand\u017eak PRESS","article_published_time":"2013-02-10T17:50:58+00:00","article_modified_time":"2013-02-11T13:46:01+00:00","og_image":[{"width":616,"height":313,"url":"https:\/\/sandzakpress.net\/arhiva\/wp-content\/uploads\/2013\/02\/purisic-kalac.jpg","type":"image\/jpeg"}],"author":"bosniak","twitter_card":"summary_large_image","twitter_misc":{"Written by":"bosniak","Est. reading time":"6 minuta"},"schema":{"@context":"https:\/\/schema.org","@graph":[{"@type":"Article","@id":"https:\/\/sandzakpress.net\/arhiva\/sudionici-sporazuma-bs-dps-kemal-purisic-i-hazbija-kalac-%e2%80%9esporazum-jeste-bio-uslov-podrske-na-referendumu%e2%80%9c\/#article","isPartOf":{"@id":"https:\/\/sandzakpress.net\/arhiva\/sudionici-sporazuma-bs-dps-kemal-purisic-i-hazbija-kalac-%e2%80%9esporazum-jeste-bio-uslov-podrske-na-referendumu%e2%80%9c\/"},"author":{"name":"bosniak","@id":"https:\/\/sandzakpress.net\/arhiva\/#\/schema\/person\/c8baee722073534b583ea7bdb2e36c02"},"headline":"Sudionici sporazuma BS-DPS Kemal Puri\u0161i\u0107 i Hazbija Kala\u010d: \u201eSporazum jeste bio uslov podr\u0161ke na Referendumu\u201c","datePublished":"2013-02-10T17:50:58+00:00","dateModified":"2013-02-11T13:46:01+00:00","mainEntityOfPage":{"@id":"https:\/\/sandzakpress.net\/arhiva\/sudionici-sporazuma-bs-dps-kemal-purisic-i-hazbija-kalac-%e2%80%9esporazum-jeste-bio-uslov-podrske-na-referendumu%e2%80%9c\/"},"wordCount":1203,"commentCount":2,"publisher":{"@id":"https:\/\/sandzakpress.net\/arhiva\/#\/schema\/person\/6e72b67d6e51910a1117b3b483ba20bd"},"image":{"@id":"https:\/\/sandzakpress.net\/arhiva\/sudionici-sporazuma-bs-dps-kemal-purisic-i-hazbija-kalac-%e2%80%9esporazum-jeste-bio-uslov-podrske-na-referendumu%e2%80%9c\/#primaryimage"},"thumbnailUrl":"https:\/\/sandzakpress.net\/arhiva\/wp-content\/uploads\/2013\/02\/purisic-kalac.jpg","articleSection":["Ro\u017eaje","Politika","Berane","Bijelo Polje","Pljevlja","Plav","VIJESTI DANA"],"inLanguage":"bs-BA","potentialAction":[{"@type":"CommentAction","name":"Comment","target":["https:\/\/sandzakpress.net\/arhiva\/sudionici-sporazuma-bs-dps-kemal-purisic-i-hazbija-kalac-%e2%80%9esporazum-jeste-bio-uslov-podrske-na-referendumu%e2%80%9c\/#respond"]}]},{"@type":"WebPage","@id":"https:\/\/sandzakpress.net\/arhiva\/sudionici-sporazuma-bs-dps-kemal-purisic-i-hazbija-kalac-%e2%80%9esporazum-jeste-bio-uslov-podrske-na-referendumu%e2%80%9c\/","url":"https:\/\/sandzakpress.net\/arhiva\/sudionici-sporazuma-bs-dps-kemal-purisic-i-hazbija-kalac-%e2%80%9esporazum-jeste-bio-uslov-podrske-na-referendumu%e2%80%9c\/","name":"Sudionici sporazuma BS-DPS Kemal Puri\u0161i\u0107 i Hazbija Kala\u010d: \u201eSporazum jeste bio uslov podr\u0161ke na Referendumu\u201c","isPartOf":{"@id":"https:\/\/sandzakpress.net\/arhiva\/#website"},"primaryImageOfPage":{"@id":"https:\/\/sandzakpress.net\/arhiva\/sudionici-sporazuma-bs-dps-kemal-purisic-i-hazbija-kalac-%e2%80%9esporazum-jeste-bio-uslov-podrske-na-referendumu%e2%80%9c\/#primaryimage"},"image":{"@id":"https:\/\/sandzakpress.net\/arhiva\/sudionici-sporazuma-bs-dps-kemal-purisic-i-hazbija-kalac-%e2%80%9esporazum-jeste-bio-uslov-podrske-na-referendumu%e2%80%9c\/#primaryimage"},"thumbnailUrl":"https:\/\/sandzakpress.net\/arhiva\/wp-content\/uploads\/2013\/02\/purisic-kalac.jpg","datePublished":"2013-02-10T17:50:58+00:00","dateModified":"2013-02-11T13:46:01+00:00","breadcrumb":{"@id":"https:\/\/sandzakpress.net\/arhiva\/sudionici-sporazuma-bs-dps-kemal-purisic-i-hazbija-kalac-%e2%80%9esporazum-jeste-bio-uslov-podrske-na-referendumu%e2%80%9c\/#breadcrumb"},"inLanguage":"bs-BA","potentialAction":[{"@type":"ReadAction","target":["https:\/\/sandzakpress.net\/arhiva\/sudionici-sporazuma-bs-dps-kemal-purisic-i-hazbija-kalac-%e2%80%9esporazum-jeste-bio-uslov-podrske-na-referendumu%e2%80%9c\/"]}]},{"@type":"ImageObject","inLanguage":"bs-BA","@id":"https:\/\/sandzakpress.net\/arhiva\/sudionici-sporazuma-bs-dps-kemal-purisic-i-hazbija-kalac-%e2%80%9esporazum-jeste-bio-uslov-podrske-na-referendumu%e2%80%9c\/#primaryimage","url":"https:\/\/sandzakpress.net\/arhiva\/wp-content\/uploads\/2013\/02\/purisic-kalac.jpg","contentUrl":"https:\/\/sandzakpress.net\/arhiva\/wp-content\/uploads\/2013\/02\/purisic-kalac.jpg","width":616,"height":313},{"@type":"BreadcrumbList","@id":"https:\/\/sandzakpress.net\/arhiva\/sudionici-sporazuma-bs-dps-kemal-purisic-i-hazbija-kalac-%e2%80%9esporazum-jeste-bio-uslov-podrske-na-referendumu%e2%80%9c\/#breadcrumb","itemListElement":[{"@type":"ListItem","position":1,"name":"Home","item":"https:\/\/sandzakpress.net\/arhiva\/"},{"@type":"ListItem","position":2,"name":"Sudionici sporazuma BS-DPS Kemal Puri\u0161i\u0107 i Hazbija Kala\u010d: \u201eSporazum jeste bio uslov podr\u0161ke na Referendumu\u201c"}]},{"@type":"WebSite","@id":"https:\/\/sandzakpress.net\/arhiva\/#website","url":"https:\/\/sandzakpress.net\/arhiva\/","name":"Sand\u017eak PRESS","description":"Prve elektronske novine u Sand\u017eaku","publisher":{"@id":"https:\/\/sandzakpress.net\/arhiva\/#\/schema\/person\/6e72b67d6e51910a1117b3b483ba20bd"},"potentialAction":[{"@type":"SearchAction","target":{"@type":"EntryPoint","urlTemplate":"https:\/\/sandzakpress.net\/arhiva\/?s={search_term_string}"},"query-input":{"@type":"PropertyValueSpecification","valueRequired":true,"valueName":"search_term_string"}}],"inLanguage":"bs-BA"},{"@type":["Person","Organization"],"@id":"https:\/\/sandzakpress.net\/arhiva\/#\/schema\/person\/6e72b67d6e51910a1117b3b483ba20bd","name":"Kul","image":{"@type":"ImageObject","inLanguage":"bs-BA","@id":"https:\/\/sandzakpress.net\/arhiva\/#\/schema\/person\/image\/","url":"https:\/\/secure.gravatar.com\/avatar\/42263f39aa27ac04c43cab85c280eb2e?s=96&d=mm&r=pg","contentUrl":"https:\/\/secure.gravatar.com\/avatar\/42263f39aa27ac04c43cab85c280eb2e?s=96&d=mm&r=pg","caption":"Kul"},"logo":{"@id":"https:\/\/sandzakpress.net\/arhiva\/#\/schema\/person\/image\/"}},{"@type":"Person","@id":"https:\/\/sandzakpress.net\/arhiva\/#\/schema\/person\/c8baee722073534b583ea7bdb2e36c02","name":"bosniak","image":{"@type":"ImageObject","inLanguage":"bs-BA","@id":"https:\/\/sandzakpress.net\/arhiva\/#\/schema\/person\/image\/","url":"https:\/\/secure.gravatar.com\/avatar\/a04fd330bfe3a36a72a0ad4a6d89fca7?s=96&d=mm&r=pg","contentUrl":"https:\/\/secure.gravatar.com\/avatar\/a04fd330bfe3a36a72a0ad4a6d89fca7?s=96&d=mm&r=pg","caption":"bosniak"},"url":"https:\/\/sandzakpress.net\/arhiva\/author\/bosniak\/"}]}},"_links":{"self":[{"href":"https:\/\/sandzakpress.net\/arhiva\/wp-json\/wp\/v2\/posts\/65800"}],"collection":[{"href":"https:\/\/sandzakpress.net\/arhiva\/wp-json\/wp\/v2\/posts"}],"about":[{"href":"https:\/\/sandzakpress.net\/arhiva\/wp-json\/wp\/v2\/types\/post"}],"author":[{"embeddable":true,"href":"https:\/\/sandzakpress.net\/arhiva\/wp-json\/wp\/v2\/users\/83"}],"replies":[{"embeddable":true,"href":"https:\/\/sandzakpress.net\/arhiva\/wp-json\/wp\/v2\/comments?post=65800"}],"version-history":[{"count":0,"href":"https:\/\/sandzakpress.net\/arhiva\/wp-json\/wp\/v2\/posts\/65800\/revisions"}],"wp:featuredmedia":[{"embeddable":true,"href":"https:\/\/sandzakpress.net\/arhiva\/wp-json\/wp\/v2\/media\/65801"}],"wp:attachment":[{"href":"https:\/\/sandzakpress.net\/arhiva\/wp-json\/wp\/v2\/media?parent=65800"}],"wp:term":[{"taxonomy":"category","embeddable":true,"href":"https:\/\/sandzakpress.net\/arhiva\/wp-json\/wp\/v2\/categories?post=65800"},{"taxonomy":"post_tag","embeddable":true,"href":"https:\/\/sandzakpress.net\/arhiva\/wp-json\/wp\/v2\/tags?post=65800"}],"curies":[{"name":"wp","href":"https:\/\/api.w.org\/{rel}","templated":true}]}}