{"id":65621,"date":"2013-02-08T15:35:22","date_gmt":"2013-02-08T14:35:22","guid":{"rendered":"https:\/\/sandzakpress.net\/arhiva\/?p=65621"},"modified":"2013-02-08T15:35:22","modified_gmt":"2013-02-08T14:35:22","slug":"mevlud-u-wiesbadenu-%e2%80%93-hfz-husejn-ef-cajlakovic","status":"publish","type":"post","link":"https:\/\/sandzakpress.net\/arhiva\/mevlud-u-wiesbadenu-%e2%80%93-hfz-husejn-ef-cajlakovic\/","title":{"rendered":"Mevlud u Wiesbadenu \u2013 Hfz. Husejn ef. \u010cajlakovi\u0107"},"content":{"rendered":"<p><strong><a href=\"https:\/\/sandzakpress.net\/arhiva\/wp-content\/uploads\/2013\/02\/Foto1-1024x768.jpg\"><img loading=\"lazy\" decoding=\"async\" class=\"alignleft size-medium wp-image-65623\" title=\"Foto1-1024x768\" src=\"https:\/\/sandzakpress.net\/arhiva\/wp-content\/uploads\/2013\/02\/Foto1-1024x768-300x225.jpg\" alt=\"\" width=\"300\" height=\"225\" \/><\/a>Njema\u010dka &#8211; U subotu 2. Februara 2013 prostorije d\u017eamije u Wiesbadenu su bile ispunjene do posljednjeg mjesta. Procjene su da je bilo prisutno najmanje 350 d\u017eematlija. <\/strong><\/p>\n<p>Bio je to godi\u0161nji Mevlud u povodu ro\u0111enja Resulullaha Muhammeda a.s. D\u017eematlije Wiesbadena kao i druge d\u017eematalije iz Mainza, Frankfurta, Offenbacha, Darmstadta, Hanaua te Bonna i K\u00f6lna imali su nesvakida\u0161nju priliku u\u017eivati u programu posve\u0107enom na\u0161em Resulullahu. Fahrudin ef. D\u017eini\u0107, imam doma\u0107in te imami Izet ef. Ba\u0161i\u0107 i Ahmed ef. Kajo\u0161evi\u0107, te omladinski hor D\u017eemata Wiesbaden Hor A\u0161ik kao i posebni gost Hfz. Hesejn ef. \u010cajlakovi\u0107 izmamili su suze iz o\u010diju prisutnih i osvje\u017eili sje\u0107anja na Resulullaha koji je milost i hedija \u010dovje\u010danstvu i mjerilo iskrene ljubavi.<\/p>\n<p>Ljepota i osje\u0107aji izre\u010deni od strane nekih d\u017eematlija poslije ovog dru\u017eenja iznova nam potvr\u0111uju na\u0161u ljubav prema Resulullahu. Dokaz da nas dragi Allah voli i da mi volimo na\u0161eg Resula jeste blagodat poklonjena od Allaha da njega spominjemo i salavat donosima.<\/p>\n<p>Obra\u0107anje Hfz. \u010cajlakovi\u0107a bilo je pravo osvje\u017eenje za prisutne d\u017eematlije sa porukama da je ljubav na\u0161a najzdravija hrana, me\u0111usobno razumjevanje i suradnja potvrda slije\u0111enja Sunneta Resulullaha, te razumjevanje na\u0161e uloge u \u017eivotu na ovome svijetu olak\u0161anje na putu do vje\u010dnog zadovoljstva.<\/p>\n<p>Vrijedne d\u017eematlije iz Wiesbadena su se pobrinuli za mevludsku ve\u010deru i \u0161erbe te dru\u017eenje koje je nastavljeno nakon programa.<br \/>\nUz \u017eelju da se ovakva dru\u017eenja de\u0161avaju \u0161to \u010de\u0161\u0107e, upu\u0107ujemo iskrenu molbu svim d\u017eematima i njihovim predstavnicima, imamima i d\u017eematskim odborima da u budu\u0107nosti vi\u0161e me\u0111usobno koordiniramo i zajedno planiramo na\u0161a zajedni\u010dka dru\u017eenja.<\/p>\n<p>(IGBD)<\/p>\n","protected":false},"excerpt":{"rendered":"<p>Njema\u010dka &#8211; U subotu 2. Februara 2013 prostorije d\u017eamije u Wiesbadenu su bile ispunjene do posljednjeg mjesta. Procjene su da je bilo prisutno najmanje 350 d\u017eematlija. Bio je to godi\u0161nji Mevlud u povodu ro\u0111enja Resulullaha Muhammeda a.s. D\u017eematlije Wiesbadena kao i druge d\u017eematalije iz Mainza, Frankfurta, Offenbacha, Darmstadta, Hanaua te Bonna i K\u00f6lna imali su [&hellip;]<\/p>\n","protected":false},"author":16,"featured_media":65623,"comment_status":"open","ping_status":"open","sticky":false,"template":"","format":"standard","meta":{"footnotes":""},"categories":[9538,802],"tags":[],"class_list":{"0":"post-65621","1":"post","2":"type-post","3":"status-publish","4":"format-standard","5":"has-post-thumbnail","7":"category-njemacka-dijaspora-gradovi-vase-vijesti","8":"category-islamska_zajednica"},"yoast_head":"<!-- This site is optimized with the Yoast SEO Premium plugin v23.1 (Yoast SEO v24.9) - https:\/\/yoast.com\/wordpress\/plugins\/seo\/ -->\n<title>Mevlud u Wiesbadenu \u2013 Hfz. Husejn ef. \u010cajlakovi\u0107<\/title>\n<meta name=\"robots\" content=\"index, follow, max-snippet:-1, max-image-preview:large, max-video-preview:-1\" \/>\n<link rel=\"canonical\" href=\"https:\/\/sandzakpress.net\/arhiva\/mevlud-u-wiesbadenu-\u2013-hfz-husejn-ef-cajlakovic\/\" \/>\n<meta property=\"og:locale\" content=\"bs_BA\" \/>\n<meta property=\"og:type\" content=\"article\" \/>\n<meta property=\"og:title\" content=\"Mevlud u Wiesbadenu \u2013 Hfz. Husejn ef. \u010cajlakovi\u0107\" \/>\n<meta property=\"og:description\" content=\"Njema\u010dka &#8211; U subotu 2. Februara 2013 prostorije d\u017eamije u Wiesbadenu su bile ispunjene do posljednjeg mjesta. Procjene su da je bilo prisutno najmanje 350 d\u017eematlija. Bio je to godi\u0161nji Mevlud u povodu ro\u0111enja Resulullaha Muhammeda a.s. D\u017eematlije Wiesbadena kao i druge d\u017eematalije iz Mainza, Frankfurta, Offenbacha, Darmstadta, Hanaua te Bonna i K\u00f6lna imali su [&hellip;]\" \/>\n<meta property=\"og:url\" content=\"https:\/\/sandzakpress.net\/arhiva\/mevlud-u-wiesbadenu-\u2013-hfz-husejn-ef-cajlakovic\/\" \/>\n<meta property=\"og:site_name\" content=\"Sand\u017eak PRESS\" \/>\n<meta property=\"article:published_time\" content=\"2013-02-08T14:35:22+00:00\" \/>\n<meta property=\"og:image\" content=\"https:\/\/sandzakpress.net\/arhiva\/wp-content\/uploads\/2013\/02\/Foto1-1024x768.jpg\" \/>\n\t<meta property=\"og:image:width\" content=\"616\" \/>\n\t<meta property=\"og:image:height\" content=\"462\" \/>\n\t<meta property=\"og:image:type\" content=\"image\/jpeg\" \/>\n<meta name=\"twitter:card\" content=\"summary_large_image\" \/>\n<meta name=\"twitter:label1\" content=\"Written by\" \/>\n\t<meta name=\"twitter:data1\" content=\"\" \/>\n\t<meta name=\"twitter:label2\" content=\"Est. reading time\" \/>\n\t<meta name=\"twitter:data2\" content=\"2 minute\" \/>\n<script type=\"application\/ld+json\" class=\"yoast-schema-graph\">{\"@context\":\"https:\/\/schema.org\",\"@graph\":[{\"@type\":\"Article\",\"@id\":\"https:\/\/sandzakpress.net\/arhiva\/mevlud-u-wiesbadenu-%e2%80%93-hfz-husejn-ef-cajlakovic\/#article\",\"isPartOf\":{\"@id\":\"https:\/\/sandzakpress.net\/arhiva\/mevlud-u-wiesbadenu-%e2%80%93-hfz-husejn-ef-cajlakovic\/\"},\"author\":{\"name\":\"\",\"@id\":\"\"},\"headline\":\"Mevlud u Wiesbadenu \u2013 Hfz. Husejn ef. \u010cajlakovi\u0107\",\"datePublished\":\"2013-02-08T14:35:22+00:00\",\"mainEntityOfPage\":{\"@id\":\"https:\/\/sandzakpress.net\/arhiva\/mevlud-u-wiesbadenu-%e2%80%93-hfz-husejn-ef-cajlakovic\/\"},\"wordCount\":307,\"commentCount\":0,\"publisher\":{\"@id\":\"https:\/\/sandzakpress.net\/arhiva\/#\/schema\/person\/6e72b67d6e51910a1117b3b483ba20bd\"},\"image\":{\"@id\":\"https:\/\/sandzakpress.net\/arhiva\/mevlud-u-wiesbadenu-%e2%80%93-hfz-husejn-ef-cajlakovic\/#primaryimage\"},\"thumbnailUrl\":\"https:\/\/sandzakpress.net\/arhiva\/wp-content\/uploads\/2013\/02\/Foto1-1024x768.jpg\",\"articleSection\":[\"Njema\u010dka\",\"Islamska zajednica\"],\"inLanguage\":\"bs-BA\",\"potentialAction\":[{\"@type\":\"CommentAction\",\"name\":\"Comment\",\"target\":[\"https:\/\/sandzakpress.net\/arhiva\/mevlud-u-wiesbadenu-%e2%80%93-hfz-husejn-ef-cajlakovic\/#respond\"]}]},{\"@type\":\"WebPage\",\"@id\":\"https:\/\/sandzakpress.net\/arhiva\/mevlud-u-wiesbadenu-%e2%80%93-hfz-husejn-ef-cajlakovic\/\",\"url\":\"https:\/\/sandzakpress.net\/arhiva\/mevlud-u-wiesbadenu-%e2%80%93-hfz-husejn-ef-cajlakovic\/\",\"name\":\"Mevlud u Wiesbadenu \u2013 Hfz. Husejn ef. \u010cajlakovi\u0107\",\"isPartOf\":{\"@id\":\"https:\/\/sandzakpress.net\/arhiva\/#website\"},\"primaryImageOfPage\":{\"@id\":\"https:\/\/sandzakpress.net\/arhiva\/mevlud-u-wiesbadenu-%e2%80%93-hfz-husejn-ef-cajlakovic\/#primaryimage\"},\"image\":{\"@id\":\"https:\/\/sandzakpress.net\/arhiva\/mevlud-u-wiesbadenu-%e2%80%93-hfz-husejn-ef-cajlakovic\/#primaryimage\"},\"thumbnailUrl\":\"https:\/\/sandzakpress.net\/arhiva\/wp-content\/uploads\/2013\/02\/Foto1-1024x768.jpg\",\"datePublished\":\"2013-02-08T14:35:22+00:00\",\"breadcrumb\":{\"@id\":\"https:\/\/sandzakpress.net\/arhiva\/mevlud-u-wiesbadenu-%e2%80%93-hfz-husejn-ef-cajlakovic\/#breadcrumb\"},\"inLanguage\":\"bs-BA\",\"potentialAction\":[{\"@type\":\"ReadAction\",\"target\":[\"https:\/\/sandzakpress.net\/arhiva\/mevlud-u-wiesbadenu-%e2%80%93-hfz-husejn-ef-cajlakovic\/\"]}]},{\"@type\":\"ImageObject\",\"inLanguage\":\"bs-BA\",\"@id\":\"https:\/\/sandzakpress.net\/arhiva\/mevlud-u-wiesbadenu-%e2%80%93-hfz-husejn-ef-cajlakovic\/#primaryimage\",\"url\":\"https:\/\/sandzakpress.net\/arhiva\/wp-content\/uploads\/2013\/02\/Foto1-1024x768.jpg\",\"contentUrl\":\"https:\/\/sandzakpress.net\/arhiva\/wp-content\/uploads\/2013\/02\/Foto1-1024x768.jpg\",\"width\":616,\"height\":462},{\"@type\":\"BreadcrumbList\",\"@id\":\"https:\/\/sandzakpress.net\/arhiva\/mevlud-u-wiesbadenu-%e2%80%93-hfz-husejn-ef-cajlakovic\/#breadcrumb\",\"itemListElement\":[{\"@type\":\"ListItem\",\"position\":1,\"name\":\"Home\",\"item\":\"https:\/\/sandzakpress.net\/arhiva\/\"},{\"@type\":\"ListItem\",\"position\":2,\"name\":\"Mevlud u Wiesbadenu \u2013 Hfz. Husejn ef. \u010cajlakovi\u0107\"}]},{\"@type\":\"WebSite\",\"@id\":\"https:\/\/sandzakpress.net\/arhiva\/#website\",\"url\":\"https:\/\/sandzakpress.net\/arhiva\/\",\"name\":\"Sand\u017eak PRESS\",\"description\":\"Prve elektronske novine u Sand\u017eaku\",\"publisher\":{\"@id\":\"https:\/\/sandzakpress.net\/arhiva\/#\/schema\/person\/6e72b67d6e51910a1117b3b483ba20bd\"},\"potentialAction\":[{\"@type\":\"SearchAction\",\"target\":{\"@type\":\"EntryPoint\",\"urlTemplate\":\"https:\/\/sandzakpress.net\/arhiva\/?s={search_term_string}\"},\"query-input\":{\"@type\":\"PropertyValueSpecification\",\"valueRequired\":true,\"valueName\":\"search_term_string\"}}],\"inLanguage\":\"bs-BA\"},{\"@type\":[\"Person\",\"Organization\"],\"@id\":\"https:\/\/sandzakpress.net\/arhiva\/#\/schema\/person\/6e72b67d6e51910a1117b3b483ba20bd\",\"name\":\"Kul\",\"image\":{\"@type\":\"ImageObject\",\"inLanguage\":\"bs-BA\",\"@id\":\"https:\/\/sandzakpress.net\/arhiva\/#\/schema\/person\/image\/\",\"url\":\"https:\/\/secure.gravatar.com\/avatar\/42263f39aa27ac04c43cab85c280eb2e?s=96&d=mm&r=pg\",\"contentUrl\":\"https:\/\/secure.gravatar.com\/avatar\/42263f39aa27ac04c43cab85c280eb2e?s=96&d=mm&r=pg\",\"caption\":\"Kul\"},\"logo\":{\"@id\":\"https:\/\/sandzakpress.net\/arhiva\/#\/schema\/person\/image\/\"}},{\"@type\":\"Person\",\"@id\":\"\",\"url\":\"https:\/\/sandzakpress.net\/arhiva\/author\/\"}]}<\/script>\n<!-- \/ Yoast SEO Premium plugin. -->","yoast_head_json":{"title":"Mevlud u Wiesbadenu \u2013 Hfz. Husejn ef. \u010cajlakovi\u0107","robots":{"index":"index","follow":"follow","max-snippet":"max-snippet:-1","max-image-preview":"max-image-preview:large","max-video-preview":"max-video-preview:-1"},"canonical":"https:\/\/sandzakpress.net\/arhiva\/mevlud-u-wiesbadenu-\u2013-hfz-husejn-ef-cajlakovic\/","og_locale":"bs_BA","og_type":"article","og_title":"Mevlud u Wiesbadenu \u2013 Hfz. Husejn ef. \u010cajlakovi\u0107","og_description":"Njema\u010dka &#8211; U subotu 2. Februara 2013 prostorije d\u017eamije u Wiesbadenu su bile ispunjene do posljednjeg mjesta. Procjene su da je bilo prisutno najmanje 350 d\u017eematlija. Bio je to godi\u0161nji Mevlud u povodu ro\u0111enja Resulullaha Muhammeda a.s. D\u017eematlije Wiesbadena kao i druge d\u017eematalije iz Mainza, Frankfurta, Offenbacha, Darmstadta, Hanaua te Bonna i K\u00f6lna imali su [&hellip;]","og_url":"https:\/\/sandzakpress.net\/arhiva\/mevlud-u-wiesbadenu-\u2013-hfz-husejn-ef-cajlakovic\/","og_site_name":"Sand\u017eak PRESS","article_published_time":"2013-02-08T14:35:22+00:00","og_image":[{"width":616,"height":462,"url":"https:\/\/sandzakpress.net\/arhiva\/wp-content\/uploads\/2013\/02\/Foto1-1024x768.jpg","type":"image\/jpeg"}],"twitter_card":"summary_large_image","twitter_misc":{"Written by":"","Est. reading time":"2 minute"},"schema":{"@context":"https:\/\/schema.org","@graph":[{"@type":"Article","@id":"https:\/\/sandzakpress.net\/arhiva\/mevlud-u-wiesbadenu-%e2%80%93-hfz-husejn-ef-cajlakovic\/#article","isPartOf":{"@id":"https:\/\/sandzakpress.net\/arhiva\/mevlud-u-wiesbadenu-%e2%80%93-hfz-husejn-ef-cajlakovic\/"},"author":{"name":"","@id":""},"headline":"Mevlud u Wiesbadenu \u2013 Hfz. Husejn ef. \u010cajlakovi\u0107","datePublished":"2013-02-08T14:35:22+00:00","mainEntityOfPage":{"@id":"https:\/\/sandzakpress.net\/arhiva\/mevlud-u-wiesbadenu-%e2%80%93-hfz-husejn-ef-cajlakovic\/"},"wordCount":307,"commentCount":0,"publisher":{"@id":"https:\/\/sandzakpress.net\/arhiva\/#\/schema\/person\/6e72b67d6e51910a1117b3b483ba20bd"},"image":{"@id":"https:\/\/sandzakpress.net\/arhiva\/mevlud-u-wiesbadenu-%e2%80%93-hfz-husejn-ef-cajlakovic\/#primaryimage"},"thumbnailUrl":"https:\/\/sandzakpress.net\/arhiva\/wp-content\/uploads\/2013\/02\/Foto1-1024x768.jpg","articleSection":["Njema\u010dka","Islamska zajednica"],"inLanguage":"bs-BA","potentialAction":[{"@type":"CommentAction","name":"Comment","target":["https:\/\/sandzakpress.net\/arhiva\/mevlud-u-wiesbadenu-%e2%80%93-hfz-husejn-ef-cajlakovic\/#respond"]}]},{"@type":"WebPage","@id":"https:\/\/sandzakpress.net\/arhiva\/mevlud-u-wiesbadenu-%e2%80%93-hfz-husejn-ef-cajlakovic\/","url":"https:\/\/sandzakpress.net\/arhiva\/mevlud-u-wiesbadenu-%e2%80%93-hfz-husejn-ef-cajlakovic\/","name":"Mevlud u Wiesbadenu \u2013 Hfz. Husejn ef. \u010cajlakovi\u0107","isPartOf":{"@id":"https:\/\/sandzakpress.net\/arhiva\/#website"},"primaryImageOfPage":{"@id":"https:\/\/sandzakpress.net\/arhiva\/mevlud-u-wiesbadenu-%e2%80%93-hfz-husejn-ef-cajlakovic\/#primaryimage"},"image":{"@id":"https:\/\/sandzakpress.net\/arhiva\/mevlud-u-wiesbadenu-%e2%80%93-hfz-husejn-ef-cajlakovic\/#primaryimage"},"thumbnailUrl":"https:\/\/sandzakpress.net\/arhiva\/wp-content\/uploads\/2013\/02\/Foto1-1024x768.jpg","datePublished":"2013-02-08T14:35:22+00:00","breadcrumb":{"@id":"https:\/\/sandzakpress.net\/arhiva\/mevlud-u-wiesbadenu-%e2%80%93-hfz-husejn-ef-cajlakovic\/#breadcrumb"},"inLanguage":"bs-BA","potentialAction":[{"@type":"ReadAction","target":["https:\/\/sandzakpress.net\/arhiva\/mevlud-u-wiesbadenu-%e2%80%93-hfz-husejn-ef-cajlakovic\/"]}]},{"@type":"ImageObject","inLanguage":"bs-BA","@id":"https:\/\/sandzakpress.net\/arhiva\/mevlud-u-wiesbadenu-%e2%80%93-hfz-husejn-ef-cajlakovic\/#primaryimage","url":"https:\/\/sandzakpress.net\/arhiva\/wp-content\/uploads\/2013\/02\/Foto1-1024x768.jpg","contentUrl":"https:\/\/sandzakpress.net\/arhiva\/wp-content\/uploads\/2013\/02\/Foto1-1024x768.jpg","width":616,"height":462},{"@type":"BreadcrumbList","@id":"https:\/\/sandzakpress.net\/arhiva\/mevlud-u-wiesbadenu-%e2%80%93-hfz-husejn-ef-cajlakovic\/#breadcrumb","itemListElement":[{"@type":"ListItem","position":1,"name":"Home","item":"https:\/\/sandzakpress.net\/arhiva\/"},{"@type":"ListItem","position":2,"name":"Mevlud u Wiesbadenu \u2013 Hfz. Husejn ef. \u010cajlakovi\u0107"}]},{"@type":"WebSite","@id":"https:\/\/sandzakpress.net\/arhiva\/#website","url":"https:\/\/sandzakpress.net\/arhiva\/","name":"Sand\u017eak PRESS","description":"Prve elektronske novine u Sand\u017eaku","publisher":{"@id":"https:\/\/sandzakpress.net\/arhiva\/#\/schema\/person\/6e72b67d6e51910a1117b3b483ba20bd"},"potentialAction":[{"@type":"SearchAction","target":{"@type":"EntryPoint","urlTemplate":"https:\/\/sandzakpress.net\/arhiva\/?s={search_term_string}"},"query-input":{"@type":"PropertyValueSpecification","valueRequired":true,"valueName":"search_term_string"}}],"inLanguage":"bs-BA"},{"@type":["Person","Organization"],"@id":"https:\/\/sandzakpress.net\/arhiva\/#\/schema\/person\/6e72b67d6e51910a1117b3b483ba20bd","name":"Kul","image":{"@type":"ImageObject","inLanguage":"bs-BA","@id":"https:\/\/sandzakpress.net\/arhiva\/#\/schema\/person\/image\/","url":"https:\/\/secure.gravatar.com\/avatar\/42263f39aa27ac04c43cab85c280eb2e?s=96&d=mm&r=pg","contentUrl":"https:\/\/secure.gravatar.com\/avatar\/42263f39aa27ac04c43cab85c280eb2e?s=96&d=mm&r=pg","caption":"Kul"},"logo":{"@id":"https:\/\/sandzakpress.net\/arhiva\/#\/schema\/person\/image\/"}},{"@type":"Person","@id":"","url":"https:\/\/sandzakpress.net\/arhiva\/author\/"}]}},"_links":{"self":[{"href":"https:\/\/sandzakpress.net\/arhiva\/wp-json\/wp\/v2\/posts\/65621"}],"collection":[{"href":"https:\/\/sandzakpress.net\/arhiva\/wp-json\/wp\/v2\/posts"}],"about":[{"href":"https:\/\/sandzakpress.net\/arhiva\/wp-json\/wp\/v2\/types\/post"}],"author":[{"embeddable":true,"href":"https:\/\/sandzakpress.net\/arhiva\/wp-json\/wp\/v2\/users\/16"}],"replies":[{"embeddable":true,"href":"https:\/\/sandzakpress.net\/arhiva\/wp-json\/wp\/v2\/comments?post=65621"}],"version-history":[{"count":0,"href":"https:\/\/sandzakpress.net\/arhiva\/wp-json\/wp\/v2\/posts\/65621\/revisions"}],"wp:featuredmedia":[{"embeddable":true,"href":"https:\/\/sandzakpress.net\/arhiva\/wp-json\/wp\/v2\/media\/65623"}],"wp:attachment":[{"href":"https:\/\/sandzakpress.net\/arhiva\/wp-json\/wp\/v2\/media?parent=65621"}],"wp:term":[{"taxonomy":"category","embeddable":true,"href":"https:\/\/sandzakpress.net\/arhiva\/wp-json\/wp\/v2\/categories?post=65621"},{"taxonomy":"post_tag","embeddable":true,"href":"https:\/\/sandzakpress.net\/arhiva\/wp-json\/wp\/v2\/tags?post=65621"}],"curies":[{"name":"wp","href":"https:\/\/api.w.org\/{rel}","templated":true}]}}