{"id":65470,"date":"2013-02-07T14:18:46","date_gmt":"2013-02-07T13:18:46","guid":{"rendered":"https:\/\/sandzakpress.net\/arhiva\/?p=65470"},"modified":"2013-02-07T14:18:46","modified_gmt":"2013-02-07T13:18:46","slug":"bkz-luksemburga-uputila-cestitke-povodom-osnivanja-literarnog-kluba","status":"publish","type":"post","link":"https:\/\/sandzakpress.net\/arhiva\/bkz-luksemburga-uputila-cestitke-povodom-osnivanja-literarnog-kluba\/","title":{"rendered":"BKZ Luksemburga uputila \u010destitke povodom osnivanja Literarnog kluba"},"content":{"rendered":"<p><strong><a href=\"https:\/\/sandzakpress.net\/arhiva\/wp-content\/uploads\/2013\/02\/images7.jpg\"><img loading=\"lazy\" decoding=\"async\" class=\"alignleft size-full wp-image-65471\" title=\"images\" src=\"https:\/\/sandzakpress.net\/arhiva\/wp-content\/uploads\/2013\/02\/images7.jpg\" alt=\"\" width=\"259\" height=\"194\" \/><\/a>Luksemburg &#8211; Po\u0161tovana bra\u0107o pisci i pjesnici. <\/strong><\/p>\n<p>Vijest o osnivanju Literarnog kluba \u201eHusein Ba\u0161i\u0107\u201c smo primili sa velikim odu\u0161evljenjem.<\/p>\n<p>Neizmjerno nam je drago da je bo\u0161nja\u010dka zajednica u Luksemburgu dobila udru\u017eenje koje nam je nedostajalo, te koje \u0107e, nadamo se aktivno doprijenijeti, da institucijonalna organiziranost Bo\u0161njaka u Luksemburgu bude korak bli\u017ee zaokru\u017eenoj cjelini.<\/p>\n<p>U zadnjem periodu smo bili svjedoci velikog napredka i neosporivih pozitivnih pomaka unutar bo\u0161nja\u010dke zajednice u Luksemburgu. Prvenstveno mislimo na uspostavljanje \u010dvrstih stubova na\u0161e zajednice kroz formiranje stabilne i funkcionalne\u00a0<strong>\u0160ure<\/strong> (WWW.SHOURA.LU), tj. Islamske zajednice, formiranje\u00a0<strong>Bo\u0161nja\u010dke kulturne zajednice Luksemburga (BKZL)<\/strong>, bo\u0161nja\u010dkog omladinskog udru\u017eenja\u00a0<strong>Unija mladih aktivista<\/strong> (UMA), pokretanja vi\u0161ejezi\u010dnog magazina\u00a0<strong>Diwan<\/strong>, kao i revije\u00a0<strong>Bihor<\/strong>, zatim\u00a0<em><strong>Odbora<\/strong><\/em><em><strong> <\/strong><\/em><em><strong>za<\/strong><\/em><em><strong> <\/strong><\/em><em><strong>obilje\u017eavanje 11<\/strong><\/em><em><strong>.<\/strong><\/em><em><strong> <\/strong><\/em><em><strong>jula<\/strong><\/em><em><strong>,<\/strong><\/em><strong> Dana sje\u0107anja na \u017ertve genocida u Srebrenici<\/strong>, te postojanje drugih udru\u017eenja koja okupljaju Bo\u0161njake i koja su aktivna u ve\u0107oj ili manjoj mjeri, kako na humanitarnom, tako i na kulturno-edukativnom planu. Naravno, \u010ditav taj proces su pratili odre\u0111eni nedostaci i pote\u0161ko\u0107e, ali podsjeti\u0107emo i sebe i vas, na rije\u010di Uzvi\u0161enog:\u00a0<em>&#8220;Ta, zaista, s mukom je i<\/em><em> <\/em><em>last<\/em><em>,&#8221;<\/em> (El-In\u0161irah, ajet 5).<\/p>\n<p lang=\"bs-BA\">Zbog svega nabrojanog, gaje\u0107i nadu da \u0107e se u va\u0161em radu prepoznati ve\u0107ina Bo\u0161njaka i Bo\u0161njakinja iz i izvan Luksemburga, a posebno ljubitelji knjige, primite na\u0161e iskrene \u010destitke.<\/p>\n<p lang=\"bs-BA\"><strong>Odbor BKZ Luksemburga<\/strong><\/p>\n<p lang=\"bs-BA\">(islamskazajednica)<\/p>\n","protected":false},"excerpt":{"rendered":"<p>Luksemburg &#8211; Po\u0161tovana bra\u0107o pisci i pjesnici. Vijest o osnivanju Literarnog kluba \u201eHusein Ba\u0161i\u0107\u201c smo primili sa velikim odu\u0161evljenjem. Neizmjerno nam je drago da je bo\u0161nja\u010dka zajednica u Luksemburgu dobila udru\u017eenje koje nam je nedostajalo, te koje \u0107e, nadamo se aktivno doprijenijeti, da institucijonalna organiziranost Bo\u0161njaka u Luksemburgu bude korak bli\u017ee zaokru\u017eenoj cjelini. U zadnjem [&hellip;]<\/p>\n","protected":false},"author":16,"featured_media":65471,"comment_status":"open","ping_status":"open","sticky":false,"template":"","format":"standard","meta":{"footnotes":""},"categories":[9549],"tags":[],"class_list":{"0":"post-65470","1":"post","2":"type-post","3":"status-publish","4":"format-standard","5":"has-post-thumbnail","7":"category-luxemburg"},"yoast_head":"<!-- This site is optimized with the Yoast SEO Premium plugin v23.1 (Yoast SEO v24.9) - https:\/\/yoast.com\/wordpress\/plugins\/seo\/ -->\n<title>BKZ Luksemburga uputila \u010destitke povodom osnivanja Literarnog kluba<\/title>\n<meta name=\"robots\" content=\"index, follow, max-snippet:-1, max-image-preview:large, max-video-preview:-1\" \/>\n<link rel=\"canonical\" href=\"https:\/\/sandzakpress.net\/arhiva\/bkz-luksemburga-uputila-cestitke-povodom-osnivanja-literarnog-kluba\/\" \/>\n<meta property=\"og:locale\" content=\"bs_BA\" \/>\n<meta property=\"og:type\" content=\"article\" \/>\n<meta property=\"og:title\" content=\"BKZ Luksemburga uputila \u010destitke povodom osnivanja Literarnog kluba\" \/>\n<meta property=\"og:description\" content=\"Luksemburg &#8211; Po\u0161tovana bra\u0107o pisci i pjesnici. Vijest o osnivanju Literarnog kluba \u201eHusein Ba\u0161i\u0107\u201c smo primili sa velikim odu\u0161evljenjem. Neizmjerno nam je drago da je bo\u0161nja\u010dka zajednica u Luksemburgu dobila udru\u017eenje koje nam je nedostajalo, te koje \u0107e, nadamo se aktivno doprijenijeti, da institucijonalna organiziranost Bo\u0161njaka u Luksemburgu bude korak bli\u017ee zaokru\u017eenoj cjelini. U zadnjem [&hellip;]\" \/>\n<meta property=\"og:url\" content=\"https:\/\/sandzakpress.net\/arhiva\/bkz-luksemburga-uputila-cestitke-povodom-osnivanja-literarnog-kluba\/\" \/>\n<meta property=\"og:site_name\" content=\"Sand\u017eak PRESS\" \/>\n<meta property=\"article:published_time\" content=\"2013-02-07T13:18:46+00:00\" \/>\n<meta property=\"og:image\" content=\"https:\/\/sandzakpress.net\/arhiva\/wp-content\/uploads\/2013\/02\/images7.jpg\" \/>\n\t<meta property=\"og:image:width\" content=\"259\" \/>\n\t<meta property=\"og:image:height\" content=\"194\" \/>\n\t<meta property=\"og:image:type\" content=\"image\/jpeg\" \/>\n<meta name=\"twitter:card\" content=\"summary_large_image\" \/>\n<meta name=\"twitter:label1\" content=\"Written by\" \/>\n\t<meta name=\"twitter:data1\" content=\"\" \/>\n\t<meta name=\"twitter:label2\" content=\"Est. reading time\" \/>\n\t<meta name=\"twitter:data2\" content=\"1 minuta\" \/>\n<script type=\"application\/ld+json\" class=\"yoast-schema-graph\">{\"@context\":\"https:\/\/schema.org\",\"@graph\":[{\"@type\":\"Article\",\"@id\":\"https:\/\/sandzakpress.net\/arhiva\/bkz-luksemburga-uputila-cestitke-povodom-osnivanja-literarnog-kluba\/#article\",\"isPartOf\":{\"@id\":\"https:\/\/sandzakpress.net\/arhiva\/bkz-luksemburga-uputila-cestitke-povodom-osnivanja-literarnog-kluba\/\"},\"author\":{\"name\":\"\",\"@id\":\"\"},\"headline\":\"BKZ Luksemburga uputila \u010destitke povodom osnivanja Literarnog kluba\",\"datePublished\":\"2013-02-07T13:18:46+00:00\",\"mainEntityOfPage\":{\"@id\":\"https:\/\/sandzakpress.net\/arhiva\/bkz-luksemburga-uputila-cestitke-povodom-osnivanja-literarnog-kluba\/\"},\"wordCount\":253,\"commentCount\":0,\"publisher\":{\"@id\":\"https:\/\/sandzakpress.net\/arhiva\/#\/schema\/person\/6e72b67d6e51910a1117b3b483ba20bd\"},\"image\":{\"@id\":\"https:\/\/sandzakpress.net\/arhiva\/bkz-luksemburga-uputila-cestitke-povodom-osnivanja-literarnog-kluba\/#primaryimage\"},\"thumbnailUrl\":\"https:\/\/sandzakpress.net\/arhiva\/wp-content\/uploads\/2013\/02\/images7.jpg\",\"articleSection\":[\"Luksemburg\"],\"inLanguage\":\"bs-BA\",\"potentialAction\":[{\"@type\":\"CommentAction\",\"name\":\"Comment\",\"target\":[\"https:\/\/sandzakpress.net\/arhiva\/bkz-luksemburga-uputila-cestitke-povodom-osnivanja-literarnog-kluba\/#respond\"]}]},{\"@type\":\"WebPage\",\"@id\":\"https:\/\/sandzakpress.net\/arhiva\/bkz-luksemburga-uputila-cestitke-povodom-osnivanja-literarnog-kluba\/\",\"url\":\"https:\/\/sandzakpress.net\/arhiva\/bkz-luksemburga-uputila-cestitke-povodom-osnivanja-literarnog-kluba\/\",\"name\":\"BKZ Luksemburga uputila \u010destitke povodom osnivanja Literarnog kluba\",\"isPartOf\":{\"@id\":\"https:\/\/sandzakpress.net\/arhiva\/#website\"},\"primaryImageOfPage\":{\"@id\":\"https:\/\/sandzakpress.net\/arhiva\/bkz-luksemburga-uputila-cestitke-povodom-osnivanja-literarnog-kluba\/#primaryimage\"},\"image\":{\"@id\":\"https:\/\/sandzakpress.net\/arhiva\/bkz-luksemburga-uputila-cestitke-povodom-osnivanja-literarnog-kluba\/#primaryimage\"},\"thumbnailUrl\":\"https:\/\/sandzakpress.net\/arhiva\/wp-content\/uploads\/2013\/02\/images7.jpg\",\"datePublished\":\"2013-02-07T13:18:46+00:00\",\"breadcrumb\":{\"@id\":\"https:\/\/sandzakpress.net\/arhiva\/bkz-luksemburga-uputila-cestitke-povodom-osnivanja-literarnog-kluba\/#breadcrumb\"},\"inLanguage\":\"bs-BA\",\"potentialAction\":[{\"@type\":\"ReadAction\",\"target\":[\"https:\/\/sandzakpress.net\/arhiva\/bkz-luksemburga-uputila-cestitke-povodom-osnivanja-literarnog-kluba\/\"]}]},{\"@type\":\"ImageObject\",\"inLanguage\":\"bs-BA\",\"@id\":\"https:\/\/sandzakpress.net\/arhiva\/bkz-luksemburga-uputila-cestitke-povodom-osnivanja-literarnog-kluba\/#primaryimage\",\"url\":\"https:\/\/sandzakpress.net\/arhiva\/wp-content\/uploads\/2013\/02\/images7.jpg\",\"contentUrl\":\"https:\/\/sandzakpress.net\/arhiva\/wp-content\/uploads\/2013\/02\/images7.jpg\",\"width\":259,\"height\":194},{\"@type\":\"BreadcrumbList\",\"@id\":\"https:\/\/sandzakpress.net\/arhiva\/bkz-luksemburga-uputila-cestitke-povodom-osnivanja-literarnog-kluba\/#breadcrumb\",\"itemListElement\":[{\"@type\":\"ListItem\",\"position\":1,\"name\":\"Home\",\"item\":\"https:\/\/sandzakpress.net\/arhiva\/\"},{\"@type\":\"ListItem\",\"position\":2,\"name\":\"BKZ Luksemburga uputila \u010destitke povodom osnivanja Literarnog kluba\"}]},{\"@type\":\"WebSite\",\"@id\":\"https:\/\/sandzakpress.net\/arhiva\/#website\",\"url\":\"https:\/\/sandzakpress.net\/arhiva\/\",\"name\":\"Sand\u017eak PRESS\",\"description\":\"Prve elektronske novine u Sand\u017eaku\",\"publisher\":{\"@id\":\"https:\/\/sandzakpress.net\/arhiva\/#\/schema\/person\/6e72b67d6e51910a1117b3b483ba20bd\"},\"potentialAction\":[{\"@type\":\"SearchAction\",\"target\":{\"@type\":\"EntryPoint\",\"urlTemplate\":\"https:\/\/sandzakpress.net\/arhiva\/?s={search_term_string}\"},\"query-input\":{\"@type\":\"PropertyValueSpecification\",\"valueRequired\":true,\"valueName\":\"search_term_string\"}}],\"inLanguage\":\"bs-BA\"},{\"@type\":[\"Person\",\"Organization\"],\"@id\":\"https:\/\/sandzakpress.net\/arhiva\/#\/schema\/person\/6e72b67d6e51910a1117b3b483ba20bd\",\"name\":\"Kul\",\"image\":{\"@type\":\"ImageObject\",\"inLanguage\":\"bs-BA\",\"@id\":\"https:\/\/sandzakpress.net\/arhiva\/#\/schema\/person\/image\/\",\"url\":\"https:\/\/secure.gravatar.com\/avatar\/42263f39aa27ac04c43cab85c280eb2e?s=96&d=mm&r=pg\",\"contentUrl\":\"https:\/\/secure.gravatar.com\/avatar\/42263f39aa27ac04c43cab85c280eb2e?s=96&d=mm&r=pg\",\"caption\":\"Kul\"},\"logo\":{\"@id\":\"https:\/\/sandzakpress.net\/arhiva\/#\/schema\/person\/image\/\"}},{\"@type\":\"Person\",\"@id\":\"\",\"url\":\"https:\/\/sandzakpress.net\/arhiva\/author\/\"}]}<\/script>\n<!-- \/ Yoast SEO Premium plugin. -->","yoast_head_json":{"title":"BKZ Luksemburga uputila \u010destitke povodom osnivanja Literarnog kluba","robots":{"index":"index","follow":"follow","max-snippet":"max-snippet:-1","max-image-preview":"max-image-preview:large","max-video-preview":"max-video-preview:-1"},"canonical":"https:\/\/sandzakpress.net\/arhiva\/bkz-luksemburga-uputila-cestitke-povodom-osnivanja-literarnog-kluba\/","og_locale":"bs_BA","og_type":"article","og_title":"BKZ Luksemburga uputila \u010destitke povodom osnivanja Literarnog kluba","og_description":"Luksemburg &#8211; Po\u0161tovana bra\u0107o pisci i pjesnici. Vijest o osnivanju Literarnog kluba \u201eHusein Ba\u0161i\u0107\u201c smo primili sa velikim odu\u0161evljenjem. Neizmjerno nam je drago da je bo\u0161nja\u010dka zajednica u Luksemburgu dobila udru\u017eenje koje nam je nedostajalo, te koje \u0107e, nadamo se aktivno doprijenijeti, da institucijonalna organiziranost Bo\u0161njaka u Luksemburgu bude korak bli\u017ee zaokru\u017eenoj cjelini. U zadnjem [&hellip;]","og_url":"https:\/\/sandzakpress.net\/arhiva\/bkz-luksemburga-uputila-cestitke-povodom-osnivanja-literarnog-kluba\/","og_site_name":"Sand\u017eak PRESS","article_published_time":"2013-02-07T13:18:46+00:00","og_image":[{"width":259,"height":194,"url":"https:\/\/sandzakpress.net\/arhiva\/wp-content\/uploads\/2013\/02\/images7.jpg","type":"image\/jpeg"}],"twitter_card":"summary_large_image","twitter_misc":{"Written by":"","Est. reading time":"1 minuta"},"schema":{"@context":"https:\/\/schema.org","@graph":[{"@type":"Article","@id":"https:\/\/sandzakpress.net\/arhiva\/bkz-luksemburga-uputila-cestitke-povodom-osnivanja-literarnog-kluba\/#article","isPartOf":{"@id":"https:\/\/sandzakpress.net\/arhiva\/bkz-luksemburga-uputila-cestitke-povodom-osnivanja-literarnog-kluba\/"},"author":{"name":"","@id":""},"headline":"BKZ Luksemburga uputila \u010destitke povodom osnivanja Literarnog kluba","datePublished":"2013-02-07T13:18:46+00:00","mainEntityOfPage":{"@id":"https:\/\/sandzakpress.net\/arhiva\/bkz-luksemburga-uputila-cestitke-povodom-osnivanja-literarnog-kluba\/"},"wordCount":253,"commentCount":0,"publisher":{"@id":"https:\/\/sandzakpress.net\/arhiva\/#\/schema\/person\/6e72b67d6e51910a1117b3b483ba20bd"},"image":{"@id":"https:\/\/sandzakpress.net\/arhiva\/bkz-luksemburga-uputila-cestitke-povodom-osnivanja-literarnog-kluba\/#primaryimage"},"thumbnailUrl":"https:\/\/sandzakpress.net\/arhiva\/wp-content\/uploads\/2013\/02\/images7.jpg","articleSection":["Luksemburg"],"inLanguage":"bs-BA","potentialAction":[{"@type":"CommentAction","name":"Comment","target":["https:\/\/sandzakpress.net\/arhiva\/bkz-luksemburga-uputila-cestitke-povodom-osnivanja-literarnog-kluba\/#respond"]}]},{"@type":"WebPage","@id":"https:\/\/sandzakpress.net\/arhiva\/bkz-luksemburga-uputila-cestitke-povodom-osnivanja-literarnog-kluba\/","url":"https:\/\/sandzakpress.net\/arhiva\/bkz-luksemburga-uputila-cestitke-povodom-osnivanja-literarnog-kluba\/","name":"BKZ Luksemburga uputila \u010destitke povodom osnivanja Literarnog kluba","isPartOf":{"@id":"https:\/\/sandzakpress.net\/arhiva\/#website"},"primaryImageOfPage":{"@id":"https:\/\/sandzakpress.net\/arhiva\/bkz-luksemburga-uputila-cestitke-povodom-osnivanja-literarnog-kluba\/#primaryimage"},"image":{"@id":"https:\/\/sandzakpress.net\/arhiva\/bkz-luksemburga-uputila-cestitke-povodom-osnivanja-literarnog-kluba\/#primaryimage"},"thumbnailUrl":"https:\/\/sandzakpress.net\/arhiva\/wp-content\/uploads\/2013\/02\/images7.jpg","datePublished":"2013-02-07T13:18:46+00:00","breadcrumb":{"@id":"https:\/\/sandzakpress.net\/arhiva\/bkz-luksemburga-uputila-cestitke-povodom-osnivanja-literarnog-kluba\/#breadcrumb"},"inLanguage":"bs-BA","potentialAction":[{"@type":"ReadAction","target":["https:\/\/sandzakpress.net\/arhiva\/bkz-luksemburga-uputila-cestitke-povodom-osnivanja-literarnog-kluba\/"]}]},{"@type":"ImageObject","inLanguage":"bs-BA","@id":"https:\/\/sandzakpress.net\/arhiva\/bkz-luksemburga-uputila-cestitke-povodom-osnivanja-literarnog-kluba\/#primaryimage","url":"https:\/\/sandzakpress.net\/arhiva\/wp-content\/uploads\/2013\/02\/images7.jpg","contentUrl":"https:\/\/sandzakpress.net\/arhiva\/wp-content\/uploads\/2013\/02\/images7.jpg","width":259,"height":194},{"@type":"BreadcrumbList","@id":"https:\/\/sandzakpress.net\/arhiva\/bkz-luksemburga-uputila-cestitke-povodom-osnivanja-literarnog-kluba\/#breadcrumb","itemListElement":[{"@type":"ListItem","position":1,"name":"Home","item":"https:\/\/sandzakpress.net\/arhiva\/"},{"@type":"ListItem","position":2,"name":"BKZ Luksemburga uputila \u010destitke povodom osnivanja Literarnog kluba"}]},{"@type":"WebSite","@id":"https:\/\/sandzakpress.net\/arhiva\/#website","url":"https:\/\/sandzakpress.net\/arhiva\/","name":"Sand\u017eak PRESS","description":"Prve elektronske novine u Sand\u017eaku","publisher":{"@id":"https:\/\/sandzakpress.net\/arhiva\/#\/schema\/person\/6e72b67d6e51910a1117b3b483ba20bd"},"potentialAction":[{"@type":"SearchAction","target":{"@type":"EntryPoint","urlTemplate":"https:\/\/sandzakpress.net\/arhiva\/?s={search_term_string}"},"query-input":{"@type":"PropertyValueSpecification","valueRequired":true,"valueName":"search_term_string"}}],"inLanguage":"bs-BA"},{"@type":["Person","Organization"],"@id":"https:\/\/sandzakpress.net\/arhiva\/#\/schema\/person\/6e72b67d6e51910a1117b3b483ba20bd","name":"Kul","image":{"@type":"ImageObject","inLanguage":"bs-BA","@id":"https:\/\/sandzakpress.net\/arhiva\/#\/schema\/person\/image\/","url":"https:\/\/secure.gravatar.com\/avatar\/42263f39aa27ac04c43cab85c280eb2e?s=96&d=mm&r=pg","contentUrl":"https:\/\/secure.gravatar.com\/avatar\/42263f39aa27ac04c43cab85c280eb2e?s=96&d=mm&r=pg","caption":"Kul"},"logo":{"@id":"https:\/\/sandzakpress.net\/arhiva\/#\/schema\/person\/image\/"}},{"@type":"Person","@id":"","url":"https:\/\/sandzakpress.net\/arhiva\/author\/"}]}},"_links":{"self":[{"href":"https:\/\/sandzakpress.net\/arhiva\/wp-json\/wp\/v2\/posts\/65470"}],"collection":[{"href":"https:\/\/sandzakpress.net\/arhiva\/wp-json\/wp\/v2\/posts"}],"about":[{"href":"https:\/\/sandzakpress.net\/arhiva\/wp-json\/wp\/v2\/types\/post"}],"author":[{"embeddable":true,"href":"https:\/\/sandzakpress.net\/arhiva\/wp-json\/wp\/v2\/users\/16"}],"replies":[{"embeddable":true,"href":"https:\/\/sandzakpress.net\/arhiva\/wp-json\/wp\/v2\/comments?post=65470"}],"version-history":[{"count":0,"href":"https:\/\/sandzakpress.net\/arhiva\/wp-json\/wp\/v2\/posts\/65470\/revisions"}],"wp:featuredmedia":[{"embeddable":true,"href":"https:\/\/sandzakpress.net\/arhiva\/wp-json\/wp\/v2\/media\/65471"}],"wp:attachment":[{"href":"https:\/\/sandzakpress.net\/arhiva\/wp-json\/wp\/v2\/media?parent=65470"}],"wp:term":[{"taxonomy":"category","embeddable":true,"href":"https:\/\/sandzakpress.net\/arhiva\/wp-json\/wp\/v2\/categories?post=65470"},{"taxonomy":"post_tag","embeddable":true,"href":"https:\/\/sandzakpress.net\/arhiva\/wp-json\/wp\/v2\/tags?post=65470"}],"curies":[{"name":"wp","href":"https:\/\/api.w.org\/{rel}","templated":true}]}}