{"id":65429,"date":"2013-02-07T13:51:17","date_gmt":"2013-02-07T12:51:17","guid":{"rendered":"https:\/\/sandzakpress.net\/arhiva\/?p=65429"},"modified":"2013-02-07T15:26:28","modified_gmt":"2013-02-07T14:26:28","slug":"revizor-nedvosmisleno-grad-novi-pazar-dobio-je-pozitivnu-ocjenu-netacni-su-navodi-pojedinih-medija","status":"publish","type":"post","link":"https:\/\/sandzakpress.net\/arhiva\/revizor-nedvosmisleno-grad-novi-pazar-dobio-je-pozitivnu-ocjenu-netacni-su-navodi-pojedinih-medija\/","title":{"rendered":"Revizor nedvosmisleno : Grad Novi Pazar dobio je pozitivnu ocjenu, neta\u010dni su navodi pojedinih medija?"},"content":{"rendered":"<p><strong><a href=\"https:\/\/sandzakpress.net\/arhiva\/wp-content\/uploads\/2013\/02\/izjava_revizora.jpg\"><img loading=\"lazy\" decoding=\"async\" class=\"alignleft size-medium wp-image-65430\" title=\"izjava_revizora\" src=\"https:\/\/sandzakpress.net\/arhiva\/wp-content\/uploads\/2013\/02\/izjava_revizora-300x199.jpg\" alt=\"\" width=\"300\" height=\"199\" \/><\/a>Novi Pazar &#8211; Povodom medijskih manipulacija u vezi sa Izve\u0161tajem Dr\u017eavne revizorske institucije kao i mi\u0161ljenja Eksternog revizora o raspolaganju bud\u017eetom grada, koje se u javnosti kontinuirano predstavlja u negativnom kontekstu, u Gradskoj upravi Novog Pazara odr\u017eana je konferencija za novinare.<\/strong><\/p>\n<p>Sem predstavnika finansijske slu\u017ebe iz reda Uprave, konferenciji je prisustvovala i Viktorija Duni\u0107, eksterni revizor beogradske Revizorske ku\u0107e DST. Prema sopstvenom priznanju, Duni\u0107eva je dvije godine zaredom (2010. I 2011. godina) izvr\u0161ila kontrolu izve\u0161taja o bud\u017eetu grada Novog Pazara, te ostalih op\u0161tina i gradova sa podru\u010dja Isto\u010dne Srbije i \u201eoba puta su izve\u0161taji o finansijskom rukovo\u0111enju bu\u017eetom Novog Pazara bili vi\u0161e nego korektni\u201c.<\/p>\n<p>\u201eUzimaju\u0107i u obzir izve\u0161taj koji je dala Dr\u017eavna revizorska institucija, za Novi Pazar i za sve ostale jedinice lokalne samouprave, odgovorno tvrdim da vi kao jedinica lokalne samouprave imate pozitivno mi\u0161ljenje, odnosno pozitivnu ocjenu revizora, sa preporukama koje nisu ni\u0161ta drugo do prijedlozi za postupanje u cilju otklanjanja tehni\u010dkih, sitnih propusta koji se de\u0161avaju u svim finansijskim slu\u017ebama. Sedamdeset odsto tih nepravilnosti odnosi se na proknji\u017eavanja, u ekonomskom rje\u010dniku poznatija kao promene. Rije\u010d je o ra\u010dunovodstvenim gre\u0161kama koje u pogledu odr\u017eivosti analize valjanosti izvr\u0161enja bud\u017eeta nemaju materijalnog zna\u010daja.\u201c<\/p>\n<p>Duni\u0107eva je istakla da u aktuelnom izve\u0161taju \u201enema elemenata zloupotrebe niti segmenata kriminogenog karaktera.\u201c Ona je istakla da su neistiniti navodi pojedinih medija o nenamenskom tro\u0161enju bud\u017eetskih sredstava jer \u201e od strane izvr\u0161ioca bud\u017eeta, niti finansijske slu\u017ebe nije bilo nikakvih zloupotreba, niti bilo \u010dega \u0161to mo\u017ee bitno u materijalnom smislu da uti\u010de na finansijski polo\u017eaj grada Novog Pazara i samih gra\u0111ana.\u201c<\/p>\n<p>\u201eOdgovorno stojim iza svojih navoda jer su finansijske slu\u017ebe odeljenja za finansije Gradske uprave grada Novog Pazara sistem koji u po\u0161tovanju Uredbe i drugih propisa apsolutno prednja\u010di u odnosu na druge samouprave. Gradu su date isklju\u010divo preporuke, odnosno sugestije da se otklone sitni nedostaci.<\/p>\n<p>Usvojili ste niz pravilnika koje niz jedinica lokalne samouprave nema ni u planu, uprkos zakonskoj obevezi: Pravilnik o ra\u010dunovosdstvu, radu trezora, reprezentaciji, pravilnik o upotrebi slu\u017ebenih automobila. Zapo\u010deli ste uvo\u0111enje sistema finansijskog upravljanja i kontrole i na sve to dobili izuzetno visoku ocjenu, jaku \u010detvorku, sa kako sam ve\u0107 rekla, odre\u0111enim preporukama. Sve \u0161to je ura\u0111eno sa va\u0161e strane napravljeno je u svrhu pove\u0107anja efikasnosti rada i racionalizacije tro\u0161kova, \u0161to je u izuzetnoj suprotnosti sa navodima pojedinih medija o nenamenskom tro\u0161enju para i sli\u010dno. Po svim parametrima, jo\u0161 jednom isti\u010dem, u samom ste vrhu po izvr\u0161enju zakonskih obaveza u vezi sa bud\u017eetom.<\/p>\n<p>Eksterni revizor Viktorija Duni\u0107 navela je da \u201eapsolutno ni po jednoj ta\u010dki u izve\u0161taju o bu\u017eetu grada nema osnova za podno\u0161enje krivi\u010dnih prijava protiv izvr\u0161ioca bud\u017eeta i zaposlenih u Odeljenju za finansije\u201c, o \u010demu su tako\u0111e spekulisali pojedini mediji.<\/p>\n<p>Gradske vlasti do sada nisu reagovale na razli\u010dite, po svemu navedenom sude\u0107i, vrlo tendenciozne medijske natpise. Kao razlog za takav stav Uprave navodi se nastojanje gradskih vlasti da konkretnim naporima pobolj\u0161aju kvalitet \u017eivota gra\u0111ana.<\/p>\n<p>(novipazar)<\/p>\n","protected":false},"excerpt":{"rendered":"<p>Novi Pazar &#8211; Povodom medijskih manipulacija u vezi sa Izve\u0161tajem Dr\u017eavne revizorske institucije kao i mi\u0161ljenja Eksternog revizora o raspolaganju bud\u017eetom grada, koje se u javnosti kontinuirano predstavlja u negativnom kontekstu, u Gradskoj upravi Novog Pazara odr\u017eana je konferencija za novinare. Sem predstavnika finansijske slu\u017ebe iz reda Uprave, konferenciji je prisustvovala i Viktorija Duni\u0107, eksterni [&hellip;]<\/p>\n","protected":false},"author":16,"featured_media":65430,"comment_status":"open","ping_status":"open","sticky":false,"template":"","format":"standard","meta":{"footnotes":""},"categories":[72,1],"tags":[],"class_list":{"0":"post-65429","1":"post","2":"type-post","3":"status-publish","4":"format-standard","5":"has-post-thumbnail","7":"category-novi-pazar","8":"category-politika"},"yoast_head":"<!-- This site is optimized with the Yoast SEO Premium plugin v23.1 (Yoast SEO v24.9) - https:\/\/yoast.com\/wordpress\/plugins\/seo\/ -->\n<title>Revizor nedvosmisleno : Grad Novi Pazar dobio je pozitivnu ocjenu, neta\u010dni su navodi pojedinih medija?<\/title>\n<meta name=\"robots\" content=\"index, follow, max-snippet:-1, max-image-preview:large, max-video-preview:-1\" \/>\n<link rel=\"canonical\" href=\"https:\/\/sandzakpress.net\/arhiva\/revizor-nedvosmisleno-grad-novi-pazar-dobio-je-pozitivnu-ocjenu-netacni-su-navodi-pojedinih-medija\/\" \/>\n<meta property=\"og:locale\" content=\"bs_BA\" \/>\n<meta property=\"og:type\" content=\"article\" \/>\n<meta property=\"og:title\" content=\"Revizor nedvosmisleno : Grad Novi Pazar dobio je pozitivnu ocjenu, neta\u010dni su navodi pojedinih medija?\" \/>\n<meta property=\"og:description\" content=\"Novi Pazar &#8211; Povodom medijskih manipulacija u vezi sa Izve\u0161tajem Dr\u017eavne revizorske institucije kao i mi\u0161ljenja Eksternog revizora o raspolaganju bud\u017eetom grada, koje se u javnosti kontinuirano predstavlja u negativnom kontekstu, u Gradskoj upravi Novog Pazara odr\u017eana je konferencija za novinare. Sem predstavnika finansijske slu\u017ebe iz reda Uprave, konferenciji je prisustvovala i Viktorija Duni\u0107, eksterni [&hellip;]\" \/>\n<meta property=\"og:url\" content=\"https:\/\/sandzakpress.net\/arhiva\/revizor-nedvosmisleno-grad-novi-pazar-dobio-je-pozitivnu-ocjenu-netacni-su-navodi-pojedinih-medija\/\" \/>\n<meta property=\"og:site_name\" content=\"Sand\u017eak PRESS\" \/>\n<meta property=\"article:published_time\" content=\"2013-02-07T12:51:17+00:00\" \/>\n<meta property=\"article:modified_time\" content=\"2013-02-07T14:26:28+00:00\" \/>\n<meta property=\"og:image\" content=\"https:\/\/sandzakpress.net\/arhiva\/wp-content\/uploads\/2013\/02\/izjava_revizora.jpg\" \/>\n\t<meta property=\"og:image:width\" content=\"616\" \/>\n\t<meta property=\"og:image:height\" content=\"409\" \/>\n\t<meta property=\"og:image:type\" content=\"image\/jpeg\" \/>\n<meta name=\"twitter:card\" content=\"summary_large_image\" \/>\n<meta name=\"twitter:label1\" content=\"Written by\" \/>\n\t<meta name=\"twitter:data1\" content=\"\" \/>\n\t<meta name=\"twitter:label2\" content=\"Est. reading time\" \/>\n\t<meta name=\"twitter:data2\" content=\"3 minute\" \/>\n<script type=\"application\/ld+json\" class=\"yoast-schema-graph\">{\"@context\":\"https:\/\/schema.org\",\"@graph\":[{\"@type\":\"Article\",\"@id\":\"https:\/\/sandzakpress.net\/arhiva\/revizor-nedvosmisleno-grad-novi-pazar-dobio-je-pozitivnu-ocjenu-netacni-su-navodi-pojedinih-medija\/#article\",\"isPartOf\":{\"@id\":\"https:\/\/sandzakpress.net\/arhiva\/revizor-nedvosmisleno-grad-novi-pazar-dobio-je-pozitivnu-ocjenu-netacni-su-navodi-pojedinih-medija\/\"},\"author\":{\"name\":\"\",\"@id\":\"\"},\"headline\":\"Revizor nedvosmisleno : Grad Novi Pazar dobio je pozitivnu ocjenu, neta\u010dni su navodi pojedinih medija?\",\"datePublished\":\"2013-02-07T12:51:17+00:00\",\"dateModified\":\"2013-02-07T14:26:28+00:00\",\"mainEntityOfPage\":{\"@id\":\"https:\/\/sandzakpress.net\/arhiva\/revizor-nedvosmisleno-grad-novi-pazar-dobio-je-pozitivnu-ocjenu-netacni-su-navodi-pojedinih-medija\/\"},\"wordCount\":560,\"commentCount\":1,\"publisher\":{\"@id\":\"https:\/\/sandzakpress.net\/arhiva\/#\/schema\/person\/6e72b67d6e51910a1117b3b483ba20bd\"},\"image\":{\"@id\":\"https:\/\/sandzakpress.net\/arhiva\/revizor-nedvosmisleno-grad-novi-pazar-dobio-je-pozitivnu-ocjenu-netacni-su-navodi-pojedinih-medija\/#primaryimage\"},\"thumbnailUrl\":\"https:\/\/sandzakpress.net\/arhiva\/wp-content\/uploads\/2013\/02\/izjava_revizora.jpg\",\"articleSection\":[\"Novi Pazar\",\"Politika\"],\"inLanguage\":\"bs-BA\",\"potentialAction\":[{\"@type\":\"CommentAction\",\"name\":\"Comment\",\"target\":[\"https:\/\/sandzakpress.net\/arhiva\/revizor-nedvosmisleno-grad-novi-pazar-dobio-je-pozitivnu-ocjenu-netacni-su-navodi-pojedinih-medija\/#respond\"]}]},{\"@type\":\"WebPage\",\"@id\":\"https:\/\/sandzakpress.net\/arhiva\/revizor-nedvosmisleno-grad-novi-pazar-dobio-je-pozitivnu-ocjenu-netacni-su-navodi-pojedinih-medija\/\",\"url\":\"https:\/\/sandzakpress.net\/arhiva\/revizor-nedvosmisleno-grad-novi-pazar-dobio-je-pozitivnu-ocjenu-netacni-su-navodi-pojedinih-medija\/\",\"name\":\"Revizor nedvosmisleno : Grad Novi Pazar dobio je pozitivnu ocjenu, neta\u010dni su navodi pojedinih medija?\",\"isPartOf\":{\"@id\":\"https:\/\/sandzakpress.net\/arhiva\/#website\"},\"primaryImageOfPage\":{\"@id\":\"https:\/\/sandzakpress.net\/arhiva\/revizor-nedvosmisleno-grad-novi-pazar-dobio-je-pozitivnu-ocjenu-netacni-su-navodi-pojedinih-medija\/#primaryimage\"},\"image\":{\"@id\":\"https:\/\/sandzakpress.net\/arhiva\/revizor-nedvosmisleno-grad-novi-pazar-dobio-je-pozitivnu-ocjenu-netacni-su-navodi-pojedinih-medija\/#primaryimage\"},\"thumbnailUrl\":\"https:\/\/sandzakpress.net\/arhiva\/wp-content\/uploads\/2013\/02\/izjava_revizora.jpg\",\"datePublished\":\"2013-02-07T12:51:17+00:00\",\"dateModified\":\"2013-02-07T14:26:28+00:00\",\"breadcrumb\":{\"@id\":\"https:\/\/sandzakpress.net\/arhiva\/revizor-nedvosmisleno-grad-novi-pazar-dobio-je-pozitivnu-ocjenu-netacni-su-navodi-pojedinih-medija\/#breadcrumb\"},\"inLanguage\":\"bs-BA\",\"potentialAction\":[{\"@type\":\"ReadAction\",\"target\":[\"https:\/\/sandzakpress.net\/arhiva\/revizor-nedvosmisleno-grad-novi-pazar-dobio-je-pozitivnu-ocjenu-netacni-su-navodi-pojedinih-medija\/\"]}]},{\"@type\":\"ImageObject\",\"inLanguage\":\"bs-BA\",\"@id\":\"https:\/\/sandzakpress.net\/arhiva\/revizor-nedvosmisleno-grad-novi-pazar-dobio-je-pozitivnu-ocjenu-netacni-su-navodi-pojedinih-medija\/#primaryimage\",\"url\":\"https:\/\/sandzakpress.net\/arhiva\/wp-content\/uploads\/2013\/02\/izjava_revizora.jpg\",\"contentUrl\":\"https:\/\/sandzakpress.net\/arhiva\/wp-content\/uploads\/2013\/02\/izjava_revizora.jpg\",\"width\":616,\"height\":409},{\"@type\":\"BreadcrumbList\",\"@id\":\"https:\/\/sandzakpress.net\/arhiva\/revizor-nedvosmisleno-grad-novi-pazar-dobio-je-pozitivnu-ocjenu-netacni-su-navodi-pojedinih-medija\/#breadcrumb\",\"itemListElement\":[{\"@type\":\"ListItem\",\"position\":1,\"name\":\"Home\",\"item\":\"https:\/\/sandzakpress.net\/arhiva\/\"},{\"@type\":\"ListItem\",\"position\":2,\"name\":\"Revizor nedvosmisleno : Grad Novi Pazar dobio je pozitivnu ocjenu, neta\u010dni su navodi pojedinih medija?\"}]},{\"@type\":\"WebSite\",\"@id\":\"https:\/\/sandzakpress.net\/arhiva\/#website\",\"url\":\"https:\/\/sandzakpress.net\/arhiva\/\",\"name\":\"Sand\u017eak PRESS\",\"description\":\"Prve elektronske novine u Sand\u017eaku\",\"publisher\":{\"@id\":\"https:\/\/sandzakpress.net\/arhiva\/#\/schema\/person\/6e72b67d6e51910a1117b3b483ba20bd\"},\"potentialAction\":[{\"@type\":\"SearchAction\",\"target\":{\"@type\":\"EntryPoint\",\"urlTemplate\":\"https:\/\/sandzakpress.net\/arhiva\/?s={search_term_string}\"},\"query-input\":{\"@type\":\"PropertyValueSpecification\",\"valueRequired\":true,\"valueName\":\"search_term_string\"}}],\"inLanguage\":\"bs-BA\"},{\"@type\":[\"Person\",\"Organization\"],\"@id\":\"https:\/\/sandzakpress.net\/arhiva\/#\/schema\/person\/6e72b67d6e51910a1117b3b483ba20bd\",\"name\":\"Kul\",\"image\":{\"@type\":\"ImageObject\",\"inLanguage\":\"bs-BA\",\"@id\":\"https:\/\/sandzakpress.net\/arhiva\/#\/schema\/person\/image\/\",\"url\":\"https:\/\/secure.gravatar.com\/avatar\/42263f39aa27ac04c43cab85c280eb2e?s=96&d=mm&r=pg\",\"contentUrl\":\"https:\/\/secure.gravatar.com\/avatar\/42263f39aa27ac04c43cab85c280eb2e?s=96&d=mm&r=pg\",\"caption\":\"Kul\"},\"logo\":{\"@id\":\"https:\/\/sandzakpress.net\/arhiva\/#\/schema\/person\/image\/\"}},{\"@type\":\"Person\",\"@id\":\"\",\"url\":\"https:\/\/sandzakpress.net\/arhiva\/author\/\"}]}<\/script>\n<!-- \/ Yoast SEO Premium plugin. -->","yoast_head_json":{"title":"Revizor nedvosmisleno : Grad Novi Pazar dobio je pozitivnu ocjenu, neta\u010dni su navodi pojedinih medija?","robots":{"index":"index","follow":"follow","max-snippet":"max-snippet:-1","max-image-preview":"max-image-preview:large","max-video-preview":"max-video-preview:-1"},"canonical":"https:\/\/sandzakpress.net\/arhiva\/revizor-nedvosmisleno-grad-novi-pazar-dobio-je-pozitivnu-ocjenu-netacni-su-navodi-pojedinih-medija\/","og_locale":"bs_BA","og_type":"article","og_title":"Revizor nedvosmisleno : Grad Novi Pazar dobio je pozitivnu ocjenu, neta\u010dni su navodi pojedinih medija?","og_description":"Novi Pazar &#8211; Povodom medijskih manipulacija u vezi sa Izve\u0161tajem Dr\u017eavne revizorske institucije kao i mi\u0161ljenja Eksternog revizora o raspolaganju bud\u017eetom grada, koje se u javnosti kontinuirano predstavlja u negativnom kontekstu, u Gradskoj upravi Novog Pazara odr\u017eana je konferencija za novinare. Sem predstavnika finansijske slu\u017ebe iz reda Uprave, konferenciji je prisustvovala i Viktorija Duni\u0107, eksterni [&hellip;]","og_url":"https:\/\/sandzakpress.net\/arhiva\/revizor-nedvosmisleno-grad-novi-pazar-dobio-je-pozitivnu-ocjenu-netacni-su-navodi-pojedinih-medija\/","og_site_name":"Sand\u017eak PRESS","article_published_time":"2013-02-07T12:51:17+00:00","article_modified_time":"2013-02-07T14:26:28+00:00","og_image":[{"width":616,"height":409,"url":"https:\/\/sandzakpress.net\/arhiva\/wp-content\/uploads\/2013\/02\/izjava_revizora.jpg","type":"image\/jpeg"}],"twitter_card":"summary_large_image","twitter_misc":{"Written by":"","Est. reading time":"3 minute"},"schema":{"@context":"https:\/\/schema.org","@graph":[{"@type":"Article","@id":"https:\/\/sandzakpress.net\/arhiva\/revizor-nedvosmisleno-grad-novi-pazar-dobio-je-pozitivnu-ocjenu-netacni-su-navodi-pojedinih-medija\/#article","isPartOf":{"@id":"https:\/\/sandzakpress.net\/arhiva\/revizor-nedvosmisleno-grad-novi-pazar-dobio-je-pozitivnu-ocjenu-netacni-su-navodi-pojedinih-medija\/"},"author":{"name":"","@id":""},"headline":"Revizor nedvosmisleno : Grad Novi Pazar dobio je pozitivnu ocjenu, neta\u010dni su navodi pojedinih medija?","datePublished":"2013-02-07T12:51:17+00:00","dateModified":"2013-02-07T14:26:28+00:00","mainEntityOfPage":{"@id":"https:\/\/sandzakpress.net\/arhiva\/revizor-nedvosmisleno-grad-novi-pazar-dobio-je-pozitivnu-ocjenu-netacni-su-navodi-pojedinih-medija\/"},"wordCount":560,"commentCount":1,"publisher":{"@id":"https:\/\/sandzakpress.net\/arhiva\/#\/schema\/person\/6e72b67d6e51910a1117b3b483ba20bd"},"image":{"@id":"https:\/\/sandzakpress.net\/arhiva\/revizor-nedvosmisleno-grad-novi-pazar-dobio-je-pozitivnu-ocjenu-netacni-su-navodi-pojedinih-medija\/#primaryimage"},"thumbnailUrl":"https:\/\/sandzakpress.net\/arhiva\/wp-content\/uploads\/2013\/02\/izjava_revizora.jpg","articleSection":["Novi Pazar","Politika"],"inLanguage":"bs-BA","potentialAction":[{"@type":"CommentAction","name":"Comment","target":["https:\/\/sandzakpress.net\/arhiva\/revizor-nedvosmisleno-grad-novi-pazar-dobio-je-pozitivnu-ocjenu-netacni-su-navodi-pojedinih-medija\/#respond"]}]},{"@type":"WebPage","@id":"https:\/\/sandzakpress.net\/arhiva\/revizor-nedvosmisleno-grad-novi-pazar-dobio-je-pozitivnu-ocjenu-netacni-su-navodi-pojedinih-medija\/","url":"https:\/\/sandzakpress.net\/arhiva\/revizor-nedvosmisleno-grad-novi-pazar-dobio-je-pozitivnu-ocjenu-netacni-su-navodi-pojedinih-medija\/","name":"Revizor nedvosmisleno : Grad Novi Pazar dobio je pozitivnu ocjenu, neta\u010dni su navodi pojedinih medija?","isPartOf":{"@id":"https:\/\/sandzakpress.net\/arhiva\/#website"},"primaryImageOfPage":{"@id":"https:\/\/sandzakpress.net\/arhiva\/revizor-nedvosmisleno-grad-novi-pazar-dobio-je-pozitivnu-ocjenu-netacni-su-navodi-pojedinih-medija\/#primaryimage"},"image":{"@id":"https:\/\/sandzakpress.net\/arhiva\/revizor-nedvosmisleno-grad-novi-pazar-dobio-je-pozitivnu-ocjenu-netacni-su-navodi-pojedinih-medija\/#primaryimage"},"thumbnailUrl":"https:\/\/sandzakpress.net\/arhiva\/wp-content\/uploads\/2013\/02\/izjava_revizora.jpg","datePublished":"2013-02-07T12:51:17+00:00","dateModified":"2013-02-07T14:26:28+00:00","breadcrumb":{"@id":"https:\/\/sandzakpress.net\/arhiva\/revizor-nedvosmisleno-grad-novi-pazar-dobio-je-pozitivnu-ocjenu-netacni-su-navodi-pojedinih-medija\/#breadcrumb"},"inLanguage":"bs-BA","potentialAction":[{"@type":"ReadAction","target":["https:\/\/sandzakpress.net\/arhiva\/revizor-nedvosmisleno-grad-novi-pazar-dobio-je-pozitivnu-ocjenu-netacni-su-navodi-pojedinih-medija\/"]}]},{"@type":"ImageObject","inLanguage":"bs-BA","@id":"https:\/\/sandzakpress.net\/arhiva\/revizor-nedvosmisleno-grad-novi-pazar-dobio-je-pozitivnu-ocjenu-netacni-su-navodi-pojedinih-medija\/#primaryimage","url":"https:\/\/sandzakpress.net\/arhiva\/wp-content\/uploads\/2013\/02\/izjava_revizora.jpg","contentUrl":"https:\/\/sandzakpress.net\/arhiva\/wp-content\/uploads\/2013\/02\/izjava_revizora.jpg","width":616,"height":409},{"@type":"BreadcrumbList","@id":"https:\/\/sandzakpress.net\/arhiva\/revizor-nedvosmisleno-grad-novi-pazar-dobio-je-pozitivnu-ocjenu-netacni-su-navodi-pojedinih-medija\/#breadcrumb","itemListElement":[{"@type":"ListItem","position":1,"name":"Home","item":"https:\/\/sandzakpress.net\/arhiva\/"},{"@type":"ListItem","position":2,"name":"Revizor nedvosmisleno : Grad Novi Pazar dobio je pozitivnu ocjenu, neta\u010dni su navodi pojedinih medija?"}]},{"@type":"WebSite","@id":"https:\/\/sandzakpress.net\/arhiva\/#website","url":"https:\/\/sandzakpress.net\/arhiva\/","name":"Sand\u017eak PRESS","description":"Prve elektronske novine u Sand\u017eaku","publisher":{"@id":"https:\/\/sandzakpress.net\/arhiva\/#\/schema\/person\/6e72b67d6e51910a1117b3b483ba20bd"},"potentialAction":[{"@type":"SearchAction","target":{"@type":"EntryPoint","urlTemplate":"https:\/\/sandzakpress.net\/arhiva\/?s={search_term_string}"},"query-input":{"@type":"PropertyValueSpecification","valueRequired":true,"valueName":"search_term_string"}}],"inLanguage":"bs-BA"},{"@type":["Person","Organization"],"@id":"https:\/\/sandzakpress.net\/arhiva\/#\/schema\/person\/6e72b67d6e51910a1117b3b483ba20bd","name":"Kul","image":{"@type":"ImageObject","inLanguage":"bs-BA","@id":"https:\/\/sandzakpress.net\/arhiva\/#\/schema\/person\/image\/","url":"https:\/\/secure.gravatar.com\/avatar\/42263f39aa27ac04c43cab85c280eb2e?s=96&d=mm&r=pg","contentUrl":"https:\/\/secure.gravatar.com\/avatar\/42263f39aa27ac04c43cab85c280eb2e?s=96&d=mm&r=pg","caption":"Kul"},"logo":{"@id":"https:\/\/sandzakpress.net\/arhiva\/#\/schema\/person\/image\/"}},{"@type":"Person","@id":"","url":"https:\/\/sandzakpress.net\/arhiva\/author\/"}]}},"_links":{"self":[{"href":"https:\/\/sandzakpress.net\/arhiva\/wp-json\/wp\/v2\/posts\/65429"}],"collection":[{"href":"https:\/\/sandzakpress.net\/arhiva\/wp-json\/wp\/v2\/posts"}],"about":[{"href":"https:\/\/sandzakpress.net\/arhiva\/wp-json\/wp\/v2\/types\/post"}],"author":[{"embeddable":true,"href":"https:\/\/sandzakpress.net\/arhiva\/wp-json\/wp\/v2\/users\/16"}],"replies":[{"embeddable":true,"href":"https:\/\/sandzakpress.net\/arhiva\/wp-json\/wp\/v2\/comments?post=65429"}],"version-history":[{"count":0,"href":"https:\/\/sandzakpress.net\/arhiva\/wp-json\/wp\/v2\/posts\/65429\/revisions"}],"wp:featuredmedia":[{"embeddable":true,"href":"https:\/\/sandzakpress.net\/arhiva\/wp-json\/wp\/v2\/media\/65430"}],"wp:attachment":[{"href":"https:\/\/sandzakpress.net\/arhiva\/wp-json\/wp\/v2\/media?parent=65429"}],"wp:term":[{"taxonomy":"category","embeddable":true,"href":"https:\/\/sandzakpress.net\/arhiva\/wp-json\/wp\/v2\/categories?post=65429"},{"taxonomy":"post_tag","embeddable":true,"href":"https:\/\/sandzakpress.net\/arhiva\/wp-json\/wp\/v2\/tags?post=65429"}],"curies":[{"name":"wp","href":"https:\/\/api.w.org\/{rel}","templated":true}]}}