{"id":65409,"date":"2013-02-07T11:09:56","date_gmt":"2013-02-07T10:09:56","guid":{"rendered":"https:\/\/sandzakpress.net\/arhiva\/?p=65409"},"modified":"2013-02-07T12:17:25","modified_gmt":"2013-02-07T11:17:25","slug":"gul-ahmedinedzad-i-mursi-razgovarali-o-siriji","status":"publish","type":"post","link":"https:\/\/sandzakpress.net\/arhiva\/gul-ahmedinedzad-i-mursi-razgovarali-o-siriji\/","title":{"rendered":"Gul, Ahmedined\u017ead i Mursi razgovarali o Siriji"},"content":{"rendered":"<p><strong><a href=\"https:\/\/sandzakpress.net\/arhiva\/wp-content\/uploads\/2013\/02\/copyright_aabadoluajansi_2013_20130207111118.jpg\"><img loading=\"lazy\" decoding=\"async\" class=\"alignleft size-medium wp-image-65410\" title=\"copyright_aabadoluajansi_2013_20130207111118\" src=\"https:\/\/sandzakpress.net\/arhiva\/wp-content\/uploads\/2013\/02\/copyright_aabadoluajansi_2013_20130207111118-300x208.jpg\" alt=\"\" width=\"300\" height=\"208\" \/><\/a>Zavr\u0161en je ve\u010deras zapo\u010deti trilateralni sastanak na kojem su u\u010destvovali lideri Turske, Egipta i Irana, javlja reporter agencije Anadolija (AA).<\/strong><\/p>\n<p>Predsjednik Turske Abdullah Gul i predsjednik Irana Mahmud Ahmadined\u017ead sastali su se sa predsjednikom Egipta Muhammedom Mursijem. Sastanak je odr\u017ean na marginama Summita Organizacije islamske konferencije (OIC).<\/p>\n<p>Sastanak je trajao skoro sat, a razgovaralo se, prije svega, o pitanju Sirije. Cilj trojice lidera, kao javlja izvje\u0161ta\u010d AA, da se naprave prvi koraci ka rje\u0161enju sirijske krize. No, poslije sastanka nisu saop\u0107eni konkretni zaklju\u010dci.<\/p>\n<p>Kako saznaje agencija Anadolija, do ovog sastanka do\u0161lo je na prijedlog egipatskog predsjednika Muhameda Mursija.<\/p>\n<p>Osim predsjednika tri zemlje, na sastanku su u\u010destvovali i ministri vanjskih poslova tih zemalja.<\/p>\n<p>(Anadolu)<\/p>\n","protected":false},"excerpt":{"rendered":"<p>Zavr\u0161en je ve\u010deras zapo\u010deti trilateralni sastanak na kojem su u\u010destvovali lideri Turske, Egipta i Irana, javlja reporter agencije Anadolija (AA). Predsjednik Turske Abdullah Gul i predsjednik Irana Mahmud Ahmadined\u017ead sastali su se sa predsjednikom Egipta Muhammedom Mursijem. Sastanak je odr\u017ean na marginama Summita Organizacije islamske konferencije (OIC). Sastanak je trajao skoro sat, a razgovaralo se, [&hellip;]<\/p>\n","protected":false},"author":83,"featured_media":65410,"comment_status":"open","ping_status":"open","sticky":false,"template":"","format":"standard","meta":{"footnotes":""},"categories":[9,8957,2692],"tags":[],"class_list":{"0":"post-65409","1":"post","2":"type-post","3":"status-publish","4":"format-standard","5":"has-post-thumbnail","7":"category-svijet","8":"category-vijesti-dana","9":"category-turska-gradovi"},"yoast_head":"<!-- This site is optimized with the Yoast SEO Premium plugin v23.1 (Yoast SEO v24.9) - https:\/\/yoast.com\/wordpress\/plugins\/seo\/ -->\n<title>Gul, Ahmedined\u017ead i Mursi razgovarali o Siriji<\/title>\n<meta name=\"robots\" content=\"index, follow, max-snippet:-1, max-image-preview:large, max-video-preview:-1\" \/>\n<link rel=\"canonical\" href=\"https:\/\/sandzakpress.net\/arhiva\/gul-ahmedinedzad-i-mursi-razgovarali-o-siriji\/\" \/>\n<meta property=\"og:locale\" content=\"bs_BA\" \/>\n<meta property=\"og:type\" content=\"article\" \/>\n<meta property=\"og:title\" content=\"Gul, Ahmedined\u017ead i Mursi razgovarali o Siriji\" \/>\n<meta property=\"og:description\" content=\"Zavr\u0161en je ve\u010deras zapo\u010deti trilateralni sastanak na kojem su u\u010destvovali lideri Turske, Egipta i Irana, javlja reporter agencije Anadolija (AA). Predsjednik Turske Abdullah Gul i predsjednik Irana Mahmud Ahmadined\u017ead sastali su se sa predsjednikom Egipta Muhammedom Mursijem. Sastanak je odr\u017ean na marginama Summita Organizacije islamske konferencije (OIC). Sastanak je trajao skoro sat, a razgovaralo se, [&hellip;]\" \/>\n<meta property=\"og:url\" content=\"https:\/\/sandzakpress.net\/arhiva\/gul-ahmedinedzad-i-mursi-razgovarali-o-siriji\/\" \/>\n<meta property=\"og:site_name\" content=\"Sand\u017eak PRESS\" \/>\n<meta property=\"article:published_time\" content=\"2013-02-07T10:09:56+00:00\" \/>\n<meta property=\"article:modified_time\" content=\"2013-02-07T11:17:25+00:00\" \/>\n<meta property=\"og:image\" content=\"https:\/\/sandzakpress.net\/arhiva\/wp-content\/uploads\/2013\/02\/copyright_aabadoluajansi_2013_20130207111118.jpg\" \/>\n\t<meta property=\"og:image:width\" content=\"609\" \/>\n\t<meta property=\"og:image:height\" content=\"424\" \/>\n\t<meta property=\"og:image:type\" content=\"image\/jpeg\" \/>\n<meta name=\"author\" content=\"bosniak\" \/>\n<meta name=\"twitter:card\" content=\"summary_large_image\" \/>\n<meta name=\"twitter:label1\" content=\"Written by\" \/>\n\t<meta name=\"twitter:data1\" content=\"bosniak\" \/>\n\t<meta name=\"twitter:label2\" content=\"Est. reading time\" \/>\n\t<meta name=\"twitter:data2\" content=\"1 minuta\" \/>\n<script type=\"application\/ld+json\" class=\"yoast-schema-graph\">{\"@context\":\"https:\/\/schema.org\",\"@graph\":[{\"@type\":\"Article\",\"@id\":\"https:\/\/sandzakpress.net\/arhiva\/gul-ahmedinedzad-i-mursi-razgovarali-o-siriji\/#article\",\"isPartOf\":{\"@id\":\"https:\/\/sandzakpress.net\/arhiva\/gul-ahmedinedzad-i-mursi-razgovarali-o-siriji\/\"},\"author\":{\"name\":\"bosniak\",\"@id\":\"https:\/\/sandzakpress.net\/arhiva\/#\/schema\/person\/c8baee722073534b583ea7bdb2e36c02\"},\"headline\":\"Gul, Ahmedined\u017ead i Mursi razgovarali o Siriji\",\"datePublished\":\"2013-02-07T10:09:56+00:00\",\"dateModified\":\"2013-02-07T11:17:25+00:00\",\"mainEntityOfPage\":{\"@id\":\"https:\/\/sandzakpress.net\/arhiva\/gul-ahmedinedzad-i-mursi-razgovarali-o-siriji\/\"},\"wordCount\":133,\"commentCount\":0,\"publisher\":{\"@id\":\"https:\/\/sandzakpress.net\/arhiva\/#\/schema\/person\/6e72b67d6e51910a1117b3b483ba20bd\"},\"image\":{\"@id\":\"https:\/\/sandzakpress.net\/arhiva\/gul-ahmedinedzad-i-mursi-razgovarali-o-siriji\/#primaryimage\"},\"thumbnailUrl\":\"https:\/\/sandzakpress.net\/arhiva\/wp-content\/uploads\/2013\/02\/copyright_aabadoluajansi_2013_20130207111118.jpg\",\"articleSection\":[\"Svijet\",\"VIJESTI DANA\",\"Turska\"],\"inLanguage\":\"bs-BA\",\"potentialAction\":[{\"@type\":\"CommentAction\",\"name\":\"Comment\",\"target\":[\"https:\/\/sandzakpress.net\/arhiva\/gul-ahmedinedzad-i-mursi-razgovarali-o-siriji\/#respond\"]}]},{\"@type\":\"WebPage\",\"@id\":\"https:\/\/sandzakpress.net\/arhiva\/gul-ahmedinedzad-i-mursi-razgovarali-o-siriji\/\",\"url\":\"https:\/\/sandzakpress.net\/arhiva\/gul-ahmedinedzad-i-mursi-razgovarali-o-siriji\/\",\"name\":\"Gul, Ahmedined\u017ead i Mursi razgovarali o Siriji\",\"isPartOf\":{\"@id\":\"https:\/\/sandzakpress.net\/arhiva\/#website\"},\"primaryImageOfPage\":{\"@id\":\"https:\/\/sandzakpress.net\/arhiva\/gul-ahmedinedzad-i-mursi-razgovarali-o-siriji\/#primaryimage\"},\"image\":{\"@id\":\"https:\/\/sandzakpress.net\/arhiva\/gul-ahmedinedzad-i-mursi-razgovarali-o-siriji\/#primaryimage\"},\"thumbnailUrl\":\"https:\/\/sandzakpress.net\/arhiva\/wp-content\/uploads\/2013\/02\/copyright_aabadoluajansi_2013_20130207111118.jpg\",\"datePublished\":\"2013-02-07T10:09:56+00:00\",\"dateModified\":\"2013-02-07T11:17:25+00:00\",\"breadcrumb\":{\"@id\":\"https:\/\/sandzakpress.net\/arhiva\/gul-ahmedinedzad-i-mursi-razgovarali-o-siriji\/#breadcrumb\"},\"inLanguage\":\"bs-BA\",\"potentialAction\":[{\"@type\":\"ReadAction\",\"target\":[\"https:\/\/sandzakpress.net\/arhiva\/gul-ahmedinedzad-i-mursi-razgovarali-o-siriji\/\"]}]},{\"@type\":\"ImageObject\",\"inLanguage\":\"bs-BA\",\"@id\":\"https:\/\/sandzakpress.net\/arhiva\/gul-ahmedinedzad-i-mursi-razgovarali-o-siriji\/#primaryimage\",\"url\":\"https:\/\/sandzakpress.net\/arhiva\/wp-content\/uploads\/2013\/02\/copyright_aabadoluajansi_2013_20130207111118.jpg\",\"contentUrl\":\"https:\/\/sandzakpress.net\/arhiva\/wp-content\/uploads\/2013\/02\/copyright_aabadoluajansi_2013_20130207111118.jpg\",\"width\":609,\"height\":424},{\"@type\":\"BreadcrumbList\",\"@id\":\"https:\/\/sandzakpress.net\/arhiva\/gul-ahmedinedzad-i-mursi-razgovarali-o-siriji\/#breadcrumb\",\"itemListElement\":[{\"@type\":\"ListItem\",\"position\":1,\"name\":\"Home\",\"item\":\"https:\/\/sandzakpress.net\/arhiva\/\"},{\"@type\":\"ListItem\",\"position\":2,\"name\":\"Gul, Ahmedined\u017ead i Mursi razgovarali o Siriji\"}]},{\"@type\":\"WebSite\",\"@id\":\"https:\/\/sandzakpress.net\/arhiva\/#website\",\"url\":\"https:\/\/sandzakpress.net\/arhiva\/\",\"name\":\"Sand\u017eak PRESS\",\"description\":\"Prve elektronske novine u Sand\u017eaku\",\"publisher\":{\"@id\":\"https:\/\/sandzakpress.net\/arhiva\/#\/schema\/person\/6e72b67d6e51910a1117b3b483ba20bd\"},\"potentialAction\":[{\"@type\":\"SearchAction\",\"target\":{\"@type\":\"EntryPoint\",\"urlTemplate\":\"https:\/\/sandzakpress.net\/arhiva\/?s={search_term_string}\"},\"query-input\":{\"@type\":\"PropertyValueSpecification\",\"valueRequired\":true,\"valueName\":\"search_term_string\"}}],\"inLanguage\":\"bs-BA\"},{\"@type\":[\"Person\",\"Organization\"],\"@id\":\"https:\/\/sandzakpress.net\/arhiva\/#\/schema\/person\/6e72b67d6e51910a1117b3b483ba20bd\",\"name\":\"Kul\",\"image\":{\"@type\":\"ImageObject\",\"inLanguage\":\"bs-BA\",\"@id\":\"https:\/\/sandzakpress.net\/arhiva\/#\/schema\/person\/image\/\",\"url\":\"https:\/\/secure.gravatar.com\/avatar\/42263f39aa27ac04c43cab85c280eb2e?s=96&d=mm&r=pg\",\"contentUrl\":\"https:\/\/secure.gravatar.com\/avatar\/42263f39aa27ac04c43cab85c280eb2e?s=96&d=mm&r=pg\",\"caption\":\"Kul\"},\"logo\":{\"@id\":\"https:\/\/sandzakpress.net\/arhiva\/#\/schema\/person\/image\/\"}},{\"@type\":\"Person\",\"@id\":\"https:\/\/sandzakpress.net\/arhiva\/#\/schema\/person\/c8baee722073534b583ea7bdb2e36c02\",\"name\":\"bosniak\",\"image\":{\"@type\":\"ImageObject\",\"inLanguage\":\"bs-BA\",\"@id\":\"https:\/\/sandzakpress.net\/arhiva\/#\/schema\/person\/image\/\",\"url\":\"https:\/\/secure.gravatar.com\/avatar\/a04fd330bfe3a36a72a0ad4a6d89fca7?s=96&d=mm&r=pg\",\"contentUrl\":\"https:\/\/secure.gravatar.com\/avatar\/a04fd330bfe3a36a72a0ad4a6d89fca7?s=96&d=mm&r=pg\",\"caption\":\"bosniak\"},\"url\":\"https:\/\/sandzakpress.net\/arhiva\/author\/bosniak\/\"}]}<\/script>\n<!-- \/ Yoast SEO Premium plugin. -->","yoast_head_json":{"title":"Gul, Ahmedined\u017ead i Mursi razgovarali o Siriji","robots":{"index":"index","follow":"follow","max-snippet":"max-snippet:-1","max-image-preview":"max-image-preview:large","max-video-preview":"max-video-preview:-1"},"canonical":"https:\/\/sandzakpress.net\/arhiva\/gul-ahmedinedzad-i-mursi-razgovarali-o-siriji\/","og_locale":"bs_BA","og_type":"article","og_title":"Gul, Ahmedined\u017ead i Mursi razgovarali o Siriji","og_description":"Zavr\u0161en je ve\u010deras zapo\u010deti trilateralni sastanak na kojem su u\u010destvovali lideri Turske, Egipta i Irana, javlja reporter agencije Anadolija (AA). Predsjednik Turske Abdullah Gul i predsjednik Irana Mahmud Ahmadined\u017ead sastali su se sa predsjednikom Egipta Muhammedom Mursijem. Sastanak je odr\u017ean na marginama Summita Organizacije islamske konferencije (OIC). Sastanak je trajao skoro sat, a razgovaralo se, [&hellip;]","og_url":"https:\/\/sandzakpress.net\/arhiva\/gul-ahmedinedzad-i-mursi-razgovarali-o-siriji\/","og_site_name":"Sand\u017eak PRESS","article_published_time":"2013-02-07T10:09:56+00:00","article_modified_time":"2013-02-07T11:17:25+00:00","og_image":[{"width":609,"height":424,"url":"https:\/\/sandzakpress.net\/arhiva\/wp-content\/uploads\/2013\/02\/copyright_aabadoluajansi_2013_20130207111118.jpg","type":"image\/jpeg"}],"author":"bosniak","twitter_card":"summary_large_image","twitter_misc":{"Written by":"bosniak","Est. reading time":"1 minuta"},"schema":{"@context":"https:\/\/schema.org","@graph":[{"@type":"Article","@id":"https:\/\/sandzakpress.net\/arhiva\/gul-ahmedinedzad-i-mursi-razgovarali-o-siriji\/#article","isPartOf":{"@id":"https:\/\/sandzakpress.net\/arhiva\/gul-ahmedinedzad-i-mursi-razgovarali-o-siriji\/"},"author":{"name":"bosniak","@id":"https:\/\/sandzakpress.net\/arhiva\/#\/schema\/person\/c8baee722073534b583ea7bdb2e36c02"},"headline":"Gul, Ahmedined\u017ead i Mursi razgovarali o Siriji","datePublished":"2013-02-07T10:09:56+00:00","dateModified":"2013-02-07T11:17:25+00:00","mainEntityOfPage":{"@id":"https:\/\/sandzakpress.net\/arhiva\/gul-ahmedinedzad-i-mursi-razgovarali-o-siriji\/"},"wordCount":133,"commentCount":0,"publisher":{"@id":"https:\/\/sandzakpress.net\/arhiva\/#\/schema\/person\/6e72b67d6e51910a1117b3b483ba20bd"},"image":{"@id":"https:\/\/sandzakpress.net\/arhiva\/gul-ahmedinedzad-i-mursi-razgovarali-o-siriji\/#primaryimage"},"thumbnailUrl":"https:\/\/sandzakpress.net\/arhiva\/wp-content\/uploads\/2013\/02\/copyright_aabadoluajansi_2013_20130207111118.jpg","articleSection":["Svijet","VIJESTI DANA","Turska"],"inLanguage":"bs-BA","potentialAction":[{"@type":"CommentAction","name":"Comment","target":["https:\/\/sandzakpress.net\/arhiva\/gul-ahmedinedzad-i-mursi-razgovarali-o-siriji\/#respond"]}]},{"@type":"WebPage","@id":"https:\/\/sandzakpress.net\/arhiva\/gul-ahmedinedzad-i-mursi-razgovarali-o-siriji\/","url":"https:\/\/sandzakpress.net\/arhiva\/gul-ahmedinedzad-i-mursi-razgovarali-o-siriji\/","name":"Gul, Ahmedined\u017ead i Mursi razgovarali o Siriji","isPartOf":{"@id":"https:\/\/sandzakpress.net\/arhiva\/#website"},"primaryImageOfPage":{"@id":"https:\/\/sandzakpress.net\/arhiva\/gul-ahmedinedzad-i-mursi-razgovarali-o-siriji\/#primaryimage"},"image":{"@id":"https:\/\/sandzakpress.net\/arhiva\/gul-ahmedinedzad-i-mursi-razgovarali-o-siriji\/#primaryimage"},"thumbnailUrl":"https:\/\/sandzakpress.net\/arhiva\/wp-content\/uploads\/2013\/02\/copyright_aabadoluajansi_2013_20130207111118.jpg","datePublished":"2013-02-07T10:09:56+00:00","dateModified":"2013-02-07T11:17:25+00:00","breadcrumb":{"@id":"https:\/\/sandzakpress.net\/arhiva\/gul-ahmedinedzad-i-mursi-razgovarali-o-siriji\/#breadcrumb"},"inLanguage":"bs-BA","potentialAction":[{"@type":"ReadAction","target":["https:\/\/sandzakpress.net\/arhiva\/gul-ahmedinedzad-i-mursi-razgovarali-o-siriji\/"]}]},{"@type":"ImageObject","inLanguage":"bs-BA","@id":"https:\/\/sandzakpress.net\/arhiva\/gul-ahmedinedzad-i-mursi-razgovarali-o-siriji\/#primaryimage","url":"https:\/\/sandzakpress.net\/arhiva\/wp-content\/uploads\/2013\/02\/copyright_aabadoluajansi_2013_20130207111118.jpg","contentUrl":"https:\/\/sandzakpress.net\/arhiva\/wp-content\/uploads\/2013\/02\/copyright_aabadoluajansi_2013_20130207111118.jpg","width":609,"height":424},{"@type":"BreadcrumbList","@id":"https:\/\/sandzakpress.net\/arhiva\/gul-ahmedinedzad-i-mursi-razgovarali-o-siriji\/#breadcrumb","itemListElement":[{"@type":"ListItem","position":1,"name":"Home","item":"https:\/\/sandzakpress.net\/arhiva\/"},{"@type":"ListItem","position":2,"name":"Gul, Ahmedined\u017ead i Mursi razgovarali o Siriji"}]},{"@type":"WebSite","@id":"https:\/\/sandzakpress.net\/arhiva\/#website","url":"https:\/\/sandzakpress.net\/arhiva\/","name":"Sand\u017eak PRESS","description":"Prve elektronske novine u Sand\u017eaku","publisher":{"@id":"https:\/\/sandzakpress.net\/arhiva\/#\/schema\/person\/6e72b67d6e51910a1117b3b483ba20bd"},"potentialAction":[{"@type":"SearchAction","target":{"@type":"EntryPoint","urlTemplate":"https:\/\/sandzakpress.net\/arhiva\/?s={search_term_string}"},"query-input":{"@type":"PropertyValueSpecification","valueRequired":true,"valueName":"search_term_string"}}],"inLanguage":"bs-BA"},{"@type":["Person","Organization"],"@id":"https:\/\/sandzakpress.net\/arhiva\/#\/schema\/person\/6e72b67d6e51910a1117b3b483ba20bd","name":"Kul","image":{"@type":"ImageObject","inLanguage":"bs-BA","@id":"https:\/\/sandzakpress.net\/arhiva\/#\/schema\/person\/image\/","url":"https:\/\/secure.gravatar.com\/avatar\/42263f39aa27ac04c43cab85c280eb2e?s=96&d=mm&r=pg","contentUrl":"https:\/\/secure.gravatar.com\/avatar\/42263f39aa27ac04c43cab85c280eb2e?s=96&d=mm&r=pg","caption":"Kul"},"logo":{"@id":"https:\/\/sandzakpress.net\/arhiva\/#\/schema\/person\/image\/"}},{"@type":"Person","@id":"https:\/\/sandzakpress.net\/arhiva\/#\/schema\/person\/c8baee722073534b583ea7bdb2e36c02","name":"bosniak","image":{"@type":"ImageObject","inLanguage":"bs-BA","@id":"https:\/\/sandzakpress.net\/arhiva\/#\/schema\/person\/image\/","url":"https:\/\/secure.gravatar.com\/avatar\/a04fd330bfe3a36a72a0ad4a6d89fca7?s=96&d=mm&r=pg","contentUrl":"https:\/\/secure.gravatar.com\/avatar\/a04fd330bfe3a36a72a0ad4a6d89fca7?s=96&d=mm&r=pg","caption":"bosniak"},"url":"https:\/\/sandzakpress.net\/arhiva\/author\/bosniak\/"}]}},"_links":{"self":[{"href":"https:\/\/sandzakpress.net\/arhiva\/wp-json\/wp\/v2\/posts\/65409"}],"collection":[{"href":"https:\/\/sandzakpress.net\/arhiva\/wp-json\/wp\/v2\/posts"}],"about":[{"href":"https:\/\/sandzakpress.net\/arhiva\/wp-json\/wp\/v2\/types\/post"}],"author":[{"embeddable":true,"href":"https:\/\/sandzakpress.net\/arhiva\/wp-json\/wp\/v2\/users\/83"}],"replies":[{"embeddable":true,"href":"https:\/\/sandzakpress.net\/arhiva\/wp-json\/wp\/v2\/comments?post=65409"}],"version-history":[{"count":0,"href":"https:\/\/sandzakpress.net\/arhiva\/wp-json\/wp\/v2\/posts\/65409\/revisions"}],"wp:featuredmedia":[{"embeddable":true,"href":"https:\/\/sandzakpress.net\/arhiva\/wp-json\/wp\/v2\/media\/65410"}],"wp:attachment":[{"href":"https:\/\/sandzakpress.net\/arhiva\/wp-json\/wp\/v2\/media?parent=65409"}],"wp:term":[{"taxonomy":"category","embeddable":true,"href":"https:\/\/sandzakpress.net\/arhiva\/wp-json\/wp\/v2\/categories?post=65409"},{"taxonomy":"post_tag","embeddable":true,"href":"https:\/\/sandzakpress.net\/arhiva\/wp-json\/wp\/v2\/tags?post=65409"}],"curies":[{"name":"wp","href":"https:\/\/api.w.org\/{rel}","templated":true}]}}