{"id":6531,"date":"2010-07-18T21:07:05","date_gmt":"2010-07-18T21:07:05","guid":{"rendered":"https:\/\/sandzakpress.net\/arhiva\/?p=6531"},"modified":"2010-07-18T21:14:35","modified_gmt":"2010-07-18T21:14:35","slug":"popis-bosnjaka-u-crnoj-gori-2011","status":"publish","type":"post","link":"https:\/\/sandzakpress.net\/arhiva\/popis-bosnjaka-u-crnoj-gori-2011\/","title":{"rendered":"Popis Bo\u0161njaka u Crnoj Gori 2011."},"content":{"rendered":"<p><strong><a href=\"https:\/\/sandzakpress.net\/arhiva\/wp-content\/uploads\/2010\/07\/sandzak-2.jpg\"><img loading=\"lazy\" decoding=\"async\" class=\"alignleft size-medium wp-image-6532\" title=\"sandzak (2)\" src=\"https:\/\/sandzakpress.net\/arhiva\/wp-content\/uploads\/2010\/07\/sandzak-2-300x225.jpg\" alt=\"\" width=\"300\" height=\"225\" \/><\/a>Ju\u017eni Sand\u017eak &#8211; U organizaciji Bo\u0161nja\u010dkog nacionalnog savjeta u Crnoj Gori, u okviru &#8220;Sehare bo\u0161nja\u010dke kulture u Plavu&#8221;, dana 18.07.2010., odr\u017ean je okrugli sto na temu: Popis Bo\u0161njaka u Crnoj gori 2011.<\/strong><\/p>\n<p>Na skupu su govorili prof. dr. \u0160erbo Rastoder, predsjednik Savjeta, Ervin Spahi\u0107, narodni poslanik u parlamentu Crne Gore, kao i brojni drugi predstavnici bo\u0161nja\u010dkih institucija i organizacija iz Crne Gore, Makedonije, Evrope i Sjeverne Amerike.<br \/>\nU radu okruglog stola, na poziv organizatora, u\u010de\u0161\u0107e je uzeo i prof. dr. Admir Muratovi\u0107, dekan Fakulteta humanisti\u010dkih nauka na Internacionalnom univerzitetu u Novom Pazaru.<\/p>\n<p>Dekan Muratovi\u0107\u00a0 je ukazao na va\u017enost predstoje\u0107eg popisa u Crnoj Gori, i potrebu da se Bo\u0161njaci masovno odazovu i izjasne u skladu sa njihovim nacionalnim imenom.<\/p>\n<p>\u201ePostoji jasna podudarnost izme\u0111u politika Srbije i Crne Gore, da politikom proizvodnje paralelizma ometu ili makar uspore ostvarivanje ustavima garantovanih nacionalnih i vjerskih prava Bo\u0161njaka Sand\u017eaka\u201c \u2013 kazao je dr. Muratovi\u0107.<\/p>\n<p>Izvor: <strong>BKZ.rs<\/strong><\/p>\n","protected":false},"excerpt":{"rendered":"<p>Ju\u017eni Sand\u017eak &#8211; U organizaciji Bo\u0161nja\u010dkog nacionalnog savjeta u Crnoj Gori, u okviru &#8220;Sehare bo\u0161nja\u010dke kulture u Plavu&#8221;, dana 18.07.2010., odr\u017ean je okrugli sto na temu: Popis Bo\u0161njaka u Crnoj gori 2011. Na skupu su govorili prof. dr. \u0160erbo Rastoder, predsjednik Savjeta, Ervin Spahi\u0107, narodni poslanik u parlamentu Crne Gore, kao i brojni drugi predstavnici [&hellip;]<\/p>\n","protected":false},"author":83,"featured_media":6532,"comment_status":"open","ping_status":"open","sticky":false,"template":"","format":"standard","meta":{"footnotes":""},"categories":[398,800,397,396,395,399],"tags":[],"class_list":{"0":"post-6531","1":"post","2":"type-post","3":"status-publish","4":"format-standard","5":"has-post-thumbnail","7":"category-rozaje","8":"category-nacija","9":"category-berane","10":"category-bijelo_polje","11":"category-pljevlja_","12":"category-plav_"},"yoast_head":"<!-- This site is optimized with the Yoast SEO Premium plugin v23.1 (Yoast SEO v24.9) - https:\/\/yoast.com\/wordpress\/plugins\/seo\/ -->\n<title>Popis Bo\u0161njaka u Crnoj Gori 2011.<\/title>\n<meta name=\"robots\" content=\"index, follow, max-snippet:-1, max-image-preview:large, max-video-preview:-1\" \/>\n<link rel=\"canonical\" href=\"https:\/\/sandzakpress.net\/arhiva\/popis-bosnjaka-u-crnoj-gori-2011\/\" \/>\n<meta property=\"og:locale\" content=\"bs_BA\" \/>\n<meta property=\"og:type\" content=\"article\" \/>\n<meta property=\"og:title\" content=\"Popis Bo\u0161njaka u Crnoj Gori 2011.\" \/>\n<meta property=\"og:description\" content=\"Ju\u017eni Sand\u017eak &#8211; U organizaciji Bo\u0161nja\u010dkog nacionalnog savjeta u Crnoj Gori, u okviru &#8220;Sehare bo\u0161nja\u010dke kulture u Plavu&#8221;, dana 18.07.2010., odr\u017ean je okrugli sto na temu: Popis Bo\u0161njaka u Crnoj gori 2011. Na skupu su govorili prof. dr. \u0160erbo Rastoder, predsjednik Savjeta, Ervin Spahi\u0107, narodni poslanik u parlamentu Crne Gore, kao i brojni drugi predstavnici [&hellip;]\" \/>\n<meta property=\"og:url\" content=\"https:\/\/sandzakpress.net\/arhiva\/popis-bosnjaka-u-crnoj-gori-2011\/\" \/>\n<meta property=\"og:site_name\" content=\"Sand\u017eak PRESS\" \/>\n<meta property=\"article:published_time\" content=\"2010-07-18T21:07:05+00:00\" \/>\n<meta property=\"article:modified_time\" content=\"2010-07-18T21:14:35+00:00\" \/>\n<meta property=\"og:image\" content=\"https:\/\/sandzakpress.net\/arhiva\/wp-content\/uploads\/2010\/07\/sandzak-2.jpg\" \/>\n\t<meta property=\"og:image:width\" content=\"616\" \/>\n\t<meta property=\"og:image:height\" content=\"463\" \/>\n\t<meta property=\"og:image:type\" content=\"image\/jpeg\" \/>\n<meta name=\"author\" content=\"bosniak\" \/>\n<meta name=\"twitter:card\" content=\"summary_large_image\" \/>\n<meta name=\"twitter:label1\" content=\"Written by\" \/>\n\t<meta name=\"twitter:data1\" content=\"bosniak\" \/>\n\t<meta name=\"twitter:label2\" content=\"Est. reading time\" \/>\n\t<meta name=\"twitter:data2\" content=\"1 minuta\" \/>\n<script type=\"application\/ld+json\" class=\"yoast-schema-graph\">{\"@context\":\"https:\/\/schema.org\",\"@graph\":[{\"@type\":\"Article\",\"@id\":\"https:\/\/sandzakpress.net\/arhiva\/popis-bosnjaka-u-crnoj-gori-2011\/#article\",\"isPartOf\":{\"@id\":\"https:\/\/sandzakpress.net\/arhiva\/popis-bosnjaka-u-crnoj-gori-2011\/\"},\"author\":{\"name\":\"bosniak\",\"@id\":\"https:\/\/sandzakpress.net\/arhiva\/#\/schema\/person\/c8baee722073534b583ea7bdb2e36c02\"},\"headline\":\"Popis Bo\u0161njaka u Crnoj Gori 2011.\",\"datePublished\":\"2010-07-18T21:07:05+00:00\",\"dateModified\":\"2010-07-18T21:14:35+00:00\",\"mainEntityOfPage\":{\"@id\":\"https:\/\/sandzakpress.net\/arhiva\/popis-bosnjaka-u-crnoj-gori-2011\/\"},\"wordCount\":174,\"commentCount\":2,\"publisher\":{\"@id\":\"https:\/\/sandzakpress.net\/arhiva\/#\/schema\/person\/6e72b67d6e51910a1117b3b483ba20bd\"},\"image\":{\"@id\":\"https:\/\/sandzakpress.net\/arhiva\/popis-bosnjaka-u-crnoj-gori-2011\/#primaryimage\"},\"thumbnailUrl\":\"https:\/\/sandzakpress.net\/arhiva\/wp-content\/uploads\/2010\/07\/sandzak-2.jpg\",\"articleSection\":[\"Ro\u017eaje\",\"Nacija\",\"Berane\",\"Bijelo Polje\",\"Pljevlja\",\"Plav\"],\"inLanguage\":\"bs-BA\",\"potentialAction\":[{\"@type\":\"CommentAction\",\"name\":\"Comment\",\"target\":[\"https:\/\/sandzakpress.net\/arhiva\/popis-bosnjaka-u-crnoj-gori-2011\/#respond\"]}]},{\"@type\":\"WebPage\",\"@id\":\"https:\/\/sandzakpress.net\/arhiva\/popis-bosnjaka-u-crnoj-gori-2011\/\",\"url\":\"https:\/\/sandzakpress.net\/arhiva\/popis-bosnjaka-u-crnoj-gori-2011\/\",\"name\":\"Popis Bo\u0161njaka u Crnoj Gori 2011.\",\"isPartOf\":{\"@id\":\"https:\/\/sandzakpress.net\/arhiva\/#website\"},\"primaryImageOfPage\":{\"@id\":\"https:\/\/sandzakpress.net\/arhiva\/popis-bosnjaka-u-crnoj-gori-2011\/#primaryimage\"},\"image\":{\"@id\":\"https:\/\/sandzakpress.net\/arhiva\/popis-bosnjaka-u-crnoj-gori-2011\/#primaryimage\"},\"thumbnailUrl\":\"https:\/\/sandzakpress.net\/arhiva\/wp-content\/uploads\/2010\/07\/sandzak-2.jpg\",\"datePublished\":\"2010-07-18T21:07:05+00:00\",\"dateModified\":\"2010-07-18T21:14:35+00:00\",\"breadcrumb\":{\"@id\":\"https:\/\/sandzakpress.net\/arhiva\/popis-bosnjaka-u-crnoj-gori-2011\/#breadcrumb\"},\"inLanguage\":\"bs-BA\",\"potentialAction\":[{\"@type\":\"ReadAction\",\"target\":[\"https:\/\/sandzakpress.net\/arhiva\/popis-bosnjaka-u-crnoj-gori-2011\/\"]}]},{\"@type\":\"ImageObject\",\"inLanguage\":\"bs-BA\",\"@id\":\"https:\/\/sandzakpress.net\/arhiva\/popis-bosnjaka-u-crnoj-gori-2011\/#primaryimage\",\"url\":\"https:\/\/sandzakpress.net\/arhiva\/wp-content\/uploads\/2010\/07\/sandzak-2.jpg\",\"contentUrl\":\"https:\/\/sandzakpress.net\/arhiva\/wp-content\/uploads\/2010\/07\/sandzak-2.jpg\",\"width\":616,\"height\":463},{\"@type\":\"BreadcrumbList\",\"@id\":\"https:\/\/sandzakpress.net\/arhiva\/popis-bosnjaka-u-crnoj-gori-2011\/#breadcrumb\",\"itemListElement\":[{\"@type\":\"ListItem\",\"position\":1,\"name\":\"Home\",\"item\":\"https:\/\/sandzakpress.net\/arhiva\/\"},{\"@type\":\"ListItem\",\"position\":2,\"name\":\"Popis Bo\u0161njaka u Crnoj Gori 2011.\"}]},{\"@type\":\"WebSite\",\"@id\":\"https:\/\/sandzakpress.net\/arhiva\/#website\",\"url\":\"https:\/\/sandzakpress.net\/arhiva\/\",\"name\":\"Sand\u017eak PRESS\",\"description\":\"Prve elektronske novine u Sand\u017eaku\",\"publisher\":{\"@id\":\"https:\/\/sandzakpress.net\/arhiva\/#\/schema\/person\/6e72b67d6e51910a1117b3b483ba20bd\"},\"potentialAction\":[{\"@type\":\"SearchAction\",\"target\":{\"@type\":\"EntryPoint\",\"urlTemplate\":\"https:\/\/sandzakpress.net\/arhiva\/?s={search_term_string}\"},\"query-input\":{\"@type\":\"PropertyValueSpecification\",\"valueRequired\":true,\"valueName\":\"search_term_string\"}}],\"inLanguage\":\"bs-BA\"},{\"@type\":[\"Person\",\"Organization\"],\"@id\":\"https:\/\/sandzakpress.net\/arhiva\/#\/schema\/person\/6e72b67d6e51910a1117b3b483ba20bd\",\"name\":\"Kul\",\"image\":{\"@type\":\"ImageObject\",\"inLanguage\":\"bs-BA\",\"@id\":\"https:\/\/sandzakpress.net\/arhiva\/#\/schema\/person\/image\/\",\"url\":\"https:\/\/secure.gravatar.com\/avatar\/42263f39aa27ac04c43cab85c280eb2e?s=96&d=mm&r=pg\",\"contentUrl\":\"https:\/\/secure.gravatar.com\/avatar\/42263f39aa27ac04c43cab85c280eb2e?s=96&d=mm&r=pg\",\"caption\":\"Kul\"},\"logo\":{\"@id\":\"https:\/\/sandzakpress.net\/arhiva\/#\/schema\/person\/image\/\"}},{\"@type\":\"Person\",\"@id\":\"https:\/\/sandzakpress.net\/arhiva\/#\/schema\/person\/c8baee722073534b583ea7bdb2e36c02\",\"name\":\"bosniak\",\"image\":{\"@type\":\"ImageObject\",\"inLanguage\":\"bs-BA\",\"@id\":\"https:\/\/sandzakpress.net\/arhiva\/#\/schema\/person\/image\/\",\"url\":\"https:\/\/secure.gravatar.com\/avatar\/a04fd330bfe3a36a72a0ad4a6d89fca7?s=96&d=mm&r=pg\",\"contentUrl\":\"https:\/\/secure.gravatar.com\/avatar\/a04fd330bfe3a36a72a0ad4a6d89fca7?s=96&d=mm&r=pg\",\"caption\":\"bosniak\"},\"url\":\"https:\/\/sandzakpress.net\/arhiva\/author\/bosniak\/\"}]}<\/script>\n<!-- \/ Yoast SEO Premium plugin. -->","yoast_head_json":{"title":"Popis Bo\u0161njaka u Crnoj Gori 2011.","robots":{"index":"index","follow":"follow","max-snippet":"max-snippet:-1","max-image-preview":"max-image-preview:large","max-video-preview":"max-video-preview:-1"},"canonical":"https:\/\/sandzakpress.net\/arhiva\/popis-bosnjaka-u-crnoj-gori-2011\/","og_locale":"bs_BA","og_type":"article","og_title":"Popis Bo\u0161njaka u Crnoj Gori 2011.","og_description":"Ju\u017eni Sand\u017eak &#8211; U organizaciji Bo\u0161nja\u010dkog nacionalnog savjeta u Crnoj Gori, u okviru &#8220;Sehare bo\u0161nja\u010dke kulture u Plavu&#8221;, dana 18.07.2010., odr\u017ean je okrugli sto na temu: Popis Bo\u0161njaka u Crnoj gori 2011. Na skupu su govorili prof. dr. \u0160erbo Rastoder, predsjednik Savjeta, Ervin Spahi\u0107, narodni poslanik u parlamentu Crne Gore, kao i brojni drugi predstavnici [&hellip;]","og_url":"https:\/\/sandzakpress.net\/arhiva\/popis-bosnjaka-u-crnoj-gori-2011\/","og_site_name":"Sand\u017eak PRESS","article_published_time":"2010-07-18T21:07:05+00:00","article_modified_time":"2010-07-18T21:14:35+00:00","og_image":[{"width":616,"height":463,"url":"https:\/\/sandzakpress.net\/arhiva\/wp-content\/uploads\/2010\/07\/sandzak-2.jpg","type":"image\/jpeg"}],"author":"bosniak","twitter_card":"summary_large_image","twitter_misc":{"Written by":"bosniak","Est. reading time":"1 minuta"},"schema":{"@context":"https:\/\/schema.org","@graph":[{"@type":"Article","@id":"https:\/\/sandzakpress.net\/arhiva\/popis-bosnjaka-u-crnoj-gori-2011\/#article","isPartOf":{"@id":"https:\/\/sandzakpress.net\/arhiva\/popis-bosnjaka-u-crnoj-gori-2011\/"},"author":{"name":"bosniak","@id":"https:\/\/sandzakpress.net\/arhiva\/#\/schema\/person\/c8baee722073534b583ea7bdb2e36c02"},"headline":"Popis Bo\u0161njaka u Crnoj Gori 2011.","datePublished":"2010-07-18T21:07:05+00:00","dateModified":"2010-07-18T21:14:35+00:00","mainEntityOfPage":{"@id":"https:\/\/sandzakpress.net\/arhiva\/popis-bosnjaka-u-crnoj-gori-2011\/"},"wordCount":174,"commentCount":2,"publisher":{"@id":"https:\/\/sandzakpress.net\/arhiva\/#\/schema\/person\/6e72b67d6e51910a1117b3b483ba20bd"},"image":{"@id":"https:\/\/sandzakpress.net\/arhiva\/popis-bosnjaka-u-crnoj-gori-2011\/#primaryimage"},"thumbnailUrl":"https:\/\/sandzakpress.net\/arhiva\/wp-content\/uploads\/2010\/07\/sandzak-2.jpg","articleSection":["Ro\u017eaje","Nacija","Berane","Bijelo Polje","Pljevlja","Plav"],"inLanguage":"bs-BA","potentialAction":[{"@type":"CommentAction","name":"Comment","target":["https:\/\/sandzakpress.net\/arhiva\/popis-bosnjaka-u-crnoj-gori-2011\/#respond"]}]},{"@type":"WebPage","@id":"https:\/\/sandzakpress.net\/arhiva\/popis-bosnjaka-u-crnoj-gori-2011\/","url":"https:\/\/sandzakpress.net\/arhiva\/popis-bosnjaka-u-crnoj-gori-2011\/","name":"Popis Bo\u0161njaka u Crnoj Gori 2011.","isPartOf":{"@id":"https:\/\/sandzakpress.net\/arhiva\/#website"},"primaryImageOfPage":{"@id":"https:\/\/sandzakpress.net\/arhiva\/popis-bosnjaka-u-crnoj-gori-2011\/#primaryimage"},"image":{"@id":"https:\/\/sandzakpress.net\/arhiva\/popis-bosnjaka-u-crnoj-gori-2011\/#primaryimage"},"thumbnailUrl":"https:\/\/sandzakpress.net\/arhiva\/wp-content\/uploads\/2010\/07\/sandzak-2.jpg","datePublished":"2010-07-18T21:07:05+00:00","dateModified":"2010-07-18T21:14:35+00:00","breadcrumb":{"@id":"https:\/\/sandzakpress.net\/arhiva\/popis-bosnjaka-u-crnoj-gori-2011\/#breadcrumb"},"inLanguage":"bs-BA","potentialAction":[{"@type":"ReadAction","target":["https:\/\/sandzakpress.net\/arhiva\/popis-bosnjaka-u-crnoj-gori-2011\/"]}]},{"@type":"ImageObject","inLanguage":"bs-BA","@id":"https:\/\/sandzakpress.net\/arhiva\/popis-bosnjaka-u-crnoj-gori-2011\/#primaryimage","url":"https:\/\/sandzakpress.net\/arhiva\/wp-content\/uploads\/2010\/07\/sandzak-2.jpg","contentUrl":"https:\/\/sandzakpress.net\/arhiva\/wp-content\/uploads\/2010\/07\/sandzak-2.jpg","width":616,"height":463},{"@type":"BreadcrumbList","@id":"https:\/\/sandzakpress.net\/arhiva\/popis-bosnjaka-u-crnoj-gori-2011\/#breadcrumb","itemListElement":[{"@type":"ListItem","position":1,"name":"Home","item":"https:\/\/sandzakpress.net\/arhiva\/"},{"@type":"ListItem","position":2,"name":"Popis Bo\u0161njaka u Crnoj Gori 2011."}]},{"@type":"WebSite","@id":"https:\/\/sandzakpress.net\/arhiva\/#website","url":"https:\/\/sandzakpress.net\/arhiva\/","name":"Sand\u017eak PRESS","description":"Prve elektronske novine u Sand\u017eaku","publisher":{"@id":"https:\/\/sandzakpress.net\/arhiva\/#\/schema\/person\/6e72b67d6e51910a1117b3b483ba20bd"},"potentialAction":[{"@type":"SearchAction","target":{"@type":"EntryPoint","urlTemplate":"https:\/\/sandzakpress.net\/arhiva\/?s={search_term_string}"},"query-input":{"@type":"PropertyValueSpecification","valueRequired":true,"valueName":"search_term_string"}}],"inLanguage":"bs-BA"},{"@type":["Person","Organization"],"@id":"https:\/\/sandzakpress.net\/arhiva\/#\/schema\/person\/6e72b67d6e51910a1117b3b483ba20bd","name":"Kul","image":{"@type":"ImageObject","inLanguage":"bs-BA","@id":"https:\/\/sandzakpress.net\/arhiva\/#\/schema\/person\/image\/","url":"https:\/\/secure.gravatar.com\/avatar\/42263f39aa27ac04c43cab85c280eb2e?s=96&d=mm&r=pg","contentUrl":"https:\/\/secure.gravatar.com\/avatar\/42263f39aa27ac04c43cab85c280eb2e?s=96&d=mm&r=pg","caption":"Kul"},"logo":{"@id":"https:\/\/sandzakpress.net\/arhiva\/#\/schema\/person\/image\/"}},{"@type":"Person","@id":"https:\/\/sandzakpress.net\/arhiva\/#\/schema\/person\/c8baee722073534b583ea7bdb2e36c02","name":"bosniak","image":{"@type":"ImageObject","inLanguage":"bs-BA","@id":"https:\/\/sandzakpress.net\/arhiva\/#\/schema\/person\/image\/","url":"https:\/\/secure.gravatar.com\/avatar\/a04fd330bfe3a36a72a0ad4a6d89fca7?s=96&d=mm&r=pg","contentUrl":"https:\/\/secure.gravatar.com\/avatar\/a04fd330bfe3a36a72a0ad4a6d89fca7?s=96&d=mm&r=pg","caption":"bosniak"},"url":"https:\/\/sandzakpress.net\/arhiva\/author\/bosniak\/"}]}},"_links":{"self":[{"href":"https:\/\/sandzakpress.net\/arhiva\/wp-json\/wp\/v2\/posts\/6531"}],"collection":[{"href":"https:\/\/sandzakpress.net\/arhiva\/wp-json\/wp\/v2\/posts"}],"about":[{"href":"https:\/\/sandzakpress.net\/arhiva\/wp-json\/wp\/v2\/types\/post"}],"author":[{"embeddable":true,"href":"https:\/\/sandzakpress.net\/arhiva\/wp-json\/wp\/v2\/users\/83"}],"replies":[{"embeddable":true,"href":"https:\/\/sandzakpress.net\/arhiva\/wp-json\/wp\/v2\/comments?post=6531"}],"version-history":[{"count":0,"href":"https:\/\/sandzakpress.net\/arhiva\/wp-json\/wp\/v2\/posts\/6531\/revisions"}],"wp:featuredmedia":[{"embeddable":true,"href":"https:\/\/sandzakpress.net\/arhiva\/wp-json\/wp\/v2\/media\/6532"}],"wp:attachment":[{"href":"https:\/\/sandzakpress.net\/arhiva\/wp-json\/wp\/v2\/media?parent=6531"}],"wp:term":[{"taxonomy":"category","embeddable":true,"href":"https:\/\/sandzakpress.net\/arhiva\/wp-json\/wp\/v2\/categories?post=6531"},{"taxonomy":"post_tag","embeddable":true,"href":"https:\/\/sandzakpress.net\/arhiva\/wp-json\/wp\/v2\/tags?post=6531"}],"curies":[{"name":"wp","href":"https:\/\/api.w.org\/{rel}","templated":true}]}}