{"id":65246,"date":"2013-02-06T15:31:01","date_gmt":"2013-02-06T14:31:01","guid":{"rendered":"https:\/\/sandzakpress.net\/arhiva\/?p=65246"},"modified":"2013-02-06T15:31:01","modified_gmt":"2013-02-06T14:31:01","slug":"sdp-necemo-pristati-na-ucjene","status":"publish","type":"post","link":"https:\/\/sandzakpress.net\/arhiva\/sdp-necemo-pristati-na-ucjene\/","title":{"rendered":"SDP: Ne\u0107emo pristati na ucjene"},"content":{"rendered":"<p><strong><a href=\"https:\/\/sandzakpress.net\/arhiva\/wp-content\/uploads\/2013\/02\/sdp-300x225.jpg\"><img loading=\"lazy\" decoding=\"async\" class=\"alignleft size-full wp-image-65248\" title=\"sdp-300x225\" src=\"https:\/\/sandzakpress.net\/arhiva\/wp-content\/uploads\/2013\/02\/sdp-300x225.jpg\" alt=\"\" width=\"300\" height=\"225\" \/><\/a>Novi Pazar &#8211; Sand\u017ea\u010dka demokratska partija ima obavezu da gra\u0111anima Novog Pazara objasni razloge najnovije krize u funkcionisanju Koalicije, a koja je postala evidentna nakon nedolaska \u010dlanova Gradskog vije\u0107a iz sastava SDA, kao i otvorenog pisma objavljenog u medijima.<\/strong><\/p>\n<div>\n<p>Evidentno je da vladaju\u0107a koalicija u Novom Pazaru funkcioni\u0161e uz velike probleme i mislimo da je krajnje vreme da kao ozbiljni i odgovorni ljudi preduzmemo sve potrebne mere kako bi Gradska vlast funkcionisala nesmetano i u korist svojih gra\u0111ana, stoji u saop\u0161tenju za javnost Sand\u017ea\u010dke demokratske partije.<\/p>\n<p>&#8221;Ulaskom u koaliciju Sand\u017ea\u010dka demokratska partija je imala iskrenu nameru da nastavi rad na na\u010din kako se to radilo u prethodne \u010detiri godine, koje su davale ozbiljnu nadu da bi na\u0161 Grad u neko dogledno vreme mogao da preraste u grad kakav mi zaslu\u017eujemo. Posle sedam meseci nove koalicione vlasti jasno je svima da su prioriteti na\u0161ih koalicionih partnera iz SDA dijametralno suprotni svemu onome \u0161to za nas predstavlja su\u0161tinu plana za budu\u0107nost Novog Pazara.<\/p>\n<p>Mislimo da smo napravili dobar koalicioni sporazum, ali su\u0161tina problema nije u njemu ve\u0107 u tome kako SDA do\u017eivljava vlast, koja je na\u0161a odgovornost i veliki ispit, a ne plen koji bi se podelio po strana\u010dkim i porodi\u010dnim osnovama. Mo\u017eda bi SDA trebala da se zapita o kadrovima koje su postavili, njihovom kapacitetu da se bave ozbiljnim poslom kakav je vo\u0111enje jednog grada kao sto je Novi Pazar. Ovako im preostaje da od nas tra\u017ee da radimo infrastrukturu i razvojne projekte, dok oni uzimaju fiktivne putne dnevnice i primaju nov\u010dane stimulacije po partijskoj osnovi.<\/p>\n<p>Pre svega jednu stvar moramo decidno da ka\u017eemo javno kao \u0161to smo govorili i na koalicionim sastancima. Javne nabavke nisu stvar koalicionih dogovora i nikada se ne\u0107e deliti kao plen. Odabir \u0107e se vr\u0161iti transparentno, po zakonu i izabra\u0107e se najbolji i najpovoljniji ponu\u0111a\u010di bez obzira na njihovu strana\u010dku pripadnost i zasluge. Sa tim nema dogovora i pregovora.<\/p>\n<p>Osim toga, nekontrolisano i protivzakonito zapo\u0161ljavanje kadrova SDA u javnim preduze\u0107ima i ustanovama predstavlja najgrublji primer kr\u0161enja koalicionog dogovora, gde smo izri\u010dito tra\u017eili da se na odre\u0111eno vreme zaustavi prijem novih radnika.<\/p>\n<p>Svesni ozbiljnosti trenutne situacije mi u Sand\u017ea\u010dkoj demokratskoj partiji smo spremni na razgovore, spremni smo na pregovore, dogovore i saradnju sa svima koji su dobronamerni, iskreni i odgovorni. Ono \u0161to je sigurno, ne\u0107emo pristati na ucene, ultimatume i kompromise na \u0161tetu gra\u0111ana Novog Pazara&#8221; ka\u017ee se u saop\u0161tenju za javnost SDP-a.<\/p>\n<p>(Rtv NP)<\/p>\n<\/div>\n","protected":false},"excerpt":{"rendered":"<p>Novi Pazar &#8211; Sand\u017ea\u010dka demokratska partija ima obavezu da gra\u0111anima Novog Pazara objasni razloge najnovije krize u funkcionisanju Koalicije, a koja je postala evidentna nakon nedolaska \u010dlanova Gradskog vije\u0107a iz sastava SDA, kao i otvorenog pisma objavljenog u medijima. Evidentno je da vladaju\u0107a koalicija u Novom Pazaru funkcioni\u0161e uz velike probleme i mislimo da je [&hellip;]<\/p>\n","protected":false},"author":16,"featured_media":65248,"comment_status":"open","ping_status":"open","sticky":false,"template":"","format":"standard","meta":{"footnotes":""},"categories":[72,1],"tags":[],"class_list":{"0":"post-65246","1":"post","2":"type-post","3":"status-publish","4":"format-standard","5":"has-post-thumbnail","7":"category-novi-pazar","8":"category-politika"},"yoast_head":"<!-- This site is optimized with the Yoast SEO Premium plugin v23.1 (Yoast SEO v24.9) - https:\/\/yoast.com\/wordpress\/plugins\/seo\/ -->\n<title>SDP: Ne\u0107emo pristati na ucjene<\/title>\n<meta name=\"robots\" content=\"index, follow, max-snippet:-1, max-image-preview:large, max-video-preview:-1\" \/>\n<link rel=\"canonical\" href=\"https:\/\/sandzakpress.net\/arhiva\/sdp-necemo-pristati-na-ucjene\/\" \/>\n<meta property=\"og:locale\" content=\"bs_BA\" \/>\n<meta property=\"og:type\" content=\"article\" \/>\n<meta property=\"og:title\" content=\"SDP: Ne\u0107emo pristati na ucjene\" \/>\n<meta property=\"og:description\" content=\"Novi Pazar &#8211; Sand\u017ea\u010dka demokratska partija ima obavezu da gra\u0111anima Novog Pazara objasni razloge najnovije krize u funkcionisanju Koalicije, a koja je postala evidentna nakon nedolaska \u010dlanova Gradskog vije\u0107a iz sastava SDA, kao i otvorenog pisma objavljenog u medijima. Evidentno je da vladaju\u0107a koalicija u Novom Pazaru funkcioni\u0161e uz velike probleme i mislimo da je [&hellip;]\" \/>\n<meta property=\"og:url\" content=\"https:\/\/sandzakpress.net\/arhiva\/sdp-necemo-pristati-na-ucjene\/\" \/>\n<meta property=\"og:site_name\" content=\"Sand\u017eak PRESS\" \/>\n<meta property=\"article:published_time\" content=\"2013-02-06T14:31:01+00:00\" \/>\n<meta property=\"og:image\" content=\"https:\/\/sandzakpress.net\/arhiva\/wp-content\/uploads\/2013\/02\/sdp-300x225.jpg\" \/>\n\t<meta property=\"og:image:width\" content=\"300\" \/>\n\t<meta property=\"og:image:height\" content=\"225\" \/>\n\t<meta property=\"og:image:type\" content=\"image\/jpeg\" \/>\n<meta name=\"twitter:card\" content=\"summary_large_image\" \/>\n<meta name=\"twitter:label1\" content=\"Written by\" \/>\n\t<meta name=\"twitter:data1\" content=\"\" \/>\n\t<meta name=\"twitter:label2\" content=\"Est. reading time\" \/>\n\t<meta name=\"twitter:data2\" content=\"2 minute\" \/>\n<script type=\"application\/ld+json\" class=\"yoast-schema-graph\">{\"@context\":\"https:\/\/schema.org\",\"@graph\":[{\"@type\":\"Article\",\"@id\":\"https:\/\/sandzakpress.net\/arhiva\/sdp-necemo-pristati-na-ucjene\/#article\",\"isPartOf\":{\"@id\":\"https:\/\/sandzakpress.net\/arhiva\/sdp-necemo-pristati-na-ucjene\/\"},\"author\":{\"name\":\"\",\"@id\":\"\"},\"headline\":\"SDP: Ne\u0107emo pristati na ucjene\",\"datePublished\":\"2013-02-06T14:31:01+00:00\",\"mainEntityOfPage\":{\"@id\":\"https:\/\/sandzakpress.net\/arhiva\/sdp-necemo-pristati-na-ucjene\/\"},\"wordCount\":449,\"commentCount\":0,\"publisher\":{\"@id\":\"https:\/\/sandzakpress.net\/arhiva\/#\/schema\/person\/6e72b67d6e51910a1117b3b483ba20bd\"},\"image\":{\"@id\":\"https:\/\/sandzakpress.net\/arhiva\/sdp-necemo-pristati-na-ucjene\/#primaryimage\"},\"thumbnailUrl\":\"https:\/\/sandzakpress.net\/arhiva\/wp-content\/uploads\/2013\/02\/sdp-300x225.jpg\",\"articleSection\":[\"Novi Pazar\",\"Politika\"],\"inLanguage\":\"bs-BA\",\"potentialAction\":[{\"@type\":\"CommentAction\",\"name\":\"Comment\",\"target\":[\"https:\/\/sandzakpress.net\/arhiva\/sdp-necemo-pristati-na-ucjene\/#respond\"]}]},{\"@type\":\"WebPage\",\"@id\":\"https:\/\/sandzakpress.net\/arhiva\/sdp-necemo-pristati-na-ucjene\/\",\"url\":\"https:\/\/sandzakpress.net\/arhiva\/sdp-necemo-pristati-na-ucjene\/\",\"name\":\"SDP: Ne\u0107emo pristati na ucjene\",\"isPartOf\":{\"@id\":\"https:\/\/sandzakpress.net\/arhiva\/#website\"},\"primaryImageOfPage\":{\"@id\":\"https:\/\/sandzakpress.net\/arhiva\/sdp-necemo-pristati-na-ucjene\/#primaryimage\"},\"image\":{\"@id\":\"https:\/\/sandzakpress.net\/arhiva\/sdp-necemo-pristati-na-ucjene\/#primaryimage\"},\"thumbnailUrl\":\"https:\/\/sandzakpress.net\/arhiva\/wp-content\/uploads\/2013\/02\/sdp-300x225.jpg\",\"datePublished\":\"2013-02-06T14:31:01+00:00\",\"breadcrumb\":{\"@id\":\"https:\/\/sandzakpress.net\/arhiva\/sdp-necemo-pristati-na-ucjene\/#breadcrumb\"},\"inLanguage\":\"bs-BA\",\"potentialAction\":[{\"@type\":\"ReadAction\",\"target\":[\"https:\/\/sandzakpress.net\/arhiva\/sdp-necemo-pristati-na-ucjene\/\"]}]},{\"@type\":\"ImageObject\",\"inLanguage\":\"bs-BA\",\"@id\":\"https:\/\/sandzakpress.net\/arhiva\/sdp-necemo-pristati-na-ucjene\/#primaryimage\",\"url\":\"https:\/\/sandzakpress.net\/arhiva\/wp-content\/uploads\/2013\/02\/sdp-300x225.jpg\",\"contentUrl\":\"https:\/\/sandzakpress.net\/arhiva\/wp-content\/uploads\/2013\/02\/sdp-300x225.jpg\",\"width\":300,\"height\":225},{\"@type\":\"BreadcrumbList\",\"@id\":\"https:\/\/sandzakpress.net\/arhiva\/sdp-necemo-pristati-na-ucjene\/#breadcrumb\",\"itemListElement\":[{\"@type\":\"ListItem\",\"position\":1,\"name\":\"Home\",\"item\":\"https:\/\/sandzakpress.net\/arhiva\/\"},{\"@type\":\"ListItem\",\"position\":2,\"name\":\"SDP: Ne\u0107emo pristati na ucjene\"}]},{\"@type\":\"WebSite\",\"@id\":\"https:\/\/sandzakpress.net\/arhiva\/#website\",\"url\":\"https:\/\/sandzakpress.net\/arhiva\/\",\"name\":\"Sand\u017eak PRESS\",\"description\":\"Prve elektronske novine u Sand\u017eaku\",\"publisher\":{\"@id\":\"https:\/\/sandzakpress.net\/arhiva\/#\/schema\/person\/6e72b67d6e51910a1117b3b483ba20bd\"},\"potentialAction\":[{\"@type\":\"SearchAction\",\"target\":{\"@type\":\"EntryPoint\",\"urlTemplate\":\"https:\/\/sandzakpress.net\/arhiva\/?s={search_term_string}\"},\"query-input\":{\"@type\":\"PropertyValueSpecification\",\"valueRequired\":true,\"valueName\":\"search_term_string\"}}],\"inLanguage\":\"bs-BA\"},{\"@type\":[\"Person\",\"Organization\"],\"@id\":\"https:\/\/sandzakpress.net\/arhiva\/#\/schema\/person\/6e72b67d6e51910a1117b3b483ba20bd\",\"name\":\"Kul\",\"image\":{\"@type\":\"ImageObject\",\"inLanguage\":\"bs-BA\",\"@id\":\"https:\/\/sandzakpress.net\/arhiva\/#\/schema\/person\/image\/\",\"url\":\"https:\/\/secure.gravatar.com\/avatar\/42263f39aa27ac04c43cab85c280eb2e?s=96&d=mm&r=pg\",\"contentUrl\":\"https:\/\/secure.gravatar.com\/avatar\/42263f39aa27ac04c43cab85c280eb2e?s=96&d=mm&r=pg\",\"caption\":\"Kul\"},\"logo\":{\"@id\":\"https:\/\/sandzakpress.net\/arhiva\/#\/schema\/person\/image\/\"}},{\"@type\":\"Person\",\"@id\":\"\",\"url\":\"https:\/\/sandzakpress.net\/arhiva\/author\/\"}]}<\/script>\n<!-- \/ Yoast SEO Premium plugin. -->","yoast_head_json":{"title":"SDP: Ne\u0107emo pristati na ucjene","robots":{"index":"index","follow":"follow","max-snippet":"max-snippet:-1","max-image-preview":"max-image-preview:large","max-video-preview":"max-video-preview:-1"},"canonical":"https:\/\/sandzakpress.net\/arhiva\/sdp-necemo-pristati-na-ucjene\/","og_locale":"bs_BA","og_type":"article","og_title":"SDP: Ne\u0107emo pristati na ucjene","og_description":"Novi Pazar &#8211; Sand\u017ea\u010dka demokratska partija ima obavezu da gra\u0111anima Novog Pazara objasni razloge najnovije krize u funkcionisanju Koalicije, a koja je postala evidentna nakon nedolaska \u010dlanova Gradskog vije\u0107a iz sastava SDA, kao i otvorenog pisma objavljenog u medijima. Evidentno je da vladaju\u0107a koalicija u Novom Pazaru funkcioni\u0161e uz velike probleme i mislimo da je [&hellip;]","og_url":"https:\/\/sandzakpress.net\/arhiva\/sdp-necemo-pristati-na-ucjene\/","og_site_name":"Sand\u017eak PRESS","article_published_time":"2013-02-06T14:31:01+00:00","og_image":[{"width":300,"height":225,"url":"https:\/\/sandzakpress.net\/arhiva\/wp-content\/uploads\/2013\/02\/sdp-300x225.jpg","type":"image\/jpeg"}],"twitter_card":"summary_large_image","twitter_misc":{"Written by":"","Est. reading time":"2 minute"},"schema":{"@context":"https:\/\/schema.org","@graph":[{"@type":"Article","@id":"https:\/\/sandzakpress.net\/arhiva\/sdp-necemo-pristati-na-ucjene\/#article","isPartOf":{"@id":"https:\/\/sandzakpress.net\/arhiva\/sdp-necemo-pristati-na-ucjene\/"},"author":{"name":"","@id":""},"headline":"SDP: Ne\u0107emo pristati na ucjene","datePublished":"2013-02-06T14:31:01+00:00","mainEntityOfPage":{"@id":"https:\/\/sandzakpress.net\/arhiva\/sdp-necemo-pristati-na-ucjene\/"},"wordCount":449,"commentCount":0,"publisher":{"@id":"https:\/\/sandzakpress.net\/arhiva\/#\/schema\/person\/6e72b67d6e51910a1117b3b483ba20bd"},"image":{"@id":"https:\/\/sandzakpress.net\/arhiva\/sdp-necemo-pristati-na-ucjene\/#primaryimage"},"thumbnailUrl":"https:\/\/sandzakpress.net\/arhiva\/wp-content\/uploads\/2013\/02\/sdp-300x225.jpg","articleSection":["Novi Pazar","Politika"],"inLanguage":"bs-BA","potentialAction":[{"@type":"CommentAction","name":"Comment","target":["https:\/\/sandzakpress.net\/arhiva\/sdp-necemo-pristati-na-ucjene\/#respond"]}]},{"@type":"WebPage","@id":"https:\/\/sandzakpress.net\/arhiva\/sdp-necemo-pristati-na-ucjene\/","url":"https:\/\/sandzakpress.net\/arhiva\/sdp-necemo-pristati-na-ucjene\/","name":"SDP: Ne\u0107emo pristati na ucjene","isPartOf":{"@id":"https:\/\/sandzakpress.net\/arhiva\/#website"},"primaryImageOfPage":{"@id":"https:\/\/sandzakpress.net\/arhiva\/sdp-necemo-pristati-na-ucjene\/#primaryimage"},"image":{"@id":"https:\/\/sandzakpress.net\/arhiva\/sdp-necemo-pristati-na-ucjene\/#primaryimage"},"thumbnailUrl":"https:\/\/sandzakpress.net\/arhiva\/wp-content\/uploads\/2013\/02\/sdp-300x225.jpg","datePublished":"2013-02-06T14:31:01+00:00","breadcrumb":{"@id":"https:\/\/sandzakpress.net\/arhiva\/sdp-necemo-pristati-na-ucjene\/#breadcrumb"},"inLanguage":"bs-BA","potentialAction":[{"@type":"ReadAction","target":["https:\/\/sandzakpress.net\/arhiva\/sdp-necemo-pristati-na-ucjene\/"]}]},{"@type":"ImageObject","inLanguage":"bs-BA","@id":"https:\/\/sandzakpress.net\/arhiva\/sdp-necemo-pristati-na-ucjene\/#primaryimage","url":"https:\/\/sandzakpress.net\/arhiva\/wp-content\/uploads\/2013\/02\/sdp-300x225.jpg","contentUrl":"https:\/\/sandzakpress.net\/arhiva\/wp-content\/uploads\/2013\/02\/sdp-300x225.jpg","width":300,"height":225},{"@type":"BreadcrumbList","@id":"https:\/\/sandzakpress.net\/arhiva\/sdp-necemo-pristati-na-ucjene\/#breadcrumb","itemListElement":[{"@type":"ListItem","position":1,"name":"Home","item":"https:\/\/sandzakpress.net\/arhiva\/"},{"@type":"ListItem","position":2,"name":"SDP: Ne\u0107emo pristati na ucjene"}]},{"@type":"WebSite","@id":"https:\/\/sandzakpress.net\/arhiva\/#website","url":"https:\/\/sandzakpress.net\/arhiva\/","name":"Sand\u017eak PRESS","description":"Prve elektronske novine u Sand\u017eaku","publisher":{"@id":"https:\/\/sandzakpress.net\/arhiva\/#\/schema\/person\/6e72b67d6e51910a1117b3b483ba20bd"},"potentialAction":[{"@type":"SearchAction","target":{"@type":"EntryPoint","urlTemplate":"https:\/\/sandzakpress.net\/arhiva\/?s={search_term_string}"},"query-input":{"@type":"PropertyValueSpecification","valueRequired":true,"valueName":"search_term_string"}}],"inLanguage":"bs-BA"},{"@type":["Person","Organization"],"@id":"https:\/\/sandzakpress.net\/arhiva\/#\/schema\/person\/6e72b67d6e51910a1117b3b483ba20bd","name":"Kul","image":{"@type":"ImageObject","inLanguage":"bs-BA","@id":"https:\/\/sandzakpress.net\/arhiva\/#\/schema\/person\/image\/","url":"https:\/\/secure.gravatar.com\/avatar\/42263f39aa27ac04c43cab85c280eb2e?s=96&d=mm&r=pg","contentUrl":"https:\/\/secure.gravatar.com\/avatar\/42263f39aa27ac04c43cab85c280eb2e?s=96&d=mm&r=pg","caption":"Kul"},"logo":{"@id":"https:\/\/sandzakpress.net\/arhiva\/#\/schema\/person\/image\/"}},{"@type":"Person","@id":"","url":"https:\/\/sandzakpress.net\/arhiva\/author\/"}]}},"_links":{"self":[{"href":"https:\/\/sandzakpress.net\/arhiva\/wp-json\/wp\/v2\/posts\/65246"}],"collection":[{"href":"https:\/\/sandzakpress.net\/arhiva\/wp-json\/wp\/v2\/posts"}],"about":[{"href":"https:\/\/sandzakpress.net\/arhiva\/wp-json\/wp\/v2\/types\/post"}],"author":[{"embeddable":true,"href":"https:\/\/sandzakpress.net\/arhiva\/wp-json\/wp\/v2\/users\/16"}],"replies":[{"embeddable":true,"href":"https:\/\/sandzakpress.net\/arhiva\/wp-json\/wp\/v2\/comments?post=65246"}],"version-history":[{"count":0,"href":"https:\/\/sandzakpress.net\/arhiva\/wp-json\/wp\/v2\/posts\/65246\/revisions"}],"wp:featuredmedia":[{"embeddable":true,"href":"https:\/\/sandzakpress.net\/arhiva\/wp-json\/wp\/v2\/media\/65248"}],"wp:attachment":[{"href":"https:\/\/sandzakpress.net\/arhiva\/wp-json\/wp\/v2\/media?parent=65246"}],"wp:term":[{"taxonomy":"category","embeddable":true,"href":"https:\/\/sandzakpress.net\/arhiva\/wp-json\/wp\/v2\/categories?post=65246"},{"taxonomy":"post_tag","embeddable":true,"href":"https:\/\/sandzakpress.net\/arhiva\/wp-json\/wp\/v2\/tags?post=65246"}],"curies":[{"name":"wp","href":"https:\/\/api.w.org\/{rel}","templated":true}]}}