{"id":65150,"date":"2013-02-05T16:28:03","date_gmt":"2013-02-05T15:28:03","guid":{"rendered":"https:\/\/sandzakpress.net\/arhiva\/?p=65150"},"modified":"2013-02-05T16:28:03","modified_gmt":"2013-02-05T15:28:03","slug":"francuska-napadnuta-jos-jedna-dzamija","status":"publish","type":"post","link":"https:\/\/sandzakpress.net\/arhiva\/francuska-napadnuta-jos-jedna-dzamija\/","title":{"rendered":"Francuska: Napadnuta jo\u0161 jedna d\u017eamija"},"content":{"rendered":"<p><strong><a href=\"https:\/\/sandzakpress.net\/arhiva\/wp-content\/uploads\/2013\/02\/1de6dbb129904daf8e8a8e335ef2690e.jpg\"><img loading=\"lazy\" decoding=\"async\" class=\"alignleft size-full wp-image-65151\" title=\"1de6dbb129904daf8e8a8e335ef2690e\" src=\"https:\/\/sandzakpress.net\/arhiva\/wp-content\/uploads\/2013\/02\/1de6dbb129904daf8e8a8e335ef2690e.jpg\" alt=\"\" width=\"180\" height=\"220\" \/><\/a>Francuska &#8211; Vandali su grafitima oskrnavili d\u017eamiju u Francuskoj, iscrtavaju\u0107i ovo mjesto obo\u017eavanja Boga kukastim kri\u017eevima i anti-islamskim sloganima, izjavili su du\u017enosnici u nedjelju.<\/strong><br \/>\nNapad je otkrio vjernik koji je do\u0161ao na sabah-namaz u d\u017eamiju Ozoir-La-Ferriere, malom gradu 35 kilometara isto\u010dno od Pariza.<\/p>\n<p>Fotografije d\u017eamije pokazuju najmanje dva nacrtana kukasta kri\u017ea na fasadi, kao i eksplicitni anti-islamski slogan i &#8220;\u017eivjela Galija&#8221;, stari rimski naziv za Francusku. Policija je istra\u017eila incident.<br \/>\nU isto\u010dnom gradu Besan\u00e7on, o\u0161te\u0107ene su tako\u0111er dvije d\u017eamije kada su na zidovima iscrtane Davidove zvijezde.<\/p>\n<p>Ministar unutra\u0161njih poslova Manuel Valls je najo\u0161trije osudio napad i okarakterisao ga vrije\u0111anjem osje\u0107anja i mr\u017enjom.<br \/>\nPrema statistikama jedne islamske organizacije za monitoring tokom protekle godine u Francuskoj zabilje\u017een je 201 anti-islamski napad \u0161to je 28 odsto vi\u0161e nego 2011.godine.<\/p>\n<p>(Islam Bosna)<\/p>\n","protected":false},"excerpt":{"rendered":"<p>Francuska &#8211; Vandali su grafitima oskrnavili d\u017eamiju u Francuskoj, iscrtavaju\u0107i ovo mjesto obo\u017eavanja Boga kukastim kri\u017eevima i anti-islamskim sloganima, izjavili su du\u017enosnici u nedjelju. Napad je otkrio vjernik koji je do\u0161ao na sabah-namaz u d\u017eamiju Ozoir-La-Ferriere, malom gradu 35 kilometara isto\u010dno od Pariza. Fotografije d\u017eamije pokazuju najmanje dva nacrtana kukasta kri\u017ea na fasadi, kao i [&hellip;]<\/p>\n","protected":false},"author":33,"featured_media":65151,"comment_status":"open","ping_status":"open","sticky":false,"template":"","format":"standard","meta":{"footnotes":""},"categories":[9550,9],"tags":[],"class_list":{"0":"post-65150","1":"post","2":"type-post","3":"status-publish","4":"format-standard","5":"has-post-thumbnail","7":"category-francuska-dijaspora-gradovi-vase-vijesti","8":"category-svijet"},"yoast_head":"<!-- This site is optimized with the Yoast SEO Premium plugin v23.1 (Yoast SEO v24.9) - https:\/\/yoast.com\/wordpress\/plugins\/seo\/ -->\n<title>Francuska: Napadnuta jo\u0161 jedna d\u017eamija<\/title>\n<meta name=\"robots\" content=\"index, follow, max-snippet:-1, max-image-preview:large, max-video-preview:-1\" \/>\n<link rel=\"canonical\" href=\"https:\/\/sandzakpress.net\/arhiva\/francuska-napadnuta-jos-jedna-dzamija\/\" \/>\n<meta property=\"og:locale\" content=\"bs_BA\" \/>\n<meta property=\"og:type\" content=\"article\" \/>\n<meta property=\"og:title\" content=\"Francuska: Napadnuta jo\u0161 jedna d\u017eamija\" \/>\n<meta property=\"og:description\" content=\"Francuska &#8211; Vandali su grafitima oskrnavili d\u017eamiju u Francuskoj, iscrtavaju\u0107i ovo mjesto obo\u017eavanja Boga kukastim kri\u017eevima i anti-islamskim sloganima, izjavili su du\u017enosnici u nedjelju. Napad je otkrio vjernik koji je do\u0161ao na sabah-namaz u d\u017eamiju Ozoir-La-Ferriere, malom gradu 35 kilometara isto\u010dno od Pariza. Fotografije d\u017eamije pokazuju najmanje dva nacrtana kukasta kri\u017ea na fasadi, kao i [&hellip;]\" \/>\n<meta property=\"og:url\" content=\"https:\/\/sandzakpress.net\/arhiva\/francuska-napadnuta-jos-jedna-dzamija\/\" \/>\n<meta property=\"og:site_name\" content=\"Sand\u017eak PRESS\" \/>\n<meta property=\"article:published_time\" content=\"2013-02-05T15:28:03+00:00\" \/>\n<meta property=\"og:image\" content=\"https:\/\/sandzakpress.net\/arhiva\/wp-content\/uploads\/2013\/02\/1de6dbb129904daf8e8a8e335ef2690e.jpg\" \/>\n\t<meta property=\"og:image:width\" content=\"180\" \/>\n\t<meta property=\"og:image:height\" content=\"220\" \/>\n\t<meta property=\"og:image:type\" content=\"image\/jpeg\" \/>\n<meta name=\"twitter:card\" content=\"summary_large_image\" \/>\n<meta name=\"twitter:label1\" content=\"Written by\" \/>\n\t<meta name=\"twitter:data1\" content=\"\" \/>\n\t<meta name=\"twitter:label2\" content=\"Est. reading time\" \/>\n\t<meta name=\"twitter:data2\" content=\"1 minuta\" \/>\n<script type=\"application\/ld+json\" class=\"yoast-schema-graph\">{\"@context\":\"https:\/\/schema.org\",\"@graph\":[{\"@type\":\"Article\",\"@id\":\"https:\/\/sandzakpress.net\/arhiva\/francuska-napadnuta-jos-jedna-dzamija\/#article\",\"isPartOf\":{\"@id\":\"https:\/\/sandzakpress.net\/arhiva\/francuska-napadnuta-jos-jedna-dzamija\/\"},\"author\":{\"name\":\"\",\"@id\":\"\"},\"headline\":\"Francuska: Napadnuta jo\u0161 jedna d\u017eamija\",\"datePublished\":\"2013-02-05T15:28:03+00:00\",\"mainEntityOfPage\":{\"@id\":\"https:\/\/sandzakpress.net\/arhiva\/francuska-napadnuta-jos-jedna-dzamija\/\"},\"wordCount\":155,\"commentCount\":0,\"publisher\":{\"@id\":\"https:\/\/sandzakpress.net\/arhiva\/#\/schema\/person\/6e72b67d6e51910a1117b3b483ba20bd\"},\"image\":{\"@id\":\"https:\/\/sandzakpress.net\/arhiva\/francuska-napadnuta-jos-jedna-dzamija\/#primaryimage\"},\"thumbnailUrl\":\"https:\/\/sandzakpress.net\/arhiva\/wp-content\/uploads\/2013\/02\/1de6dbb129904daf8e8a8e335ef2690e.jpg\",\"articleSection\":[\"Francuska\",\"Svijet\"],\"inLanguage\":\"bs-BA\",\"potentialAction\":[{\"@type\":\"CommentAction\",\"name\":\"Comment\",\"target\":[\"https:\/\/sandzakpress.net\/arhiva\/francuska-napadnuta-jos-jedna-dzamija\/#respond\"]}]},{\"@type\":\"WebPage\",\"@id\":\"https:\/\/sandzakpress.net\/arhiva\/francuska-napadnuta-jos-jedna-dzamija\/\",\"url\":\"https:\/\/sandzakpress.net\/arhiva\/francuska-napadnuta-jos-jedna-dzamija\/\",\"name\":\"Francuska: Napadnuta jo\u0161 jedna d\u017eamija\",\"isPartOf\":{\"@id\":\"https:\/\/sandzakpress.net\/arhiva\/#website\"},\"primaryImageOfPage\":{\"@id\":\"https:\/\/sandzakpress.net\/arhiva\/francuska-napadnuta-jos-jedna-dzamija\/#primaryimage\"},\"image\":{\"@id\":\"https:\/\/sandzakpress.net\/arhiva\/francuska-napadnuta-jos-jedna-dzamija\/#primaryimage\"},\"thumbnailUrl\":\"https:\/\/sandzakpress.net\/arhiva\/wp-content\/uploads\/2013\/02\/1de6dbb129904daf8e8a8e335ef2690e.jpg\",\"datePublished\":\"2013-02-05T15:28:03+00:00\",\"breadcrumb\":{\"@id\":\"https:\/\/sandzakpress.net\/arhiva\/francuska-napadnuta-jos-jedna-dzamija\/#breadcrumb\"},\"inLanguage\":\"bs-BA\",\"potentialAction\":[{\"@type\":\"ReadAction\",\"target\":[\"https:\/\/sandzakpress.net\/arhiva\/francuska-napadnuta-jos-jedna-dzamija\/\"]}]},{\"@type\":\"ImageObject\",\"inLanguage\":\"bs-BA\",\"@id\":\"https:\/\/sandzakpress.net\/arhiva\/francuska-napadnuta-jos-jedna-dzamija\/#primaryimage\",\"url\":\"https:\/\/sandzakpress.net\/arhiva\/wp-content\/uploads\/2013\/02\/1de6dbb129904daf8e8a8e335ef2690e.jpg\",\"contentUrl\":\"https:\/\/sandzakpress.net\/arhiva\/wp-content\/uploads\/2013\/02\/1de6dbb129904daf8e8a8e335ef2690e.jpg\",\"width\":180,\"height\":220},{\"@type\":\"BreadcrumbList\",\"@id\":\"https:\/\/sandzakpress.net\/arhiva\/francuska-napadnuta-jos-jedna-dzamija\/#breadcrumb\",\"itemListElement\":[{\"@type\":\"ListItem\",\"position\":1,\"name\":\"Home\",\"item\":\"https:\/\/sandzakpress.net\/arhiva\/\"},{\"@type\":\"ListItem\",\"position\":2,\"name\":\"Francuska: Napadnuta jo\u0161 jedna d\u017eamija\"}]},{\"@type\":\"WebSite\",\"@id\":\"https:\/\/sandzakpress.net\/arhiva\/#website\",\"url\":\"https:\/\/sandzakpress.net\/arhiva\/\",\"name\":\"Sand\u017eak PRESS\",\"description\":\"Prve elektronske novine u Sand\u017eaku\",\"publisher\":{\"@id\":\"https:\/\/sandzakpress.net\/arhiva\/#\/schema\/person\/6e72b67d6e51910a1117b3b483ba20bd\"},\"potentialAction\":[{\"@type\":\"SearchAction\",\"target\":{\"@type\":\"EntryPoint\",\"urlTemplate\":\"https:\/\/sandzakpress.net\/arhiva\/?s={search_term_string}\"},\"query-input\":{\"@type\":\"PropertyValueSpecification\",\"valueRequired\":true,\"valueName\":\"search_term_string\"}}],\"inLanguage\":\"bs-BA\"},{\"@type\":[\"Person\",\"Organization\"],\"@id\":\"https:\/\/sandzakpress.net\/arhiva\/#\/schema\/person\/6e72b67d6e51910a1117b3b483ba20bd\",\"name\":\"Kul\",\"image\":{\"@type\":\"ImageObject\",\"inLanguage\":\"bs-BA\",\"@id\":\"https:\/\/sandzakpress.net\/arhiva\/#\/schema\/person\/image\/\",\"url\":\"https:\/\/secure.gravatar.com\/avatar\/42263f39aa27ac04c43cab85c280eb2e?s=96&d=mm&r=pg\",\"contentUrl\":\"https:\/\/secure.gravatar.com\/avatar\/42263f39aa27ac04c43cab85c280eb2e?s=96&d=mm&r=pg\",\"caption\":\"Kul\"},\"logo\":{\"@id\":\"https:\/\/sandzakpress.net\/arhiva\/#\/schema\/person\/image\/\"}},{\"@type\":\"Person\",\"@id\":\"\",\"url\":\"https:\/\/sandzakpress.net\/arhiva\/author\/\"}]}<\/script>\n<!-- \/ Yoast SEO Premium plugin. -->","yoast_head_json":{"title":"Francuska: Napadnuta jo\u0161 jedna d\u017eamija","robots":{"index":"index","follow":"follow","max-snippet":"max-snippet:-1","max-image-preview":"max-image-preview:large","max-video-preview":"max-video-preview:-1"},"canonical":"https:\/\/sandzakpress.net\/arhiva\/francuska-napadnuta-jos-jedna-dzamija\/","og_locale":"bs_BA","og_type":"article","og_title":"Francuska: Napadnuta jo\u0161 jedna d\u017eamija","og_description":"Francuska &#8211; Vandali su grafitima oskrnavili d\u017eamiju u Francuskoj, iscrtavaju\u0107i ovo mjesto obo\u017eavanja Boga kukastim kri\u017eevima i anti-islamskim sloganima, izjavili su du\u017enosnici u nedjelju. Napad je otkrio vjernik koji je do\u0161ao na sabah-namaz u d\u017eamiju Ozoir-La-Ferriere, malom gradu 35 kilometara isto\u010dno od Pariza. Fotografije d\u017eamije pokazuju najmanje dva nacrtana kukasta kri\u017ea na fasadi, kao i [&hellip;]","og_url":"https:\/\/sandzakpress.net\/arhiva\/francuska-napadnuta-jos-jedna-dzamija\/","og_site_name":"Sand\u017eak PRESS","article_published_time":"2013-02-05T15:28:03+00:00","og_image":[{"width":180,"height":220,"url":"https:\/\/sandzakpress.net\/arhiva\/wp-content\/uploads\/2013\/02\/1de6dbb129904daf8e8a8e335ef2690e.jpg","type":"image\/jpeg"}],"twitter_card":"summary_large_image","twitter_misc":{"Written by":"","Est. reading time":"1 minuta"},"schema":{"@context":"https:\/\/schema.org","@graph":[{"@type":"Article","@id":"https:\/\/sandzakpress.net\/arhiva\/francuska-napadnuta-jos-jedna-dzamija\/#article","isPartOf":{"@id":"https:\/\/sandzakpress.net\/arhiva\/francuska-napadnuta-jos-jedna-dzamija\/"},"author":{"name":"","@id":""},"headline":"Francuska: Napadnuta jo\u0161 jedna d\u017eamija","datePublished":"2013-02-05T15:28:03+00:00","mainEntityOfPage":{"@id":"https:\/\/sandzakpress.net\/arhiva\/francuska-napadnuta-jos-jedna-dzamija\/"},"wordCount":155,"commentCount":0,"publisher":{"@id":"https:\/\/sandzakpress.net\/arhiva\/#\/schema\/person\/6e72b67d6e51910a1117b3b483ba20bd"},"image":{"@id":"https:\/\/sandzakpress.net\/arhiva\/francuska-napadnuta-jos-jedna-dzamija\/#primaryimage"},"thumbnailUrl":"https:\/\/sandzakpress.net\/arhiva\/wp-content\/uploads\/2013\/02\/1de6dbb129904daf8e8a8e335ef2690e.jpg","articleSection":["Francuska","Svijet"],"inLanguage":"bs-BA","potentialAction":[{"@type":"CommentAction","name":"Comment","target":["https:\/\/sandzakpress.net\/arhiva\/francuska-napadnuta-jos-jedna-dzamija\/#respond"]}]},{"@type":"WebPage","@id":"https:\/\/sandzakpress.net\/arhiva\/francuska-napadnuta-jos-jedna-dzamija\/","url":"https:\/\/sandzakpress.net\/arhiva\/francuska-napadnuta-jos-jedna-dzamija\/","name":"Francuska: Napadnuta jo\u0161 jedna d\u017eamija","isPartOf":{"@id":"https:\/\/sandzakpress.net\/arhiva\/#website"},"primaryImageOfPage":{"@id":"https:\/\/sandzakpress.net\/arhiva\/francuska-napadnuta-jos-jedna-dzamija\/#primaryimage"},"image":{"@id":"https:\/\/sandzakpress.net\/arhiva\/francuska-napadnuta-jos-jedna-dzamija\/#primaryimage"},"thumbnailUrl":"https:\/\/sandzakpress.net\/arhiva\/wp-content\/uploads\/2013\/02\/1de6dbb129904daf8e8a8e335ef2690e.jpg","datePublished":"2013-02-05T15:28:03+00:00","breadcrumb":{"@id":"https:\/\/sandzakpress.net\/arhiva\/francuska-napadnuta-jos-jedna-dzamija\/#breadcrumb"},"inLanguage":"bs-BA","potentialAction":[{"@type":"ReadAction","target":["https:\/\/sandzakpress.net\/arhiva\/francuska-napadnuta-jos-jedna-dzamija\/"]}]},{"@type":"ImageObject","inLanguage":"bs-BA","@id":"https:\/\/sandzakpress.net\/arhiva\/francuska-napadnuta-jos-jedna-dzamija\/#primaryimage","url":"https:\/\/sandzakpress.net\/arhiva\/wp-content\/uploads\/2013\/02\/1de6dbb129904daf8e8a8e335ef2690e.jpg","contentUrl":"https:\/\/sandzakpress.net\/arhiva\/wp-content\/uploads\/2013\/02\/1de6dbb129904daf8e8a8e335ef2690e.jpg","width":180,"height":220},{"@type":"BreadcrumbList","@id":"https:\/\/sandzakpress.net\/arhiva\/francuska-napadnuta-jos-jedna-dzamija\/#breadcrumb","itemListElement":[{"@type":"ListItem","position":1,"name":"Home","item":"https:\/\/sandzakpress.net\/arhiva\/"},{"@type":"ListItem","position":2,"name":"Francuska: Napadnuta jo\u0161 jedna d\u017eamija"}]},{"@type":"WebSite","@id":"https:\/\/sandzakpress.net\/arhiva\/#website","url":"https:\/\/sandzakpress.net\/arhiva\/","name":"Sand\u017eak PRESS","description":"Prve elektronske novine u Sand\u017eaku","publisher":{"@id":"https:\/\/sandzakpress.net\/arhiva\/#\/schema\/person\/6e72b67d6e51910a1117b3b483ba20bd"},"potentialAction":[{"@type":"SearchAction","target":{"@type":"EntryPoint","urlTemplate":"https:\/\/sandzakpress.net\/arhiva\/?s={search_term_string}"},"query-input":{"@type":"PropertyValueSpecification","valueRequired":true,"valueName":"search_term_string"}}],"inLanguage":"bs-BA"},{"@type":["Person","Organization"],"@id":"https:\/\/sandzakpress.net\/arhiva\/#\/schema\/person\/6e72b67d6e51910a1117b3b483ba20bd","name":"Kul","image":{"@type":"ImageObject","inLanguage":"bs-BA","@id":"https:\/\/sandzakpress.net\/arhiva\/#\/schema\/person\/image\/","url":"https:\/\/secure.gravatar.com\/avatar\/42263f39aa27ac04c43cab85c280eb2e?s=96&d=mm&r=pg","contentUrl":"https:\/\/secure.gravatar.com\/avatar\/42263f39aa27ac04c43cab85c280eb2e?s=96&d=mm&r=pg","caption":"Kul"},"logo":{"@id":"https:\/\/sandzakpress.net\/arhiva\/#\/schema\/person\/image\/"}},{"@type":"Person","@id":"","url":"https:\/\/sandzakpress.net\/arhiva\/author\/"}]}},"_links":{"self":[{"href":"https:\/\/sandzakpress.net\/arhiva\/wp-json\/wp\/v2\/posts\/65150"}],"collection":[{"href":"https:\/\/sandzakpress.net\/arhiva\/wp-json\/wp\/v2\/posts"}],"about":[{"href":"https:\/\/sandzakpress.net\/arhiva\/wp-json\/wp\/v2\/types\/post"}],"author":[{"embeddable":true,"href":"https:\/\/sandzakpress.net\/arhiva\/wp-json\/wp\/v2\/users\/33"}],"replies":[{"embeddable":true,"href":"https:\/\/sandzakpress.net\/arhiva\/wp-json\/wp\/v2\/comments?post=65150"}],"version-history":[{"count":0,"href":"https:\/\/sandzakpress.net\/arhiva\/wp-json\/wp\/v2\/posts\/65150\/revisions"}],"wp:featuredmedia":[{"embeddable":true,"href":"https:\/\/sandzakpress.net\/arhiva\/wp-json\/wp\/v2\/media\/65151"}],"wp:attachment":[{"href":"https:\/\/sandzakpress.net\/arhiva\/wp-json\/wp\/v2\/media?parent=65150"}],"wp:term":[{"taxonomy":"category","embeddable":true,"href":"https:\/\/sandzakpress.net\/arhiva\/wp-json\/wp\/v2\/categories?post=65150"},{"taxonomy":"post_tag","embeddable":true,"href":"https:\/\/sandzakpress.net\/arhiva\/wp-json\/wp\/v2\/tags?post=65150"}],"curies":[{"name":"wp","href":"https:\/\/api.w.org\/{rel}","templated":true}]}}