{"id":65058,"date":"2013-02-05T15:43:29","date_gmt":"2013-02-05T14:43:29","guid":{"rendered":"https:\/\/sandzakpress.net\/arhiva\/?p=65058"},"modified":"2013-02-05T15:43:29","modified_gmt":"2013-02-05T14:43:29","slug":"neutemeljeno-saopstenje-na-sajtu-opstine-%e2%80%93-gradani-nezadovoljni","status":"publish","type":"post","link":"https:\/\/sandzakpress.net\/arhiva\/neutemeljeno-saopstenje-na-sajtu-opstine-%e2%80%93-gradani-nezadovoljni\/","title":{"rendered":"Neutemeljeno saop\u0161tenje na sajtu Op\u0161tine \u2013 Gra\u0111ani nezadovoljni"},"content":{"rendered":"<p><strong><a href=\"https:\/\/sandzakpress.net\/arhiva\/wp-content\/uploads\/2013\/02\/20130130_103530.jpg\"><img loading=\"lazy\" decoding=\"async\" class=\"alignleft size-medium wp-image-65061\" title=\"20130130_103530\" src=\"https:\/\/sandzakpress.net\/arhiva\/wp-content\/uploads\/2013\/02\/20130130_103530-300x225.jpg\" alt=\"\" width=\"300\" height=\"225\" \/><\/a>Plav &#8211; Na sajtu op\u0161tine Plav objavljeno je saop\u0161tenje iz Kabineta predsjednika op\u0161tine koje Vam u cjelosti prenosimo i kojim smo svi za\u010du\u0111eni jer je krajnje neosnovano i neutemeljeno. <\/strong><\/p>\n<p>Naprotiv, gra\u0111ani Gusinja i okolnih sela nijesu zadovoljni radom Javnog Komunalnog preduze\u0107a u Plavu o \u010demu je vi\u0161e puta ukazivao kroz saop\u0161tenja i prvi \u010dovjek Gusinja \u2013 predsjednik Mjesne zajednice dr Rusmin Lali\u010di\u0107. Ulice i u\u017ee gradsko jezgro je o\u010di\u0161\u0107eno onako kako treba tek nakon medijskih \u010dlanaka u kojim su gra\u0111ani i predsjednik MZ Gusinje iskazali nezadovoljstvo i kritikovali rad tog preduze\u0107a.<\/p>\n<p>Vrlo lako se mo\u017ee provjeriti nerad Komunalnog preduze\u0107a o \u010demu \u0107e posvjedo\u010diti mnogi gra\u0111ani.<\/p>\n<p>Saop\u0161tenje objavljeno na sajtu op\u0161tine Plav \u2013 30.01.2012.<\/p>\n<p>Povodom u\u010destalih napada putem sredstava javnog informisanja na nea\u017eurnost Javnog Komunalnog preduze\u0107a u \u010di\u0161\u0107enju puteva od snije\u017enih nameta, Kabinet predsjednika op\u0161tine obra\u0107a se javnosti sljede\u0107im saop\u0161tenjem.<\/p>\n<p>Povodom raznih novinskih natpisa predjsdnik op\u0161tine g\u2013din Orhan \u0160ahmanovi\u0107 sa direktorom Javnog komunalnog predze\u0107a\u00a0 i direktorom direkcije za uredjnje prostora i investicije Izetom Hadzimu\u0161ovi\u0107em obi\u0161ao komplet teren op\u0161tine Plav i uvjerio se u neistinitost \u201edirigovanih\u201c napada\u010da.<\/p>\n<p>Sa zadovljstvom mo\u017eemo re\u0107i da teritorija op\u0161tine Plav nikada nije bolje i organizovanije \u010di\u0161\u0107ena nego \u0161to je to radjeno u periodu od 01.01.2012.g. pa do dana\u0161njeg dana. Uo\u010deni su i izvjesni nedostaci prilikom \u010di\u0161\u0107enja gradskog i seoskog podru\u010dja od snji\u017enih nameta, koji se prije svega odnose na:<\/p>\n<ul>\n<li>Neasvaltirane i uske ulice<\/li>\n<li>Parkirani automobili u ulicama su predstavljali problem za \u010dista\u010de<\/li>\n<li>Nedostatak odgovaraju\u0107e tehni\u010dke opreme<\/li>\n<\/ul>\n<p>\u201eOdgovorno tvrdim \u00a0da nije postojalao selektivno \u010di\u0161\u0107enje ulica ili \u010di\u0161\u0107enje po partijskoj liniji ve\u0107 se \u010distilo po prioritetima i po planu \u010di\u0161\u0107enja Javnog Komunalnog preduze\u0107a i operativnog \u0161taba za upravljanje u vanrednim situacijama\u201c saop\u0161tio je Predsjednik op\u0161tine Plav.<\/p>\n<p>Predsjednik op\u0161tine Plav g-din Orhan \u0160ahmanovi\u0107 je pohvalio rad Javnog Komunalnog preduze\u0107a op\u0161tine Plav, njegove radnike \u00a0na \u010delu sa Direktorom g-dinom Mehmetom Gjonbalajom.<\/p>\n<p>(gusinjefoundation)<\/p>\n","protected":false},"excerpt":{"rendered":"<p>Plav &#8211; Na sajtu op\u0161tine Plav objavljeno je saop\u0161tenje iz Kabineta predsjednika op\u0161tine koje Vam u cjelosti prenosimo i kojim smo svi za\u010du\u0111eni jer je krajnje neosnovano i neutemeljeno. Naprotiv, gra\u0111ani Gusinja i okolnih sela nijesu zadovoljni radom Javnog Komunalnog preduze\u0107a u Plavu o \u010demu je vi\u0161e puta ukazivao kroz saop\u0161tenja i prvi \u010dovjek Gusinja [&hellip;]<\/p>\n","protected":false},"author":16,"featured_media":65061,"comment_status":"open","ping_status":"open","sticky":false,"template":"","format":"standard","meta":{"footnotes":""},"categories":[1,399],"tags":[],"class_list":{"0":"post-65058","1":"post","2":"type-post","3":"status-publish","4":"format-standard","5":"has-post-thumbnail","7":"category-politika","8":"category-plav_"},"yoast_head":"<!-- This site is optimized with the Yoast SEO Premium plugin v23.1 (Yoast SEO v24.9) - https:\/\/yoast.com\/wordpress\/plugins\/seo\/ -->\n<title>Neutemeljeno saop\u0161tenje na sajtu Op\u0161tine \u2013 Gra\u0111ani nezadovoljni<\/title>\n<meta name=\"robots\" content=\"index, follow, max-snippet:-1, max-image-preview:large, max-video-preview:-1\" \/>\n<link rel=\"canonical\" href=\"https:\/\/sandzakpress.net\/arhiva\/neutemeljeno-saopstenje-na-sajtu-opstine-\u2013-gradani-nezadovoljni\/\" \/>\n<meta property=\"og:locale\" content=\"bs_BA\" \/>\n<meta property=\"og:type\" content=\"article\" \/>\n<meta property=\"og:title\" content=\"Neutemeljeno saop\u0161tenje na sajtu Op\u0161tine \u2013 Gra\u0111ani nezadovoljni\" \/>\n<meta property=\"og:description\" content=\"Plav &#8211; Na sajtu op\u0161tine Plav objavljeno je saop\u0161tenje iz Kabineta predsjednika op\u0161tine koje Vam u cjelosti prenosimo i kojim smo svi za\u010du\u0111eni jer je krajnje neosnovano i neutemeljeno. Naprotiv, gra\u0111ani Gusinja i okolnih sela nijesu zadovoljni radom Javnog Komunalnog preduze\u0107a u Plavu o \u010demu je vi\u0161e puta ukazivao kroz saop\u0161tenja i prvi \u010dovjek Gusinja [&hellip;]\" \/>\n<meta property=\"og:url\" content=\"https:\/\/sandzakpress.net\/arhiva\/neutemeljeno-saopstenje-na-sajtu-opstine-\u2013-gradani-nezadovoljni\/\" \/>\n<meta property=\"og:site_name\" content=\"Sand\u017eak PRESS\" \/>\n<meta property=\"article:published_time\" content=\"2013-02-05T14:43:29+00:00\" \/>\n<meta property=\"og:image\" content=\"https:\/\/sandzakpress.net\/arhiva\/wp-content\/uploads\/2013\/02\/20130130_103530.jpg\" \/>\n\t<meta property=\"og:image:width\" content=\"600\" \/>\n\t<meta property=\"og:image:height\" content=\"450\" \/>\n\t<meta property=\"og:image:type\" content=\"image\/jpeg\" \/>\n<meta name=\"twitter:card\" content=\"summary_large_image\" \/>\n<meta name=\"twitter:label1\" content=\"Written by\" \/>\n\t<meta name=\"twitter:data1\" content=\"\" \/>\n\t<meta name=\"twitter:label2\" content=\"Est. reading time\" \/>\n\t<meta name=\"twitter:data2\" content=\"2 minute\" \/>\n<script type=\"application\/ld+json\" class=\"yoast-schema-graph\">{\"@context\":\"https:\/\/schema.org\",\"@graph\":[{\"@type\":\"Article\",\"@id\":\"https:\/\/sandzakpress.net\/arhiva\/neutemeljeno-saopstenje-na-sajtu-opstine-%e2%80%93-gradani-nezadovoljni\/#article\",\"isPartOf\":{\"@id\":\"https:\/\/sandzakpress.net\/arhiva\/neutemeljeno-saopstenje-na-sajtu-opstine-%e2%80%93-gradani-nezadovoljni\/\"},\"author\":{\"name\":\"\",\"@id\":\"\"},\"headline\":\"Neutemeljeno saop\u0161tenje na sajtu Op\u0161tine \u2013 Gra\u0111ani nezadovoljni\",\"datePublished\":\"2013-02-05T14:43:29+00:00\",\"mainEntityOfPage\":{\"@id\":\"https:\/\/sandzakpress.net\/arhiva\/neutemeljeno-saopstenje-na-sajtu-opstine-%e2%80%93-gradani-nezadovoljni\/\"},\"wordCount\":367,\"commentCount\":0,\"publisher\":{\"@id\":\"https:\/\/sandzakpress.net\/arhiva\/#\/schema\/person\/6e72b67d6e51910a1117b3b483ba20bd\"},\"image\":{\"@id\":\"https:\/\/sandzakpress.net\/arhiva\/neutemeljeno-saopstenje-na-sajtu-opstine-%e2%80%93-gradani-nezadovoljni\/#primaryimage\"},\"thumbnailUrl\":\"https:\/\/sandzakpress.net\/arhiva\/wp-content\/uploads\/2013\/02\/20130130_103530.jpg\",\"articleSection\":[\"Politika\",\"Plav\"],\"inLanguage\":\"bs-BA\",\"potentialAction\":[{\"@type\":\"CommentAction\",\"name\":\"Comment\",\"target\":[\"https:\/\/sandzakpress.net\/arhiva\/neutemeljeno-saopstenje-na-sajtu-opstine-%e2%80%93-gradani-nezadovoljni\/#respond\"]}]},{\"@type\":\"WebPage\",\"@id\":\"https:\/\/sandzakpress.net\/arhiva\/neutemeljeno-saopstenje-na-sajtu-opstine-%e2%80%93-gradani-nezadovoljni\/\",\"url\":\"https:\/\/sandzakpress.net\/arhiva\/neutemeljeno-saopstenje-na-sajtu-opstine-%e2%80%93-gradani-nezadovoljni\/\",\"name\":\"Neutemeljeno saop\u0161tenje na sajtu Op\u0161tine \u2013 Gra\u0111ani nezadovoljni\",\"isPartOf\":{\"@id\":\"https:\/\/sandzakpress.net\/arhiva\/#website\"},\"primaryImageOfPage\":{\"@id\":\"https:\/\/sandzakpress.net\/arhiva\/neutemeljeno-saopstenje-na-sajtu-opstine-%e2%80%93-gradani-nezadovoljni\/#primaryimage\"},\"image\":{\"@id\":\"https:\/\/sandzakpress.net\/arhiva\/neutemeljeno-saopstenje-na-sajtu-opstine-%e2%80%93-gradani-nezadovoljni\/#primaryimage\"},\"thumbnailUrl\":\"https:\/\/sandzakpress.net\/arhiva\/wp-content\/uploads\/2013\/02\/20130130_103530.jpg\",\"datePublished\":\"2013-02-05T14:43:29+00:00\",\"breadcrumb\":{\"@id\":\"https:\/\/sandzakpress.net\/arhiva\/neutemeljeno-saopstenje-na-sajtu-opstine-%e2%80%93-gradani-nezadovoljni\/#breadcrumb\"},\"inLanguage\":\"bs-BA\",\"potentialAction\":[{\"@type\":\"ReadAction\",\"target\":[\"https:\/\/sandzakpress.net\/arhiva\/neutemeljeno-saopstenje-na-sajtu-opstine-%e2%80%93-gradani-nezadovoljni\/\"]}]},{\"@type\":\"ImageObject\",\"inLanguage\":\"bs-BA\",\"@id\":\"https:\/\/sandzakpress.net\/arhiva\/neutemeljeno-saopstenje-na-sajtu-opstine-%e2%80%93-gradani-nezadovoljni\/#primaryimage\",\"url\":\"https:\/\/sandzakpress.net\/arhiva\/wp-content\/uploads\/2013\/02\/20130130_103530.jpg\",\"contentUrl\":\"https:\/\/sandzakpress.net\/arhiva\/wp-content\/uploads\/2013\/02\/20130130_103530.jpg\",\"width\":600,\"height\":450},{\"@type\":\"BreadcrumbList\",\"@id\":\"https:\/\/sandzakpress.net\/arhiva\/neutemeljeno-saopstenje-na-sajtu-opstine-%e2%80%93-gradani-nezadovoljni\/#breadcrumb\",\"itemListElement\":[{\"@type\":\"ListItem\",\"position\":1,\"name\":\"Home\",\"item\":\"https:\/\/sandzakpress.net\/arhiva\/\"},{\"@type\":\"ListItem\",\"position\":2,\"name\":\"Neutemeljeno saop\u0161tenje na sajtu Op\u0161tine \u2013 Gra\u0111ani nezadovoljni\"}]},{\"@type\":\"WebSite\",\"@id\":\"https:\/\/sandzakpress.net\/arhiva\/#website\",\"url\":\"https:\/\/sandzakpress.net\/arhiva\/\",\"name\":\"Sand\u017eak PRESS\",\"description\":\"Prve elektronske novine u Sand\u017eaku\",\"publisher\":{\"@id\":\"https:\/\/sandzakpress.net\/arhiva\/#\/schema\/person\/6e72b67d6e51910a1117b3b483ba20bd\"},\"potentialAction\":[{\"@type\":\"SearchAction\",\"target\":{\"@type\":\"EntryPoint\",\"urlTemplate\":\"https:\/\/sandzakpress.net\/arhiva\/?s={search_term_string}\"},\"query-input\":{\"@type\":\"PropertyValueSpecification\",\"valueRequired\":true,\"valueName\":\"search_term_string\"}}],\"inLanguage\":\"bs-BA\"},{\"@type\":[\"Person\",\"Organization\"],\"@id\":\"https:\/\/sandzakpress.net\/arhiva\/#\/schema\/person\/6e72b67d6e51910a1117b3b483ba20bd\",\"name\":\"Kul\",\"image\":{\"@type\":\"ImageObject\",\"inLanguage\":\"bs-BA\",\"@id\":\"https:\/\/sandzakpress.net\/arhiva\/#\/schema\/person\/image\/\",\"url\":\"https:\/\/secure.gravatar.com\/avatar\/42263f39aa27ac04c43cab85c280eb2e?s=96&d=mm&r=pg\",\"contentUrl\":\"https:\/\/secure.gravatar.com\/avatar\/42263f39aa27ac04c43cab85c280eb2e?s=96&d=mm&r=pg\",\"caption\":\"Kul\"},\"logo\":{\"@id\":\"https:\/\/sandzakpress.net\/arhiva\/#\/schema\/person\/image\/\"}},{\"@type\":\"Person\",\"@id\":\"\",\"url\":\"https:\/\/sandzakpress.net\/arhiva\/author\/\"}]}<\/script>\n<!-- \/ Yoast SEO Premium plugin. -->","yoast_head_json":{"title":"Neutemeljeno saop\u0161tenje na sajtu Op\u0161tine \u2013 Gra\u0111ani nezadovoljni","robots":{"index":"index","follow":"follow","max-snippet":"max-snippet:-1","max-image-preview":"max-image-preview:large","max-video-preview":"max-video-preview:-1"},"canonical":"https:\/\/sandzakpress.net\/arhiva\/neutemeljeno-saopstenje-na-sajtu-opstine-\u2013-gradani-nezadovoljni\/","og_locale":"bs_BA","og_type":"article","og_title":"Neutemeljeno saop\u0161tenje na sajtu Op\u0161tine \u2013 Gra\u0111ani nezadovoljni","og_description":"Plav &#8211; Na sajtu op\u0161tine Plav objavljeno je saop\u0161tenje iz Kabineta predsjednika op\u0161tine koje Vam u cjelosti prenosimo i kojim smo svi za\u010du\u0111eni jer je krajnje neosnovano i neutemeljeno. Naprotiv, gra\u0111ani Gusinja i okolnih sela nijesu zadovoljni radom Javnog Komunalnog preduze\u0107a u Plavu o \u010demu je vi\u0161e puta ukazivao kroz saop\u0161tenja i prvi \u010dovjek Gusinja [&hellip;]","og_url":"https:\/\/sandzakpress.net\/arhiva\/neutemeljeno-saopstenje-na-sajtu-opstine-\u2013-gradani-nezadovoljni\/","og_site_name":"Sand\u017eak PRESS","article_published_time":"2013-02-05T14:43:29+00:00","og_image":[{"width":600,"height":450,"url":"https:\/\/sandzakpress.net\/arhiva\/wp-content\/uploads\/2013\/02\/20130130_103530.jpg","type":"image\/jpeg"}],"twitter_card":"summary_large_image","twitter_misc":{"Written by":"","Est. reading time":"2 minute"},"schema":{"@context":"https:\/\/schema.org","@graph":[{"@type":"Article","@id":"https:\/\/sandzakpress.net\/arhiva\/neutemeljeno-saopstenje-na-sajtu-opstine-%e2%80%93-gradani-nezadovoljni\/#article","isPartOf":{"@id":"https:\/\/sandzakpress.net\/arhiva\/neutemeljeno-saopstenje-na-sajtu-opstine-%e2%80%93-gradani-nezadovoljni\/"},"author":{"name":"","@id":""},"headline":"Neutemeljeno saop\u0161tenje na sajtu Op\u0161tine \u2013 Gra\u0111ani nezadovoljni","datePublished":"2013-02-05T14:43:29+00:00","mainEntityOfPage":{"@id":"https:\/\/sandzakpress.net\/arhiva\/neutemeljeno-saopstenje-na-sajtu-opstine-%e2%80%93-gradani-nezadovoljni\/"},"wordCount":367,"commentCount":0,"publisher":{"@id":"https:\/\/sandzakpress.net\/arhiva\/#\/schema\/person\/6e72b67d6e51910a1117b3b483ba20bd"},"image":{"@id":"https:\/\/sandzakpress.net\/arhiva\/neutemeljeno-saopstenje-na-sajtu-opstine-%e2%80%93-gradani-nezadovoljni\/#primaryimage"},"thumbnailUrl":"https:\/\/sandzakpress.net\/arhiva\/wp-content\/uploads\/2013\/02\/20130130_103530.jpg","articleSection":["Politika","Plav"],"inLanguage":"bs-BA","potentialAction":[{"@type":"CommentAction","name":"Comment","target":["https:\/\/sandzakpress.net\/arhiva\/neutemeljeno-saopstenje-na-sajtu-opstine-%e2%80%93-gradani-nezadovoljni\/#respond"]}]},{"@type":"WebPage","@id":"https:\/\/sandzakpress.net\/arhiva\/neutemeljeno-saopstenje-na-sajtu-opstine-%e2%80%93-gradani-nezadovoljni\/","url":"https:\/\/sandzakpress.net\/arhiva\/neutemeljeno-saopstenje-na-sajtu-opstine-%e2%80%93-gradani-nezadovoljni\/","name":"Neutemeljeno saop\u0161tenje na sajtu Op\u0161tine \u2013 Gra\u0111ani nezadovoljni","isPartOf":{"@id":"https:\/\/sandzakpress.net\/arhiva\/#website"},"primaryImageOfPage":{"@id":"https:\/\/sandzakpress.net\/arhiva\/neutemeljeno-saopstenje-na-sajtu-opstine-%e2%80%93-gradani-nezadovoljni\/#primaryimage"},"image":{"@id":"https:\/\/sandzakpress.net\/arhiva\/neutemeljeno-saopstenje-na-sajtu-opstine-%e2%80%93-gradani-nezadovoljni\/#primaryimage"},"thumbnailUrl":"https:\/\/sandzakpress.net\/arhiva\/wp-content\/uploads\/2013\/02\/20130130_103530.jpg","datePublished":"2013-02-05T14:43:29+00:00","breadcrumb":{"@id":"https:\/\/sandzakpress.net\/arhiva\/neutemeljeno-saopstenje-na-sajtu-opstine-%e2%80%93-gradani-nezadovoljni\/#breadcrumb"},"inLanguage":"bs-BA","potentialAction":[{"@type":"ReadAction","target":["https:\/\/sandzakpress.net\/arhiva\/neutemeljeno-saopstenje-na-sajtu-opstine-%e2%80%93-gradani-nezadovoljni\/"]}]},{"@type":"ImageObject","inLanguage":"bs-BA","@id":"https:\/\/sandzakpress.net\/arhiva\/neutemeljeno-saopstenje-na-sajtu-opstine-%e2%80%93-gradani-nezadovoljni\/#primaryimage","url":"https:\/\/sandzakpress.net\/arhiva\/wp-content\/uploads\/2013\/02\/20130130_103530.jpg","contentUrl":"https:\/\/sandzakpress.net\/arhiva\/wp-content\/uploads\/2013\/02\/20130130_103530.jpg","width":600,"height":450},{"@type":"BreadcrumbList","@id":"https:\/\/sandzakpress.net\/arhiva\/neutemeljeno-saopstenje-na-sajtu-opstine-%e2%80%93-gradani-nezadovoljni\/#breadcrumb","itemListElement":[{"@type":"ListItem","position":1,"name":"Home","item":"https:\/\/sandzakpress.net\/arhiva\/"},{"@type":"ListItem","position":2,"name":"Neutemeljeno saop\u0161tenje na sajtu Op\u0161tine \u2013 Gra\u0111ani nezadovoljni"}]},{"@type":"WebSite","@id":"https:\/\/sandzakpress.net\/arhiva\/#website","url":"https:\/\/sandzakpress.net\/arhiva\/","name":"Sand\u017eak PRESS","description":"Prve elektronske novine u Sand\u017eaku","publisher":{"@id":"https:\/\/sandzakpress.net\/arhiva\/#\/schema\/person\/6e72b67d6e51910a1117b3b483ba20bd"},"potentialAction":[{"@type":"SearchAction","target":{"@type":"EntryPoint","urlTemplate":"https:\/\/sandzakpress.net\/arhiva\/?s={search_term_string}"},"query-input":{"@type":"PropertyValueSpecification","valueRequired":true,"valueName":"search_term_string"}}],"inLanguage":"bs-BA"},{"@type":["Person","Organization"],"@id":"https:\/\/sandzakpress.net\/arhiva\/#\/schema\/person\/6e72b67d6e51910a1117b3b483ba20bd","name":"Kul","image":{"@type":"ImageObject","inLanguage":"bs-BA","@id":"https:\/\/sandzakpress.net\/arhiva\/#\/schema\/person\/image\/","url":"https:\/\/secure.gravatar.com\/avatar\/42263f39aa27ac04c43cab85c280eb2e?s=96&d=mm&r=pg","contentUrl":"https:\/\/secure.gravatar.com\/avatar\/42263f39aa27ac04c43cab85c280eb2e?s=96&d=mm&r=pg","caption":"Kul"},"logo":{"@id":"https:\/\/sandzakpress.net\/arhiva\/#\/schema\/person\/image\/"}},{"@type":"Person","@id":"","url":"https:\/\/sandzakpress.net\/arhiva\/author\/"}]}},"_links":{"self":[{"href":"https:\/\/sandzakpress.net\/arhiva\/wp-json\/wp\/v2\/posts\/65058"}],"collection":[{"href":"https:\/\/sandzakpress.net\/arhiva\/wp-json\/wp\/v2\/posts"}],"about":[{"href":"https:\/\/sandzakpress.net\/arhiva\/wp-json\/wp\/v2\/types\/post"}],"author":[{"embeddable":true,"href":"https:\/\/sandzakpress.net\/arhiva\/wp-json\/wp\/v2\/users\/16"}],"replies":[{"embeddable":true,"href":"https:\/\/sandzakpress.net\/arhiva\/wp-json\/wp\/v2\/comments?post=65058"}],"version-history":[{"count":0,"href":"https:\/\/sandzakpress.net\/arhiva\/wp-json\/wp\/v2\/posts\/65058\/revisions"}],"wp:featuredmedia":[{"embeddable":true,"href":"https:\/\/sandzakpress.net\/arhiva\/wp-json\/wp\/v2\/media\/65061"}],"wp:attachment":[{"href":"https:\/\/sandzakpress.net\/arhiva\/wp-json\/wp\/v2\/media?parent=65058"}],"wp:term":[{"taxonomy":"category","embeddable":true,"href":"https:\/\/sandzakpress.net\/arhiva\/wp-json\/wp\/v2\/categories?post=65058"},{"taxonomy":"post_tag","embeddable":true,"href":"https:\/\/sandzakpress.net\/arhiva\/wp-json\/wp\/v2\/tags?post=65058"}],"curies":[{"name":"wp","href":"https:\/\/api.w.org\/{rel}","templated":true}]}}