{"id":64930,"date":"2013-02-04T16:51:56","date_gmt":"2013-02-04T15:51:56","guid":{"rendered":"https:\/\/sandzakpress.net\/arhiva\/?p=64930"},"modified":"2013-02-04T16:51:56","modified_gmt":"2013-02-04T15:51:56","slug":"odrzana-javna-debata-partnerstvo-za-transparentnost-mediji-gradani-i-lokalna-vlast","status":"publish","type":"post","link":"https:\/\/sandzakpress.net\/arhiva\/odrzana-javna-debata-partnerstvo-za-transparentnost-mediji-gradani-i-lokalna-vlast\/","title":{"rendered":"Odr\u017eana javna debata &#8220;Partnerstvo za transparentnost: Mediji, gra\u0111ani i lokalna vlast&#8221;"},"content":{"rendered":"<p><strong><a href=\"https:\/\/sandzakpress.net\/arhiva\/wp-content\/uploads\/2013\/02\/osce.jpg\"><img loading=\"lazy\" decoding=\"async\" class=\"alignleft size-medium wp-image-64932\" title=\"osce\" src=\"https:\/\/sandzakpress.net\/arhiva\/wp-content\/uploads\/2013\/02\/osce-300x199.jpg\" alt=\"\" width=\"300\" height=\"199\" \/><\/a>Novi Pazar &#8211; U organizaciji Misije OEBS u Srbiji, kancelarije Povjerenika za informacije od javnog zna\u010daja i za\u0161titu podataka o li\u010dnosti Republike Srbije, Britanske ambasade i Nacionalnog demokratskog instituta (NDI), u prostorijama OEBS trening centra u Novom Pazaru organizovana javna debata &#8220;Partnerstvo za transparentnost: Mediji, gra\u0111ani i lokalne vlasti&#8221;.<br \/>\n<\/strong><br \/>\nNa debati su govorili Dragana Nikoli\u0107 Solomon, \u0161efica Odjeljenja za medije Misije OEBS u Srbiji, Rodoljub \u0160abi\u0107, povjerenik za informacije od javnog zna\u010daja i za\u0161titu podataka o li\u010dnosti Republike Srbije, Meho Mahmutovi\u0107, gradona\u010delnik Novog Pazara. Na debati je, izme\u0111u ostalog, bilo rije\u010di o pristupu informacijama od javnog zna\u010daja kao preduslovu za participaciju javnosti u radu organa vlasti i o ulozi medija u pove\u0107anju transparentnosti na lokalnom nivou.<\/p>\n<p>Novinari trebaju pitati, tra\u017eiti informacije i biti uporni u tome. Njihovi izve\u0161taju moraju biti objektivni i pravovremeni u skladu sa novinarskim kodeksima. S druge strane predstavnici vlasti, kao i institucija i organizacija trebaju u\u010diniti dostupnim sve informacije od javnog zna\u010daja kako novinarima, tako i javnost&#8221; &#8211; re\u010deno je na javnoj debati &#8220;Partnerstvo za transparentnost: Mediji, gra\u0111ani i lokalna vlast&#8221;.<\/p>\n<p>Lokalne samouprave moraju imati stru\u010dno ura\u0111ene Informatore o radu. Povjerenik za informacije od javnog zna\u010daja Rodoljub \u0160abi\u0107 je rekao da se o na\u010dinu kako on treba biti sa\u010dinjen mogu informisati na sajtu institucije koju predvodi, na kome pored iskustva postoji i Informator povjerenika koji mo\u017ee poslu\u017eiti kao najbolji primjer. Gradona\u010delnik Meho Mahmutovi\u0107 je ocjenio da je lokalna samouprava u Novom Pazaru u\u010dinila mnogo kako bi njen rad bio \u0161to transparentniji.<\/p>\n<p>(novipazar)<\/p>\n","protected":false},"excerpt":{"rendered":"<p>Novi Pazar &#8211; U organizaciji Misije OEBS u Srbiji, kancelarije Povjerenika za informacije od javnog zna\u010daja i za\u0161titu podataka o li\u010dnosti Republike Srbije, Britanske ambasade i Nacionalnog demokratskog instituta (NDI), u prostorijama OEBS trening centra u Novom Pazaru organizovana javna debata &#8220;Partnerstvo za transparentnost: Mediji, gra\u0111ani i lokalne vlasti&#8221;. Na debati su govorili Dragana Nikoli\u0107 [&hellip;]<\/p>\n","protected":false},"author":16,"featured_media":64932,"comment_status":"open","ping_status":"open","sticky":false,"template":"","format":"standard","meta":{"footnotes":""},"categories":[72,1],"tags":[],"class_list":{"0":"post-64930","1":"post","2":"type-post","3":"status-publish","4":"format-standard","5":"has-post-thumbnail","7":"category-novi-pazar","8":"category-politika"},"yoast_head":"<!-- This site is optimized with the Yoast SEO Premium plugin v23.1 (Yoast SEO v24.9) - https:\/\/yoast.com\/wordpress\/plugins\/seo\/ -->\n<title>Odr\u017eana javna debata &quot;Partnerstvo za transparentnost: Mediji, gra\u0111ani i lokalna vlast&quot;<\/title>\n<meta name=\"robots\" content=\"index, follow, max-snippet:-1, max-image-preview:large, max-video-preview:-1\" \/>\n<link rel=\"canonical\" href=\"https:\/\/sandzakpress.net\/arhiva\/odrzana-javna-debata-partnerstvo-za-transparentnost-mediji-gradani-i-lokalna-vlast\/\" \/>\n<meta property=\"og:locale\" content=\"bs_BA\" \/>\n<meta property=\"og:type\" content=\"article\" \/>\n<meta property=\"og:title\" content=\"Odr\u017eana javna debata &quot;Partnerstvo za transparentnost: Mediji, gra\u0111ani i lokalna vlast&quot;\" \/>\n<meta property=\"og:description\" content=\"Novi Pazar &#8211; U organizaciji Misije OEBS u Srbiji, kancelarije Povjerenika za informacije od javnog zna\u010daja i za\u0161titu podataka o li\u010dnosti Republike Srbije, Britanske ambasade i Nacionalnog demokratskog instituta (NDI), u prostorijama OEBS trening centra u Novom Pazaru organizovana javna debata &#8220;Partnerstvo za transparentnost: Mediji, gra\u0111ani i lokalne vlasti&#8221;. Na debati su govorili Dragana Nikoli\u0107 [&hellip;]\" \/>\n<meta property=\"og:url\" content=\"https:\/\/sandzakpress.net\/arhiva\/odrzana-javna-debata-partnerstvo-za-transparentnost-mediji-gradani-i-lokalna-vlast\/\" \/>\n<meta property=\"og:site_name\" content=\"Sand\u017eak PRESS\" \/>\n<meta property=\"article:published_time\" content=\"2013-02-04T15:51:56+00:00\" \/>\n<meta property=\"og:image\" content=\"https:\/\/sandzakpress.net\/arhiva\/wp-content\/uploads\/2013\/02\/osce.jpg\" \/>\n\t<meta property=\"og:image:width\" content=\"616\" \/>\n\t<meta property=\"og:image:height\" content=\"409\" \/>\n\t<meta property=\"og:image:type\" content=\"image\/jpeg\" \/>\n<meta name=\"twitter:card\" content=\"summary_large_image\" \/>\n<meta name=\"twitter:label1\" content=\"Written by\" \/>\n\t<meta name=\"twitter:data1\" content=\"\" \/>\n\t<meta name=\"twitter:label2\" content=\"Est. reading time\" \/>\n\t<meta name=\"twitter:data2\" content=\"1 minuta\" \/>\n<script type=\"application\/ld+json\" class=\"yoast-schema-graph\">{\"@context\":\"https:\/\/schema.org\",\"@graph\":[{\"@type\":\"Article\",\"@id\":\"https:\/\/sandzakpress.net\/arhiva\/odrzana-javna-debata-partnerstvo-za-transparentnost-mediji-gradani-i-lokalna-vlast\/#article\",\"isPartOf\":{\"@id\":\"https:\/\/sandzakpress.net\/arhiva\/odrzana-javna-debata-partnerstvo-za-transparentnost-mediji-gradani-i-lokalna-vlast\/\"},\"author\":{\"name\":\"\",\"@id\":\"\"},\"headline\":\"Odr\u017eana javna debata &#8220;Partnerstvo za transparentnost: Mediji, gra\u0111ani i lokalna vlast&#8221;\",\"datePublished\":\"2013-02-04T15:51:56+00:00\",\"mainEntityOfPage\":{\"@id\":\"https:\/\/sandzakpress.net\/arhiva\/odrzana-javna-debata-partnerstvo-za-transparentnost-mediji-gradani-i-lokalna-vlast\/\"},\"wordCount\":286,\"commentCount\":0,\"publisher\":{\"@id\":\"https:\/\/sandzakpress.net\/arhiva\/#\/schema\/person\/6e72b67d6e51910a1117b3b483ba20bd\"},\"image\":{\"@id\":\"https:\/\/sandzakpress.net\/arhiva\/odrzana-javna-debata-partnerstvo-za-transparentnost-mediji-gradani-i-lokalna-vlast\/#primaryimage\"},\"thumbnailUrl\":\"https:\/\/sandzakpress.net\/arhiva\/wp-content\/uploads\/2013\/02\/osce.jpg\",\"articleSection\":[\"Novi Pazar\",\"Politika\"],\"inLanguage\":\"bs-BA\",\"potentialAction\":[{\"@type\":\"CommentAction\",\"name\":\"Comment\",\"target\":[\"https:\/\/sandzakpress.net\/arhiva\/odrzana-javna-debata-partnerstvo-za-transparentnost-mediji-gradani-i-lokalna-vlast\/#respond\"]}]},{\"@type\":\"WebPage\",\"@id\":\"https:\/\/sandzakpress.net\/arhiva\/odrzana-javna-debata-partnerstvo-za-transparentnost-mediji-gradani-i-lokalna-vlast\/\",\"url\":\"https:\/\/sandzakpress.net\/arhiva\/odrzana-javna-debata-partnerstvo-za-transparentnost-mediji-gradani-i-lokalna-vlast\/\",\"name\":\"Odr\u017eana javna debata \\\"Partnerstvo za transparentnost: Mediji, gra\u0111ani i lokalna vlast\\\"\",\"isPartOf\":{\"@id\":\"https:\/\/sandzakpress.net\/arhiva\/#website\"},\"primaryImageOfPage\":{\"@id\":\"https:\/\/sandzakpress.net\/arhiva\/odrzana-javna-debata-partnerstvo-za-transparentnost-mediji-gradani-i-lokalna-vlast\/#primaryimage\"},\"image\":{\"@id\":\"https:\/\/sandzakpress.net\/arhiva\/odrzana-javna-debata-partnerstvo-za-transparentnost-mediji-gradani-i-lokalna-vlast\/#primaryimage\"},\"thumbnailUrl\":\"https:\/\/sandzakpress.net\/arhiva\/wp-content\/uploads\/2013\/02\/osce.jpg\",\"datePublished\":\"2013-02-04T15:51:56+00:00\",\"breadcrumb\":{\"@id\":\"https:\/\/sandzakpress.net\/arhiva\/odrzana-javna-debata-partnerstvo-za-transparentnost-mediji-gradani-i-lokalna-vlast\/#breadcrumb\"},\"inLanguage\":\"bs-BA\",\"potentialAction\":[{\"@type\":\"ReadAction\",\"target\":[\"https:\/\/sandzakpress.net\/arhiva\/odrzana-javna-debata-partnerstvo-za-transparentnost-mediji-gradani-i-lokalna-vlast\/\"]}]},{\"@type\":\"ImageObject\",\"inLanguage\":\"bs-BA\",\"@id\":\"https:\/\/sandzakpress.net\/arhiva\/odrzana-javna-debata-partnerstvo-za-transparentnost-mediji-gradani-i-lokalna-vlast\/#primaryimage\",\"url\":\"https:\/\/sandzakpress.net\/arhiva\/wp-content\/uploads\/2013\/02\/osce.jpg\",\"contentUrl\":\"https:\/\/sandzakpress.net\/arhiva\/wp-content\/uploads\/2013\/02\/osce.jpg\",\"width\":616,\"height\":409},{\"@type\":\"BreadcrumbList\",\"@id\":\"https:\/\/sandzakpress.net\/arhiva\/odrzana-javna-debata-partnerstvo-za-transparentnost-mediji-gradani-i-lokalna-vlast\/#breadcrumb\",\"itemListElement\":[{\"@type\":\"ListItem\",\"position\":1,\"name\":\"Home\",\"item\":\"https:\/\/sandzakpress.net\/arhiva\/\"},{\"@type\":\"ListItem\",\"position\":2,\"name\":\"Odr\u017eana javna debata &#8220;Partnerstvo za transparentnost: Mediji, gra\u0111ani i lokalna vlast&#8221;\"}]},{\"@type\":\"WebSite\",\"@id\":\"https:\/\/sandzakpress.net\/arhiva\/#website\",\"url\":\"https:\/\/sandzakpress.net\/arhiva\/\",\"name\":\"Sand\u017eak PRESS\",\"description\":\"Prve elektronske novine u Sand\u017eaku\",\"publisher\":{\"@id\":\"https:\/\/sandzakpress.net\/arhiva\/#\/schema\/person\/6e72b67d6e51910a1117b3b483ba20bd\"},\"potentialAction\":[{\"@type\":\"SearchAction\",\"target\":{\"@type\":\"EntryPoint\",\"urlTemplate\":\"https:\/\/sandzakpress.net\/arhiva\/?s={search_term_string}\"},\"query-input\":{\"@type\":\"PropertyValueSpecification\",\"valueRequired\":true,\"valueName\":\"search_term_string\"}}],\"inLanguage\":\"bs-BA\"},{\"@type\":[\"Person\",\"Organization\"],\"@id\":\"https:\/\/sandzakpress.net\/arhiva\/#\/schema\/person\/6e72b67d6e51910a1117b3b483ba20bd\",\"name\":\"Kul\",\"image\":{\"@type\":\"ImageObject\",\"inLanguage\":\"bs-BA\",\"@id\":\"https:\/\/sandzakpress.net\/arhiva\/#\/schema\/person\/image\/\",\"url\":\"https:\/\/secure.gravatar.com\/avatar\/42263f39aa27ac04c43cab85c280eb2e?s=96&d=mm&r=pg\",\"contentUrl\":\"https:\/\/secure.gravatar.com\/avatar\/42263f39aa27ac04c43cab85c280eb2e?s=96&d=mm&r=pg\",\"caption\":\"Kul\"},\"logo\":{\"@id\":\"https:\/\/sandzakpress.net\/arhiva\/#\/schema\/person\/image\/\"}},{\"@type\":\"Person\",\"@id\":\"\",\"url\":\"https:\/\/sandzakpress.net\/arhiva\/author\/\"}]}<\/script>\n<!-- \/ Yoast SEO Premium plugin. -->","yoast_head_json":{"title":"Odr\u017eana javna debata \"Partnerstvo za transparentnost: Mediji, gra\u0111ani i lokalna vlast\"","robots":{"index":"index","follow":"follow","max-snippet":"max-snippet:-1","max-image-preview":"max-image-preview:large","max-video-preview":"max-video-preview:-1"},"canonical":"https:\/\/sandzakpress.net\/arhiva\/odrzana-javna-debata-partnerstvo-za-transparentnost-mediji-gradani-i-lokalna-vlast\/","og_locale":"bs_BA","og_type":"article","og_title":"Odr\u017eana javna debata \"Partnerstvo za transparentnost: Mediji, gra\u0111ani i lokalna vlast\"","og_description":"Novi Pazar &#8211; U organizaciji Misije OEBS u Srbiji, kancelarije Povjerenika za informacije od javnog zna\u010daja i za\u0161titu podataka o li\u010dnosti Republike Srbije, Britanske ambasade i Nacionalnog demokratskog instituta (NDI), u prostorijama OEBS trening centra u Novom Pazaru organizovana javna debata &#8220;Partnerstvo za transparentnost: Mediji, gra\u0111ani i lokalne vlasti&#8221;. Na debati su govorili Dragana Nikoli\u0107 [&hellip;]","og_url":"https:\/\/sandzakpress.net\/arhiva\/odrzana-javna-debata-partnerstvo-za-transparentnost-mediji-gradani-i-lokalna-vlast\/","og_site_name":"Sand\u017eak PRESS","article_published_time":"2013-02-04T15:51:56+00:00","og_image":[{"width":616,"height":409,"url":"https:\/\/sandzakpress.net\/arhiva\/wp-content\/uploads\/2013\/02\/osce.jpg","type":"image\/jpeg"}],"twitter_card":"summary_large_image","twitter_misc":{"Written by":"","Est. reading time":"1 minuta"},"schema":{"@context":"https:\/\/schema.org","@graph":[{"@type":"Article","@id":"https:\/\/sandzakpress.net\/arhiva\/odrzana-javna-debata-partnerstvo-za-transparentnost-mediji-gradani-i-lokalna-vlast\/#article","isPartOf":{"@id":"https:\/\/sandzakpress.net\/arhiva\/odrzana-javna-debata-partnerstvo-za-transparentnost-mediji-gradani-i-lokalna-vlast\/"},"author":{"name":"","@id":""},"headline":"Odr\u017eana javna debata &#8220;Partnerstvo za transparentnost: Mediji, gra\u0111ani i lokalna vlast&#8221;","datePublished":"2013-02-04T15:51:56+00:00","mainEntityOfPage":{"@id":"https:\/\/sandzakpress.net\/arhiva\/odrzana-javna-debata-partnerstvo-za-transparentnost-mediji-gradani-i-lokalna-vlast\/"},"wordCount":286,"commentCount":0,"publisher":{"@id":"https:\/\/sandzakpress.net\/arhiva\/#\/schema\/person\/6e72b67d6e51910a1117b3b483ba20bd"},"image":{"@id":"https:\/\/sandzakpress.net\/arhiva\/odrzana-javna-debata-partnerstvo-za-transparentnost-mediji-gradani-i-lokalna-vlast\/#primaryimage"},"thumbnailUrl":"https:\/\/sandzakpress.net\/arhiva\/wp-content\/uploads\/2013\/02\/osce.jpg","articleSection":["Novi Pazar","Politika"],"inLanguage":"bs-BA","potentialAction":[{"@type":"CommentAction","name":"Comment","target":["https:\/\/sandzakpress.net\/arhiva\/odrzana-javna-debata-partnerstvo-za-transparentnost-mediji-gradani-i-lokalna-vlast\/#respond"]}]},{"@type":"WebPage","@id":"https:\/\/sandzakpress.net\/arhiva\/odrzana-javna-debata-partnerstvo-za-transparentnost-mediji-gradani-i-lokalna-vlast\/","url":"https:\/\/sandzakpress.net\/arhiva\/odrzana-javna-debata-partnerstvo-za-transparentnost-mediji-gradani-i-lokalna-vlast\/","name":"Odr\u017eana javna debata \"Partnerstvo za transparentnost: Mediji, gra\u0111ani i lokalna vlast\"","isPartOf":{"@id":"https:\/\/sandzakpress.net\/arhiva\/#website"},"primaryImageOfPage":{"@id":"https:\/\/sandzakpress.net\/arhiva\/odrzana-javna-debata-partnerstvo-za-transparentnost-mediji-gradani-i-lokalna-vlast\/#primaryimage"},"image":{"@id":"https:\/\/sandzakpress.net\/arhiva\/odrzana-javna-debata-partnerstvo-za-transparentnost-mediji-gradani-i-lokalna-vlast\/#primaryimage"},"thumbnailUrl":"https:\/\/sandzakpress.net\/arhiva\/wp-content\/uploads\/2013\/02\/osce.jpg","datePublished":"2013-02-04T15:51:56+00:00","breadcrumb":{"@id":"https:\/\/sandzakpress.net\/arhiva\/odrzana-javna-debata-partnerstvo-za-transparentnost-mediji-gradani-i-lokalna-vlast\/#breadcrumb"},"inLanguage":"bs-BA","potentialAction":[{"@type":"ReadAction","target":["https:\/\/sandzakpress.net\/arhiva\/odrzana-javna-debata-partnerstvo-za-transparentnost-mediji-gradani-i-lokalna-vlast\/"]}]},{"@type":"ImageObject","inLanguage":"bs-BA","@id":"https:\/\/sandzakpress.net\/arhiva\/odrzana-javna-debata-partnerstvo-za-transparentnost-mediji-gradani-i-lokalna-vlast\/#primaryimage","url":"https:\/\/sandzakpress.net\/arhiva\/wp-content\/uploads\/2013\/02\/osce.jpg","contentUrl":"https:\/\/sandzakpress.net\/arhiva\/wp-content\/uploads\/2013\/02\/osce.jpg","width":616,"height":409},{"@type":"BreadcrumbList","@id":"https:\/\/sandzakpress.net\/arhiva\/odrzana-javna-debata-partnerstvo-za-transparentnost-mediji-gradani-i-lokalna-vlast\/#breadcrumb","itemListElement":[{"@type":"ListItem","position":1,"name":"Home","item":"https:\/\/sandzakpress.net\/arhiva\/"},{"@type":"ListItem","position":2,"name":"Odr\u017eana javna debata &#8220;Partnerstvo za transparentnost: Mediji, gra\u0111ani i lokalna vlast&#8221;"}]},{"@type":"WebSite","@id":"https:\/\/sandzakpress.net\/arhiva\/#website","url":"https:\/\/sandzakpress.net\/arhiva\/","name":"Sand\u017eak PRESS","description":"Prve elektronske novine u Sand\u017eaku","publisher":{"@id":"https:\/\/sandzakpress.net\/arhiva\/#\/schema\/person\/6e72b67d6e51910a1117b3b483ba20bd"},"potentialAction":[{"@type":"SearchAction","target":{"@type":"EntryPoint","urlTemplate":"https:\/\/sandzakpress.net\/arhiva\/?s={search_term_string}"},"query-input":{"@type":"PropertyValueSpecification","valueRequired":true,"valueName":"search_term_string"}}],"inLanguage":"bs-BA"},{"@type":["Person","Organization"],"@id":"https:\/\/sandzakpress.net\/arhiva\/#\/schema\/person\/6e72b67d6e51910a1117b3b483ba20bd","name":"Kul","image":{"@type":"ImageObject","inLanguage":"bs-BA","@id":"https:\/\/sandzakpress.net\/arhiva\/#\/schema\/person\/image\/","url":"https:\/\/secure.gravatar.com\/avatar\/42263f39aa27ac04c43cab85c280eb2e?s=96&d=mm&r=pg","contentUrl":"https:\/\/secure.gravatar.com\/avatar\/42263f39aa27ac04c43cab85c280eb2e?s=96&d=mm&r=pg","caption":"Kul"},"logo":{"@id":"https:\/\/sandzakpress.net\/arhiva\/#\/schema\/person\/image\/"}},{"@type":"Person","@id":"","url":"https:\/\/sandzakpress.net\/arhiva\/author\/"}]}},"_links":{"self":[{"href":"https:\/\/sandzakpress.net\/arhiva\/wp-json\/wp\/v2\/posts\/64930"}],"collection":[{"href":"https:\/\/sandzakpress.net\/arhiva\/wp-json\/wp\/v2\/posts"}],"about":[{"href":"https:\/\/sandzakpress.net\/arhiva\/wp-json\/wp\/v2\/types\/post"}],"author":[{"embeddable":true,"href":"https:\/\/sandzakpress.net\/arhiva\/wp-json\/wp\/v2\/users\/16"}],"replies":[{"embeddable":true,"href":"https:\/\/sandzakpress.net\/arhiva\/wp-json\/wp\/v2\/comments?post=64930"}],"version-history":[{"count":0,"href":"https:\/\/sandzakpress.net\/arhiva\/wp-json\/wp\/v2\/posts\/64930\/revisions"}],"wp:featuredmedia":[{"embeddable":true,"href":"https:\/\/sandzakpress.net\/arhiva\/wp-json\/wp\/v2\/media\/64932"}],"wp:attachment":[{"href":"https:\/\/sandzakpress.net\/arhiva\/wp-json\/wp\/v2\/media?parent=64930"}],"wp:term":[{"taxonomy":"category","embeddable":true,"href":"https:\/\/sandzakpress.net\/arhiva\/wp-json\/wp\/v2\/categories?post=64930"},{"taxonomy":"post_tag","embeddable":true,"href":"https:\/\/sandzakpress.net\/arhiva\/wp-json\/wp\/v2\/tags?post=64930"}],"curies":[{"name":"wp","href":"https:\/\/api.w.org\/{rel}","templated":true}]}}