{"id":64870,"date":"2013-02-03T18:26:58","date_gmt":"2013-02-03T17:26:58","guid":{"rendered":"https:\/\/sandzakpress.net\/arhiva\/?p=64870"},"modified":"2013-02-03T18:26:58","modified_gmt":"2013-02-03T17:26:58","slug":"pobunjenici-na-sjeveru-malija-postavljaju-zasjede-francuskim-snagama","status":"publish","type":"post","link":"https:\/\/sandzakpress.net\/arhiva\/pobunjenici-na-sjeveru-malija-postavljaju-zasjede-francuskim-snagama\/","title":{"rendered":"Pobunjenici na sjeveru Malija postavljaju zasjede francuskim snagama"},"content":{"rendered":"<div>\n<div><strong><a href=\"https:\/\/sandzakpress.net\/arhiva\/wp-content\/uploads\/2013\/02\/copyright_aabadoluajansi_2013_20130203172545.jpg\"><img loading=\"lazy\" decoding=\"async\" class=\"alignleft size-medium wp-image-64871\" title=\"copyright_aabadoluajansi_2013_20130203172545\" src=\"https:\/\/sandzakpress.net\/arhiva\/wp-content\/uploads\/2013\/02\/copyright_aabadoluajansi_2013_20130203172545-300x208.jpg\" alt=\"\" width=\"254\" height=\"176\" \/><\/a>Francuska &#8211; Ekipa AA u\u0161la na podru\u010dje na kojem su stacionirani pripadnici oru\u017eanih grupa Ensaruddin, Tevhid i D\u017eihad<\/strong><\/div>\n<\/div>\n<div id=\"news-maincontent\">\n<p>Oru\u017eane grupe, koje su se pred napadima\u00a0francuskih\u00a0vojnika na sjeveru Malija\u00a0povukle 50 kilometara od grada Kidal, postavljaju zasjede francuskim vojnicima i afri\u010dkim snagama.<\/p>\n<p>Ekipa agencije Anadolija uspjela je u\u0107i na podru\u010dje na kojem su\u00a0smje\u0161tene oru\u017eane grupe i snimila pobunjenike koji postavljaju ekspoziv na mjesta kojima \u0107e, prema njihovim pretpostavkama, pro\u0107i francuski vojnici i afri\u010dke snage.<\/p>\n<p>Stotine pripadnika pokreta Ensaruddin, Tevhid i D\u017eihad smje\u0161teno je u pe\u0107inama u ovom podru\u010dju. Me\u0111u pripadnicima oru\u017eanih grupa, koji su do\u0161li iz Libije, a posebno iz Bengazija i Misrata, nalaze se i osobe sa bogatim ratnim iskustvom.<\/p>\n<p>Ebu Muhammed Atiyyallah iz Misrata rekao je da ve\u0107ina pobunjenika \u017eeli ili pobjedu ili da poginu na Allahovom putu. On je dodao da je za njih \u010dast poginuti na ovaj na\u010din.<\/p>\n<p>Prema izjavama lokalnih stanovnika, jedan avion koji\u00a0prema njihovim pretpostavkama\u00a0pripada francuskoj vojsci, u petak je bombardovao podru\u010dje na kojem su smje\u0161tene oru\u017eane grupe.<\/p>\n<p>Tokom pobune, koja je u januaru pro\u0161le godine po\u010dela na sjeveru Malija, pobunjenici su zauzeli i stavili pod kontrolu vi\u0161e od polovine ove afri\u010dke\u00a0zemlje.<\/p>\n<p>Savjet bezbjednosti Ujedinjenih naroda\u00a0je u decembru odobrio raspore\u0111ivanje snaga me\u0111unarodne misije za podr\u0161ku Maliju, koja treba da pomogne malijskoj vojsci da povrati kontrolu u cijeloj zemlji, po\u0161to su islamisti\u010dki pobunjenici iskoristili haos nastao poslije dr\u017eavnog udara u martu pro\u0161le godine i zauzeli njen sjeverni dio.<\/p>\n<p>(AA)<\/p>\n<\/div>\n","protected":false},"excerpt":{"rendered":"<p>Francuska &#8211; Ekipa AA u\u0161la na podru\u010dje na kojem su stacionirani pripadnici oru\u017eanih grupa Ensaruddin, Tevhid i D\u017eihad Oru\u017eane grupe, koje su se pred napadima\u00a0francuskih\u00a0vojnika na sjeveru Malija\u00a0povukle 50 kilometara od grada Kidal, postavljaju zasjede francuskim vojnicima i afri\u010dkim snagama. Ekipa agencije Anadolija uspjela je u\u0107i na podru\u010dje na kojem su\u00a0smje\u0161tene oru\u017eane grupe i snimila [&hellip;]<\/p>\n","protected":false},"author":33,"featured_media":64871,"comment_status":"open","ping_status":"open","sticky":false,"template":"","format":"standard","meta":{"footnotes":""},"categories":[9550,9],"tags":[],"class_list":{"0":"post-64870","1":"post","2":"type-post","3":"status-publish","4":"format-standard","5":"has-post-thumbnail","7":"category-francuska-dijaspora-gradovi-vase-vijesti","8":"category-svijet"},"yoast_head":"<!-- This site is optimized with the Yoast SEO Premium plugin v23.1 (Yoast SEO v24.9) - https:\/\/yoast.com\/wordpress\/plugins\/seo\/ -->\n<title>Pobunjenici na sjeveru Malija postavljaju zasjede francuskim snagama<\/title>\n<meta name=\"robots\" content=\"index, follow, max-snippet:-1, max-image-preview:large, max-video-preview:-1\" \/>\n<link rel=\"canonical\" href=\"https:\/\/sandzakpress.net\/arhiva\/pobunjenici-na-sjeveru-malija-postavljaju-zasjede-francuskim-snagama\/\" \/>\n<meta property=\"og:locale\" content=\"bs_BA\" \/>\n<meta property=\"og:type\" content=\"article\" \/>\n<meta property=\"og:title\" content=\"Pobunjenici na sjeveru Malija postavljaju zasjede francuskim snagama\" \/>\n<meta property=\"og:description\" content=\"Francuska &#8211; Ekipa AA u\u0161la na podru\u010dje na kojem su stacionirani pripadnici oru\u017eanih grupa Ensaruddin, Tevhid i D\u017eihad Oru\u017eane grupe, koje su se pred napadima\u00a0francuskih\u00a0vojnika na sjeveru Malija\u00a0povukle 50 kilometara od grada Kidal, postavljaju zasjede francuskim vojnicima i afri\u010dkim snagama. Ekipa agencije Anadolija uspjela je u\u0107i na podru\u010dje na kojem su\u00a0smje\u0161tene oru\u017eane grupe i snimila [&hellip;]\" \/>\n<meta property=\"og:url\" content=\"https:\/\/sandzakpress.net\/arhiva\/pobunjenici-na-sjeveru-malija-postavljaju-zasjede-francuskim-snagama\/\" \/>\n<meta property=\"og:site_name\" content=\"Sand\u017eak PRESS\" \/>\n<meta property=\"article:published_time\" content=\"2013-02-03T17:26:58+00:00\" \/>\n<meta property=\"og:image\" content=\"https:\/\/sandzakpress.net\/arhiva\/wp-content\/uploads\/2013\/02\/copyright_aabadoluajansi_2013_20130203172545.jpg\" \/>\n\t<meta property=\"og:image:width\" content=\"609\" \/>\n\t<meta property=\"og:image:height\" content=\"424\" \/>\n\t<meta property=\"og:image:type\" content=\"image\/jpeg\" \/>\n<meta name=\"twitter:card\" content=\"summary_large_image\" \/>\n<meta name=\"twitter:label1\" content=\"Written by\" \/>\n\t<meta name=\"twitter:data1\" content=\"\" \/>\n\t<meta name=\"twitter:label2\" content=\"Est. reading time\" \/>\n\t<meta name=\"twitter:data2\" content=\"1 minuta\" \/>\n<script type=\"application\/ld+json\" class=\"yoast-schema-graph\">{\"@context\":\"https:\/\/schema.org\",\"@graph\":[{\"@type\":\"Article\",\"@id\":\"https:\/\/sandzakpress.net\/arhiva\/pobunjenici-na-sjeveru-malija-postavljaju-zasjede-francuskim-snagama\/#article\",\"isPartOf\":{\"@id\":\"https:\/\/sandzakpress.net\/arhiva\/pobunjenici-na-sjeveru-malija-postavljaju-zasjede-francuskim-snagama\/\"},\"author\":{\"name\":\"\",\"@id\":\"\"},\"headline\":\"Pobunjenici na sjeveru Malija postavljaju zasjede francuskim snagama\",\"datePublished\":\"2013-02-03T17:26:58+00:00\",\"mainEntityOfPage\":{\"@id\":\"https:\/\/sandzakpress.net\/arhiva\/pobunjenici-na-sjeveru-malija-postavljaju-zasjede-francuskim-snagama\/\"},\"wordCount\":282,\"commentCount\":0,\"publisher\":{\"@id\":\"https:\/\/sandzakpress.net\/arhiva\/#\/schema\/person\/6e72b67d6e51910a1117b3b483ba20bd\"},\"image\":{\"@id\":\"https:\/\/sandzakpress.net\/arhiva\/pobunjenici-na-sjeveru-malija-postavljaju-zasjede-francuskim-snagama\/#primaryimage\"},\"thumbnailUrl\":\"https:\/\/sandzakpress.net\/arhiva\/wp-content\/uploads\/2013\/02\/copyright_aabadoluajansi_2013_20130203172545.jpg\",\"articleSection\":[\"Francuska\",\"Svijet\"],\"inLanguage\":\"bs-BA\",\"potentialAction\":[{\"@type\":\"CommentAction\",\"name\":\"Comment\",\"target\":[\"https:\/\/sandzakpress.net\/arhiva\/pobunjenici-na-sjeveru-malija-postavljaju-zasjede-francuskim-snagama\/#respond\"]}]},{\"@type\":\"WebPage\",\"@id\":\"https:\/\/sandzakpress.net\/arhiva\/pobunjenici-na-sjeveru-malija-postavljaju-zasjede-francuskim-snagama\/\",\"url\":\"https:\/\/sandzakpress.net\/arhiva\/pobunjenici-na-sjeveru-malija-postavljaju-zasjede-francuskim-snagama\/\",\"name\":\"Pobunjenici na sjeveru Malija postavljaju zasjede francuskim snagama\",\"isPartOf\":{\"@id\":\"https:\/\/sandzakpress.net\/arhiva\/#website\"},\"primaryImageOfPage\":{\"@id\":\"https:\/\/sandzakpress.net\/arhiva\/pobunjenici-na-sjeveru-malija-postavljaju-zasjede-francuskim-snagama\/#primaryimage\"},\"image\":{\"@id\":\"https:\/\/sandzakpress.net\/arhiva\/pobunjenici-na-sjeveru-malija-postavljaju-zasjede-francuskim-snagama\/#primaryimage\"},\"thumbnailUrl\":\"https:\/\/sandzakpress.net\/arhiva\/wp-content\/uploads\/2013\/02\/copyright_aabadoluajansi_2013_20130203172545.jpg\",\"datePublished\":\"2013-02-03T17:26:58+00:00\",\"breadcrumb\":{\"@id\":\"https:\/\/sandzakpress.net\/arhiva\/pobunjenici-na-sjeveru-malija-postavljaju-zasjede-francuskim-snagama\/#breadcrumb\"},\"inLanguage\":\"bs-BA\",\"potentialAction\":[{\"@type\":\"ReadAction\",\"target\":[\"https:\/\/sandzakpress.net\/arhiva\/pobunjenici-na-sjeveru-malija-postavljaju-zasjede-francuskim-snagama\/\"]}]},{\"@type\":\"ImageObject\",\"inLanguage\":\"bs-BA\",\"@id\":\"https:\/\/sandzakpress.net\/arhiva\/pobunjenici-na-sjeveru-malija-postavljaju-zasjede-francuskim-snagama\/#primaryimage\",\"url\":\"https:\/\/sandzakpress.net\/arhiva\/wp-content\/uploads\/2013\/02\/copyright_aabadoluajansi_2013_20130203172545.jpg\",\"contentUrl\":\"https:\/\/sandzakpress.net\/arhiva\/wp-content\/uploads\/2013\/02\/copyright_aabadoluajansi_2013_20130203172545.jpg\",\"width\":609,\"height\":424},{\"@type\":\"BreadcrumbList\",\"@id\":\"https:\/\/sandzakpress.net\/arhiva\/pobunjenici-na-sjeveru-malija-postavljaju-zasjede-francuskim-snagama\/#breadcrumb\",\"itemListElement\":[{\"@type\":\"ListItem\",\"position\":1,\"name\":\"Home\",\"item\":\"https:\/\/sandzakpress.net\/arhiva\/\"},{\"@type\":\"ListItem\",\"position\":2,\"name\":\"Pobunjenici na sjeveru Malija postavljaju zasjede francuskim snagama\"}]},{\"@type\":\"WebSite\",\"@id\":\"https:\/\/sandzakpress.net\/arhiva\/#website\",\"url\":\"https:\/\/sandzakpress.net\/arhiva\/\",\"name\":\"Sand\u017eak PRESS\",\"description\":\"Prve elektronske novine u Sand\u017eaku\",\"publisher\":{\"@id\":\"https:\/\/sandzakpress.net\/arhiva\/#\/schema\/person\/6e72b67d6e51910a1117b3b483ba20bd\"},\"potentialAction\":[{\"@type\":\"SearchAction\",\"target\":{\"@type\":\"EntryPoint\",\"urlTemplate\":\"https:\/\/sandzakpress.net\/arhiva\/?s={search_term_string}\"},\"query-input\":{\"@type\":\"PropertyValueSpecification\",\"valueRequired\":true,\"valueName\":\"search_term_string\"}}],\"inLanguage\":\"bs-BA\"},{\"@type\":[\"Person\",\"Organization\"],\"@id\":\"https:\/\/sandzakpress.net\/arhiva\/#\/schema\/person\/6e72b67d6e51910a1117b3b483ba20bd\",\"name\":\"Kul\",\"image\":{\"@type\":\"ImageObject\",\"inLanguage\":\"bs-BA\",\"@id\":\"https:\/\/sandzakpress.net\/arhiva\/#\/schema\/person\/image\/\",\"url\":\"https:\/\/secure.gravatar.com\/avatar\/42263f39aa27ac04c43cab85c280eb2e?s=96&d=mm&r=pg\",\"contentUrl\":\"https:\/\/secure.gravatar.com\/avatar\/42263f39aa27ac04c43cab85c280eb2e?s=96&d=mm&r=pg\",\"caption\":\"Kul\"},\"logo\":{\"@id\":\"https:\/\/sandzakpress.net\/arhiva\/#\/schema\/person\/image\/\"}},{\"@type\":\"Person\",\"@id\":\"\",\"url\":\"https:\/\/sandzakpress.net\/arhiva\/author\/\"}]}<\/script>\n<!-- \/ Yoast SEO Premium plugin. -->","yoast_head_json":{"title":"Pobunjenici na sjeveru Malija postavljaju zasjede francuskim snagama","robots":{"index":"index","follow":"follow","max-snippet":"max-snippet:-1","max-image-preview":"max-image-preview:large","max-video-preview":"max-video-preview:-1"},"canonical":"https:\/\/sandzakpress.net\/arhiva\/pobunjenici-na-sjeveru-malija-postavljaju-zasjede-francuskim-snagama\/","og_locale":"bs_BA","og_type":"article","og_title":"Pobunjenici na sjeveru Malija postavljaju zasjede francuskim snagama","og_description":"Francuska &#8211; Ekipa AA u\u0161la na podru\u010dje na kojem su stacionirani pripadnici oru\u017eanih grupa Ensaruddin, Tevhid i D\u017eihad Oru\u017eane grupe, koje su se pred napadima\u00a0francuskih\u00a0vojnika na sjeveru Malija\u00a0povukle 50 kilometara od grada Kidal, postavljaju zasjede francuskim vojnicima i afri\u010dkim snagama. Ekipa agencije Anadolija uspjela je u\u0107i na podru\u010dje na kojem su\u00a0smje\u0161tene oru\u017eane grupe i snimila [&hellip;]","og_url":"https:\/\/sandzakpress.net\/arhiva\/pobunjenici-na-sjeveru-malija-postavljaju-zasjede-francuskim-snagama\/","og_site_name":"Sand\u017eak PRESS","article_published_time":"2013-02-03T17:26:58+00:00","og_image":[{"width":609,"height":424,"url":"https:\/\/sandzakpress.net\/arhiva\/wp-content\/uploads\/2013\/02\/copyright_aabadoluajansi_2013_20130203172545.jpg","type":"image\/jpeg"}],"twitter_card":"summary_large_image","twitter_misc":{"Written by":"","Est. reading time":"1 minuta"},"schema":{"@context":"https:\/\/schema.org","@graph":[{"@type":"Article","@id":"https:\/\/sandzakpress.net\/arhiva\/pobunjenici-na-sjeveru-malija-postavljaju-zasjede-francuskim-snagama\/#article","isPartOf":{"@id":"https:\/\/sandzakpress.net\/arhiva\/pobunjenici-na-sjeveru-malija-postavljaju-zasjede-francuskim-snagama\/"},"author":{"name":"","@id":""},"headline":"Pobunjenici na sjeveru Malija postavljaju zasjede francuskim snagama","datePublished":"2013-02-03T17:26:58+00:00","mainEntityOfPage":{"@id":"https:\/\/sandzakpress.net\/arhiva\/pobunjenici-na-sjeveru-malija-postavljaju-zasjede-francuskim-snagama\/"},"wordCount":282,"commentCount":0,"publisher":{"@id":"https:\/\/sandzakpress.net\/arhiva\/#\/schema\/person\/6e72b67d6e51910a1117b3b483ba20bd"},"image":{"@id":"https:\/\/sandzakpress.net\/arhiva\/pobunjenici-na-sjeveru-malija-postavljaju-zasjede-francuskim-snagama\/#primaryimage"},"thumbnailUrl":"https:\/\/sandzakpress.net\/arhiva\/wp-content\/uploads\/2013\/02\/copyright_aabadoluajansi_2013_20130203172545.jpg","articleSection":["Francuska","Svijet"],"inLanguage":"bs-BA","potentialAction":[{"@type":"CommentAction","name":"Comment","target":["https:\/\/sandzakpress.net\/arhiva\/pobunjenici-na-sjeveru-malija-postavljaju-zasjede-francuskim-snagama\/#respond"]}]},{"@type":"WebPage","@id":"https:\/\/sandzakpress.net\/arhiva\/pobunjenici-na-sjeveru-malija-postavljaju-zasjede-francuskim-snagama\/","url":"https:\/\/sandzakpress.net\/arhiva\/pobunjenici-na-sjeveru-malija-postavljaju-zasjede-francuskim-snagama\/","name":"Pobunjenici na sjeveru Malija postavljaju zasjede francuskim snagama","isPartOf":{"@id":"https:\/\/sandzakpress.net\/arhiva\/#website"},"primaryImageOfPage":{"@id":"https:\/\/sandzakpress.net\/arhiva\/pobunjenici-na-sjeveru-malija-postavljaju-zasjede-francuskim-snagama\/#primaryimage"},"image":{"@id":"https:\/\/sandzakpress.net\/arhiva\/pobunjenici-na-sjeveru-malija-postavljaju-zasjede-francuskim-snagama\/#primaryimage"},"thumbnailUrl":"https:\/\/sandzakpress.net\/arhiva\/wp-content\/uploads\/2013\/02\/copyright_aabadoluajansi_2013_20130203172545.jpg","datePublished":"2013-02-03T17:26:58+00:00","breadcrumb":{"@id":"https:\/\/sandzakpress.net\/arhiva\/pobunjenici-na-sjeveru-malija-postavljaju-zasjede-francuskim-snagama\/#breadcrumb"},"inLanguage":"bs-BA","potentialAction":[{"@type":"ReadAction","target":["https:\/\/sandzakpress.net\/arhiva\/pobunjenici-na-sjeveru-malija-postavljaju-zasjede-francuskim-snagama\/"]}]},{"@type":"ImageObject","inLanguage":"bs-BA","@id":"https:\/\/sandzakpress.net\/arhiva\/pobunjenici-na-sjeveru-malija-postavljaju-zasjede-francuskim-snagama\/#primaryimage","url":"https:\/\/sandzakpress.net\/arhiva\/wp-content\/uploads\/2013\/02\/copyright_aabadoluajansi_2013_20130203172545.jpg","contentUrl":"https:\/\/sandzakpress.net\/arhiva\/wp-content\/uploads\/2013\/02\/copyright_aabadoluajansi_2013_20130203172545.jpg","width":609,"height":424},{"@type":"BreadcrumbList","@id":"https:\/\/sandzakpress.net\/arhiva\/pobunjenici-na-sjeveru-malija-postavljaju-zasjede-francuskim-snagama\/#breadcrumb","itemListElement":[{"@type":"ListItem","position":1,"name":"Home","item":"https:\/\/sandzakpress.net\/arhiva\/"},{"@type":"ListItem","position":2,"name":"Pobunjenici na sjeveru Malija postavljaju zasjede francuskim snagama"}]},{"@type":"WebSite","@id":"https:\/\/sandzakpress.net\/arhiva\/#website","url":"https:\/\/sandzakpress.net\/arhiva\/","name":"Sand\u017eak PRESS","description":"Prve elektronske novine u Sand\u017eaku","publisher":{"@id":"https:\/\/sandzakpress.net\/arhiva\/#\/schema\/person\/6e72b67d6e51910a1117b3b483ba20bd"},"potentialAction":[{"@type":"SearchAction","target":{"@type":"EntryPoint","urlTemplate":"https:\/\/sandzakpress.net\/arhiva\/?s={search_term_string}"},"query-input":{"@type":"PropertyValueSpecification","valueRequired":true,"valueName":"search_term_string"}}],"inLanguage":"bs-BA"},{"@type":["Person","Organization"],"@id":"https:\/\/sandzakpress.net\/arhiva\/#\/schema\/person\/6e72b67d6e51910a1117b3b483ba20bd","name":"Kul","image":{"@type":"ImageObject","inLanguage":"bs-BA","@id":"https:\/\/sandzakpress.net\/arhiva\/#\/schema\/person\/image\/","url":"https:\/\/secure.gravatar.com\/avatar\/42263f39aa27ac04c43cab85c280eb2e?s=96&d=mm&r=pg","contentUrl":"https:\/\/secure.gravatar.com\/avatar\/42263f39aa27ac04c43cab85c280eb2e?s=96&d=mm&r=pg","caption":"Kul"},"logo":{"@id":"https:\/\/sandzakpress.net\/arhiva\/#\/schema\/person\/image\/"}},{"@type":"Person","@id":"","url":"https:\/\/sandzakpress.net\/arhiva\/author\/"}]}},"_links":{"self":[{"href":"https:\/\/sandzakpress.net\/arhiva\/wp-json\/wp\/v2\/posts\/64870"}],"collection":[{"href":"https:\/\/sandzakpress.net\/arhiva\/wp-json\/wp\/v2\/posts"}],"about":[{"href":"https:\/\/sandzakpress.net\/arhiva\/wp-json\/wp\/v2\/types\/post"}],"author":[{"embeddable":true,"href":"https:\/\/sandzakpress.net\/arhiva\/wp-json\/wp\/v2\/users\/33"}],"replies":[{"embeddable":true,"href":"https:\/\/sandzakpress.net\/arhiva\/wp-json\/wp\/v2\/comments?post=64870"}],"version-history":[{"count":0,"href":"https:\/\/sandzakpress.net\/arhiva\/wp-json\/wp\/v2\/posts\/64870\/revisions"}],"wp:featuredmedia":[{"embeddable":true,"href":"https:\/\/sandzakpress.net\/arhiva\/wp-json\/wp\/v2\/media\/64871"}],"wp:attachment":[{"href":"https:\/\/sandzakpress.net\/arhiva\/wp-json\/wp\/v2\/media?parent=64870"}],"wp:term":[{"taxonomy":"category","embeddable":true,"href":"https:\/\/sandzakpress.net\/arhiva\/wp-json\/wp\/v2\/categories?post=64870"},{"taxonomy":"post_tag","embeddable":true,"href":"https:\/\/sandzakpress.net\/arhiva\/wp-json\/wp\/v2\/tags?post=64870"}],"curies":[{"name":"wp","href":"https:\/\/api.w.org\/{rel}","templated":true}]}}