{"id":6481,"date":"2010-07-16T17:37:33","date_gmt":"2010-07-16T17:37:33","guid":{"rendered":"https:\/\/sandzakpress.net\/arhiva\/?p=6481"},"modified":"2010-08-23T23:13:40","modified_gmt":"2010-08-23T23:13:40","slug":"bosnjaci-sandzaka-u-srednjem-vijeku","status":"publish","type":"post","link":"https:\/\/sandzakpress.net\/arhiva\/bosnjaci-sandzaka-u-srednjem-vijeku\/","title":{"rendered":"Bo\u0161njaci Sand\u017eaka u Srednjem vijeku"},"content":{"rendered":"<p style=\"text-align: center;\"><a href=\"https:\/\/sandzakpress.net\/arhiva\/wp-content\/uploads\/2010\/07\/800px-Nemanjin_sabor_detalj.jpg\"><img loading=\"lazy\" decoding=\"async\" class=\"aligncenter size-full wp-image-6486\" title=\"800px-Nemanjin_sabor_(detalj)\" src=\"https:\/\/sandzakpress.net\/arhiva\/wp-content\/uploads\/2010\/07\/800px-Nemanjin_sabor_detalj.jpg\" alt=\"\" width=\"616\" height=\"299\" \/><\/a><\/p>\n<p style=\"text-align: center;\"><strong>\u201dJa sam<\/strong><strong> <\/strong><strong>Kralj Ra\u0161ke, Bosne, Dalmacije, Hrvatske i Primorja\u201d <\/strong>\u2013 Tvrtko Kotromani\u0107<\/p>\n<p>Bosna i Bo\u0161njaci u Srednjem vijeku bez ikakve sumnje postoje. Bosna se spominje pod ovim nazivom jo\u0161 za vrijeme Rimske vladavine, a njen naziv je ilirskog porijekla, a Bo\u0161nja\u010dki narod se spominje u Srednjem vijeku u poveljama bosanskih banova i kraljeva i nau\u010dno je dokazano da Bo\u0161njaci vode porijeklo od Ilira.<\/p>\n<p>Postavlja se sada pitanje: \u201c\u0160ta je sa Bo\u0161njacima Sand\u017eaka i da li oni postoje u srednjem vijeku?\u201d Osim naziva Bo\u0161njani za Bo\u0161njake u srednjem vijeku se koristi jo\u0161 mnogo naziva, a ti nazivi se temelje na njihovom specifi\u010dnom vjerovanju koje su posjedovali u to doba.<\/p>\n<p><strong>Nazivi po kojima us se jo\u0161 raspoznavali Bo\u0161njaci u Srednjem vijeku<\/strong><\/p>\n<figure id=\"attachment_6484\" aria-describedby=\"caption-attachment-6484\" style=\"width: 227px\" class=\"wp-caption alignright\"><a href=\"https:\/\/sandzakpress.net\/arhiva\/wp-content\/uploads\/2010\/07\/455px-Poluverci.jpg\"><img loading=\"lazy\" decoding=\"async\" class=\"size-medium wp-image-6484   \" title=\"455px-Poluverci\" src=\"https:\/\/sandzakpress.net\/arhiva\/wp-content\/uploads\/2010\/07\/455px-Poluverci-227x300.jpg\" alt=\"\" width=\"227\" height=\"300\" \/><\/a><figcaption id=\"caption-attachment-6484\" class=\"wp-caption-text\">Pravoslavni prikaz Bo\u0161njaka Sand\u017eaka na fresci u crkvi sv. Ahilija u Arilju<\/figcaption><\/figure>\n<p>1. <strong>Kristijani<\/strong> &#8211; Poznato je da su Bo\u0161njaci sami sebe nazivali kao vjernike\u00a0kristjanima. To je bio naziv svih hri\u0161\u0107ana prije podjele na Istok i Zapad i Bo\u0161njaci su ga zadr\u017eali za sebe jer su smatrali da slijede izvorno i ispravno hri\u0161\u0107anstvo, ono koje je do\u0161lo od Isa, a.s. (Isusa Krista) i po njemu je i naziv ponijet, Isus &#8211; Krist \u2013 kristijani.<\/p>\n<p>2. <strong>Bogumili<\/strong> \u2013 Taj naziv dolazi iz pravca Makedonije i dobijen je po u\u010ditelju popu Bogomilu koji je propovijedao ovakvo vjerovanje na prostoru Makedonije i Bugarske. Ovaj naziv je u naj\u0161iroj upotrebi.<\/p>\n<p>3. <strong>Babuni<\/strong> \u2013 Taj naziv naj\u010de\u0161\u0107e koriste srpski vladari za Bo\u0161njake. Taj naziv je dobijen po planini Babun koja se nalazi u Makedonije gdje je \u017eivio veliki broj sljedbenika ovakvog vjerovanja.<\/p>\n<p>4. <strong>Heretici\/jeretici<\/strong> \u2013 Katoli\u010dka i pravoslavna crkva nisu priznavale vjerovanje koje su slijedili Bo\u0161njaci u to vrijeme. Oni su bili svjesni da ti \u201eheretici\/jeretici\u201c promovi\u0161u tako\u0111er vrijednosti hri\u0161\u0107anstva, ali da bi dobili pravo da ih proganjaju i da im zauzimaju teritorije, proglasili su ih krivovjernicima. Katoli\u010dka crkva ih je proglasila kao otpadnike svoje crkve i nazvala ih hereticima, a Pravoslavna crkva ih je proglasila kao otpadnike svoje vjere i proglasila ih jereticima.<\/p>\n<p>5. <strong>Bezbo\u017enici<\/strong> \u2013 Pravoslavna i Katoli\u010dka crkva ih naziva bezbo\u017enicma. Razlog tome je to \u0161to su oni prezirali i borili se protiv glavnih svetinja hri\u0161\u0107anstva, kao \u0161to su trojstvo, ikone, krst, crkva, ispovjedni\u0161tvo, svetost i dr.<\/p>\n<p>Postoje i mnogi drugi nazivi, ali su ovi konkretno vezani za prostor Sand\u017eaka.<\/p>\n<figure id=\"attachment_6485\" aria-describedby=\"caption-attachment-6485\" style=\"width: 300px\" class=\"wp-caption alignleft\"><a href=\"https:\/\/sandzakpress.net\/arhiva\/wp-content\/uploads\/2010\/07\/792px-Nemanjin_sabor.jpg\"><img loading=\"lazy\" decoding=\"async\" class=\"size-medium wp-image-6485  \" title=\"792px-Nemanjin_sabor\" src=\"https:\/\/sandzakpress.net\/arhiva\/wp-content\/uploads\/2010\/07\/792px-Nemanjin_sabor-300x226.jpg\" alt=\"\" width=\"300\" height=\"226\" \/><\/a><figcaption id=\"caption-attachment-6485\" class=\"wp-caption-text\">&quot;Dr\u017eava i Crkva proganjaju Bo\u0161njane-kristijane&quot; -  crkva sv. Ahlija<\/figcaption><\/figure>\n<p>Poznato je da se Ilirija prostirala na prostoru Bosne, Sand\u017eaka, Makedonije, Kosova, Albanije, da su je Rimljani zauzeli, Sloveni naselili i velikim<\/p>\n<p>dijelom asimilirali. Raspadom Rimskog carstva dolazi do nacionalnog bu\u0111enja preteklih Ilira i to se manifestuje na razli\u010dite na\u010dine na razli\u010ditim teritorijama.<\/p>\n<p>Nacionalna svijest se ponajbr\u017ee budila u Bosni jer je Bosna postala dr\u017eava direktnih potomaka Ilira, dok se u drugim mjestima kao \u0161to je Sand\u017eak, kojim su vladali potomci Slovena, vr\u0161i na drugi na\u010din, prikriveno i sa ve\u0107im akcentom na vjersku nego na nacionalnu pripadnost. Mnogi su<\/p>\n<p>historijski izvori koji govore o Bo\u0161njacima-bogumilima prostoru dana\u0161njeg Sand\u017eaka.<\/p>\n<p><strong>Bo\u0161njaci Sand\u017eaka u historijskim izvorima<\/strong><\/p>\n<p>1. Stefan Nemanja je vladao dana\u0161njim Sand\u017eakom, 1186., kada mu je jedan srpski vojnik, prema predanju, saop\u0161tio:<\/p>\n<p>\u201c<strong>Mrska i trikleta jeres<\/strong> se ve\u0107 ukorenjuje u dr\u017eavi tvojoj.\u201d<\/p>\n<p><strong> <\/strong><\/p>\n<p>2. U \u017ditiju Svetog Simeona, kojeg pi\u0161e Stefan Nemanji\u0107 Prvoven\u010dani se spominje za Stefan Nemanju da je uradio sljede\u0107e sa Bo\u0161njacima-bogumilima:<\/p>\n<blockquote><p><em> <\/em><\/p>\n<p>\u201cI on izobli\u010di <strong>bezbo\u0161tvo njihovo<\/strong>, i jedne popali, druge raznim kaznama kazni, tre\u0107e progna iz dr\u017eave svoje\u201d<\/p>\n<p>\u201c<strong>U\u010ditelju i na\u010delniku njihovu<\/strong> jezik ureza u grlu njihovu, \u0161to ne ispoveda Hrista, sina Bo\u017eijeg.\u201d\u201d<\/p>\n<p>\u201c<strong>Knjige njihove<\/strong> ne\u010distive spali, i izagna ga, zapretiv da se nikako ne ispoveda niti pominje trikleto ime.\u201d<\/p><\/blockquote>\n<p>3. Sveti Sava je uz saglasnost sinoda Srpske pravoslavne crkve na saboru u \u017di\u010di izgovorio sljede\u0107e:<\/p>\n<blockquote><p><em> <\/em><\/p>\n<p>\u201c<strong>Zli jeretici, trikleti babuni<\/strong>, koji se la\u017eno nazivaju <strong>kristjanima<\/strong>, i koji se rugaju na\u0161oj pravoj veri, izostavljaju\u0107i iz svetih knjiga re\u010di i preokre\u0107u\u0107i na zloverje, i koji se odkidaju iz svete i pravoslavne crkve, i koji se rugaju svetome i \u010dasnome krstu i koji se rugaju svetim ikonama i ne klanjaju im se \u2013 da budu prokleti.\u201d<\/p>\n<p>\u201cA <strong>one koji su propedali jeres<\/strong> zadr\u017ea sa sobom kod crkve i nasamo ih ta\u010dno ispita. Nekr\u0161tenima uz prethodno proklinjanje jeresu koju ima\u0111ahu zapovedu da dr\u017ee dane ogla\u0161ene u \u010duvanju \u010distote i tako zapoveda\u0161e im da skrste.\u201d<\/p><\/blockquote>\n<p><strong> <\/strong><\/p>\n<p>4. Papa Beneficije VIII je krajem 13. ili po\u010detkom 14. vijeka izdao sljede\u0107u naredbu:<\/p>\n<blockquote><p>\u201e&#8230;<strong> kugu hereti\u010dku<\/strong>, opa\u010dinu koja je narasla u krajevima Ra\u0161ke, Dalmacije, Hrvatske, Istre, Bosne &#8230;\u201c<\/p><\/blockquote>\n<p><strong> <\/strong><\/p>\n<p>5. Bo\u0161njaci-bogumili Sand\u017eaka us se na\u0161li i pod udarem cara Du\u0161ana, 1349., koji donosi stroge zakone protiv njih i njihove vjere koje glase.:<\/p>\n<blockquote><p>\u201cI ko se na\u0111e kao <strong>jeretik<\/strong>, \u017eive\u0107 me\u0111u hri\u0161\u0107anima, da se o\u017ee\u017ee po obrazu i da se izagna, ako bi ga tajio, i taj da se o\u017ee\u017ee.\u201d<\/p>\n<p>\u201cI ko rekne <strong>babunsku re\u010d<\/strong>, ako je vlastelin, da plati sto perpera, akoli je sebar da plati dvadeset pepera i da se bije \u0161tapovima.\u201d<\/p><\/blockquote>\n<p>Naravno, srednjovijekovni Bo\u0161njaci Sand\u017eaka su ostavili iza sebe tragova koji su razasuti po cijelom Sand\u017eaku, o kojima \u0107e biti rije\u010di, ako Bog da.<\/p>\n<p>Autor: <strong>Usame Zukorli\u0107<\/strong><\/p>\n<p>Izvor: <strong>Glas-Islama.info<br \/>\n<\/strong><\/p>\n<p>\u2014\u2014\u2014\u2014\u2014\u2014\u2014\u2014\u2014\u2014-<\/p>\n<p>Literatura:<\/p>\n<ol>\n<li>sr.wikipedia.org \u2013 Stefan Nemanja,      Bogumili u Ra\u0161koj i Sabor protiv Bogumila<\/li>\n<li>\u201eBogomili Sand\u017eaka\u201c Sulejman      Ali\u010dkovi\u0107<\/li>\n<li>\u201eKako se kalio Sand\u017eak\u201c Harun      Crnovr\u0161anin i Nuro Sadikovi\u0107<\/li>\n<\/ol>\n","protected":false},"excerpt":{"rendered":"<p>\u201dJa sam Kralj Ra\u0161ke, Bosne, Dalmacije, Hrvatske i Primorja\u201d \u2013 Tvrtko Kotromani\u0107 Bosna i Bo\u0161njaci u Srednjem vijeku bez ikakve sumnje postoje. Bosna se spominje pod ovim nazivom jo\u0161 za vrijeme Rimske vladavine, a njen naziv je ilirskog porijekla, a Bo\u0161nja\u010dki narod se spominje u Srednjem vijeku u poveljama bosanskih banova i kraljeva i nau\u010dno [&hellip;]<\/p>\n","protected":false},"author":83,"featured_media":6486,"comment_status":"open","ping_status":"open","sticky":false,"template":"","format":"standard","meta":{"footnotes":""},"categories":[14],"tags":[],"class_list":{"0":"post-6481","1":"post","2":"type-post","3":"status-publish","4":"format-standard","5":"has-post-thumbnail","7":"category-sandzak-historija"},"yoast_head":"<!-- This site is optimized with the Yoast SEO Premium plugin v23.1 (Yoast SEO v24.9) - https:\/\/yoast.com\/wordpress\/plugins\/seo\/ -->\n<title>Bo\u0161njaci Sand\u017eaka u Srednjem vijeku<\/title>\n<meta name=\"robots\" content=\"index, follow, max-snippet:-1, max-image-preview:large, max-video-preview:-1\" \/>\n<link rel=\"canonical\" href=\"https:\/\/sandzakpress.net\/arhiva\/bosnjaci-sandzaka-u-srednjem-vijeku\/\" \/>\n<meta property=\"og:locale\" content=\"bs_BA\" \/>\n<meta property=\"og:type\" content=\"article\" \/>\n<meta property=\"og:title\" content=\"Bo\u0161njaci Sand\u017eaka u Srednjem vijeku\" \/>\n<meta property=\"og:description\" content=\"\u201dJa sam Kralj Ra\u0161ke, Bosne, Dalmacije, Hrvatske i Primorja\u201d \u2013 Tvrtko Kotromani\u0107 Bosna i Bo\u0161njaci u Srednjem vijeku bez ikakve sumnje postoje. Bosna se spominje pod ovim nazivom jo\u0161 za vrijeme Rimske vladavine, a njen naziv je ilirskog porijekla, a Bo\u0161nja\u010dki narod se spominje u Srednjem vijeku u poveljama bosanskih banova i kraljeva i nau\u010dno [&hellip;]\" \/>\n<meta property=\"og:url\" content=\"https:\/\/sandzakpress.net\/arhiva\/bosnjaci-sandzaka-u-srednjem-vijeku\/\" \/>\n<meta property=\"og:site_name\" content=\"Sand\u017eak PRESS\" \/>\n<meta property=\"article:published_time\" content=\"2010-07-16T17:37:33+00:00\" \/>\n<meta property=\"article:modified_time\" content=\"2010-08-23T23:13:40+00:00\" \/>\n<meta property=\"og:image\" content=\"https:\/\/sandzakpress.net\/arhiva\/wp-content\/uploads\/2010\/07\/800px-Nemanjin_sabor_detalj.jpg\" \/>\n\t<meta property=\"og:image:width\" content=\"616\" \/>\n\t<meta property=\"og:image:height\" content=\"299\" \/>\n\t<meta property=\"og:image:type\" content=\"image\/jpeg\" \/>\n<meta name=\"author\" content=\"bosniak\" \/>\n<meta name=\"twitter:card\" content=\"summary_large_image\" \/>\n<meta name=\"twitter:label1\" content=\"Written by\" \/>\n\t<meta name=\"twitter:data1\" content=\"bosniak\" \/>\n\t<meta name=\"twitter:label2\" content=\"Est. reading time\" \/>\n\t<meta name=\"twitter:data2\" content=\"5 minuta\" \/>\n<script type=\"application\/ld+json\" class=\"yoast-schema-graph\">{\"@context\":\"https:\/\/schema.org\",\"@graph\":[{\"@type\":\"Article\",\"@id\":\"https:\/\/sandzakpress.net\/arhiva\/bosnjaci-sandzaka-u-srednjem-vijeku\/#article\",\"isPartOf\":{\"@id\":\"https:\/\/sandzakpress.net\/arhiva\/bosnjaci-sandzaka-u-srednjem-vijeku\/\"},\"author\":{\"name\":\"bosniak\",\"@id\":\"https:\/\/sandzakpress.net\/arhiva\/#\/schema\/person\/c8baee722073534b583ea7bdb2e36c02\"},\"headline\":\"Bo\u0161njaci Sand\u017eaka u Srednjem vijeku\",\"datePublished\":\"2010-07-16T17:37:33+00:00\",\"dateModified\":\"2010-08-23T23:13:40+00:00\",\"mainEntityOfPage\":{\"@id\":\"https:\/\/sandzakpress.net\/arhiva\/bosnjaci-sandzaka-u-srednjem-vijeku\/\"},\"wordCount\":972,\"commentCount\":56,\"publisher\":{\"@id\":\"https:\/\/sandzakpress.net\/arhiva\/#\/schema\/person\/6e72b67d6e51910a1117b3b483ba20bd\"},\"image\":{\"@id\":\"https:\/\/sandzakpress.net\/arhiva\/bosnjaci-sandzaka-u-srednjem-vijeku\/#primaryimage\"},\"thumbnailUrl\":\"https:\/\/sandzakpress.net\/arhiva\/wp-content\/uploads\/2010\/07\/800px-Nemanjin_sabor_detalj.jpg\",\"articleSection\":[\"Sand\u017eak HISTORIJA\"],\"inLanguage\":\"bs-BA\",\"potentialAction\":[{\"@type\":\"CommentAction\",\"name\":\"Comment\",\"target\":[\"https:\/\/sandzakpress.net\/arhiva\/bosnjaci-sandzaka-u-srednjem-vijeku\/#respond\"]}]},{\"@type\":\"WebPage\",\"@id\":\"https:\/\/sandzakpress.net\/arhiva\/bosnjaci-sandzaka-u-srednjem-vijeku\/\",\"url\":\"https:\/\/sandzakpress.net\/arhiva\/bosnjaci-sandzaka-u-srednjem-vijeku\/\",\"name\":\"Bo\u0161njaci Sand\u017eaka u Srednjem vijeku\",\"isPartOf\":{\"@id\":\"https:\/\/sandzakpress.net\/arhiva\/#website\"},\"primaryImageOfPage\":{\"@id\":\"https:\/\/sandzakpress.net\/arhiva\/bosnjaci-sandzaka-u-srednjem-vijeku\/#primaryimage\"},\"image\":{\"@id\":\"https:\/\/sandzakpress.net\/arhiva\/bosnjaci-sandzaka-u-srednjem-vijeku\/#primaryimage\"},\"thumbnailUrl\":\"https:\/\/sandzakpress.net\/arhiva\/wp-content\/uploads\/2010\/07\/800px-Nemanjin_sabor_detalj.jpg\",\"datePublished\":\"2010-07-16T17:37:33+00:00\",\"dateModified\":\"2010-08-23T23:13:40+00:00\",\"breadcrumb\":{\"@id\":\"https:\/\/sandzakpress.net\/arhiva\/bosnjaci-sandzaka-u-srednjem-vijeku\/#breadcrumb\"},\"inLanguage\":\"bs-BA\",\"potentialAction\":[{\"@type\":\"ReadAction\",\"target\":[\"https:\/\/sandzakpress.net\/arhiva\/bosnjaci-sandzaka-u-srednjem-vijeku\/\"]}]},{\"@type\":\"ImageObject\",\"inLanguage\":\"bs-BA\",\"@id\":\"https:\/\/sandzakpress.net\/arhiva\/bosnjaci-sandzaka-u-srednjem-vijeku\/#primaryimage\",\"url\":\"https:\/\/sandzakpress.net\/arhiva\/wp-content\/uploads\/2010\/07\/800px-Nemanjin_sabor_detalj.jpg\",\"contentUrl\":\"https:\/\/sandzakpress.net\/arhiva\/wp-content\/uploads\/2010\/07\/800px-Nemanjin_sabor_detalj.jpg\",\"width\":616,\"height\":299},{\"@type\":\"BreadcrumbList\",\"@id\":\"https:\/\/sandzakpress.net\/arhiva\/bosnjaci-sandzaka-u-srednjem-vijeku\/#breadcrumb\",\"itemListElement\":[{\"@type\":\"ListItem\",\"position\":1,\"name\":\"Home\",\"item\":\"https:\/\/sandzakpress.net\/arhiva\/\"},{\"@type\":\"ListItem\",\"position\":2,\"name\":\"Bo\u0161njaci Sand\u017eaka u Srednjem vijeku\"}]},{\"@type\":\"WebSite\",\"@id\":\"https:\/\/sandzakpress.net\/arhiva\/#website\",\"url\":\"https:\/\/sandzakpress.net\/arhiva\/\",\"name\":\"Sand\u017eak PRESS\",\"description\":\"Prve elektronske novine u Sand\u017eaku\",\"publisher\":{\"@id\":\"https:\/\/sandzakpress.net\/arhiva\/#\/schema\/person\/6e72b67d6e51910a1117b3b483ba20bd\"},\"potentialAction\":[{\"@type\":\"SearchAction\",\"target\":{\"@type\":\"EntryPoint\",\"urlTemplate\":\"https:\/\/sandzakpress.net\/arhiva\/?s={search_term_string}\"},\"query-input\":{\"@type\":\"PropertyValueSpecification\",\"valueRequired\":true,\"valueName\":\"search_term_string\"}}],\"inLanguage\":\"bs-BA\"},{\"@type\":[\"Person\",\"Organization\"],\"@id\":\"https:\/\/sandzakpress.net\/arhiva\/#\/schema\/person\/6e72b67d6e51910a1117b3b483ba20bd\",\"name\":\"Kul\",\"image\":{\"@type\":\"ImageObject\",\"inLanguage\":\"bs-BA\",\"@id\":\"https:\/\/sandzakpress.net\/arhiva\/#\/schema\/person\/image\/\",\"url\":\"https:\/\/secure.gravatar.com\/avatar\/42263f39aa27ac04c43cab85c280eb2e?s=96&d=mm&r=pg\",\"contentUrl\":\"https:\/\/secure.gravatar.com\/avatar\/42263f39aa27ac04c43cab85c280eb2e?s=96&d=mm&r=pg\",\"caption\":\"Kul\"},\"logo\":{\"@id\":\"https:\/\/sandzakpress.net\/arhiva\/#\/schema\/person\/image\/\"}},{\"@type\":\"Person\",\"@id\":\"https:\/\/sandzakpress.net\/arhiva\/#\/schema\/person\/c8baee722073534b583ea7bdb2e36c02\",\"name\":\"bosniak\",\"image\":{\"@type\":\"ImageObject\",\"inLanguage\":\"bs-BA\",\"@id\":\"https:\/\/sandzakpress.net\/arhiva\/#\/schema\/person\/image\/\",\"url\":\"https:\/\/secure.gravatar.com\/avatar\/a04fd330bfe3a36a72a0ad4a6d89fca7?s=96&d=mm&r=pg\",\"contentUrl\":\"https:\/\/secure.gravatar.com\/avatar\/a04fd330bfe3a36a72a0ad4a6d89fca7?s=96&d=mm&r=pg\",\"caption\":\"bosniak\"},\"url\":\"https:\/\/sandzakpress.net\/arhiva\/author\/bosniak\/\"}]}<\/script>\n<!-- \/ Yoast SEO Premium plugin. -->","yoast_head_json":{"title":"Bo\u0161njaci Sand\u017eaka u Srednjem vijeku","robots":{"index":"index","follow":"follow","max-snippet":"max-snippet:-1","max-image-preview":"max-image-preview:large","max-video-preview":"max-video-preview:-1"},"canonical":"https:\/\/sandzakpress.net\/arhiva\/bosnjaci-sandzaka-u-srednjem-vijeku\/","og_locale":"bs_BA","og_type":"article","og_title":"Bo\u0161njaci Sand\u017eaka u Srednjem vijeku","og_description":"\u201dJa sam Kralj Ra\u0161ke, Bosne, Dalmacije, Hrvatske i Primorja\u201d \u2013 Tvrtko Kotromani\u0107 Bosna i Bo\u0161njaci u Srednjem vijeku bez ikakve sumnje postoje. Bosna se spominje pod ovim nazivom jo\u0161 za vrijeme Rimske vladavine, a njen naziv je ilirskog porijekla, a Bo\u0161nja\u010dki narod se spominje u Srednjem vijeku u poveljama bosanskih banova i kraljeva i nau\u010dno [&hellip;]","og_url":"https:\/\/sandzakpress.net\/arhiva\/bosnjaci-sandzaka-u-srednjem-vijeku\/","og_site_name":"Sand\u017eak PRESS","article_published_time":"2010-07-16T17:37:33+00:00","article_modified_time":"2010-08-23T23:13:40+00:00","og_image":[{"width":616,"height":299,"url":"https:\/\/sandzakpress.net\/arhiva\/wp-content\/uploads\/2010\/07\/800px-Nemanjin_sabor_detalj.jpg","type":"image\/jpeg"}],"author":"bosniak","twitter_card":"summary_large_image","twitter_misc":{"Written by":"bosniak","Est. reading time":"5 minuta"},"schema":{"@context":"https:\/\/schema.org","@graph":[{"@type":"Article","@id":"https:\/\/sandzakpress.net\/arhiva\/bosnjaci-sandzaka-u-srednjem-vijeku\/#article","isPartOf":{"@id":"https:\/\/sandzakpress.net\/arhiva\/bosnjaci-sandzaka-u-srednjem-vijeku\/"},"author":{"name":"bosniak","@id":"https:\/\/sandzakpress.net\/arhiva\/#\/schema\/person\/c8baee722073534b583ea7bdb2e36c02"},"headline":"Bo\u0161njaci Sand\u017eaka u Srednjem vijeku","datePublished":"2010-07-16T17:37:33+00:00","dateModified":"2010-08-23T23:13:40+00:00","mainEntityOfPage":{"@id":"https:\/\/sandzakpress.net\/arhiva\/bosnjaci-sandzaka-u-srednjem-vijeku\/"},"wordCount":972,"commentCount":56,"publisher":{"@id":"https:\/\/sandzakpress.net\/arhiva\/#\/schema\/person\/6e72b67d6e51910a1117b3b483ba20bd"},"image":{"@id":"https:\/\/sandzakpress.net\/arhiva\/bosnjaci-sandzaka-u-srednjem-vijeku\/#primaryimage"},"thumbnailUrl":"https:\/\/sandzakpress.net\/arhiva\/wp-content\/uploads\/2010\/07\/800px-Nemanjin_sabor_detalj.jpg","articleSection":["Sand\u017eak HISTORIJA"],"inLanguage":"bs-BA","potentialAction":[{"@type":"CommentAction","name":"Comment","target":["https:\/\/sandzakpress.net\/arhiva\/bosnjaci-sandzaka-u-srednjem-vijeku\/#respond"]}]},{"@type":"WebPage","@id":"https:\/\/sandzakpress.net\/arhiva\/bosnjaci-sandzaka-u-srednjem-vijeku\/","url":"https:\/\/sandzakpress.net\/arhiva\/bosnjaci-sandzaka-u-srednjem-vijeku\/","name":"Bo\u0161njaci Sand\u017eaka u Srednjem vijeku","isPartOf":{"@id":"https:\/\/sandzakpress.net\/arhiva\/#website"},"primaryImageOfPage":{"@id":"https:\/\/sandzakpress.net\/arhiva\/bosnjaci-sandzaka-u-srednjem-vijeku\/#primaryimage"},"image":{"@id":"https:\/\/sandzakpress.net\/arhiva\/bosnjaci-sandzaka-u-srednjem-vijeku\/#primaryimage"},"thumbnailUrl":"https:\/\/sandzakpress.net\/arhiva\/wp-content\/uploads\/2010\/07\/800px-Nemanjin_sabor_detalj.jpg","datePublished":"2010-07-16T17:37:33+00:00","dateModified":"2010-08-23T23:13:40+00:00","breadcrumb":{"@id":"https:\/\/sandzakpress.net\/arhiva\/bosnjaci-sandzaka-u-srednjem-vijeku\/#breadcrumb"},"inLanguage":"bs-BA","potentialAction":[{"@type":"ReadAction","target":["https:\/\/sandzakpress.net\/arhiva\/bosnjaci-sandzaka-u-srednjem-vijeku\/"]}]},{"@type":"ImageObject","inLanguage":"bs-BA","@id":"https:\/\/sandzakpress.net\/arhiva\/bosnjaci-sandzaka-u-srednjem-vijeku\/#primaryimage","url":"https:\/\/sandzakpress.net\/arhiva\/wp-content\/uploads\/2010\/07\/800px-Nemanjin_sabor_detalj.jpg","contentUrl":"https:\/\/sandzakpress.net\/arhiva\/wp-content\/uploads\/2010\/07\/800px-Nemanjin_sabor_detalj.jpg","width":616,"height":299},{"@type":"BreadcrumbList","@id":"https:\/\/sandzakpress.net\/arhiva\/bosnjaci-sandzaka-u-srednjem-vijeku\/#breadcrumb","itemListElement":[{"@type":"ListItem","position":1,"name":"Home","item":"https:\/\/sandzakpress.net\/arhiva\/"},{"@type":"ListItem","position":2,"name":"Bo\u0161njaci Sand\u017eaka u Srednjem vijeku"}]},{"@type":"WebSite","@id":"https:\/\/sandzakpress.net\/arhiva\/#website","url":"https:\/\/sandzakpress.net\/arhiva\/","name":"Sand\u017eak PRESS","description":"Prve elektronske novine u Sand\u017eaku","publisher":{"@id":"https:\/\/sandzakpress.net\/arhiva\/#\/schema\/person\/6e72b67d6e51910a1117b3b483ba20bd"},"potentialAction":[{"@type":"SearchAction","target":{"@type":"EntryPoint","urlTemplate":"https:\/\/sandzakpress.net\/arhiva\/?s={search_term_string}"},"query-input":{"@type":"PropertyValueSpecification","valueRequired":true,"valueName":"search_term_string"}}],"inLanguage":"bs-BA"},{"@type":["Person","Organization"],"@id":"https:\/\/sandzakpress.net\/arhiva\/#\/schema\/person\/6e72b67d6e51910a1117b3b483ba20bd","name":"Kul","image":{"@type":"ImageObject","inLanguage":"bs-BA","@id":"https:\/\/sandzakpress.net\/arhiva\/#\/schema\/person\/image\/","url":"https:\/\/secure.gravatar.com\/avatar\/42263f39aa27ac04c43cab85c280eb2e?s=96&d=mm&r=pg","contentUrl":"https:\/\/secure.gravatar.com\/avatar\/42263f39aa27ac04c43cab85c280eb2e?s=96&d=mm&r=pg","caption":"Kul"},"logo":{"@id":"https:\/\/sandzakpress.net\/arhiva\/#\/schema\/person\/image\/"}},{"@type":"Person","@id":"https:\/\/sandzakpress.net\/arhiva\/#\/schema\/person\/c8baee722073534b583ea7bdb2e36c02","name":"bosniak","image":{"@type":"ImageObject","inLanguage":"bs-BA","@id":"https:\/\/sandzakpress.net\/arhiva\/#\/schema\/person\/image\/","url":"https:\/\/secure.gravatar.com\/avatar\/a04fd330bfe3a36a72a0ad4a6d89fca7?s=96&d=mm&r=pg","contentUrl":"https:\/\/secure.gravatar.com\/avatar\/a04fd330bfe3a36a72a0ad4a6d89fca7?s=96&d=mm&r=pg","caption":"bosniak"},"url":"https:\/\/sandzakpress.net\/arhiva\/author\/bosniak\/"}]}},"_links":{"self":[{"href":"https:\/\/sandzakpress.net\/arhiva\/wp-json\/wp\/v2\/posts\/6481"}],"collection":[{"href":"https:\/\/sandzakpress.net\/arhiva\/wp-json\/wp\/v2\/posts"}],"about":[{"href":"https:\/\/sandzakpress.net\/arhiva\/wp-json\/wp\/v2\/types\/post"}],"author":[{"embeddable":true,"href":"https:\/\/sandzakpress.net\/arhiva\/wp-json\/wp\/v2\/users\/83"}],"replies":[{"embeddable":true,"href":"https:\/\/sandzakpress.net\/arhiva\/wp-json\/wp\/v2\/comments?post=6481"}],"version-history":[{"count":0,"href":"https:\/\/sandzakpress.net\/arhiva\/wp-json\/wp\/v2\/posts\/6481\/revisions"}],"wp:featuredmedia":[{"embeddable":true,"href":"https:\/\/sandzakpress.net\/arhiva\/wp-json\/wp\/v2\/media\/6486"}],"wp:attachment":[{"href":"https:\/\/sandzakpress.net\/arhiva\/wp-json\/wp\/v2\/media?parent=6481"}],"wp:term":[{"taxonomy":"category","embeddable":true,"href":"https:\/\/sandzakpress.net\/arhiva\/wp-json\/wp\/v2\/categories?post=6481"},{"taxonomy":"post_tag","embeddable":true,"href":"https:\/\/sandzakpress.net\/arhiva\/wp-json\/wp\/v2\/tags?post=6481"}],"curies":[{"name":"wp","href":"https:\/\/api.w.org\/{rel}","templated":true}]}}