{"id":64685,"date":"2013-02-01T15:47:02","date_gmt":"2013-02-01T14:47:02","guid":{"rendered":"https:\/\/sandzakpress.net\/arhiva\/?p=64685"},"modified":"2013-02-01T15:47:02","modified_gmt":"2013-02-01T14:47:02","slug":"dileme-nije-bilo-ministar-ugljanin-ostaje-u-vladi","status":"publish","type":"post","link":"https:\/\/sandzakpress.net\/arhiva\/dileme-nije-bilo-ministar-ugljanin-ostaje-u-vladi\/","title":{"rendered":"Dileme (ni)je bilo ministar Ugljanin ostaje u Vladi"},"content":{"rendered":"<div>\n<div>\n<p><strong><a href=\"https:\/\/sandzakpress.net\/arhiva\/wp-content\/uploads\/2013\/02\/85703_0215-ugljanin-foto-zoran-ras_f.jpg\"><img loading=\"lazy\" decoding=\"async\" class=\"alignleft size-medium wp-image-64686\" title=\"85703_0215-ugljanin-foto-zoran-ras_f\" src=\"https:\/\/sandzakpress.net\/arhiva\/wp-content\/uploads\/2013\/02\/85703_0215-ugljanin-foto-zoran-ras_f-300x172.jpg\" alt=\"\" width=\"300\" height=\"172\" \/><\/a>Novi Pazar\u00a0&#8211; Sand\u017ea\u010dko ministarska dilema je rje\u0161ena, ako je to i bila. Ministar bez portfelja Sulejman Ugljanin nastavlja svoj rad u Vladi Srbije.<\/strong><\/p>\n<p>Iz njegovog kabineta je saop\u0161teno, da je prije tri dana potpisan sporazum izme\u0111u koalicionih partnera i Stranke demokratske akcije (SDA). Ministar i lider SDA je prije desetak dana najavio svoj izlazak iz vlade i ostavio rok do 27. januara za potpisivanje sporazuma o njegovom ulasku u vladu i popravljanju polo\u017eaja Bo\u0161njaka u Srbiji, u kojem su \u201ejasno definisani koraci za popravljanje polo\u017eaja Bo\u0161njaka u Srbiji, ali sporazum jo\u0161 nije potpisan niti se bilo \u0161ta realizuje iz njega\u201c<\/p>\n<\/div>\n<\/div>\n<div>\n<p>Napredak u realizaciji sporazuma, kako se navodi u saop\u0161tenju, i\u0107e razmatran periodi\u010dno, na svakih pola godine, a Ugljanin je rekao da se njegov rad \u201eodnosi na cijelu Srbiju, pa prema tome i na polo\u017eaj Bo\u0161njaka u dr\u017eavi\u201c i zato smatra da poslije potpisivanja sporazuma \u201etreba da usedi njegova konstantna realizacija &#8211; korak po korak\u201c.<\/p>\n<p>Bo\u0161nja\u010dkim politi\u010darima na ovom prostoru nepoznato je \u0161ta je ko obe\u0107avao Ugljaninu, \u010dime je nezadovoljan \u201eili se pribli\u017eavaju izbori ili je nezadovoljan ocenama koje je dobio za rad u ovom mandatu\u201c, pa \u201e\u0161ta je s kim dogovarao neka sam raspetljava\u201c i \u201enjegovim izlaskom iz vlade niti se \u0161ta dobija niti gubi\u201c. Mirsad \u0110erlek, predsjednik opozicione Sand\u017ea\u010dke narodne partije (SNP), ocjenjuje da je to \u201eucjenjvanje vlade koja je relativno dobro po\u010dela da radi\u201c.<\/p>\n<p>-Razlozi koji su navedeni su nerealni, jer se iza toga kriju personalna rje\u0161enja a ne iskrena borba za prava Bo\u0161njaka u Sand\u017eaku. Ugljanin treba da razgovara sa koalicionim partnerima u Vladi Srbije i da se na\u0111e kompromis kako bi vlada nastavila da radi u istom sastavu &#8211; isti\u010de \u0110erlek.<\/p>\n<p>Za Seada \u0160a\u0107irovi\u0107a, predsjednika Izvr\u0161nog odbora opozicione Bo\u0161nja\u010dke demokratske zajednice (BDZ), Ugljaninova najava nije ni\u0161ta novo.<\/p>\n<p>-Sve je vi\u0111eno nekoliko puta i ranije je davao sli\u010dne izjave i ni\u0161ta nije ispunio. Oni koji glasaju za njega nikako da shvate da se radi o relativno neozbiljnom \u010doveku. Ukoliko iza\u0111e iz vlade, to \u0107e biti dobitak za Bo\u0161njake koji od njegovog ministrovanja nisu imali nikakvu korist &#8211; smatra \u0160a\u0107irovi\u0107.<\/p>\n<p>U Ugljaninov izlazak iz vlade nije verovao ni Fevzija Muri\u0107, predsjednik Stranke za Sand\u017eak (SZS), ironi\u010dno je prokomentarisao da \u201eako ne daj Bo\u017ee, iza\u0111e iz vlade, bi\u0107e katastrofa,, jer dok je on u vladi ova dr\u017eava ima perspektivu\u201c.<\/p>\n<p>&#8211; Pet godina je imao da kroz Vladu Srbije uradi ne\u0161to za Bo\u0161njake. O\u010digledno, da su neki novi izbori na pomolu i ovo je jeftino ubiranje politi\u010dkih poena za kampanju. Ne znamo \u0161ta sve pi\u0161e u sporazumu. Znamo da je tra\u017eio polovinu rukovode\u0107ih mjesta u svim javnim preduze\u0107ima i ustanovama na republi\u010dkom nivou. \u0160to se ti\u010de statusa Bo\u0161njaka, ne znamo da li to uop\u0161te postoji u koalicionom sporazumu &#8211; naglasio je Muri\u0107.<\/p>\n<p>(Danas)<\/p>\n<\/div>\n","protected":false},"excerpt":{"rendered":"<p>Novi Pazar\u00a0&#8211; Sand\u017ea\u010dko ministarska dilema je rje\u0161ena, ako je to i bila. Ministar bez portfelja Sulejman Ugljanin nastavlja svoj rad u Vladi Srbije. Iz njegovog kabineta je saop\u0161teno, da je prije tri dana potpisan sporazum izme\u0111u koalicionih partnera i Stranke demokratske akcije (SDA). Ministar i lider SDA je prije desetak dana najavio svoj izlazak iz [&hellip;]<\/p>\n","protected":false},"author":16,"featured_media":64686,"comment_status":"open","ping_status":"open","sticky":false,"template":"","format":"standard","meta":{"footnotes":""},"categories":[72,1],"tags":[],"class_list":{"0":"post-64685","1":"post","2":"type-post","3":"status-publish","4":"format-standard","5":"has-post-thumbnail","7":"category-novi-pazar","8":"category-politika"},"yoast_head":"<!-- This site is optimized with the Yoast SEO Premium plugin v23.1 (Yoast SEO v24.9) - https:\/\/yoast.com\/wordpress\/plugins\/seo\/ -->\n<title>Dileme (ni)je bilo ministar Ugljanin ostaje u Vladi<\/title>\n<meta name=\"robots\" content=\"index, follow, max-snippet:-1, max-image-preview:large, max-video-preview:-1\" \/>\n<link rel=\"canonical\" href=\"https:\/\/sandzakpress.net\/arhiva\/dileme-nije-bilo-ministar-ugljanin-ostaje-u-vladi\/\" \/>\n<meta property=\"og:locale\" content=\"bs_BA\" \/>\n<meta property=\"og:type\" content=\"article\" \/>\n<meta property=\"og:title\" content=\"Dileme (ni)je bilo ministar Ugljanin ostaje u Vladi\" \/>\n<meta property=\"og:description\" content=\"Novi Pazar\u00a0&#8211; Sand\u017ea\u010dko ministarska dilema je rje\u0161ena, ako je to i bila. Ministar bez portfelja Sulejman Ugljanin nastavlja svoj rad u Vladi Srbije. Iz njegovog kabineta je saop\u0161teno, da je prije tri dana potpisan sporazum izme\u0111u koalicionih partnera i Stranke demokratske akcije (SDA). Ministar i lider SDA je prije desetak dana najavio svoj izlazak iz [&hellip;]\" \/>\n<meta property=\"og:url\" content=\"https:\/\/sandzakpress.net\/arhiva\/dileme-nije-bilo-ministar-ugljanin-ostaje-u-vladi\/\" \/>\n<meta property=\"og:site_name\" content=\"Sand\u017eak PRESS\" \/>\n<meta property=\"article:published_time\" content=\"2013-02-01T14:47:02+00:00\" \/>\n<meta property=\"og:image\" content=\"https:\/\/sandzakpress.net\/arhiva\/wp-content\/uploads\/2013\/02\/85703_0215-ugljanin-foto-zoran-ras_f.jpg\" \/>\n\t<meta property=\"og:image:width\" content=\"470\" \/>\n\t<meta property=\"og:image:height\" content=\"270\" \/>\n\t<meta property=\"og:image:type\" content=\"image\/jpeg\" \/>\n<meta name=\"twitter:card\" content=\"summary_large_image\" \/>\n<meta name=\"twitter:label1\" content=\"Written by\" \/>\n\t<meta name=\"twitter:data1\" content=\"\" \/>\n\t<meta name=\"twitter:label2\" content=\"Est. reading time\" \/>\n\t<meta name=\"twitter:data2\" content=\"3 minute\" \/>\n<script type=\"application\/ld+json\" class=\"yoast-schema-graph\">{\"@context\":\"https:\/\/schema.org\",\"@graph\":[{\"@type\":\"Article\",\"@id\":\"https:\/\/sandzakpress.net\/arhiva\/dileme-nije-bilo-ministar-ugljanin-ostaje-u-vladi\/#article\",\"isPartOf\":{\"@id\":\"https:\/\/sandzakpress.net\/arhiva\/dileme-nije-bilo-ministar-ugljanin-ostaje-u-vladi\/\"},\"author\":{\"name\":\"\",\"@id\":\"\"},\"headline\":\"Dileme (ni)je bilo ministar Ugljanin ostaje u Vladi\",\"datePublished\":\"2013-02-01T14:47:02+00:00\",\"mainEntityOfPage\":{\"@id\":\"https:\/\/sandzakpress.net\/arhiva\/dileme-nije-bilo-ministar-ugljanin-ostaje-u-vladi\/\"},\"wordCount\":520,\"commentCount\":0,\"publisher\":{\"@id\":\"https:\/\/sandzakpress.net\/arhiva\/#\/schema\/person\/6e72b67d6e51910a1117b3b483ba20bd\"},\"image\":{\"@id\":\"https:\/\/sandzakpress.net\/arhiva\/dileme-nije-bilo-ministar-ugljanin-ostaje-u-vladi\/#primaryimage\"},\"thumbnailUrl\":\"https:\/\/sandzakpress.net\/arhiva\/wp-content\/uploads\/2013\/02\/85703_0215-ugljanin-foto-zoran-ras_f.jpg\",\"articleSection\":[\"Novi Pazar\",\"Politika\"],\"inLanguage\":\"bs-BA\",\"potentialAction\":[{\"@type\":\"CommentAction\",\"name\":\"Comment\",\"target\":[\"https:\/\/sandzakpress.net\/arhiva\/dileme-nije-bilo-ministar-ugljanin-ostaje-u-vladi\/#respond\"]}]},{\"@type\":\"WebPage\",\"@id\":\"https:\/\/sandzakpress.net\/arhiva\/dileme-nije-bilo-ministar-ugljanin-ostaje-u-vladi\/\",\"url\":\"https:\/\/sandzakpress.net\/arhiva\/dileme-nije-bilo-ministar-ugljanin-ostaje-u-vladi\/\",\"name\":\"Dileme (ni)je bilo ministar Ugljanin ostaje u Vladi\",\"isPartOf\":{\"@id\":\"https:\/\/sandzakpress.net\/arhiva\/#website\"},\"primaryImageOfPage\":{\"@id\":\"https:\/\/sandzakpress.net\/arhiva\/dileme-nije-bilo-ministar-ugljanin-ostaje-u-vladi\/#primaryimage\"},\"image\":{\"@id\":\"https:\/\/sandzakpress.net\/arhiva\/dileme-nije-bilo-ministar-ugljanin-ostaje-u-vladi\/#primaryimage\"},\"thumbnailUrl\":\"https:\/\/sandzakpress.net\/arhiva\/wp-content\/uploads\/2013\/02\/85703_0215-ugljanin-foto-zoran-ras_f.jpg\",\"datePublished\":\"2013-02-01T14:47:02+00:00\",\"breadcrumb\":{\"@id\":\"https:\/\/sandzakpress.net\/arhiva\/dileme-nije-bilo-ministar-ugljanin-ostaje-u-vladi\/#breadcrumb\"},\"inLanguage\":\"bs-BA\",\"potentialAction\":[{\"@type\":\"ReadAction\",\"target\":[\"https:\/\/sandzakpress.net\/arhiva\/dileme-nije-bilo-ministar-ugljanin-ostaje-u-vladi\/\"]}]},{\"@type\":\"ImageObject\",\"inLanguage\":\"bs-BA\",\"@id\":\"https:\/\/sandzakpress.net\/arhiva\/dileme-nije-bilo-ministar-ugljanin-ostaje-u-vladi\/#primaryimage\",\"url\":\"https:\/\/sandzakpress.net\/arhiva\/wp-content\/uploads\/2013\/02\/85703_0215-ugljanin-foto-zoran-ras_f.jpg\",\"contentUrl\":\"https:\/\/sandzakpress.net\/arhiva\/wp-content\/uploads\/2013\/02\/85703_0215-ugljanin-foto-zoran-ras_f.jpg\",\"width\":470,\"height\":270},{\"@type\":\"BreadcrumbList\",\"@id\":\"https:\/\/sandzakpress.net\/arhiva\/dileme-nije-bilo-ministar-ugljanin-ostaje-u-vladi\/#breadcrumb\",\"itemListElement\":[{\"@type\":\"ListItem\",\"position\":1,\"name\":\"Home\",\"item\":\"https:\/\/sandzakpress.net\/arhiva\/\"},{\"@type\":\"ListItem\",\"position\":2,\"name\":\"Dileme (ni)je bilo ministar Ugljanin ostaje u Vladi\"}]},{\"@type\":\"WebSite\",\"@id\":\"https:\/\/sandzakpress.net\/arhiva\/#website\",\"url\":\"https:\/\/sandzakpress.net\/arhiva\/\",\"name\":\"Sand\u017eak PRESS\",\"description\":\"Prve elektronske novine u Sand\u017eaku\",\"publisher\":{\"@id\":\"https:\/\/sandzakpress.net\/arhiva\/#\/schema\/person\/6e72b67d6e51910a1117b3b483ba20bd\"},\"potentialAction\":[{\"@type\":\"SearchAction\",\"target\":{\"@type\":\"EntryPoint\",\"urlTemplate\":\"https:\/\/sandzakpress.net\/arhiva\/?s={search_term_string}\"},\"query-input\":{\"@type\":\"PropertyValueSpecification\",\"valueRequired\":true,\"valueName\":\"search_term_string\"}}],\"inLanguage\":\"bs-BA\"},{\"@type\":[\"Person\",\"Organization\"],\"@id\":\"https:\/\/sandzakpress.net\/arhiva\/#\/schema\/person\/6e72b67d6e51910a1117b3b483ba20bd\",\"name\":\"Kul\",\"image\":{\"@type\":\"ImageObject\",\"inLanguage\":\"bs-BA\",\"@id\":\"https:\/\/sandzakpress.net\/arhiva\/#\/schema\/person\/image\/\",\"url\":\"https:\/\/secure.gravatar.com\/avatar\/42263f39aa27ac04c43cab85c280eb2e?s=96&d=mm&r=pg\",\"contentUrl\":\"https:\/\/secure.gravatar.com\/avatar\/42263f39aa27ac04c43cab85c280eb2e?s=96&d=mm&r=pg\",\"caption\":\"Kul\"},\"logo\":{\"@id\":\"https:\/\/sandzakpress.net\/arhiva\/#\/schema\/person\/image\/\"}},{\"@type\":\"Person\",\"@id\":\"\",\"url\":\"https:\/\/sandzakpress.net\/arhiva\/author\/\"}]}<\/script>\n<!-- \/ Yoast SEO Premium plugin. -->","yoast_head_json":{"title":"Dileme (ni)je bilo ministar Ugljanin ostaje u Vladi","robots":{"index":"index","follow":"follow","max-snippet":"max-snippet:-1","max-image-preview":"max-image-preview:large","max-video-preview":"max-video-preview:-1"},"canonical":"https:\/\/sandzakpress.net\/arhiva\/dileme-nije-bilo-ministar-ugljanin-ostaje-u-vladi\/","og_locale":"bs_BA","og_type":"article","og_title":"Dileme (ni)je bilo ministar Ugljanin ostaje u Vladi","og_description":"Novi Pazar\u00a0&#8211; Sand\u017ea\u010dko ministarska dilema je rje\u0161ena, ako je to i bila. Ministar bez portfelja Sulejman Ugljanin nastavlja svoj rad u Vladi Srbije. Iz njegovog kabineta je saop\u0161teno, da je prije tri dana potpisan sporazum izme\u0111u koalicionih partnera i Stranke demokratske akcije (SDA). Ministar i lider SDA je prije desetak dana najavio svoj izlazak iz [&hellip;]","og_url":"https:\/\/sandzakpress.net\/arhiva\/dileme-nije-bilo-ministar-ugljanin-ostaje-u-vladi\/","og_site_name":"Sand\u017eak PRESS","article_published_time":"2013-02-01T14:47:02+00:00","og_image":[{"width":470,"height":270,"url":"https:\/\/sandzakpress.net\/arhiva\/wp-content\/uploads\/2013\/02\/85703_0215-ugljanin-foto-zoran-ras_f.jpg","type":"image\/jpeg"}],"twitter_card":"summary_large_image","twitter_misc":{"Written by":"","Est. reading time":"3 minute"},"schema":{"@context":"https:\/\/schema.org","@graph":[{"@type":"Article","@id":"https:\/\/sandzakpress.net\/arhiva\/dileme-nije-bilo-ministar-ugljanin-ostaje-u-vladi\/#article","isPartOf":{"@id":"https:\/\/sandzakpress.net\/arhiva\/dileme-nije-bilo-ministar-ugljanin-ostaje-u-vladi\/"},"author":{"name":"","@id":""},"headline":"Dileme (ni)je bilo ministar Ugljanin ostaje u Vladi","datePublished":"2013-02-01T14:47:02+00:00","mainEntityOfPage":{"@id":"https:\/\/sandzakpress.net\/arhiva\/dileme-nije-bilo-ministar-ugljanin-ostaje-u-vladi\/"},"wordCount":520,"commentCount":0,"publisher":{"@id":"https:\/\/sandzakpress.net\/arhiva\/#\/schema\/person\/6e72b67d6e51910a1117b3b483ba20bd"},"image":{"@id":"https:\/\/sandzakpress.net\/arhiva\/dileme-nije-bilo-ministar-ugljanin-ostaje-u-vladi\/#primaryimage"},"thumbnailUrl":"https:\/\/sandzakpress.net\/arhiva\/wp-content\/uploads\/2013\/02\/85703_0215-ugljanin-foto-zoran-ras_f.jpg","articleSection":["Novi Pazar","Politika"],"inLanguage":"bs-BA","potentialAction":[{"@type":"CommentAction","name":"Comment","target":["https:\/\/sandzakpress.net\/arhiva\/dileme-nije-bilo-ministar-ugljanin-ostaje-u-vladi\/#respond"]}]},{"@type":"WebPage","@id":"https:\/\/sandzakpress.net\/arhiva\/dileme-nije-bilo-ministar-ugljanin-ostaje-u-vladi\/","url":"https:\/\/sandzakpress.net\/arhiva\/dileme-nije-bilo-ministar-ugljanin-ostaje-u-vladi\/","name":"Dileme (ni)je bilo ministar Ugljanin ostaje u Vladi","isPartOf":{"@id":"https:\/\/sandzakpress.net\/arhiva\/#website"},"primaryImageOfPage":{"@id":"https:\/\/sandzakpress.net\/arhiva\/dileme-nije-bilo-ministar-ugljanin-ostaje-u-vladi\/#primaryimage"},"image":{"@id":"https:\/\/sandzakpress.net\/arhiva\/dileme-nije-bilo-ministar-ugljanin-ostaje-u-vladi\/#primaryimage"},"thumbnailUrl":"https:\/\/sandzakpress.net\/arhiva\/wp-content\/uploads\/2013\/02\/85703_0215-ugljanin-foto-zoran-ras_f.jpg","datePublished":"2013-02-01T14:47:02+00:00","breadcrumb":{"@id":"https:\/\/sandzakpress.net\/arhiva\/dileme-nije-bilo-ministar-ugljanin-ostaje-u-vladi\/#breadcrumb"},"inLanguage":"bs-BA","potentialAction":[{"@type":"ReadAction","target":["https:\/\/sandzakpress.net\/arhiva\/dileme-nije-bilo-ministar-ugljanin-ostaje-u-vladi\/"]}]},{"@type":"ImageObject","inLanguage":"bs-BA","@id":"https:\/\/sandzakpress.net\/arhiva\/dileme-nije-bilo-ministar-ugljanin-ostaje-u-vladi\/#primaryimage","url":"https:\/\/sandzakpress.net\/arhiva\/wp-content\/uploads\/2013\/02\/85703_0215-ugljanin-foto-zoran-ras_f.jpg","contentUrl":"https:\/\/sandzakpress.net\/arhiva\/wp-content\/uploads\/2013\/02\/85703_0215-ugljanin-foto-zoran-ras_f.jpg","width":470,"height":270},{"@type":"BreadcrumbList","@id":"https:\/\/sandzakpress.net\/arhiva\/dileme-nije-bilo-ministar-ugljanin-ostaje-u-vladi\/#breadcrumb","itemListElement":[{"@type":"ListItem","position":1,"name":"Home","item":"https:\/\/sandzakpress.net\/arhiva\/"},{"@type":"ListItem","position":2,"name":"Dileme (ni)je bilo ministar Ugljanin ostaje u Vladi"}]},{"@type":"WebSite","@id":"https:\/\/sandzakpress.net\/arhiva\/#website","url":"https:\/\/sandzakpress.net\/arhiva\/","name":"Sand\u017eak PRESS","description":"Prve elektronske novine u Sand\u017eaku","publisher":{"@id":"https:\/\/sandzakpress.net\/arhiva\/#\/schema\/person\/6e72b67d6e51910a1117b3b483ba20bd"},"potentialAction":[{"@type":"SearchAction","target":{"@type":"EntryPoint","urlTemplate":"https:\/\/sandzakpress.net\/arhiva\/?s={search_term_string}"},"query-input":{"@type":"PropertyValueSpecification","valueRequired":true,"valueName":"search_term_string"}}],"inLanguage":"bs-BA"},{"@type":["Person","Organization"],"@id":"https:\/\/sandzakpress.net\/arhiva\/#\/schema\/person\/6e72b67d6e51910a1117b3b483ba20bd","name":"Kul","image":{"@type":"ImageObject","inLanguage":"bs-BA","@id":"https:\/\/sandzakpress.net\/arhiva\/#\/schema\/person\/image\/","url":"https:\/\/secure.gravatar.com\/avatar\/42263f39aa27ac04c43cab85c280eb2e?s=96&d=mm&r=pg","contentUrl":"https:\/\/secure.gravatar.com\/avatar\/42263f39aa27ac04c43cab85c280eb2e?s=96&d=mm&r=pg","caption":"Kul"},"logo":{"@id":"https:\/\/sandzakpress.net\/arhiva\/#\/schema\/person\/image\/"}},{"@type":"Person","@id":"","url":"https:\/\/sandzakpress.net\/arhiva\/author\/"}]}},"_links":{"self":[{"href":"https:\/\/sandzakpress.net\/arhiva\/wp-json\/wp\/v2\/posts\/64685"}],"collection":[{"href":"https:\/\/sandzakpress.net\/arhiva\/wp-json\/wp\/v2\/posts"}],"about":[{"href":"https:\/\/sandzakpress.net\/arhiva\/wp-json\/wp\/v2\/types\/post"}],"author":[{"embeddable":true,"href":"https:\/\/sandzakpress.net\/arhiva\/wp-json\/wp\/v2\/users\/16"}],"replies":[{"embeddable":true,"href":"https:\/\/sandzakpress.net\/arhiva\/wp-json\/wp\/v2\/comments?post=64685"}],"version-history":[{"count":0,"href":"https:\/\/sandzakpress.net\/arhiva\/wp-json\/wp\/v2\/posts\/64685\/revisions"}],"wp:featuredmedia":[{"embeddable":true,"href":"https:\/\/sandzakpress.net\/arhiva\/wp-json\/wp\/v2\/media\/64686"}],"wp:attachment":[{"href":"https:\/\/sandzakpress.net\/arhiva\/wp-json\/wp\/v2\/media?parent=64685"}],"wp:term":[{"taxonomy":"category","embeddable":true,"href":"https:\/\/sandzakpress.net\/arhiva\/wp-json\/wp\/v2\/categories?post=64685"},{"taxonomy":"post_tag","embeddable":true,"href":"https:\/\/sandzakpress.net\/arhiva\/wp-json\/wp\/v2\/tags?post=64685"}],"curies":[{"name":"wp","href":"https:\/\/api.w.org\/{rel}","templated":true}]}}