{"id":645,"date":"2009-12-27T22:47:42","date_gmt":"2009-12-27T22:47:42","guid":{"rendered":"https:\/\/sandzakpress.net\/arhiva\/?p=645"},"modified":"2009-12-27T22:47:42","modified_gmt":"2009-12-27T22:47:42","slug":"amfilohije-eu-nam-dala-vize-za-bircuze","status":"publish","type":"post","link":"https:\/\/sandzakpress.net\/arhiva\/amfilohije-eu-nam-dala-vize-za-bircuze\/","title":{"rendered":"Amfilohije: EU nam dala vize za bircuze"},"content":{"rendered":"<p><strong><a href=\"https:\/\/sandzakpress.net\/arhiva\/wp-content\/uploads\/2009\/12\/y185043750823073.jpg\"><img loading=\"lazy\" decoding=\"async\" class=\"alignleft size-medium wp-image-646\" title=\"y185043750823073\" src=\"https:\/\/sandzakpress.net\/arhiva\/wp-content\/uploads\/2009\/12\/y185043750823073-300x225.jpg\" alt=\"\" width=\"300\" height=\"225\" \/><\/a>Mitropolit crnogorsko-primorski i \u010duvar trona Srpske pravoslavne crkve (SPC) Amfilohije Radovi\u0107 rekao je u srijedu uve\u010der da ga je &#8220;pomalo stid&#8221; od stava Evrope &#8211; kao da se &#8220;smilovala da nam da vize, kako bismo mogli da \u0161etamo po evropskim bircuzima&#8221;.<\/strong><\/p>\n<p>On je ocijenio u Zadu\u017ebini Ilije Kolarca na tribini o ulozi SPC u Srbiji danas da Evropa nudi ekonomski razvoj, ali je u velikoj duhovnoj krizi i krizi identiteta.<\/p>\n<p>&#8220;Evropa je u mnogo dubljoj duhovnoj krizi, nego \u0161to mi koji joj pomalo bezglavo hrlimo mo\u017eemo i da naslutimo&#8221;, kazao je Radovi\u0107.<\/p>\n<p>&#8220;Mi smo opet s jedne strane u dubinskoj krizi ali s druge strane pred izazovom kojem \u0107emo se privoljeti carstvu&#8221;, kazao je mitropolit Amfilohije.<\/p>\n<p>On je upozorio da Srbija u EU ulazi duhovno opusto\u0161ena komunizmom, ali i materijalno ugro\u017eena.<\/p>\n<p>Mitropolit je kazao da &#8220;srpski narod u EU ne bi smeo da u\u0111e poput prosjaka, ve\u0107 dostojanstveno i u \u017eitnicu njene kulture jedino mo\u017ee da unese Svetosavlje, s obzirom na to da ne mo\u017ee da joj ponudi fabrike i naprednu ekonomiju&#8221;.<\/p>\n<p>&#8220;Srbija treba da podsjeti Evropu da je izgra\u0111ena na hri\u0161\u0107anskoj kulturi&#8221;, istakao je Amfilohije.<\/p>\n<p>Amfilohije je rekao da je Srbija oduvijek dio Evrope i njen temelj i da se Evropa u &#8220;svojim tektonskim duhovnim poreme\u0107ajima sve vi\u0161e opredjeljuje za zemaljske vrijednosti, a ne za carstvo nebesko&#8221;.<\/p>\n<p>Mitropolit je rekao da Srbija ne mo\u017ee Evropi da ponudi razvijenu ekonomiju i fabrike, ali mo\u017ee da ponudi svoje &#8220;svetosavsko i svetolazarevsko opredjeljenje&#8221;.<\/p>\n<p>&#8220;Opredjeljenje SPC danas je opredjeljenje za put Svetog Save i put kosovskog zavjeta. To su isti putevi, samo \u0161to je i kosovski zavjet i krvlju zape\u010da\u0107en&#8221;, kazao je on.<\/p>\n<p>Amfilohije je rekao da se na Kosovu danas ne rje\u0161ava samo politi\u010dka sudbina Evrope i sveta, ve\u0107 se vodi borba izme\u0111u dobra i zla.<\/p>\n<p>On je naveo da predstavnici me\u0111unarodne zajednice ne mare mnogo za to \u0161to se na Kosovu i Metohiji ru\u0161e manastiri i crkve ve\u0107 samo za svjetske interese.<\/p>\n<p>Mitropolit Amfilohije je kazao da \u0107e uloga SPC na Kosovu i Metohiji ostati kao \u0161to je bila vjekovima unazad i da Crkvi i srpskom narodu treba pomo\u0107i da ostane u ju\u017enoj srpskoj pokrajini.<\/p>\n<p>Tribini koju je organizovao Fond Slobodan Jovanovi\u0107 prisustvovali su lider Demokratske stranke Srbije Vojislav Ko\u0161tunica, potpredsjednik DSS Slobodan Samard\u017ei\u0107 i akademik Matija Be\u0107kovi\u0107.<\/p>\n<p>(agencije\/MONDO)<\/p>\n","protected":false},"excerpt":{"rendered":"<p>Mitropolit crnogorsko-primorski i \u010duvar trona Srpske pravoslavne crkve (SPC) Amfilohije Radovi\u0107 rekao je u srijedu uve\u010der da ga je &#8220;pomalo stid&#8221; od stava Evrope &#8211; kao da se &#8220;smilovala da nam da vize, kako bismo mogli da \u0161etamo po evropskim bircuzima&#8221;. On je ocijenio u Zadu\u017ebini Ilije Kolarca na tribini o ulozi SPC u Srbiji [&hellip;]<\/p>\n","protected":false},"author":83,"featured_media":646,"comment_status":"open","ping_status":"open","sticky":false,"template":"","format":"standard","meta":{"footnotes":""},"categories":[1],"tags":[],"class_list":{"0":"post-645","1":"post","2":"type-post","3":"status-publish","4":"format-standard","5":"has-post-thumbnail","7":"category-politika"},"yoast_head":"<!-- This site is optimized with the Yoast SEO Premium plugin v23.1 (Yoast SEO v24.9) - https:\/\/yoast.com\/wordpress\/plugins\/seo\/ -->\n<title>Amfilohije: EU nam dala vize za bircuze<\/title>\n<meta name=\"robots\" content=\"index, follow, max-snippet:-1, max-image-preview:large, max-video-preview:-1\" \/>\n<link rel=\"canonical\" href=\"https:\/\/sandzakpress.net\/arhiva\/amfilohije-eu-nam-dala-vize-za-bircuze\/\" \/>\n<meta property=\"og:locale\" content=\"bs_BA\" \/>\n<meta property=\"og:type\" content=\"article\" \/>\n<meta property=\"og:title\" content=\"Amfilohije: EU nam dala vize za bircuze\" \/>\n<meta property=\"og:description\" content=\"Mitropolit crnogorsko-primorski i \u010duvar trona Srpske pravoslavne crkve (SPC) Amfilohije Radovi\u0107 rekao je u srijedu uve\u010der da ga je &#8220;pomalo stid&#8221; od stava Evrope &#8211; kao da se &#8220;smilovala da nam da vize, kako bismo mogli da \u0161etamo po evropskim bircuzima&#8221;. On je ocijenio u Zadu\u017ebini Ilije Kolarca na tribini o ulozi SPC u Srbiji [&hellip;]\" \/>\n<meta property=\"og:url\" content=\"https:\/\/sandzakpress.net\/arhiva\/amfilohije-eu-nam-dala-vize-za-bircuze\/\" \/>\n<meta property=\"og:site_name\" content=\"Sand\u017eak PRESS\" \/>\n<meta property=\"article:published_time\" content=\"2009-12-27T22:47:42+00:00\" \/>\n<meta property=\"og:image\" content=\"https:\/\/sandzakpress.net\/arhiva\/wp-content\/uploads\/2009\/12\/y185043750823073.jpg\" \/>\n\t<meta property=\"og:image:width\" content=\"400\" \/>\n\t<meta property=\"og:image:height\" content=\"300\" \/>\n\t<meta property=\"og:image:type\" content=\"image\/jpeg\" \/>\n<meta name=\"author\" content=\"bosniak\" \/>\n<meta name=\"twitter:card\" content=\"summary_large_image\" \/>\n<meta name=\"twitter:label1\" content=\"Written by\" \/>\n\t<meta name=\"twitter:data1\" content=\"bosniak\" \/>\n\t<meta name=\"twitter:label2\" content=\"Est. reading time\" \/>\n\t<meta name=\"twitter:data2\" content=\"2 minute\" \/>\n<script type=\"application\/ld+json\" class=\"yoast-schema-graph\">{\"@context\":\"https:\/\/schema.org\",\"@graph\":[{\"@type\":\"Article\",\"@id\":\"https:\/\/sandzakpress.net\/arhiva\/amfilohije-eu-nam-dala-vize-za-bircuze\/#article\",\"isPartOf\":{\"@id\":\"https:\/\/sandzakpress.net\/arhiva\/amfilohije-eu-nam-dala-vize-za-bircuze\/\"},\"author\":{\"name\":\"bosniak\",\"@id\":\"https:\/\/sandzakpress.net\/arhiva\/#\/schema\/person\/c8baee722073534b583ea7bdb2e36c02\"},\"headline\":\"Amfilohije: EU nam dala vize za bircuze\",\"datePublished\":\"2009-12-27T22:47:42+00:00\",\"mainEntityOfPage\":{\"@id\":\"https:\/\/sandzakpress.net\/arhiva\/amfilohije-eu-nam-dala-vize-za-bircuze\/\"},\"wordCount\":412,\"commentCount\":2,\"publisher\":{\"@id\":\"https:\/\/sandzakpress.net\/arhiva\/#\/schema\/person\/6e72b67d6e51910a1117b3b483ba20bd\"},\"image\":{\"@id\":\"https:\/\/sandzakpress.net\/arhiva\/amfilohije-eu-nam-dala-vize-za-bircuze\/#primaryimage\"},\"thumbnailUrl\":\"https:\/\/sandzakpress.net\/arhiva\/wp-content\/uploads\/2009\/12\/y185043750823073.jpg\",\"articleSection\":[\"Politika\"],\"inLanguage\":\"bs-BA\",\"potentialAction\":[{\"@type\":\"CommentAction\",\"name\":\"Comment\",\"target\":[\"https:\/\/sandzakpress.net\/arhiva\/amfilohije-eu-nam-dala-vize-za-bircuze\/#respond\"]}]},{\"@type\":\"WebPage\",\"@id\":\"https:\/\/sandzakpress.net\/arhiva\/amfilohije-eu-nam-dala-vize-za-bircuze\/\",\"url\":\"https:\/\/sandzakpress.net\/arhiva\/amfilohije-eu-nam-dala-vize-za-bircuze\/\",\"name\":\"Amfilohije: EU nam dala vize za bircuze\",\"isPartOf\":{\"@id\":\"https:\/\/sandzakpress.net\/arhiva\/#website\"},\"primaryImageOfPage\":{\"@id\":\"https:\/\/sandzakpress.net\/arhiva\/amfilohije-eu-nam-dala-vize-za-bircuze\/#primaryimage\"},\"image\":{\"@id\":\"https:\/\/sandzakpress.net\/arhiva\/amfilohije-eu-nam-dala-vize-za-bircuze\/#primaryimage\"},\"thumbnailUrl\":\"https:\/\/sandzakpress.net\/arhiva\/wp-content\/uploads\/2009\/12\/y185043750823073.jpg\",\"datePublished\":\"2009-12-27T22:47:42+00:00\",\"breadcrumb\":{\"@id\":\"https:\/\/sandzakpress.net\/arhiva\/amfilohije-eu-nam-dala-vize-za-bircuze\/#breadcrumb\"},\"inLanguage\":\"bs-BA\",\"potentialAction\":[{\"@type\":\"ReadAction\",\"target\":[\"https:\/\/sandzakpress.net\/arhiva\/amfilohije-eu-nam-dala-vize-za-bircuze\/\"]}]},{\"@type\":\"ImageObject\",\"inLanguage\":\"bs-BA\",\"@id\":\"https:\/\/sandzakpress.net\/arhiva\/amfilohije-eu-nam-dala-vize-za-bircuze\/#primaryimage\",\"url\":\"https:\/\/sandzakpress.net\/arhiva\/wp-content\/uploads\/2009\/12\/y185043750823073.jpg\",\"contentUrl\":\"https:\/\/sandzakpress.net\/arhiva\/wp-content\/uploads\/2009\/12\/y185043750823073.jpg\",\"width\":400,\"height\":300},{\"@type\":\"BreadcrumbList\",\"@id\":\"https:\/\/sandzakpress.net\/arhiva\/amfilohije-eu-nam-dala-vize-za-bircuze\/#breadcrumb\",\"itemListElement\":[{\"@type\":\"ListItem\",\"position\":1,\"name\":\"Home\",\"item\":\"https:\/\/sandzakpress.net\/arhiva\/\"},{\"@type\":\"ListItem\",\"position\":2,\"name\":\"Amfilohije: EU nam dala vize za bircuze\"}]},{\"@type\":\"WebSite\",\"@id\":\"https:\/\/sandzakpress.net\/arhiva\/#website\",\"url\":\"https:\/\/sandzakpress.net\/arhiva\/\",\"name\":\"Sand\u017eak PRESS\",\"description\":\"Prve elektronske novine u Sand\u017eaku\",\"publisher\":{\"@id\":\"https:\/\/sandzakpress.net\/arhiva\/#\/schema\/person\/6e72b67d6e51910a1117b3b483ba20bd\"},\"potentialAction\":[{\"@type\":\"SearchAction\",\"target\":{\"@type\":\"EntryPoint\",\"urlTemplate\":\"https:\/\/sandzakpress.net\/arhiva\/?s={search_term_string}\"},\"query-input\":{\"@type\":\"PropertyValueSpecification\",\"valueRequired\":true,\"valueName\":\"search_term_string\"}}],\"inLanguage\":\"bs-BA\"},{\"@type\":[\"Person\",\"Organization\"],\"@id\":\"https:\/\/sandzakpress.net\/arhiva\/#\/schema\/person\/6e72b67d6e51910a1117b3b483ba20bd\",\"name\":\"Kul\",\"image\":{\"@type\":\"ImageObject\",\"inLanguage\":\"bs-BA\",\"@id\":\"https:\/\/sandzakpress.net\/arhiva\/#\/schema\/person\/image\/\",\"url\":\"https:\/\/secure.gravatar.com\/avatar\/42263f39aa27ac04c43cab85c280eb2e?s=96&d=mm&r=pg\",\"contentUrl\":\"https:\/\/secure.gravatar.com\/avatar\/42263f39aa27ac04c43cab85c280eb2e?s=96&d=mm&r=pg\",\"caption\":\"Kul\"},\"logo\":{\"@id\":\"https:\/\/sandzakpress.net\/arhiva\/#\/schema\/person\/image\/\"}},{\"@type\":\"Person\",\"@id\":\"https:\/\/sandzakpress.net\/arhiva\/#\/schema\/person\/c8baee722073534b583ea7bdb2e36c02\",\"name\":\"bosniak\",\"image\":{\"@type\":\"ImageObject\",\"inLanguage\":\"bs-BA\",\"@id\":\"https:\/\/sandzakpress.net\/arhiva\/#\/schema\/person\/image\/\",\"url\":\"https:\/\/secure.gravatar.com\/avatar\/a04fd330bfe3a36a72a0ad4a6d89fca7?s=96&d=mm&r=pg\",\"contentUrl\":\"https:\/\/secure.gravatar.com\/avatar\/a04fd330bfe3a36a72a0ad4a6d89fca7?s=96&d=mm&r=pg\",\"caption\":\"bosniak\"},\"url\":\"https:\/\/sandzakpress.net\/arhiva\/author\/bosniak\/\"}]}<\/script>\n<!-- \/ Yoast SEO Premium plugin. -->","yoast_head_json":{"title":"Amfilohije: EU nam dala vize za bircuze","robots":{"index":"index","follow":"follow","max-snippet":"max-snippet:-1","max-image-preview":"max-image-preview:large","max-video-preview":"max-video-preview:-1"},"canonical":"https:\/\/sandzakpress.net\/arhiva\/amfilohije-eu-nam-dala-vize-za-bircuze\/","og_locale":"bs_BA","og_type":"article","og_title":"Amfilohije: EU nam dala vize za bircuze","og_description":"Mitropolit crnogorsko-primorski i \u010duvar trona Srpske pravoslavne crkve (SPC) Amfilohije Radovi\u0107 rekao je u srijedu uve\u010der da ga je &#8220;pomalo stid&#8221; od stava Evrope &#8211; kao da se &#8220;smilovala da nam da vize, kako bismo mogli da \u0161etamo po evropskim bircuzima&#8221;. On je ocijenio u Zadu\u017ebini Ilije Kolarca na tribini o ulozi SPC u Srbiji [&hellip;]","og_url":"https:\/\/sandzakpress.net\/arhiva\/amfilohije-eu-nam-dala-vize-za-bircuze\/","og_site_name":"Sand\u017eak PRESS","article_published_time":"2009-12-27T22:47:42+00:00","og_image":[{"width":400,"height":300,"url":"https:\/\/sandzakpress.net\/arhiva\/wp-content\/uploads\/2009\/12\/y185043750823073.jpg","type":"image\/jpeg"}],"author":"bosniak","twitter_card":"summary_large_image","twitter_misc":{"Written by":"bosniak","Est. reading time":"2 minute"},"schema":{"@context":"https:\/\/schema.org","@graph":[{"@type":"Article","@id":"https:\/\/sandzakpress.net\/arhiva\/amfilohije-eu-nam-dala-vize-za-bircuze\/#article","isPartOf":{"@id":"https:\/\/sandzakpress.net\/arhiva\/amfilohije-eu-nam-dala-vize-za-bircuze\/"},"author":{"name":"bosniak","@id":"https:\/\/sandzakpress.net\/arhiva\/#\/schema\/person\/c8baee722073534b583ea7bdb2e36c02"},"headline":"Amfilohije: EU nam dala vize za bircuze","datePublished":"2009-12-27T22:47:42+00:00","mainEntityOfPage":{"@id":"https:\/\/sandzakpress.net\/arhiva\/amfilohije-eu-nam-dala-vize-za-bircuze\/"},"wordCount":412,"commentCount":2,"publisher":{"@id":"https:\/\/sandzakpress.net\/arhiva\/#\/schema\/person\/6e72b67d6e51910a1117b3b483ba20bd"},"image":{"@id":"https:\/\/sandzakpress.net\/arhiva\/amfilohije-eu-nam-dala-vize-za-bircuze\/#primaryimage"},"thumbnailUrl":"https:\/\/sandzakpress.net\/arhiva\/wp-content\/uploads\/2009\/12\/y185043750823073.jpg","articleSection":["Politika"],"inLanguage":"bs-BA","potentialAction":[{"@type":"CommentAction","name":"Comment","target":["https:\/\/sandzakpress.net\/arhiva\/amfilohije-eu-nam-dala-vize-za-bircuze\/#respond"]}]},{"@type":"WebPage","@id":"https:\/\/sandzakpress.net\/arhiva\/amfilohije-eu-nam-dala-vize-za-bircuze\/","url":"https:\/\/sandzakpress.net\/arhiva\/amfilohije-eu-nam-dala-vize-za-bircuze\/","name":"Amfilohije: EU nam dala vize za bircuze","isPartOf":{"@id":"https:\/\/sandzakpress.net\/arhiva\/#website"},"primaryImageOfPage":{"@id":"https:\/\/sandzakpress.net\/arhiva\/amfilohije-eu-nam-dala-vize-za-bircuze\/#primaryimage"},"image":{"@id":"https:\/\/sandzakpress.net\/arhiva\/amfilohije-eu-nam-dala-vize-za-bircuze\/#primaryimage"},"thumbnailUrl":"https:\/\/sandzakpress.net\/arhiva\/wp-content\/uploads\/2009\/12\/y185043750823073.jpg","datePublished":"2009-12-27T22:47:42+00:00","breadcrumb":{"@id":"https:\/\/sandzakpress.net\/arhiva\/amfilohije-eu-nam-dala-vize-za-bircuze\/#breadcrumb"},"inLanguage":"bs-BA","potentialAction":[{"@type":"ReadAction","target":["https:\/\/sandzakpress.net\/arhiva\/amfilohije-eu-nam-dala-vize-za-bircuze\/"]}]},{"@type":"ImageObject","inLanguage":"bs-BA","@id":"https:\/\/sandzakpress.net\/arhiva\/amfilohije-eu-nam-dala-vize-za-bircuze\/#primaryimage","url":"https:\/\/sandzakpress.net\/arhiva\/wp-content\/uploads\/2009\/12\/y185043750823073.jpg","contentUrl":"https:\/\/sandzakpress.net\/arhiva\/wp-content\/uploads\/2009\/12\/y185043750823073.jpg","width":400,"height":300},{"@type":"BreadcrumbList","@id":"https:\/\/sandzakpress.net\/arhiva\/amfilohije-eu-nam-dala-vize-za-bircuze\/#breadcrumb","itemListElement":[{"@type":"ListItem","position":1,"name":"Home","item":"https:\/\/sandzakpress.net\/arhiva\/"},{"@type":"ListItem","position":2,"name":"Amfilohije: EU nam dala vize za bircuze"}]},{"@type":"WebSite","@id":"https:\/\/sandzakpress.net\/arhiva\/#website","url":"https:\/\/sandzakpress.net\/arhiva\/","name":"Sand\u017eak PRESS","description":"Prve elektronske novine u Sand\u017eaku","publisher":{"@id":"https:\/\/sandzakpress.net\/arhiva\/#\/schema\/person\/6e72b67d6e51910a1117b3b483ba20bd"},"potentialAction":[{"@type":"SearchAction","target":{"@type":"EntryPoint","urlTemplate":"https:\/\/sandzakpress.net\/arhiva\/?s={search_term_string}"},"query-input":{"@type":"PropertyValueSpecification","valueRequired":true,"valueName":"search_term_string"}}],"inLanguage":"bs-BA"},{"@type":["Person","Organization"],"@id":"https:\/\/sandzakpress.net\/arhiva\/#\/schema\/person\/6e72b67d6e51910a1117b3b483ba20bd","name":"Kul","image":{"@type":"ImageObject","inLanguage":"bs-BA","@id":"https:\/\/sandzakpress.net\/arhiva\/#\/schema\/person\/image\/","url":"https:\/\/secure.gravatar.com\/avatar\/42263f39aa27ac04c43cab85c280eb2e?s=96&d=mm&r=pg","contentUrl":"https:\/\/secure.gravatar.com\/avatar\/42263f39aa27ac04c43cab85c280eb2e?s=96&d=mm&r=pg","caption":"Kul"},"logo":{"@id":"https:\/\/sandzakpress.net\/arhiva\/#\/schema\/person\/image\/"}},{"@type":"Person","@id":"https:\/\/sandzakpress.net\/arhiva\/#\/schema\/person\/c8baee722073534b583ea7bdb2e36c02","name":"bosniak","image":{"@type":"ImageObject","inLanguage":"bs-BA","@id":"https:\/\/sandzakpress.net\/arhiva\/#\/schema\/person\/image\/","url":"https:\/\/secure.gravatar.com\/avatar\/a04fd330bfe3a36a72a0ad4a6d89fca7?s=96&d=mm&r=pg","contentUrl":"https:\/\/secure.gravatar.com\/avatar\/a04fd330bfe3a36a72a0ad4a6d89fca7?s=96&d=mm&r=pg","caption":"bosniak"},"url":"https:\/\/sandzakpress.net\/arhiva\/author\/bosniak\/"}]}},"_links":{"self":[{"href":"https:\/\/sandzakpress.net\/arhiva\/wp-json\/wp\/v2\/posts\/645"}],"collection":[{"href":"https:\/\/sandzakpress.net\/arhiva\/wp-json\/wp\/v2\/posts"}],"about":[{"href":"https:\/\/sandzakpress.net\/arhiva\/wp-json\/wp\/v2\/types\/post"}],"author":[{"embeddable":true,"href":"https:\/\/sandzakpress.net\/arhiva\/wp-json\/wp\/v2\/users\/83"}],"replies":[{"embeddable":true,"href":"https:\/\/sandzakpress.net\/arhiva\/wp-json\/wp\/v2\/comments?post=645"}],"version-history":[{"count":0,"href":"https:\/\/sandzakpress.net\/arhiva\/wp-json\/wp\/v2\/posts\/645\/revisions"}],"wp:featuredmedia":[{"embeddable":true,"href":"https:\/\/sandzakpress.net\/arhiva\/wp-json\/wp\/v2\/media\/646"}],"wp:attachment":[{"href":"https:\/\/sandzakpress.net\/arhiva\/wp-json\/wp\/v2\/media?parent=645"}],"wp:term":[{"taxonomy":"category","embeddable":true,"href":"https:\/\/sandzakpress.net\/arhiva\/wp-json\/wp\/v2\/categories?post=645"},{"taxonomy":"post_tag","embeddable":true,"href":"https:\/\/sandzakpress.net\/arhiva\/wp-json\/wp\/v2\/tags?post=645"}],"curies":[{"name":"wp","href":"https:\/\/api.w.org\/{rel}","templated":true}]}}