{"id":64435,"date":"2013-01-30T16:02:34","date_gmt":"2013-01-30T15:02:34","guid":{"rendered":"https:\/\/sandzakpress.net\/arhiva\/?p=64435"},"modified":"2013-01-30T16:02:34","modified_gmt":"2013-01-30T15:02:34","slug":"centralni-mevlud-izbnj-u-hammu","status":"publish","type":"post","link":"https:\/\/sandzakpress.net\/arhiva\/centralni-mevlud-izbnj-u-hammu\/","title":{"rendered":"Centralni mevlud IZBNj u Hammu"},"content":{"rendered":"<div id=\"_mcePaste\"><strong><a href=\"https:\/\/sandzakpress.net\/arhiva\/wp-content\/uploads\/2013\/01\/01hamm-mala.jpg\"><img loading=\"lazy\" decoding=\"async\" class=\"alignleft size-medium wp-image-64436\" title=\"01hamm-mala\" src=\"https:\/\/sandzakpress.net\/arhiva\/wp-content\/uploads\/2013\/01\/01hamm-mala-300x265.jpg\" alt=\"\" width=\"300\" height=\"265\" \/><\/a>Njema\u010dka &#8211; D\u017eemat Hamm u subotu, 26. januara 2013., a 14. rebiul-evvela 1434. hid\u017eretske godine bio je \u00a0centralna ta\u010dka za Islamsku zajednicu Bo\u0161njaka u Njema\u010dkoj.<\/strong><\/div>\n<div><\/div>\n<div>Ovom d\u017eematu, koji iza sebe ima blizu dvije i po decenije vrlo uspje\u0161nog rada i djelovanja ukazana je naro\u010dita \u010dast da se u prostorijama zgrade Mesd\u017eida ovog IKC odr\u017ei zasijedanje Sabora i da se okupom najvi\u0161ih zvani\u010dnika IZ na jedan skroman ali vrlo srda\u010dan i iskren na\u010din u prisustvu doma\u0107ina oda priznanje za minuli rad d\u017eematlijama, rukovodstvu i imamu, \u0161to je u uvodnim rije\u010dima predsjednika Edmina Atlagi\u0107a i istaknuto.<\/div>\n<p style=\"border: 0px; font-family: Arial, Helvetica, sans-serif; font-size: 12px; margin: 0px 0px 10px; outline: 0px; padding: 0px; vertical-align: baseline; color: #333333; line-height: 20px; text-align: justify;\">Kako se datum Sabora na izvjestan na\u010din poklopio sa datumom ro\u0111enja Muhammeda alejhisselam dogovoreno je da se Centralna mevludska sve\u010danost za ovu godinu odr\u017ei u ovom istom d\u017eematu nakon jacijskog namaza. Imam doma\u0107in Ibrahim efendija Ba\u0161i\u0107 poselamio je okupljene d\u017eematlije, uva\u017eene goste \u010dlanove Sabora i posebno kolege imame kojih je u programu u\u010destvovalo 14 iz raznih d\u017eemata od kojih su neki i sa udaljenosti ve\u0107e od petsto kilometara ostali da u\u010de\u0107em svojim uveli\u010daju ovu sve\u010danost.<\/p>\n<p style=\"border: 0px; font-family: Arial, Helvetica, sans-serif; font-size: 12px; margin: 0px 0px 10px; outline: 0px; padding: 0px; vertical-align: baseline; color: #333333; line-height: 20px; text-align: justify;\">Mevludski okup koji je napunio \u0161irok i reprezentativan prostor Mesd\u017eida bio je pod motom: \u201cMuhammed alejhisselam svijetu cijelom \u010dast i dika!\u201d Moto koji ukazuje da smo sljedbenici \u010dovjeka \u010dije je pojavljivanje u historiji i potom njegovo trajanje\u00a0 kroz vjekove \u010dast i dika za svakog \u010dovjeka zdravog razuma i dobrog srca naravno bez obzira bio on musliman ili ne, a za nas i obaveza da ga slijedimo i na njega se ugledamo.<\/p>\n<p style=\"border: 0px; font-family: Arial, Helvetica, sans-serif; font-size: 12px; margin: 0px 0px 10px; outline: 0px; padding: 0px; vertical-align: baseline; color: #333333; line-height: 20px; text-align: justify;\">Kroz vrlo lijep i znala\u010dki osmi\u0161ljen program u trajanju od blizu sat i pol vodio nas je Mehmed efendija Jakubovi\u0107 glavni imam za podru\u010dje NRW. Melodi\u010dni glasovi imama ukomponovani sa u\u010de\u0161\u0107em prisutnih d\u017eematlija \u010dinili su skladan hor u\u010da\u010da salevata i kasida u \u010dast Poslanika a.s. Potom nostalgiju su izazivala u\u010denja mevludi-\u0161erifa koji je dio lijepe tradicije u Bo\u0161njaka i dokaz duboke privr\u017eenosti Allahovom Miljeniku a.s. Ne isti\u010du\u0107i nikoga pojedina\u010dno izvo\u0111a\u010di su sa naro\u010ditim \u017earom izveli Mevlud koji se u srcima prisutnih dojmio veoma ugodnim i toplim.<\/p>\n<p style=\"border: 0px; font-family: Arial, Helvetica, sans-serif; font-size: 12px; margin: 0px 0px 10px; outline: 0px; padding: 0px; vertical-align: baseline; color: #333333; line-height: 20px; text-align: justify;\"><img loading=\"lazy\" decoding=\"async\" class=\" wp-image-3340 alignright\" style=\"margin: 0px 0px 10px 10px; display: inline; padding: 0px; height: auto;\" src=\"http:\/\/igbd.org\/wp-content\/uploads\/2013\/01\/02hamm.jpg\" alt=\"02hamm\" width=\"288\" height=\"193\" \/>Sa kratkim obra\u0107anjem u \u010dast Poslanika a.s. predstavio se nekada\u0161nji imam iz ovoga d\u017eemata Ishak ef. Ale\u0161evi\u0107 dok je pe\u010dat ovoj sve\u010danosti dao aktuelni muftija Pa\u0161o efendija Feti\u0107. Muftija se u svom obra\u0107anju osvrnuo na potrebu bratskog susretanja i dr\u017eanja, istakao va\u017enost sagledavanja historijskog trenutka i na\u0161ih \u0161ansi za o\u010duvanjem u svojoj vjeri i svome bo\u0161nja\u010dkom identitetu. Mustafi ef. Klanco, predhodnom i prvom muftiji u IZBNJ pripala je \u010dast da dovom zavr\u0161i ovu lijepu sve\u010danost.<\/p>\n<p style=\"border: 0px; font-family: Arial, Helvetica, sans-serif; font-size: 12px; margin: 0px 0px 10px; outline: 0px; padding: 0px; vertical-align: baseline; color: #333333; line-height: 20px; text-align: justify;\">U jednom od svojih skora\u0161njih obra\u0107anja Muftija je aktiviste u Islamskoj zajednici podsjetio na uzvi\u0161enost mevludskog trenutka koji bi trebao da u nama izazove skru\u0161enost i ve\u0107e uozbiljenje. To se odista u cjelodnevnom dru\u017eenju kako \u010dlanova Sabora, tako imama me\u0111usobno i prisutnih d\u017eematlija odista i osjetilo. Atmosfera rada, u\u010denja, razgovora, i dru\u017eenja uz sofru ukazivala je na to da su iznad na\u0161ih sukoba u mi\u0161ljenjima i vru\u0107ih diskutovanja na\u0161a me\u0111usobna ljubav i ciljevi kojima te\u017eimo i ve\u0107i i postojaniji, i to nas, na koncu \u010dini sretnim i zadovoljnim.<\/p>\n<p style=\"border: 0px; font-family: Arial, Helvetica, sans-serif; font-size: 12px; margin: 0px 0px 10px; outline: 0px; padding: 0px; vertical-align: baseline; color: #333333; line-height: 20px; text-align: justify;\">\n<p style=\"border: 0px; font-family: Arial, Helvetica, sans-serif; font-size: 12px; margin: 0px 0px 10px; outline: 0px; padding: 0px; vertical-align: baseline; color: #333333; line-height: 20px; text-align: justify;\">(IGBD)<\/p>\n","protected":false},"excerpt":{"rendered":"<p>Njema\u010dka &#8211; D\u017eemat Hamm u subotu, 26. januara 2013., a 14. rebiul-evvela 1434. hid\u017eretske godine bio je \u00a0centralna ta\u010dka za Islamsku zajednicu Bo\u0161njaka u Njema\u010dkoj. Ovom d\u017eematu, koji iza sebe ima blizu dvije i po decenije vrlo uspje\u0161nog rada i djelovanja ukazana je naro\u010dita \u010dast da se u prostorijama zgrade Mesd\u017eida ovog IKC odr\u017ei zasijedanje [&hellip;]<\/p>\n","protected":false},"author":16,"featured_media":64436,"comment_status":"open","ping_status":"open","sticky":false,"template":"","format":"standard","meta":{"footnotes":""},"categories":[9538,802],"tags":[],"class_list":{"0":"post-64435","1":"post","2":"type-post","3":"status-publish","4":"format-standard","5":"has-post-thumbnail","7":"category-njemacka-dijaspora-gradovi-vase-vijesti","8":"category-islamska_zajednica"},"yoast_head":"<!-- This site is optimized with the Yoast SEO Premium plugin v23.1 (Yoast SEO v24.9) - https:\/\/yoast.com\/wordpress\/plugins\/seo\/ -->\n<title>Centralni mevlud IZBNj u Hammu<\/title>\n<meta name=\"robots\" content=\"index, follow, max-snippet:-1, max-image-preview:large, max-video-preview:-1\" \/>\n<link rel=\"canonical\" href=\"https:\/\/sandzakpress.net\/arhiva\/centralni-mevlud-izbnj-u-hammu\/\" \/>\n<meta property=\"og:locale\" content=\"bs_BA\" \/>\n<meta property=\"og:type\" content=\"article\" \/>\n<meta property=\"og:title\" content=\"Centralni mevlud IZBNj u Hammu\" \/>\n<meta property=\"og:description\" content=\"Njema\u010dka &#8211; D\u017eemat Hamm u subotu, 26. januara 2013., a 14. rebiul-evvela 1434. hid\u017eretske godine bio je \u00a0centralna ta\u010dka za Islamsku zajednicu Bo\u0161njaka u Njema\u010dkoj. Ovom d\u017eematu, koji iza sebe ima blizu dvije i po decenije vrlo uspje\u0161nog rada i djelovanja ukazana je naro\u010dita \u010dast da se u prostorijama zgrade Mesd\u017eida ovog IKC odr\u017ei zasijedanje [&hellip;]\" \/>\n<meta property=\"og:url\" content=\"https:\/\/sandzakpress.net\/arhiva\/centralni-mevlud-izbnj-u-hammu\/\" \/>\n<meta property=\"og:site_name\" content=\"Sand\u017eak PRESS\" \/>\n<meta property=\"article:published_time\" content=\"2013-01-30T15:02:34+00:00\" \/>\n<meta property=\"og:image\" content=\"https:\/\/sandzakpress.net\/arhiva\/wp-content\/uploads\/2013\/01\/01hamm-mala.jpg\" \/>\n\t<meta property=\"og:image:width\" content=\"453\" \/>\n\t<meta property=\"og:image:height\" content=\"401\" \/>\n\t<meta property=\"og:image:type\" content=\"image\/jpeg\" \/>\n<meta name=\"twitter:card\" content=\"summary_large_image\" \/>\n<meta name=\"twitter:label1\" content=\"Written by\" \/>\n\t<meta name=\"twitter:data1\" content=\"\" \/>\n\t<meta name=\"twitter:label2\" content=\"Est. reading time\" \/>\n\t<meta name=\"twitter:data2\" content=\"3 minute\" \/>\n<script type=\"application\/ld+json\" class=\"yoast-schema-graph\">{\"@context\":\"https:\/\/schema.org\",\"@graph\":[{\"@type\":\"Article\",\"@id\":\"https:\/\/sandzakpress.net\/arhiva\/centralni-mevlud-izbnj-u-hammu\/#article\",\"isPartOf\":{\"@id\":\"https:\/\/sandzakpress.net\/arhiva\/centralni-mevlud-izbnj-u-hammu\/\"},\"author\":{\"name\":\"\",\"@id\":\"\"},\"headline\":\"Centralni mevlud IZBNj u Hammu\",\"datePublished\":\"2013-01-30T15:02:34+00:00\",\"mainEntityOfPage\":{\"@id\":\"https:\/\/sandzakpress.net\/arhiva\/centralni-mevlud-izbnj-u-hammu\/\"},\"wordCount\":581,\"commentCount\":0,\"publisher\":{\"@id\":\"https:\/\/sandzakpress.net\/arhiva\/#\/schema\/person\/6e72b67d6e51910a1117b3b483ba20bd\"},\"image\":{\"@id\":\"https:\/\/sandzakpress.net\/arhiva\/centralni-mevlud-izbnj-u-hammu\/#primaryimage\"},\"thumbnailUrl\":\"https:\/\/sandzakpress.net\/arhiva\/wp-content\/uploads\/2013\/01\/01hamm-mala.jpg\",\"articleSection\":[\"Njema\u010dka\",\"Islamska zajednica\"],\"inLanguage\":\"bs-BA\",\"potentialAction\":[{\"@type\":\"CommentAction\",\"name\":\"Comment\",\"target\":[\"https:\/\/sandzakpress.net\/arhiva\/centralni-mevlud-izbnj-u-hammu\/#respond\"]}]},{\"@type\":\"WebPage\",\"@id\":\"https:\/\/sandzakpress.net\/arhiva\/centralni-mevlud-izbnj-u-hammu\/\",\"url\":\"https:\/\/sandzakpress.net\/arhiva\/centralni-mevlud-izbnj-u-hammu\/\",\"name\":\"Centralni mevlud IZBNj u Hammu\",\"isPartOf\":{\"@id\":\"https:\/\/sandzakpress.net\/arhiva\/#website\"},\"primaryImageOfPage\":{\"@id\":\"https:\/\/sandzakpress.net\/arhiva\/centralni-mevlud-izbnj-u-hammu\/#primaryimage\"},\"image\":{\"@id\":\"https:\/\/sandzakpress.net\/arhiva\/centralni-mevlud-izbnj-u-hammu\/#primaryimage\"},\"thumbnailUrl\":\"https:\/\/sandzakpress.net\/arhiva\/wp-content\/uploads\/2013\/01\/01hamm-mala.jpg\",\"datePublished\":\"2013-01-30T15:02:34+00:00\",\"breadcrumb\":{\"@id\":\"https:\/\/sandzakpress.net\/arhiva\/centralni-mevlud-izbnj-u-hammu\/#breadcrumb\"},\"inLanguage\":\"bs-BA\",\"potentialAction\":[{\"@type\":\"ReadAction\",\"target\":[\"https:\/\/sandzakpress.net\/arhiva\/centralni-mevlud-izbnj-u-hammu\/\"]}]},{\"@type\":\"ImageObject\",\"inLanguage\":\"bs-BA\",\"@id\":\"https:\/\/sandzakpress.net\/arhiva\/centralni-mevlud-izbnj-u-hammu\/#primaryimage\",\"url\":\"https:\/\/sandzakpress.net\/arhiva\/wp-content\/uploads\/2013\/01\/01hamm-mala.jpg\",\"contentUrl\":\"https:\/\/sandzakpress.net\/arhiva\/wp-content\/uploads\/2013\/01\/01hamm-mala.jpg\",\"width\":453,\"height\":401},{\"@type\":\"BreadcrumbList\",\"@id\":\"https:\/\/sandzakpress.net\/arhiva\/centralni-mevlud-izbnj-u-hammu\/#breadcrumb\",\"itemListElement\":[{\"@type\":\"ListItem\",\"position\":1,\"name\":\"Home\",\"item\":\"https:\/\/sandzakpress.net\/arhiva\/\"},{\"@type\":\"ListItem\",\"position\":2,\"name\":\"Centralni mevlud IZBNj u Hammu\"}]},{\"@type\":\"WebSite\",\"@id\":\"https:\/\/sandzakpress.net\/arhiva\/#website\",\"url\":\"https:\/\/sandzakpress.net\/arhiva\/\",\"name\":\"Sand\u017eak PRESS\",\"description\":\"Prve elektronske novine u Sand\u017eaku\",\"publisher\":{\"@id\":\"https:\/\/sandzakpress.net\/arhiva\/#\/schema\/person\/6e72b67d6e51910a1117b3b483ba20bd\"},\"potentialAction\":[{\"@type\":\"SearchAction\",\"target\":{\"@type\":\"EntryPoint\",\"urlTemplate\":\"https:\/\/sandzakpress.net\/arhiva\/?s={search_term_string}\"},\"query-input\":{\"@type\":\"PropertyValueSpecification\",\"valueRequired\":true,\"valueName\":\"search_term_string\"}}],\"inLanguage\":\"bs-BA\"},{\"@type\":[\"Person\",\"Organization\"],\"@id\":\"https:\/\/sandzakpress.net\/arhiva\/#\/schema\/person\/6e72b67d6e51910a1117b3b483ba20bd\",\"name\":\"Kul\",\"image\":{\"@type\":\"ImageObject\",\"inLanguage\":\"bs-BA\",\"@id\":\"https:\/\/sandzakpress.net\/arhiva\/#\/schema\/person\/image\/\",\"url\":\"https:\/\/secure.gravatar.com\/avatar\/42263f39aa27ac04c43cab85c280eb2e?s=96&d=mm&r=pg\",\"contentUrl\":\"https:\/\/secure.gravatar.com\/avatar\/42263f39aa27ac04c43cab85c280eb2e?s=96&d=mm&r=pg\",\"caption\":\"Kul\"},\"logo\":{\"@id\":\"https:\/\/sandzakpress.net\/arhiva\/#\/schema\/person\/image\/\"}},{\"@type\":\"Person\",\"@id\":\"\",\"url\":\"https:\/\/sandzakpress.net\/arhiva\/author\/\"}]}<\/script>\n<!-- \/ Yoast SEO Premium plugin. -->","yoast_head_json":{"title":"Centralni mevlud IZBNj u Hammu","robots":{"index":"index","follow":"follow","max-snippet":"max-snippet:-1","max-image-preview":"max-image-preview:large","max-video-preview":"max-video-preview:-1"},"canonical":"https:\/\/sandzakpress.net\/arhiva\/centralni-mevlud-izbnj-u-hammu\/","og_locale":"bs_BA","og_type":"article","og_title":"Centralni mevlud IZBNj u Hammu","og_description":"Njema\u010dka &#8211; D\u017eemat Hamm u subotu, 26. januara 2013., a 14. rebiul-evvela 1434. hid\u017eretske godine bio je \u00a0centralna ta\u010dka za Islamsku zajednicu Bo\u0161njaka u Njema\u010dkoj. Ovom d\u017eematu, koji iza sebe ima blizu dvije i po decenije vrlo uspje\u0161nog rada i djelovanja ukazana je naro\u010dita \u010dast da se u prostorijama zgrade Mesd\u017eida ovog IKC odr\u017ei zasijedanje [&hellip;]","og_url":"https:\/\/sandzakpress.net\/arhiva\/centralni-mevlud-izbnj-u-hammu\/","og_site_name":"Sand\u017eak PRESS","article_published_time":"2013-01-30T15:02:34+00:00","og_image":[{"width":453,"height":401,"url":"https:\/\/sandzakpress.net\/arhiva\/wp-content\/uploads\/2013\/01\/01hamm-mala.jpg","type":"image\/jpeg"}],"twitter_card":"summary_large_image","twitter_misc":{"Written by":"","Est. reading time":"3 minute"},"schema":{"@context":"https:\/\/schema.org","@graph":[{"@type":"Article","@id":"https:\/\/sandzakpress.net\/arhiva\/centralni-mevlud-izbnj-u-hammu\/#article","isPartOf":{"@id":"https:\/\/sandzakpress.net\/arhiva\/centralni-mevlud-izbnj-u-hammu\/"},"author":{"name":"","@id":""},"headline":"Centralni mevlud IZBNj u Hammu","datePublished":"2013-01-30T15:02:34+00:00","mainEntityOfPage":{"@id":"https:\/\/sandzakpress.net\/arhiva\/centralni-mevlud-izbnj-u-hammu\/"},"wordCount":581,"commentCount":0,"publisher":{"@id":"https:\/\/sandzakpress.net\/arhiva\/#\/schema\/person\/6e72b67d6e51910a1117b3b483ba20bd"},"image":{"@id":"https:\/\/sandzakpress.net\/arhiva\/centralni-mevlud-izbnj-u-hammu\/#primaryimage"},"thumbnailUrl":"https:\/\/sandzakpress.net\/arhiva\/wp-content\/uploads\/2013\/01\/01hamm-mala.jpg","articleSection":["Njema\u010dka","Islamska zajednica"],"inLanguage":"bs-BA","potentialAction":[{"@type":"CommentAction","name":"Comment","target":["https:\/\/sandzakpress.net\/arhiva\/centralni-mevlud-izbnj-u-hammu\/#respond"]}]},{"@type":"WebPage","@id":"https:\/\/sandzakpress.net\/arhiva\/centralni-mevlud-izbnj-u-hammu\/","url":"https:\/\/sandzakpress.net\/arhiva\/centralni-mevlud-izbnj-u-hammu\/","name":"Centralni mevlud IZBNj u Hammu","isPartOf":{"@id":"https:\/\/sandzakpress.net\/arhiva\/#website"},"primaryImageOfPage":{"@id":"https:\/\/sandzakpress.net\/arhiva\/centralni-mevlud-izbnj-u-hammu\/#primaryimage"},"image":{"@id":"https:\/\/sandzakpress.net\/arhiva\/centralni-mevlud-izbnj-u-hammu\/#primaryimage"},"thumbnailUrl":"https:\/\/sandzakpress.net\/arhiva\/wp-content\/uploads\/2013\/01\/01hamm-mala.jpg","datePublished":"2013-01-30T15:02:34+00:00","breadcrumb":{"@id":"https:\/\/sandzakpress.net\/arhiva\/centralni-mevlud-izbnj-u-hammu\/#breadcrumb"},"inLanguage":"bs-BA","potentialAction":[{"@type":"ReadAction","target":["https:\/\/sandzakpress.net\/arhiva\/centralni-mevlud-izbnj-u-hammu\/"]}]},{"@type":"ImageObject","inLanguage":"bs-BA","@id":"https:\/\/sandzakpress.net\/arhiva\/centralni-mevlud-izbnj-u-hammu\/#primaryimage","url":"https:\/\/sandzakpress.net\/arhiva\/wp-content\/uploads\/2013\/01\/01hamm-mala.jpg","contentUrl":"https:\/\/sandzakpress.net\/arhiva\/wp-content\/uploads\/2013\/01\/01hamm-mala.jpg","width":453,"height":401},{"@type":"BreadcrumbList","@id":"https:\/\/sandzakpress.net\/arhiva\/centralni-mevlud-izbnj-u-hammu\/#breadcrumb","itemListElement":[{"@type":"ListItem","position":1,"name":"Home","item":"https:\/\/sandzakpress.net\/arhiva\/"},{"@type":"ListItem","position":2,"name":"Centralni mevlud IZBNj u Hammu"}]},{"@type":"WebSite","@id":"https:\/\/sandzakpress.net\/arhiva\/#website","url":"https:\/\/sandzakpress.net\/arhiva\/","name":"Sand\u017eak PRESS","description":"Prve elektronske novine u Sand\u017eaku","publisher":{"@id":"https:\/\/sandzakpress.net\/arhiva\/#\/schema\/person\/6e72b67d6e51910a1117b3b483ba20bd"},"potentialAction":[{"@type":"SearchAction","target":{"@type":"EntryPoint","urlTemplate":"https:\/\/sandzakpress.net\/arhiva\/?s={search_term_string}"},"query-input":{"@type":"PropertyValueSpecification","valueRequired":true,"valueName":"search_term_string"}}],"inLanguage":"bs-BA"},{"@type":["Person","Organization"],"@id":"https:\/\/sandzakpress.net\/arhiva\/#\/schema\/person\/6e72b67d6e51910a1117b3b483ba20bd","name":"Kul","image":{"@type":"ImageObject","inLanguage":"bs-BA","@id":"https:\/\/sandzakpress.net\/arhiva\/#\/schema\/person\/image\/","url":"https:\/\/secure.gravatar.com\/avatar\/42263f39aa27ac04c43cab85c280eb2e?s=96&d=mm&r=pg","contentUrl":"https:\/\/secure.gravatar.com\/avatar\/42263f39aa27ac04c43cab85c280eb2e?s=96&d=mm&r=pg","caption":"Kul"},"logo":{"@id":"https:\/\/sandzakpress.net\/arhiva\/#\/schema\/person\/image\/"}},{"@type":"Person","@id":"","url":"https:\/\/sandzakpress.net\/arhiva\/author\/"}]}},"_links":{"self":[{"href":"https:\/\/sandzakpress.net\/arhiva\/wp-json\/wp\/v2\/posts\/64435"}],"collection":[{"href":"https:\/\/sandzakpress.net\/arhiva\/wp-json\/wp\/v2\/posts"}],"about":[{"href":"https:\/\/sandzakpress.net\/arhiva\/wp-json\/wp\/v2\/types\/post"}],"author":[{"embeddable":true,"href":"https:\/\/sandzakpress.net\/arhiva\/wp-json\/wp\/v2\/users\/16"}],"replies":[{"embeddable":true,"href":"https:\/\/sandzakpress.net\/arhiva\/wp-json\/wp\/v2\/comments?post=64435"}],"version-history":[{"count":0,"href":"https:\/\/sandzakpress.net\/arhiva\/wp-json\/wp\/v2\/posts\/64435\/revisions"}],"wp:featuredmedia":[{"embeddable":true,"href":"https:\/\/sandzakpress.net\/arhiva\/wp-json\/wp\/v2\/media\/64436"}],"wp:attachment":[{"href":"https:\/\/sandzakpress.net\/arhiva\/wp-json\/wp\/v2\/media?parent=64435"}],"wp:term":[{"taxonomy":"category","embeddable":true,"href":"https:\/\/sandzakpress.net\/arhiva\/wp-json\/wp\/v2\/categories?post=64435"},{"taxonomy":"post_tag","embeddable":true,"href":"https:\/\/sandzakpress.net\/arhiva\/wp-json\/wp\/v2\/tags?post=64435"}],"curies":[{"name":"wp","href":"https:\/\/api.w.org\/{rel}","templated":true}]}}