{"id":64402,"date":"2013-01-30T15:31:56","date_gmt":"2013-01-30T14:31:56","guid":{"rendered":"https:\/\/sandzakpress.net\/arhiva\/?p=64402"},"modified":"2013-01-30T15:31:56","modified_gmt":"2013-01-30T14:31:56","slug":"mukovic-predsjednik-poslanicke-grupe-prijateljstva-sa-bih","status":"publish","type":"post","link":"https:\/\/sandzakpress.net\/arhiva\/mukovic-predsjednik-poslanicke-grupe-prijateljstva-sa-bih\/","title":{"rendered":"Mukovi\u0107 predsjednik Poslani\u010dke grupe prijateljstva sa BiH"},"content":{"rendered":"<p><strong><a href=\"https:\/\/sandzakpress.net\/arhiva\/wp-content\/uploads\/2013\/01\/a734cedca0e6708d3dc14224a8530be6_M.jpg\"><img loading=\"lazy\" decoding=\"async\" class=\"alignleft size-medium wp-image-64403\" title=\"a734cedca0e6708d3dc14224a8530be6_M\" src=\"https:\/\/sandzakpress.net\/arhiva\/wp-content\/uploads\/2013\/01\/a734cedca0e6708d3dc14224a8530be6_M-300x237.jpg\" alt=\"\" width=\"300\" height=\"237\" \/><\/a>Tutin &#8211; Narodni poslanik u Skup\u0161tini Srbije i predsjednik Bo\u0161nja\u010dke narodne stranke (BNS) Mujo Mukovi\u0107 izabran je za predsjednika Poslani\u010dke grupe prijateljstva sa Bosnom i Hercegovinom, saop\u0161tila je danas ta stranka.<br \/>\n<\/strong><br \/>\n\u2019\u2019Ovo je veliko priznanje BNS i predsedniku, ali i obaveza da svojim aktivnostima doprinesemo parlamentarnoj saradnji, unapre\u0111enju odnosa Srbije i BiH i stabilizaciji u regionu\u2019\u2019, navodi se u saop\u0161tenju Bo\u0161nja\u010dke narodne stranke.<\/p>\n<p>Poslani\u010dke grupe prijateljstva su skup\u0161tinska tela koja se obrazuju sa ciljem unapre\u0111enja odnosa i saradnje Srbije sa drugim dr\u017eavama, a prva sednica Poslani\u010dke grupe prijateljstva sa BiH bi\u0107e odr\u017eana naredne nedelje.<\/p>\n<p>(RadioStoPlus)<\/p>\n","protected":false},"excerpt":{"rendered":"<p>Tutin &#8211; Narodni poslanik u Skup\u0161tini Srbije i predsjednik Bo\u0161nja\u010dke narodne stranke (BNS) Mujo Mukovi\u0107 izabran je za predsjednika Poslani\u010dke grupe prijateljstva sa Bosnom i Hercegovinom, saop\u0161tila je danas ta stranka. \u2019\u2019Ovo je veliko priznanje BNS i predsedniku, ali i obaveza da svojim aktivnostima doprinesemo parlamentarnoj saradnji, unapre\u0111enju odnosa Srbije i BiH i stabilizaciji u [&hellip;]<\/p>\n","protected":false},"author":16,"featured_media":64403,"comment_status":"open","ping_status":"open","sticky":false,"template":"","format":"standard","meta":{"footnotes":""},"categories":[1,327],"tags":[],"class_list":{"0":"post-64402","1":"post","2":"type-post","3":"status-publish","4":"format-standard","5":"has-post-thumbnail","7":"category-politika","8":"category-tutin"},"yoast_head":"<!-- This site is optimized with the Yoast SEO Premium plugin v23.1 (Yoast SEO v24.9) - https:\/\/yoast.com\/wordpress\/plugins\/seo\/ -->\n<title>Mukovi\u0107 predsjednik Poslani\u010dke grupe prijateljstva sa BiH<\/title>\n<meta name=\"robots\" content=\"index, follow, max-snippet:-1, max-image-preview:large, max-video-preview:-1\" \/>\n<link rel=\"canonical\" href=\"https:\/\/sandzakpress.net\/arhiva\/mukovic-predsjednik-poslanicke-grupe-prijateljstva-sa-bih\/\" \/>\n<meta property=\"og:locale\" content=\"bs_BA\" \/>\n<meta property=\"og:type\" content=\"article\" \/>\n<meta property=\"og:title\" content=\"Mukovi\u0107 predsjednik Poslani\u010dke grupe prijateljstva sa BiH\" \/>\n<meta property=\"og:description\" content=\"Tutin &#8211; Narodni poslanik u Skup\u0161tini Srbije i predsjednik Bo\u0161nja\u010dke narodne stranke (BNS) Mujo Mukovi\u0107 izabran je za predsjednika Poslani\u010dke grupe prijateljstva sa Bosnom i Hercegovinom, saop\u0161tila je danas ta stranka. \u2019\u2019Ovo je veliko priznanje BNS i predsedniku, ali i obaveza da svojim aktivnostima doprinesemo parlamentarnoj saradnji, unapre\u0111enju odnosa Srbije i BiH i stabilizaciji u [&hellip;]\" \/>\n<meta property=\"og:url\" content=\"https:\/\/sandzakpress.net\/arhiva\/mukovic-predsjednik-poslanicke-grupe-prijateljstva-sa-bih\/\" \/>\n<meta property=\"og:site_name\" content=\"Sand\u017eak PRESS\" \/>\n<meta property=\"article:published_time\" content=\"2013-01-30T14:31:56+00:00\" \/>\n<meta property=\"og:image\" content=\"https:\/\/sandzakpress.net\/arhiva\/wp-content\/uploads\/2013\/01\/a734cedca0e6708d3dc14224a8530be6_M.jpg\" \/>\n\t<meta property=\"og:image:width\" content=\"310\" \/>\n\t<meta property=\"og:image:height\" content=\"245\" \/>\n\t<meta property=\"og:image:type\" content=\"image\/jpeg\" \/>\n<meta name=\"twitter:card\" content=\"summary_large_image\" \/>\n<meta name=\"twitter:label1\" content=\"Written by\" \/>\n\t<meta name=\"twitter:data1\" content=\"\" \/>\n\t<meta name=\"twitter:label2\" content=\"Est. reading time\" \/>\n\t<meta name=\"twitter:data2\" content=\"1 minuta\" \/>\n<script type=\"application\/ld+json\" class=\"yoast-schema-graph\">{\"@context\":\"https:\/\/schema.org\",\"@graph\":[{\"@type\":\"Article\",\"@id\":\"https:\/\/sandzakpress.net\/arhiva\/mukovic-predsjednik-poslanicke-grupe-prijateljstva-sa-bih\/#article\",\"isPartOf\":{\"@id\":\"https:\/\/sandzakpress.net\/arhiva\/mukovic-predsjednik-poslanicke-grupe-prijateljstva-sa-bih\/\"},\"author\":{\"name\":\"\",\"@id\":\"\"},\"headline\":\"Mukovi\u0107 predsjednik Poslani\u010dke grupe prijateljstva sa BiH\",\"datePublished\":\"2013-01-30T14:31:56+00:00\",\"mainEntityOfPage\":{\"@id\":\"https:\/\/sandzakpress.net\/arhiva\/mukovic-predsjednik-poslanicke-grupe-prijateljstva-sa-bih\/\"},\"wordCount\":119,\"commentCount\":2,\"publisher\":{\"@id\":\"https:\/\/sandzakpress.net\/arhiva\/#\/schema\/person\/6e72b67d6e51910a1117b3b483ba20bd\"},\"image\":{\"@id\":\"https:\/\/sandzakpress.net\/arhiva\/mukovic-predsjednik-poslanicke-grupe-prijateljstva-sa-bih\/#primaryimage\"},\"thumbnailUrl\":\"https:\/\/sandzakpress.net\/arhiva\/wp-content\/uploads\/2013\/01\/a734cedca0e6708d3dc14224a8530be6_M.jpg\",\"articleSection\":[\"Politika\",\"Tutin\"],\"inLanguage\":\"bs-BA\",\"potentialAction\":[{\"@type\":\"CommentAction\",\"name\":\"Comment\",\"target\":[\"https:\/\/sandzakpress.net\/arhiva\/mukovic-predsjednik-poslanicke-grupe-prijateljstva-sa-bih\/#respond\"]}]},{\"@type\":\"WebPage\",\"@id\":\"https:\/\/sandzakpress.net\/arhiva\/mukovic-predsjednik-poslanicke-grupe-prijateljstva-sa-bih\/\",\"url\":\"https:\/\/sandzakpress.net\/arhiva\/mukovic-predsjednik-poslanicke-grupe-prijateljstva-sa-bih\/\",\"name\":\"Mukovi\u0107 predsjednik Poslani\u010dke grupe prijateljstva sa BiH\",\"isPartOf\":{\"@id\":\"https:\/\/sandzakpress.net\/arhiva\/#website\"},\"primaryImageOfPage\":{\"@id\":\"https:\/\/sandzakpress.net\/arhiva\/mukovic-predsjednik-poslanicke-grupe-prijateljstva-sa-bih\/#primaryimage\"},\"image\":{\"@id\":\"https:\/\/sandzakpress.net\/arhiva\/mukovic-predsjednik-poslanicke-grupe-prijateljstva-sa-bih\/#primaryimage\"},\"thumbnailUrl\":\"https:\/\/sandzakpress.net\/arhiva\/wp-content\/uploads\/2013\/01\/a734cedca0e6708d3dc14224a8530be6_M.jpg\",\"datePublished\":\"2013-01-30T14:31:56+00:00\",\"breadcrumb\":{\"@id\":\"https:\/\/sandzakpress.net\/arhiva\/mukovic-predsjednik-poslanicke-grupe-prijateljstva-sa-bih\/#breadcrumb\"},\"inLanguage\":\"bs-BA\",\"potentialAction\":[{\"@type\":\"ReadAction\",\"target\":[\"https:\/\/sandzakpress.net\/arhiva\/mukovic-predsjednik-poslanicke-grupe-prijateljstva-sa-bih\/\"]}]},{\"@type\":\"ImageObject\",\"inLanguage\":\"bs-BA\",\"@id\":\"https:\/\/sandzakpress.net\/arhiva\/mukovic-predsjednik-poslanicke-grupe-prijateljstva-sa-bih\/#primaryimage\",\"url\":\"https:\/\/sandzakpress.net\/arhiva\/wp-content\/uploads\/2013\/01\/a734cedca0e6708d3dc14224a8530be6_M.jpg\",\"contentUrl\":\"https:\/\/sandzakpress.net\/arhiva\/wp-content\/uploads\/2013\/01\/a734cedca0e6708d3dc14224a8530be6_M.jpg\",\"width\":310,\"height\":245},{\"@type\":\"BreadcrumbList\",\"@id\":\"https:\/\/sandzakpress.net\/arhiva\/mukovic-predsjednik-poslanicke-grupe-prijateljstva-sa-bih\/#breadcrumb\",\"itemListElement\":[{\"@type\":\"ListItem\",\"position\":1,\"name\":\"Home\",\"item\":\"https:\/\/sandzakpress.net\/arhiva\/\"},{\"@type\":\"ListItem\",\"position\":2,\"name\":\"Mukovi\u0107 predsjednik Poslani\u010dke grupe prijateljstva sa BiH\"}]},{\"@type\":\"WebSite\",\"@id\":\"https:\/\/sandzakpress.net\/arhiva\/#website\",\"url\":\"https:\/\/sandzakpress.net\/arhiva\/\",\"name\":\"Sand\u017eak PRESS\",\"description\":\"Prve elektronske novine u Sand\u017eaku\",\"publisher\":{\"@id\":\"https:\/\/sandzakpress.net\/arhiva\/#\/schema\/person\/6e72b67d6e51910a1117b3b483ba20bd\"},\"potentialAction\":[{\"@type\":\"SearchAction\",\"target\":{\"@type\":\"EntryPoint\",\"urlTemplate\":\"https:\/\/sandzakpress.net\/arhiva\/?s={search_term_string}\"},\"query-input\":{\"@type\":\"PropertyValueSpecification\",\"valueRequired\":true,\"valueName\":\"search_term_string\"}}],\"inLanguage\":\"bs-BA\"},{\"@type\":[\"Person\",\"Organization\"],\"@id\":\"https:\/\/sandzakpress.net\/arhiva\/#\/schema\/person\/6e72b67d6e51910a1117b3b483ba20bd\",\"name\":\"Kul\",\"image\":{\"@type\":\"ImageObject\",\"inLanguage\":\"bs-BA\",\"@id\":\"https:\/\/sandzakpress.net\/arhiva\/#\/schema\/person\/image\/\",\"url\":\"https:\/\/secure.gravatar.com\/avatar\/42263f39aa27ac04c43cab85c280eb2e?s=96&d=mm&r=pg\",\"contentUrl\":\"https:\/\/secure.gravatar.com\/avatar\/42263f39aa27ac04c43cab85c280eb2e?s=96&d=mm&r=pg\",\"caption\":\"Kul\"},\"logo\":{\"@id\":\"https:\/\/sandzakpress.net\/arhiva\/#\/schema\/person\/image\/\"}},{\"@type\":\"Person\",\"@id\":\"\",\"url\":\"https:\/\/sandzakpress.net\/arhiva\/author\/\"}]}<\/script>\n<!-- \/ Yoast SEO Premium plugin. -->","yoast_head_json":{"title":"Mukovi\u0107 predsjednik Poslani\u010dke grupe prijateljstva sa BiH","robots":{"index":"index","follow":"follow","max-snippet":"max-snippet:-1","max-image-preview":"max-image-preview:large","max-video-preview":"max-video-preview:-1"},"canonical":"https:\/\/sandzakpress.net\/arhiva\/mukovic-predsjednik-poslanicke-grupe-prijateljstva-sa-bih\/","og_locale":"bs_BA","og_type":"article","og_title":"Mukovi\u0107 predsjednik Poslani\u010dke grupe prijateljstva sa BiH","og_description":"Tutin &#8211; Narodni poslanik u Skup\u0161tini Srbije i predsjednik Bo\u0161nja\u010dke narodne stranke (BNS) Mujo Mukovi\u0107 izabran je za predsjednika Poslani\u010dke grupe prijateljstva sa Bosnom i Hercegovinom, saop\u0161tila je danas ta stranka. \u2019\u2019Ovo je veliko priznanje BNS i predsedniku, ali i obaveza da svojim aktivnostima doprinesemo parlamentarnoj saradnji, unapre\u0111enju odnosa Srbije i BiH i stabilizaciji u [&hellip;]","og_url":"https:\/\/sandzakpress.net\/arhiva\/mukovic-predsjednik-poslanicke-grupe-prijateljstva-sa-bih\/","og_site_name":"Sand\u017eak PRESS","article_published_time":"2013-01-30T14:31:56+00:00","og_image":[{"width":310,"height":245,"url":"https:\/\/sandzakpress.net\/arhiva\/wp-content\/uploads\/2013\/01\/a734cedca0e6708d3dc14224a8530be6_M.jpg","type":"image\/jpeg"}],"twitter_card":"summary_large_image","twitter_misc":{"Written by":"","Est. reading time":"1 minuta"},"schema":{"@context":"https:\/\/schema.org","@graph":[{"@type":"Article","@id":"https:\/\/sandzakpress.net\/arhiva\/mukovic-predsjednik-poslanicke-grupe-prijateljstva-sa-bih\/#article","isPartOf":{"@id":"https:\/\/sandzakpress.net\/arhiva\/mukovic-predsjednik-poslanicke-grupe-prijateljstva-sa-bih\/"},"author":{"name":"","@id":""},"headline":"Mukovi\u0107 predsjednik Poslani\u010dke grupe prijateljstva sa BiH","datePublished":"2013-01-30T14:31:56+00:00","mainEntityOfPage":{"@id":"https:\/\/sandzakpress.net\/arhiva\/mukovic-predsjednik-poslanicke-grupe-prijateljstva-sa-bih\/"},"wordCount":119,"commentCount":2,"publisher":{"@id":"https:\/\/sandzakpress.net\/arhiva\/#\/schema\/person\/6e72b67d6e51910a1117b3b483ba20bd"},"image":{"@id":"https:\/\/sandzakpress.net\/arhiva\/mukovic-predsjednik-poslanicke-grupe-prijateljstva-sa-bih\/#primaryimage"},"thumbnailUrl":"https:\/\/sandzakpress.net\/arhiva\/wp-content\/uploads\/2013\/01\/a734cedca0e6708d3dc14224a8530be6_M.jpg","articleSection":["Politika","Tutin"],"inLanguage":"bs-BA","potentialAction":[{"@type":"CommentAction","name":"Comment","target":["https:\/\/sandzakpress.net\/arhiva\/mukovic-predsjednik-poslanicke-grupe-prijateljstva-sa-bih\/#respond"]}]},{"@type":"WebPage","@id":"https:\/\/sandzakpress.net\/arhiva\/mukovic-predsjednik-poslanicke-grupe-prijateljstva-sa-bih\/","url":"https:\/\/sandzakpress.net\/arhiva\/mukovic-predsjednik-poslanicke-grupe-prijateljstva-sa-bih\/","name":"Mukovi\u0107 predsjednik Poslani\u010dke grupe prijateljstva sa BiH","isPartOf":{"@id":"https:\/\/sandzakpress.net\/arhiva\/#website"},"primaryImageOfPage":{"@id":"https:\/\/sandzakpress.net\/arhiva\/mukovic-predsjednik-poslanicke-grupe-prijateljstva-sa-bih\/#primaryimage"},"image":{"@id":"https:\/\/sandzakpress.net\/arhiva\/mukovic-predsjednik-poslanicke-grupe-prijateljstva-sa-bih\/#primaryimage"},"thumbnailUrl":"https:\/\/sandzakpress.net\/arhiva\/wp-content\/uploads\/2013\/01\/a734cedca0e6708d3dc14224a8530be6_M.jpg","datePublished":"2013-01-30T14:31:56+00:00","breadcrumb":{"@id":"https:\/\/sandzakpress.net\/arhiva\/mukovic-predsjednik-poslanicke-grupe-prijateljstva-sa-bih\/#breadcrumb"},"inLanguage":"bs-BA","potentialAction":[{"@type":"ReadAction","target":["https:\/\/sandzakpress.net\/arhiva\/mukovic-predsjednik-poslanicke-grupe-prijateljstva-sa-bih\/"]}]},{"@type":"ImageObject","inLanguage":"bs-BA","@id":"https:\/\/sandzakpress.net\/arhiva\/mukovic-predsjednik-poslanicke-grupe-prijateljstva-sa-bih\/#primaryimage","url":"https:\/\/sandzakpress.net\/arhiva\/wp-content\/uploads\/2013\/01\/a734cedca0e6708d3dc14224a8530be6_M.jpg","contentUrl":"https:\/\/sandzakpress.net\/arhiva\/wp-content\/uploads\/2013\/01\/a734cedca0e6708d3dc14224a8530be6_M.jpg","width":310,"height":245},{"@type":"BreadcrumbList","@id":"https:\/\/sandzakpress.net\/arhiva\/mukovic-predsjednik-poslanicke-grupe-prijateljstva-sa-bih\/#breadcrumb","itemListElement":[{"@type":"ListItem","position":1,"name":"Home","item":"https:\/\/sandzakpress.net\/arhiva\/"},{"@type":"ListItem","position":2,"name":"Mukovi\u0107 predsjednik Poslani\u010dke grupe prijateljstva sa BiH"}]},{"@type":"WebSite","@id":"https:\/\/sandzakpress.net\/arhiva\/#website","url":"https:\/\/sandzakpress.net\/arhiva\/","name":"Sand\u017eak PRESS","description":"Prve elektronske novine u Sand\u017eaku","publisher":{"@id":"https:\/\/sandzakpress.net\/arhiva\/#\/schema\/person\/6e72b67d6e51910a1117b3b483ba20bd"},"potentialAction":[{"@type":"SearchAction","target":{"@type":"EntryPoint","urlTemplate":"https:\/\/sandzakpress.net\/arhiva\/?s={search_term_string}"},"query-input":{"@type":"PropertyValueSpecification","valueRequired":true,"valueName":"search_term_string"}}],"inLanguage":"bs-BA"},{"@type":["Person","Organization"],"@id":"https:\/\/sandzakpress.net\/arhiva\/#\/schema\/person\/6e72b67d6e51910a1117b3b483ba20bd","name":"Kul","image":{"@type":"ImageObject","inLanguage":"bs-BA","@id":"https:\/\/sandzakpress.net\/arhiva\/#\/schema\/person\/image\/","url":"https:\/\/secure.gravatar.com\/avatar\/42263f39aa27ac04c43cab85c280eb2e?s=96&d=mm&r=pg","contentUrl":"https:\/\/secure.gravatar.com\/avatar\/42263f39aa27ac04c43cab85c280eb2e?s=96&d=mm&r=pg","caption":"Kul"},"logo":{"@id":"https:\/\/sandzakpress.net\/arhiva\/#\/schema\/person\/image\/"}},{"@type":"Person","@id":"","url":"https:\/\/sandzakpress.net\/arhiva\/author\/"}]}},"_links":{"self":[{"href":"https:\/\/sandzakpress.net\/arhiva\/wp-json\/wp\/v2\/posts\/64402"}],"collection":[{"href":"https:\/\/sandzakpress.net\/arhiva\/wp-json\/wp\/v2\/posts"}],"about":[{"href":"https:\/\/sandzakpress.net\/arhiva\/wp-json\/wp\/v2\/types\/post"}],"author":[{"embeddable":true,"href":"https:\/\/sandzakpress.net\/arhiva\/wp-json\/wp\/v2\/users\/16"}],"replies":[{"embeddable":true,"href":"https:\/\/sandzakpress.net\/arhiva\/wp-json\/wp\/v2\/comments?post=64402"}],"version-history":[{"count":0,"href":"https:\/\/sandzakpress.net\/arhiva\/wp-json\/wp\/v2\/posts\/64402\/revisions"}],"wp:featuredmedia":[{"embeddable":true,"href":"https:\/\/sandzakpress.net\/arhiva\/wp-json\/wp\/v2\/media\/64403"}],"wp:attachment":[{"href":"https:\/\/sandzakpress.net\/arhiva\/wp-json\/wp\/v2\/media?parent=64402"}],"wp:term":[{"taxonomy":"category","embeddable":true,"href":"https:\/\/sandzakpress.net\/arhiva\/wp-json\/wp\/v2\/categories?post=64402"},{"taxonomy":"post_tag","embeddable":true,"href":"https:\/\/sandzakpress.net\/arhiva\/wp-json\/wp\/v2\/tags?post=64402"}],"curies":[{"name":"wp","href":"https:\/\/api.w.org\/{rel}","templated":true}]}}