{"id":64340,"date":"2013-01-29T19:47:39","date_gmt":"2013-01-29T18:47:39","guid":{"rendered":"https:\/\/sandzakpress.net\/arhiva\/?p=64340"},"modified":"2013-01-29T19:47:39","modified_gmt":"2013-01-29T18:47:39","slug":"francuska-protjeruje-nepozeljne-imame","status":"publish","type":"post","link":"https:\/\/sandzakpress.net\/arhiva\/francuska-protjeruje-nepozeljne-imame\/","title":{"rendered":"Francuska protjeruje nepo\u017eeljne imame"},"content":{"rendered":"<div>\n<div><strong><a href=\"https:\/\/sandzakpress.net\/arhiva\/wp-content\/uploads\/2013\/01\/copyright_aabadoluajansi_2013_20130129184722.jpg\"><img loading=\"lazy\" decoding=\"async\" class=\"alignleft size-medium wp-image-64341\" title=\"copyright_aabadoluajansi_2013_20130129184722\" src=\"https:\/\/sandzakpress.net\/arhiva\/wp-content\/uploads\/2013\/01\/copyright_aabadoluajansi_2013_20130129184722-300x208.jpg\" alt=\"\" width=\"300\" height=\"208\" \/><\/a>Francuska &#8211; Pojedini strani imami uskoro \u0107e biti deportirani iz zemlje zato \u0161to dr\u017ee vjerska predavanja i hutbe koje nisu u skladu sa na\u0161im vrijednostima, Valls<\/strong><\/div>\n<\/div>\n<div id=\"news-maincontent\">\n<div>Ministar unutra\u0161njih poslova Francuske Manuel Valls izjavio je na me\u0111unarodnoj konferenciji u Bruxellesu da \u0107e radikalni strani imami, \u010diji rad izbliza prate sigurnosne slu\u017ebe te zemlje, u narednim danima biti deportirani van Francuske, javlja dopisnik agencije Anadolija (AA).<\/div>\n<p>\u201cPojedini strani imami uskoro \u0107e biti deportirani iz zemlje zato \u0161to dr\u017ee vjerska predavanja i hutbe koje nisu u skladu sa na\u0161im vrijednostima\u201d, kazao je Valls.<br \/>\nIstakao je da \u0107e\u00a0francuska vlada u okviru opse\u017ene borbe protiv ekstremizma uskoro izvr\u0161iti deportaciju pojedinih imama za koje je Ministarstvo unutra\u0161njih poslova Francuske utvrdilo da su, navodno, radikalni.<br \/>\nMe\u0111utim, istakao je da se francuske vlasti najvi\u0161e protive muslimanima koji podr\u017eavaju selefijsko u\u010denje.<br \/>\n\u201cJa ne \u017eelim da mije\u0161am radikalni islam i islam koji se prakticira u Francuskoj. Me\u0111utim, u politi\u010dkom \u017eivotu postoje skupine koje podr\u017eavaju selefizam. Ovi \u017eele biti aktivni u \u0161kolama i u raznim udru\u017eenjima. Tako\u0111er, oni \u017eele kontrolirati paona\u0161anje unutar porodica\u201d, kazao je Valls, prenosi dopisnik AA.<\/p>\n<p>(Agencija Anadolija)<\/p>\n<\/div>\n","protected":false},"excerpt":{"rendered":"<p>Francuska &#8211; Pojedini strani imami uskoro \u0107e biti deportirani iz zemlje zato \u0161to dr\u017ee vjerska predavanja i hutbe koje nisu u skladu sa na\u0161im vrijednostima, Valls Ministar unutra\u0161njih poslova Francuske Manuel Valls izjavio je na me\u0111unarodnoj konferenciji u Bruxellesu da \u0107e radikalni strani imami, \u010diji rad izbliza prate sigurnosne slu\u017ebe te zemlje, u narednim danima [&hellip;]<\/p>\n","protected":false},"author":33,"featured_media":64341,"comment_status":"open","ping_status":"open","sticky":false,"template":"","format":"standard","meta":{"footnotes":""},"categories":[9550,9],"tags":[],"class_list":{"0":"post-64340","1":"post","2":"type-post","3":"status-publish","4":"format-standard","5":"has-post-thumbnail","7":"category-francuska-dijaspora-gradovi-vase-vijesti","8":"category-svijet"},"yoast_head":"<!-- This site is optimized with the Yoast SEO Premium plugin v23.1 (Yoast SEO v24.9) - https:\/\/yoast.com\/wordpress\/plugins\/seo\/ -->\n<title>Francuska protjeruje nepo\u017eeljne imame<\/title>\n<meta name=\"robots\" content=\"index, follow, max-snippet:-1, max-image-preview:large, max-video-preview:-1\" \/>\n<link rel=\"canonical\" href=\"https:\/\/sandzakpress.net\/arhiva\/francuska-protjeruje-nepozeljne-imame\/\" \/>\n<meta property=\"og:locale\" content=\"bs_BA\" \/>\n<meta property=\"og:type\" content=\"article\" \/>\n<meta property=\"og:title\" content=\"Francuska protjeruje nepo\u017eeljne imame\" \/>\n<meta property=\"og:description\" content=\"Francuska &#8211; Pojedini strani imami uskoro \u0107e biti deportirani iz zemlje zato \u0161to dr\u017ee vjerska predavanja i hutbe koje nisu u skladu sa na\u0161im vrijednostima, Valls Ministar unutra\u0161njih poslova Francuske Manuel Valls izjavio je na me\u0111unarodnoj konferenciji u Bruxellesu da \u0107e radikalni strani imami, \u010diji rad izbliza prate sigurnosne slu\u017ebe te zemlje, u narednim danima [&hellip;]\" \/>\n<meta property=\"og:url\" content=\"https:\/\/sandzakpress.net\/arhiva\/francuska-protjeruje-nepozeljne-imame\/\" \/>\n<meta property=\"og:site_name\" content=\"Sand\u017eak PRESS\" \/>\n<meta property=\"article:published_time\" content=\"2013-01-29T18:47:39+00:00\" \/>\n<meta property=\"og:image\" content=\"https:\/\/sandzakpress.net\/arhiva\/wp-content\/uploads\/2013\/01\/copyright_aabadoluajansi_2013_20130129184722.jpg\" \/>\n\t<meta property=\"og:image:width\" content=\"609\" \/>\n\t<meta property=\"og:image:height\" content=\"424\" \/>\n\t<meta property=\"og:image:type\" content=\"image\/jpeg\" \/>\n<meta name=\"twitter:card\" content=\"summary_large_image\" \/>\n<meta name=\"twitter:label1\" content=\"Written by\" \/>\n\t<meta name=\"twitter:data1\" content=\"\" \/>\n\t<meta name=\"twitter:label2\" content=\"Est. reading time\" \/>\n\t<meta name=\"twitter:data2\" content=\"1 minuta\" \/>\n<script type=\"application\/ld+json\" class=\"yoast-schema-graph\">{\"@context\":\"https:\/\/schema.org\",\"@graph\":[{\"@type\":\"Article\",\"@id\":\"https:\/\/sandzakpress.net\/arhiva\/francuska-protjeruje-nepozeljne-imame\/#article\",\"isPartOf\":{\"@id\":\"https:\/\/sandzakpress.net\/arhiva\/francuska-protjeruje-nepozeljne-imame\/\"},\"author\":{\"name\":\"\",\"@id\":\"\"},\"headline\":\"Francuska protjeruje nepo\u017eeljne imame\",\"datePublished\":\"2013-01-29T18:47:39+00:00\",\"mainEntityOfPage\":{\"@id\":\"https:\/\/sandzakpress.net\/arhiva\/francuska-protjeruje-nepozeljne-imame\/\"},\"wordCount\":207,\"commentCount\":0,\"publisher\":{\"@id\":\"https:\/\/sandzakpress.net\/arhiva\/#\/schema\/person\/6e72b67d6e51910a1117b3b483ba20bd\"},\"image\":{\"@id\":\"https:\/\/sandzakpress.net\/arhiva\/francuska-protjeruje-nepozeljne-imame\/#primaryimage\"},\"thumbnailUrl\":\"https:\/\/sandzakpress.net\/arhiva\/wp-content\/uploads\/2013\/01\/copyright_aabadoluajansi_2013_20130129184722.jpg\",\"articleSection\":[\"Francuska\",\"Svijet\"],\"inLanguage\":\"bs-BA\",\"potentialAction\":[{\"@type\":\"CommentAction\",\"name\":\"Comment\",\"target\":[\"https:\/\/sandzakpress.net\/arhiva\/francuska-protjeruje-nepozeljne-imame\/#respond\"]}]},{\"@type\":\"WebPage\",\"@id\":\"https:\/\/sandzakpress.net\/arhiva\/francuska-protjeruje-nepozeljne-imame\/\",\"url\":\"https:\/\/sandzakpress.net\/arhiva\/francuska-protjeruje-nepozeljne-imame\/\",\"name\":\"Francuska protjeruje nepo\u017eeljne imame\",\"isPartOf\":{\"@id\":\"https:\/\/sandzakpress.net\/arhiva\/#website\"},\"primaryImageOfPage\":{\"@id\":\"https:\/\/sandzakpress.net\/arhiva\/francuska-protjeruje-nepozeljne-imame\/#primaryimage\"},\"image\":{\"@id\":\"https:\/\/sandzakpress.net\/arhiva\/francuska-protjeruje-nepozeljne-imame\/#primaryimage\"},\"thumbnailUrl\":\"https:\/\/sandzakpress.net\/arhiva\/wp-content\/uploads\/2013\/01\/copyright_aabadoluajansi_2013_20130129184722.jpg\",\"datePublished\":\"2013-01-29T18:47:39+00:00\",\"breadcrumb\":{\"@id\":\"https:\/\/sandzakpress.net\/arhiva\/francuska-protjeruje-nepozeljne-imame\/#breadcrumb\"},\"inLanguage\":\"bs-BA\",\"potentialAction\":[{\"@type\":\"ReadAction\",\"target\":[\"https:\/\/sandzakpress.net\/arhiva\/francuska-protjeruje-nepozeljne-imame\/\"]}]},{\"@type\":\"ImageObject\",\"inLanguage\":\"bs-BA\",\"@id\":\"https:\/\/sandzakpress.net\/arhiva\/francuska-protjeruje-nepozeljne-imame\/#primaryimage\",\"url\":\"https:\/\/sandzakpress.net\/arhiva\/wp-content\/uploads\/2013\/01\/copyright_aabadoluajansi_2013_20130129184722.jpg\",\"contentUrl\":\"https:\/\/sandzakpress.net\/arhiva\/wp-content\/uploads\/2013\/01\/copyright_aabadoluajansi_2013_20130129184722.jpg\",\"width\":609,\"height\":424},{\"@type\":\"BreadcrumbList\",\"@id\":\"https:\/\/sandzakpress.net\/arhiva\/francuska-protjeruje-nepozeljne-imame\/#breadcrumb\",\"itemListElement\":[{\"@type\":\"ListItem\",\"position\":1,\"name\":\"Home\",\"item\":\"https:\/\/sandzakpress.net\/arhiva\/\"},{\"@type\":\"ListItem\",\"position\":2,\"name\":\"Francuska protjeruje nepo\u017eeljne imame\"}]},{\"@type\":\"WebSite\",\"@id\":\"https:\/\/sandzakpress.net\/arhiva\/#website\",\"url\":\"https:\/\/sandzakpress.net\/arhiva\/\",\"name\":\"Sand\u017eak PRESS\",\"description\":\"Prve elektronske novine u Sand\u017eaku\",\"publisher\":{\"@id\":\"https:\/\/sandzakpress.net\/arhiva\/#\/schema\/person\/6e72b67d6e51910a1117b3b483ba20bd\"},\"potentialAction\":[{\"@type\":\"SearchAction\",\"target\":{\"@type\":\"EntryPoint\",\"urlTemplate\":\"https:\/\/sandzakpress.net\/arhiva\/?s={search_term_string}\"},\"query-input\":{\"@type\":\"PropertyValueSpecification\",\"valueRequired\":true,\"valueName\":\"search_term_string\"}}],\"inLanguage\":\"bs-BA\"},{\"@type\":[\"Person\",\"Organization\"],\"@id\":\"https:\/\/sandzakpress.net\/arhiva\/#\/schema\/person\/6e72b67d6e51910a1117b3b483ba20bd\",\"name\":\"Kul\",\"image\":{\"@type\":\"ImageObject\",\"inLanguage\":\"bs-BA\",\"@id\":\"https:\/\/sandzakpress.net\/arhiva\/#\/schema\/person\/image\/\",\"url\":\"https:\/\/secure.gravatar.com\/avatar\/42263f39aa27ac04c43cab85c280eb2e?s=96&d=mm&r=pg\",\"contentUrl\":\"https:\/\/secure.gravatar.com\/avatar\/42263f39aa27ac04c43cab85c280eb2e?s=96&d=mm&r=pg\",\"caption\":\"Kul\"},\"logo\":{\"@id\":\"https:\/\/sandzakpress.net\/arhiva\/#\/schema\/person\/image\/\"}},{\"@type\":\"Person\",\"@id\":\"\",\"url\":\"https:\/\/sandzakpress.net\/arhiva\/author\/\"}]}<\/script>\n<!-- \/ Yoast SEO Premium plugin. -->","yoast_head_json":{"title":"Francuska protjeruje nepo\u017eeljne imame","robots":{"index":"index","follow":"follow","max-snippet":"max-snippet:-1","max-image-preview":"max-image-preview:large","max-video-preview":"max-video-preview:-1"},"canonical":"https:\/\/sandzakpress.net\/arhiva\/francuska-protjeruje-nepozeljne-imame\/","og_locale":"bs_BA","og_type":"article","og_title":"Francuska protjeruje nepo\u017eeljne imame","og_description":"Francuska &#8211; Pojedini strani imami uskoro \u0107e biti deportirani iz zemlje zato \u0161to dr\u017ee vjerska predavanja i hutbe koje nisu u skladu sa na\u0161im vrijednostima, Valls Ministar unutra\u0161njih poslova Francuske Manuel Valls izjavio je na me\u0111unarodnoj konferenciji u Bruxellesu da \u0107e radikalni strani imami, \u010diji rad izbliza prate sigurnosne slu\u017ebe te zemlje, u narednim danima [&hellip;]","og_url":"https:\/\/sandzakpress.net\/arhiva\/francuska-protjeruje-nepozeljne-imame\/","og_site_name":"Sand\u017eak PRESS","article_published_time":"2013-01-29T18:47:39+00:00","og_image":[{"width":609,"height":424,"url":"https:\/\/sandzakpress.net\/arhiva\/wp-content\/uploads\/2013\/01\/copyright_aabadoluajansi_2013_20130129184722.jpg","type":"image\/jpeg"}],"twitter_card":"summary_large_image","twitter_misc":{"Written by":"","Est. reading time":"1 minuta"},"schema":{"@context":"https:\/\/schema.org","@graph":[{"@type":"Article","@id":"https:\/\/sandzakpress.net\/arhiva\/francuska-protjeruje-nepozeljne-imame\/#article","isPartOf":{"@id":"https:\/\/sandzakpress.net\/arhiva\/francuska-protjeruje-nepozeljne-imame\/"},"author":{"name":"","@id":""},"headline":"Francuska protjeruje nepo\u017eeljne imame","datePublished":"2013-01-29T18:47:39+00:00","mainEntityOfPage":{"@id":"https:\/\/sandzakpress.net\/arhiva\/francuska-protjeruje-nepozeljne-imame\/"},"wordCount":207,"commentCount":0,"publisher":{"@id":"https:\/\/sandzakpress.net\/arhiva\/#\/schema\/person\/6e72b67d6e51910a1117b3b483ba20bd"},"image":{"@id":"https:\/\/sandzakpress.net\/arhiva\/francuska-protjeruje-nepozeljne-imame\/#primaryimage"},"thumbnailUrl":"https:\/\/sandzakpress.net\/arhiva\/wp-content\/uploads\/2013\/01\/copyright_aabadoluajansi_2013_20130129184722.jpg","articleSection":["Francuska","Svijet"],"inLanguage":"bs-BA","potentialAction":[{"@type":"CommentAction","name":"Comment","target":["https:\/\/sandzakpress.net\/arhiva\/francuska-protjeruje-nepozeljne-imame\/#respond"]}]},{"@type":"WebPage","@id":"https:\/\/sandzakpress.net\/arhiva\/francuska-protjeruje-nepozeljne-imame\/","url":"https:\/\/sandzakpress.net\/arhiva\/francuska-protjeruje-nepozeljne-imame\/","name":"Francuska protjeruje nepo\u017eeljne imame","isPartOf":{"@id":"https:\/\/sandzakpress.net\/arhiva\/#website"},"primaryImageOfPage":{"@id":"https:\/\/sandzakpress.net\/arhiva\/francuska-protjeruje-nepozeljne-imame\/#primaryimage"},"image":{"@id":"https:\/\/sandzakpress.net\/arhiva\/francuska-protjeruje-nepozeljne-imame\/#primaryimage"},"thumbnailUrl":"https:\/\/sandzakpress.net\/arhiva\/wp-content\/uploads\/2013\/01\/copyright_aabadoluajansi_2013_20130129184722.jpg","datePublished":"2013-01-29T18:47:39+00:00","breadcrumb":{"@id":"https:\/\/sandzakpress.net\/arhiva\/francuska-protjeruje-nepozeljne-imame\/#breadcrumb"},"inLanguage":"bs-BA","potentialAction":[{"@type":"ReadAction","target":["https:\/\/sandzakpress.net\/arhiva\/francuska-protjeruje-nepozeljne-imame\/"]}]},{"@type":"ImageObject","inLanguage":"bs-BA","@id":"https:\/\/sandzakpress.net\/arhiva\/francuska-protjeruje-nepozeljne-imame\/#primaryimage","url":"https:\/\/sandzakpress.net\/arhiva\/wp-content\/uploads\/2013\/01\/copyright_aabadoluajansi_2013_20130129184722.jpg","contentUrl":"https:\/\/sandzakpress.net\/arhiva\/wp-content\/uploads\/2013\/01\/copyright_aabadoluajansi_2013_20130129184722.jpg","width":609,"height":424},{"@type":"BreadcrumbList","@id":"https:\/\/sandzakpress.net\/arhiva\/francuska-protjeruje-nepozeljne-imame\/#breadcrumb","itemListElement":[{"@type":"ListItem","position":1,"name":"Home","item":"https:\/\/sandzakpress.net\/arhiva\/"},{"@type":"ListItem","position":2,"name":"Francuska protjeruje nepo\u017eeljne imame"}]},{"@type":"WebSite","@id":"https:\/\/sandzakpress.net\/arhiva\/#website","url":"https:\/\/sandzakpress.net\/arhiva\/","name":"Sand\u017eak PRESS","description":"Prve elektronske novine u Sand\u017eaku","publisher":{"@id":"https:\/\/sandzakpress.net\/arhiva\/#\/schema\/person\/6e72b67d6e51910a1117b3b483ba20bd"},"potentialAction":[{"@type":"SearchAction","target":{"@type":"EntryPoint","urlTemplate":"https:\/\/sandzakpress.net\/arhiva\/?s={search_term_string}"},"query-input":{"@type":"PropertyValueSpecification","valueRequired":true,"valueName":"search_term_string"}}],"inLanguage":"bs-BA"},{"@type":["Person","Organization"],"@id":"https:\/\/sandzakpress.net\/arhiva\/#\/schema\/person\/6e72b67d6e51910a1117b3b483ba20bd","name":"Kul","image":{"@type":"ImageObject","inLanguage":"bs-BA","@id":"https:\/\/sandzakpress.net\/arhiva\/#\/schema\/person\/image\/","url":"https:\/\/secure.gravatar.com\/avatar\/42263f39aa27ac04c43cab85c280eb2e?s=96&d=mm&r=pg","contentUrl":"https:\/\/secure.gravatar.com\/avatar\/42263f39aa27ac04c43cab85c280eb2e?s=96&d=mm&r=pg","caption":"Kul"},"logo":{"@id":"https:\/\/sandzakpress.net\/arhiva\/#\/schema\/person\/image\/"}},{"@type":"Person","@id":"","url":"https:\/\/sandzakpress.net\/arhiva\/author\/"}]}},"_links":{"self":[{"href":"https:\/\/sandzakpress.net\/arhiva\/wp-json\/wp\/v2\/posts\/64340"}],"collection":[{"href":"https:\/\/sandzakpress.net\/arhiva\/wp-json\/wp\/v2\/posts"}],"about":[{"href":"https:\/\/sandzakpress.net\/arhiva\/wp-json\/wp\/v2\/types\/post"}],"author":[{"embeddable":true,"href":"https:\/\/sandzakpress.net\/arhiva\/wp-json\/wp\/v2\/users\/33"}],"replies":[{"embeddable":true,"href":"https:\/\/sandzakpress.net\/arhiva\/wp-json\/wp\/v2\/comments?post=64340"}],"version-history":[{"count":0,"href":"https:\/\/sandzakpress.net\/arhiva\/wp-json\/wp\/v2\/posts\/64340\/revisions"}],"wp:featuredmedia":[{"embeddable":true,"href":"https:\/\/sandzakpress.net\/arhiva\/wp-json\/wp\/v2\/media\/64341"}],"wp:attachment":[{"href":"https:\/\/sandzakpress.net\/arhiva\/wp-json\/wp\/v2\/media?parent=64340"}],"wp:term":[{"taxonomy":"category","embeddable":true,"href":"https:\/\/sandzakpress.net\/arhiva\/wp-json\/wp\/v2\/categories?post=64340"},{"taxonomy":"post_tag","embeddable":true,"href":"https:\/\/sandzakpress.net\/arhiva\/wp-json\/wp\/v2\/tags?post=64340"}],"curies":[{"name":"wp","href":"https:\/\/api.w.org\/{rel}","templated":true}]}}