{"id":6434,"date":"2010-07-15T21:26:41","date_gmt":"2010-07-15T21:26:41","guid":{"rendered":"https:\/\/sandzakpress.net\/arhiva\/?p=6434"},"modified":"2010-07-15T21:26:41","modified_gmt":"2010-07-15T21:26:41","slug":"dacic-na-slavi-kod-vladike-filareta","status":"publish","type":"post","link":"https:\/\/sandzakpress.net\/arhiva\/dacic-na-slavi-kod-vladike-filareta\/","title":{"rendered":"Da\u010di\u0107 na slavi kod vladike Filareta"},"content":{"rendered":"<p><strong><a href=\"https:\/\/sandzakpress.net\/arhiva\/wp-content\/uploads\/2010\/07\/10885.jpg\"><img loading=\"lazy\" decoding=\"async\" class=\"alignleft size-medium wp-image-6435\" title=\"10885\" src=\"https:\/\/sandzakpress.net\/arhiva\/wp-content\/uploads\/2010\/07\/10885-300x225.jpg\" alt=\"\" width=\"300\" height=\"225\" \/><\/a>Nova Varo\u0161 &#8211; Ministar Ivica Da\u010di\u0107 je mudar, mlad \u010dovjek koga bi trebalo stalno da slu\u0161amo, a onda \u0107e Srbiji biti dobro!<\/strong><\/p>\n<p>Ovim rije\u010dima je vladika mile\u0161evski Filaret do\u010dekao ju\u010der na Zlataru, u novoizgra\u0111enom manastiru svetih vra\u010da Kozme i Damjana, ministra unutra\u0161njih poslova, koji je prisustvovao manastirskoj slavi.<\/p>\n<p>&#8211; Ministra poznajem kao vjeruju\u0107eg \u010dovjeka, koji je uvijek dobrodo\u0161ao i u mile\u0161evsku Eparhiju i cijelu SPC &#8211; poru\u010dio je episkop Filaret.<\/p>\n<p>Da\u010di\u0107 je posle do\u010deka uz zvonjavu manastirskih zvona sa episkopom Filaretom i vladikom osje\u010dko-poljskim i baranjskim Lukijanom slomio slavski kola\u010d.<\/p>\n<p>&#8211; Gospodine ministre, u\u010dinite ne\u0161to za ra\u0161ku oblast! Odavde se narod masovno iseljava. Ove godine u na\u0161oj eparhiji zatvoreno je devet \u0161kola. Nije samo Beograd Srbija, narodu ovog kraja potrebni su putevi, telefonske linije, pomo\u0107 za nabavku mehanizacije da bi ostao i opstao &#8211; poru\u010dio je ministru episkop Filaret.<\/p>\n<p>&#8211; Ovaj manastir, crkva, konak, zvona koja se \u010duju poziv su narodu na ostanak u ovim krajevima &#8211; uzvratio je episkopu Da\u010di\u0107, i dodao da, ako taj kraj ostane prazan, bi\u0107e to kraj pri\u010de o za\u0161titi nacionalnih interesa.<\/p>\n<p>&#8211; Najva\u017enije je da se ovom kraju obezbijede mir, politi\u010dka stabilnost i razvoj za sve gra\u0111ane &#8211; istakao je Da\u010di\u0107, priznav\u0161i pred vladikom da se pozivi i apeli za pomo\u0107 ovom kraju za zaustavljanje iseljavanje veoma \u010desto ne \u010duju dalje od U\u017eica.<\/p>\n<p>Izvor:<strong> Kurir-info.rs<\/strong><\/p>\n","protected":false},"excerpt":{"rendered":"<p>Nova Varo\u0161 &#8211; Ministar Ivica Da\u010di\u0107 je mudar, mlad \u010dovjek koga bi trebalo stalno da slu\u0161amo, a onda \u0107e Srbiji biti dobro! Ovim rije\u010dima je vladika mile\u0161evski Filaret do\u010dekao ju\u010der na Zlataru, u novoizgra\u0111enom manastiru svetih vra\u010da Kozme i Damjana, ministra unutra\u0161njih poslova, koji je prisustvovao manastirskoj slavi. &#8211; Ministra poznajem kao vjeruju\u0107eg \u010dovjeka, koji [&hellip;]<\/p>\n","protected":false},"author":83,"featured_media":6435,"comment_status":"open","ping_status":"open","sticky":false,"template":"","format":"standard","meta":{"footnotes":""},"categories":[1,394],"tags":[],"class_list":{"0":"post-6434","1":"post","2":"type-post","3":"status-publish","4":"format-standard","5":"has-post-thumbnail","7":"category-politika","8":"category-nova-varos"},"yoast_head":"<!-- This site is optimized with the Yoast SEO Premium plugin v23.1 (Yoast SEO v24.9) - https:\/\/yoast.com\/wordpress\/plugins\/seo\/ -->\n<title>Da\u010di\u0107 na slavi kod vladike Filareta<\/title>\n<meta name=\"robots\" content=\"index, follow, max-snippet:-1, max-image-preview:large, max-video-preview:-1\" \/>\n<link rel=\"canonical\" href=\"https:\/\/sandzakpress.net\/arhiva\/dacic-na-slavi-kod-vladike-filareta\/\" \/>\n<meta property=\"og:locale\" content=\"bs_BA\" \/>\n<meta property=\"og:type\" content=\"article\" \/>\n<meta property=\"og:title\" content=\"Da\u010di\u0107 na slavi kod vladike Filareta\" \/>\n<meta property=\"og:description\" content=\"Nova Varo\u0161 &#8211; Ministar Ivica Da\u010di\u0107 je mudar, mlad \u010dovjek koga bi trebalo stalno da slu\u0161amo, a onda \u0107e Srbiji biti dobro! Ovim rije\u010dima je vladika mile\u0161evski Filaret do\u010dekao ju\u010der na Zlataru, u novoizgra\u0111enom manastiru svetih vra\u010da Kozme i Damjana, ministra unutra\u0161njih poslova, koji je prisustvovao manastirskoj slavi. &#8211; Ministra poznajem kao vjeruju\u0107eg \u010dovjeka, koji [&hellip;]\" \/>\n<meta property=\"og:url\" content=\"https:\/\/sandzakpress.net\/arhiva\/dacic-na-slavi-kod-vladike-filareta\/\" \/>\n<meta property=\"og:site_name\" content=\"Sand\u017eak PRESS\" \/>\n<meta property=\"article:published_time\" content=\"2010-07-15T21:26:41+00:00\" \/>\n<meta property=\"og:image\" content=\"https:\/\/sandzakpress.net\/arhiva\/wp-content\/uploads\/2010\/07\/10885.jpg\" \/>\n\t<meta property=\"og:image:width\" content=\"616\" \/>\n\t<meta property=\"og:image:height\" content=\"462\" \/>\n\t<meta property=\"og:image:type\" content=\"image\/jpeg\" \/>\n<meta name=\"author\" content=\"bosniak\" \/>\n<meta name=\"twitter:card\" content=\"summary_large_image\" \/>\n<meta name=\"twitter:label1\" content=\"Written by\" \/>\n\t<meta name=\"twitter:data1\" content=\"bosniak\" \/>\n\t<meta name=\"twitter:label2\" content=\"Est. reading time\" \/>\n\t<meta name=\"twitter:data2\" content=\"1 minuta\" \/>\n<script type=\"application\/ld+json\" class=\"yoast-schema-graph\">{\"@context\":\"https:\/\/schema.org\",\"@graph\":[{\"@type\":\"Article\",\"@id\":\"https:\/\/sandzakpress.net\/arhiva\/dacic-na-slavi-kod-vladike-filareta\/#article\",\"isPartOf\":{\"@id\":\"https:\/\/sandzakpress.net\/arhiva\/dacic-na-slavi-kod-vladike-filareta\/\"},\"author\":{\"name\":\"bosniak\",\"@id\":\"https:\/\/sandzakpress.net\/arhiva\/#\/schema\/person\/c8baee722073534b583ea7bdb2e36c02\"},\"headline\":\"Da\u010di\u0107 na slavi kod vladike Filareta\",\"datePublished\":\"2010-07-15T21:26:41+00:00\",\"mainEntityOfPage\":{\"@id\":\"https:\/\/sandzakpress.net\/arhiva\/dacic-na-slavi-kod-vladike-filareta\/\"},\"wordCount\":260,\"commentCount\":0,\"publisher\":{\"@id\":\"https:\/\/sandzakpress.net\/arhiva\/#\/schema\/person\/6e72b67d6e51910a1117b3b483ba20bd\"},\"image\":{\"@id\":\"https:\/\/sandzakpress.net\/arhiva\/dacic-na-slavi-kod-vladike-filareta\/#primaryimage\"},\"thumbnailUrl\":\"https:\/\/sandzakpress.net\/arhiva\/wp-content\/uploads\/2010\/07\/10885.jpg\",\"articleSection\":[\"Politika\",\"Nova Varo\u0161\"],\"inLanguage\":\"bs-BA\",\"potentialAction\":[{\"@type\":\"CommentAction\",\"name\":\"Comment\",\"target\":[\"https:\/\/sandzakpress.net\/arhiva\/dacic-na-slavi-kod-vladike-filareta\/#respond\"]}]},{\"@type\":\"WebPage\",\"@id\":\"https:\/\/sandzakpress.net\/arhiva\/dacic-na-slavi-kod-vladike-filareta\/\",\"url\":\"https:\/\/sandzakpress.net\/arhiva\/dacic-na-slavi-kod-vladike-filareta\/\",\"name\":\"Da\u010di\u0107 na slavi kod vladike Filareta\",\"isPartOf\":{\"@id\":\"https:\/\/sandzakpress.net\/arhiva\/#website\"},\"primaryImageOfPage\":{\"@id\":\"https:\/\/sandzakpress.net\/arhiva\/dacic-na-slavi-kod-vladike-filareta\/#primaryimage\"},\"image\":{\"@id\":\"https:\/\/sandzakpress.net\/arhiva\/dacic-na-slavi-kod-vladike-filareta\/#primaryimage\"},\"thumbnailUrl\":\"https:\/\/sandzakpress.net\/arhiva\/wp-content\/uploads\/2010\/07\/10885.jpg\",\"datePublished\":\"2010-07-15T21:26:41+00:00\",\"breadcrumb\":{\"@id\":\"https:\/\/sandzakpress.net\/arhiva\/dacic-na-slavi-kod-vladike-filareta\/#breadcrumb\"},\"inLanguage\":\"bs-BA\",\"potentialAction\":[{\"@type\":\"ReadAction\",\"target\":[\"https:\/\/sandzakpress.net\/arhiva\/dacic-na-slavi-kod-vladike-filareta\/\"]}]},{\"@type\":\"ImageObject\",\"inLanguage\":\"bs-BA\",\"@id\":\"https:\/\/sandzakpress.net\/arhiva\/dacic-na-slavi-kod-vladike-filareta\/#primaryimage\",\"url\":\"https:\/\/sandzakpress.net\/arhiva\/wp-content\/uploads\/2010\/07\/10885.jpg\",\"contentUrl\":\"https:\/\/sandzakpress.net\/arhiva\/wp-content\/uploads\/2010\/07\/10885.jpg\",\"width\":616,\"height\":462},{\"@type\":\"BreadcrumbList\",\"@id\":\"https:\/\/sandzakpress.net\/arhiva\/dacic-na-slavi-kod-vladike-filareta\/#breadcrumb\",\"itemListElement\":[{\"@type\":\"ListItem\",\"position\":1,\"name\":\"Home\",\"item\":\"https:\/\/sandzakpress.net\/arhiva\/\"},{\"@type\":\"ListItem\",\"position\":2,\"name\":\"Da\u010di\u0107 na slavi kod vladike Filareta\"}]},{\"@type\":\"WebSite\",\"@id\":\"https:\/\/sandzakpress.net\/arhiva\/#website\",\"url\":\"https:\/\/sandzakpress.net\/arhiva\/\",\"name\":\"Sand\u017eak PRESS\",\"description\":\"Prve elektronske novine u Sand\u017eaku\",\"publisher\":{\"@id\":\"https:\/\/sandzakpress.net\/arhiva\/#\/schema\/person\/6e72b67d6e51910a1117b3b483ba20bd\"},\"potentialAction\":[{\"@type\":\"SearchAction\",\"target\":{\"@type\":\"EntryPoint\",\"urlTemplate\":\"https:\/\/sandzakpress.net\/arhiva\/?s={search_term_string}\"},\"query-input\":{\"@type\":\"PropertyValueSpecification\",\"valueRequired\":true,\"valueName\":\"search_term_string\"}}],\"inLanguage\":\"bs-BA\"},{\"@type\":[\"Person\",\"Organization\"],\"@id\":\"https:\/\/sandzakpress.net\/arhiva\/#\/schema\/person\/6e72b67d6e51910a1117b3b483ba20bd\",\"name\":\"Kul\",\"image\":{\"@type\":\"ImageObject\",\"inLanguage\":\"bs-BA\",\"@id\":\"https:\/\/sandzakpress.net\/arhiva\/#\/schema\/person\/image\/\",\"url\":\"https:\/\/secure.gravatar.com\/avatar\/42263f39aa27ac04c43cab85c280eb2e?s=96&d=mm&r=pg\",\"contentUrl\":\"https:\/\/secure.gravatar.com\/avatar\/42263f39aa27ac04c43cab85c280eb2e?s=96&d=mm&r=pg\",\"caption\":\"Kul\"},\"logo\":{\"@id\":\"https:\/\/sandzakpress.net\/arhiva\/#\/schema\/person\/image\/\"}},{\"@type\":\"Person\",\"@id\":\"https:\/\/sandzakpress.net\/arhiva\/#\/schema\/person\/c8baee722073534b583ea7bdb2e36c02\",\"name\":\"bosniak\",\"image\":{\"@type\":\"ImageObject\",\"inLanguage\":\"bs-BA\",\"@id\":\"https:\/\/sandzakpress.net\/arhiva\/#\/schema\/person\/image\/\",\"url\":\"https:\/\/secure.gravatar.com\/avatar\/a04fd330bfe3a36a72a0ad4a6d89fca7?s=96&d=mm&r=pg\",\"contentUrl\":\"https:\/\/secure.gravatar.com\/avatar\/a04fd330bfe3a36a72a0ad4a6d89fca7?s=96&d=mm&r=pg\",\"caption\":\"bosniak\"},\"url\":\"https:\/\/sandzakpress.net\/arhiva\/author\/bosniak\/\"}]}<\/script>\n<!-- \/ Yoast SEO Premium plugin. -->","yoast_head_json":{"title":"Da\u010di\u0107 na slavi kod vladike Filareta","robots":{"index":"index","follow":"follow","max-snippet":"max-snippet:-1","max-image-preview":"max-image-preview:large","max-video-preview":"max-video-preview:-1"},"canonical":"https:\/\/sandzakpress.net\/arhiva\/dacic-na-slavi-kod-vladike-filareta\/","og_locale":"bs_BA","og_type":"article","og_title":"Da\u010di\u0107 na slavi kod vladike Filareta","og_description":"Nova Varo\u0161 &#8211; Ministar Ivica Da\u010di\u0107 je mudar, mlad \u010dovjek koga bi trebalo stalno da slu\u0161amo, a onda \u0107e Srbiji biti dobro! Ovim rije\u010dima je vladika mile\u0161evski Filaret do\u010dekao ju\u010der na Zlataru, u novoizgra\u0111enom manastiru svetih vra\u010da Kozme i Damjana, ministra unutra\u0161njih poslova, koji je prisustvovao manastirskoj slavi. &#8211; Ministra poznajem kao vjeruju\u0107eg \u010dovjeka, koji [&hellip;]","og_url":"https:\/\/sandzakpress.net\/arhiva\/dacic-na-slavi-kod-vladike-filareta\/","og_site_name":"Sand\u017eak PRESS","article_published_time":"2010-07-15T21:26:41+00:00","og_image":[{"width":616,"height":462,"url":"https:\/\/sandzakpress.net\/arhiva\/wp-content\/uploads\/2010\/07\/10885.jpg","type":"image\/jpeg"}],"author":"bosniak","twitter_card":"summary_large_image","twitter_misc":{"Written by":"bosniak","Est. reading time":"1 minuta"},"schema":{"@context":"https:\/\/schema.org","@graph":[{"@type":"Article","@id":"https:\/\/sandzakpress.net\/arhiva\/dacic-na-slavi-kod-vladike-filareta\/#article","isPartOf":{"@id":"https:\/\/sandzakpress.net\/arhiva\/dacic-na-slavi-kod-vladike-filareta\/"},"author":{"name":"bosniak","@id":"https:\/\/sandzakpress.net\/arhiva\/#\/schema\/person\/c8baee722073534b583ea7bdb2e36c02"},"headline":"Da\u010di\u0107 na slavi kod vladike Filareta","datePublished":"2010-07-15T21:26:41+00:00","mainEntityOfPage":{"@id":"https:\/\/sandzakpress.net\/arhiva\/dacic-na-slavi-kod-vladike-filareta\/"},"wordCount":260,"commentCount":0,"publisher":{"@id":"https:\/\/sandzakpress.net\/arhiva\/#\/schema\/person\/6e72b67d6e51910a1117b3b483ba20bd"},"image":{"@id":"https:\/\/sandzakpress.net\/arhiva\/dacic-na-slavi-kod-vladike-filareta\/#primaryimage"},"thumbnailUrl":"https:\/\/sandzakpress.net\/arhiva\/wp-content\/uploads\/2010\/07\/10885.jpg","articleSection":["Politika","Nova Varo\u0161"],"inLanguage":"bs-BA","potentialAction":[{"@type":"CommentAction","name":"Comment","target":["https:\/\/sandzakpress.net\/arhiva\/dacic-na-slavi-kod-vladike-filareta\/#respond"]}]},{"@type":"WebPage","@id":"https:\/\/sandzakpress.net\/arhiva\/dacic-na-slavi-kod-vladike-filareta\/","url":"https:\/\/sandzakpress.net\/arhiva\/dacic-na-slavi-kod-vladike-filareta\/","name":"Da\u010di\u0107 na slavi kod vladike Filareta","isPartOf":{"@id":"https:\/\/sandzakpress.net\/arhiva\/#website"},"primaryImageOfPage":{"@id":"https:\/\/sandzakpress.net\/arhiva\/dacic-na-slavi-kod-vladike-filareta\/#primaryimage"},"image":{"@id":"https:\/\/sandzakpress.net\/arhiva\/dacic-na-slavi-kod-vladike-filareta\/#primaryimage"},"thumbnailUrl":"https:\/\/sandzakpress.net\/arhiva\/wp-content\/uploads\/2010\/07\/10885.jpg","datePublished":"2010-07-15T21:26:41+00:00","breadcrumb":{"@id":"https:\/\/sandzakpress.net\/arhiva\/dacic-na-slavi-kod-vladike-filareta\/#breadcrumb"},"inLanguage":"bs-BA","potentialAction":[{"@type":"ReadAction","target":["https:\/\/sandzakpress.net\/arhiva\/dacic-na-slavi-kod-vladike-filareta\/"]}]},{"@type":"ImageObject","inLanguage":"bs-BA","@id":"https:\/\/sandzakpress.net\/arhiva\/dacic-na-slavi-kod-vladike-filareta\/#primaryimage","url":"https:\/\/sandzakpress.net\/arhiva\/wp-content\/uploads\/2010\/07\/10885.jpg","contentUrl":"https:\/\/sandzakpress.net\/arhiva\/wp-content\/uploads\/2010\/07\/10885.jpg","width":616,"height":462},{"@type":"BreadcrumbList","@id":"https:\/\/sandzakpress.net\/arhiva\/dacic-na-slavi-kod-vladike-filareta\/#breadcrumb","itemListElement":[{"@type":"ListItem","position":1,"name":"Home","item":"https:\/\/sandzakpress.net\/arhiva\/"},{"@type":"ListItem","position":2,"name":"Da\u010di\u0107 na slavi kod vladike Filareta"}]},{"@type":"WebSite","@id":"https:\/\/sandzakpress.net\/arhiva\/#website","url":"https:\/\/sandzakpress.net\/arhiva\/","name":"Sand\u017eak PRESS","description":"Prve elektronske novine u Sand\u017eaku","publisher":{"@id":"https:\/\/sandzakpress.net\/arhiva\/#\/schema\/person\/6e72b67d6e51910a1117b3b483ba20bd"},"potentialAction":[{"@type":"SearchAction","target":{"@type":"EntryPoint","urlTemplate":"https:\/\/sandzakpress.net\/arhiva\/?s={search_term_string}"},"query-input":{"@type":"PropertyValueSpecification","valueRequired":true,"valueName":"search_term_string"}}],"inLanguage":"bs-BA"},{"@type":["Person","Organization"],"@id":"https:\/\/sandzakpress.net\/arhiva\/#\/schema\/person\/6e72b67d6e51910a1117b3b483ba20bd","name":"Kul","image":{"@type":"ImageObject","inLanguage":"bs-BA","@id":"https:\/\/sandzakpress.net\/arhiva\/#\/schema\/person\/image\/","url":"https:\/\/secure.gravatar.com\/avatar\/42263f39aa27ac04c43cab85c280eb2e?s=96&d=mm&r=pg","contentUrl":"https:\/\/secure.gravatar.com\/avatar\/42263f39aa27ac04c43cab85c280eb2e?s=96&d=mm&r=pg","caption":"Kul"},"logo":{"@id":"https:\/\/sandzakpress.net\/arhiva\/#\/schema\/person\/image\/"}},{"@type":"Person","@id":"https:\/\/sandzakpress.net\/arhiva\/#\/schema\/person\/c8baee722073534b583ea7bdb2e36c02","name":"bosniak","image":{"@type":"ImageObject","inLanguage":"bs-BA","@id":"https:\/\/sandzakpress.net\/arhiva\/#\/schema\/person\/image\/","url":"https:\/\/secure.gravatar.com\/avatar\/a04fd330bfe3a36a72a0ad4a6d89fca7?s=96&d=mm&r=pg","contentUrl":"https:\/\/secure.gravatar.com\/avatar\/a04fd330bfe3a36a72a0ad4a6d89fca7?s=96&d=mm&r=pg","caption":"bosniak"},"url":"https:\/\/sandzakpress.net\/arhiva\/author\/bosniak\/"}]}},"_links":{"self":[{"href":"https:\/\/sandzakpress.net\/arhiva\/wp-json\/wp\/v2\/posts\/6434"}],"collection":[{"href":"https:\/\/sandzakpress.net\/arhiva\/wp-json\/wp\/v2\/posts"}],"about":[{"href":"https:\/\/sandzakpress.net\/arhiva\/wp-json\/wp\/v2\/types\/post"}],"author":[{"embeddable":true,"href":"https:\/\/sandzakpress.net\/arhiva\/wp-json\/wp\/v2\/users\/83"}],"replies":[{"embeddable":true,"href":"https:\/\/sandzakpress.net\/arhiva\/wp-json\/wp\/v2\/comments?post=6434"}],"version-history":[{"count":0,"href":"https:\/\/sandzakpress.net\/arhiva\/wp-json\/wp\/v2\/posts\/6434\/revisions"}],"wp:featuredmedia":[{"embeddable":true,"href":"https:\/\/sandzakpress.net\/arhiva\/wp-json\/wp\/v2\/media\/6435"}],"wp:attachment":[{"href":"https:\/\/sandzakpress.net\/arhiva\/wp-json\/wp\/v2\/media?parent=6434"}],"wp:term":[{"taxonomy":"category","embeddable":true,"href":"https:\/\/sandzakpress.net\/arhiva\/wp-json\/wp\/v2\/categories?post=6434"},{"taxonomy":"post_tag","embeddable":true,"href":"https:\/\/sandzakpress.net\/arhiva\/wp-json\/wp\/v2\/tags?post=6434"}],"curies":[{"name":"wp","href":"https:\/\/api.w.org\/{rel}","templated":true}]}}