{"id":64318,"date":"2013-01-29T17:43:57","date_gmt":"2013-01-29T16:43:57","guid":{"rendered":"https:\/\/sandzakpress.net\/arhiva\/?p=64318"},"modified":"2013-01-29T17:43:57","modified_gmt":"2013-01-29T16:43:57","slug":"holandska-kraljica-nakon-33-godina-napusta-prijestolje","status":"publish","type":"post","link":"https:\/\/sandzakpress.net\/arhiva\/holandska-kraljica-nakon-33-godina-napusta-prijestolje\/","title":{"rendered":"Holandska kraljica nakon 33 godina napu\u0161ta prijestolje"},"content":{"rendered":"<p><strong><a href=\"https:\/\/sandzakpress.net\/arhiva\/wp-content\/uploads\/2013\/01\/holandska-kraljica.jpg\"><img loading=\"lazy\" decoding=\"async\" class=\"alignleft size-medium wp-image-64319\" title=\"holandska-kraljica\" src=\"https:\/\/sandzakpress.net\/arhiva\/wp-content\/uploads\/2013\/01\/holandska-kraljica-300x209.jpg\" alt=\"\" width=\"300\" height=\"209\" \/><\/a>Holandija &#8211; Kralji\u010din najstariji sin princ Willem Alexander \u0107e do\u0107i na prijestolje umjesto majke<\/strong><\/p>\n<p>Kraljica Holandije Beatrix je objavila da \u0107e na Dan kraljice, 30. aprila, odstupiti sa prijestolja.<\/p>\n<p>Od 30. aprila, prijestolje \u0107e preuzeti kralji\u010din stariji sin Willem Alexander.<\/p>\n<p>Holandska kraljica smatra da je vrijeme da se povu\u010de sa svoje du\u017enosti s obzirom na to da \u0107e narednih dana napuniti 75 godina. Ona je rekla da prijestolje prepu\u0161ta sinu neoptere\u0107ena, dodav\u0161i da su princ Willem i njegova supruga Maxima spremni za ovaj korak.<\/p>\n<p>Beatrix je 33 godine kraljica Holandije, a nakon prepu\u0161tanja prijestolja dobit \u0107e titulu princeze.<br \/>\nHolandski premijer Mark Rutte je kazao da razumije odluku kraljice i po\u017eelio princu Willemu mnogo sre\u0107e i uspjeha na novoj funkciji.<\/p>\n<p>(Bosnjak-KS)<\/p>\n","protected":false},"excerpt":{"rendered":"<p>Holandija &#8211; Kralji\u010din najstariji sin princ Willem Alexander \u0107e do\u0107i na prijestolje umjesto majke Kraljica Holandije Beatrix je objavila da \u0107e na Dan kraljice, 30. aprila, odstupiti sa prijestolja. Od 30. aprila, prijestolje \u0107e preuzeti kralji\u010din stariji sin Willem Alexander. Holandska kraljica smatra da je vrijeme da se povu\u010de sa svoje du\u017enosti s obzirom na [&hellip;]<\/p>\n","protected":false},"author":16,"featured_media":64319,"comment_status":"open","ping_status":"open","sticky":false,"template":"","format":"standard","meta":{"footnotes":""},"categories":[9,9545],"tags":[],"class_list":{"0":"post-64318","1":"post","2":"type-post","3":"status-publish","4":"format-standard","5":"has-post-thumbnail","7":"category-svijet","8":"category-holandija-dijaspora-gradovi-vase-vijesti"},"yoast_head":"<!-- This site is optimized with the Yoast SEO Premium plugin v23.1 (Yoast SEO v24.9) - https:\/\/yoast.com\/wordpress\/plugins\/seo\/ -->\n<title>Holandska kraljica nakon 33 godina napu\u0161ta prijestolje<\/title>\n<meta name=\"robots\" content=\"index, follow, max-snippet:-1, max-image-preview:large, max-video-preview:-1\" \/>\n<link rel=\"canonical\" href=\"https:\/\/sandzakpress.net\/arhiva\/holandska-kraljica-nakon-33-godina-napusta-prijestolje\/\" \/>\n<meta property=\"og:locale\" content=\"bs_BA\" \/>\n<meta property=\"og:type\" content=\"article\" \/>\n<meta property=\"og:title\" content=\"Holandska kraljica nakon 33 godina napu\u0161ta prijestolje\" \/>\n<meta property=\"og:description\" content=\"Holandija &#8211; Kralji\u010din najstariji sin princ Willem Alexander \u0107e do\u0107i na prijestolje umjesto majke Kraljica Holandije Beatrix je objavila da \u0107e na Dan kraljice, 30. aprila, odstupiti sa prijestolja. Od 30. aprila, prijestolje \u0107e preuzeti kralji\u010din stariji sin Willem Alexander. Holandska kraljica smatra da je vrijeme da se povu\u010de sa svoje du\u017enosti s obzirom na [&hellip;]\" \/>\n<meta property=\"og:url\" content=\"https:\/\/sandzakpress.net\/arhiva\/holandska-kraljica-nakon-33-godina-napusta-prijestolje\/\" \/>\n<meta property=\"og:site_name\" content=\"Sand\u017eak PRESS\" \/>\n<meta property=\"article:published_time\" content=\"2013-01-29T16:43:57+00:00\" \/>\n<meta property=\"og:image\" content=\"https:\/\/sandzakpress.net\/arhiva\/wp-content\/uploads\/2013\/01\/holandska-kraljica.jpg\" \/>\n\t<meta property=\"og:image:width\" content=\"347\" \/>\n\t<meta property=\"og:image:height\" content=\"242\" \/>\n\t<meta property=\"og:image:type\" content=\"image\/jpeg\" \/>\n<meta name=\"twitter:card\" content=\"summary_large_image\" \/>\n<meta name=\"twitter:label1\" content=\"Written by\" \/>\n\t<meta name=\"twitter:data1\" content=\"\" \/>\n\t<meta name=\"twitter:label2\" content=\"Est. reading time\" \/>\n\t<meta name=\"twitter:data2\" content=\"1 minuta\" \/>\n<script type=\"application\/ld+json\" class=\"yoast-schema-graph\">{\"@context\":\"https:\/\/schema.org\",\"@graph\":[{\"@type\":\"Article\",\"@id\":\"https:\/\/sandzakpress.net\/arhiva\/holandska-kraljica-nakon-33-godina-napusta-prijestolje\/#article\",\"isPartOf\":{\"@id\":\"https:\/\/sandzakpress.net\/arhiva\/holandska-kraljica-nakon-33-godina-napusta-prijestolje\/\"},\"author\":{\"name\":\"\",\"@id\":\"\"},\"headline\":\"Holandska kraljica nakon 33 godina napu\u0161ta prijestolje\",\"datePublished\":\"2013-01-29T16:43:57+00:00\",\"mainEntityOfPage\":{\"@id\":\"https:\/\/sandzakpress.net\/arhiva\/holandska-kraljica-nakon-33-godina-napusta-prijestolje\/\"},\"wordCount\":134,\"commentCount\":0,\"publisher\":{\"@id\":\"https:\/\/sandzakpress.net\/arhiva\/#\/schema\/person\/6e72b67d6e51910a1117b3b483ba20bd\"},\"image\":{\"@id\":\"https:\/\/sandzakpress.net\/arhiva\/holandska-kraljica-nakon-33-godina-napusta-prijestolje\/#primaryimage\"},\"thumbnailUrl\":\"https:\/\/sandzakpress.net\/arhiva\/wp-content\/uploads\/2013\/01\/holandska-kraljica.jpg\",\"articleSection\":[\"Svijet\",\"Holandija\"],\"inLanguage\":\"bs-BA\",\"potentialAction\":[{\"@type\":\"CommentAction\",\"name\":\"Comment\",\"target\":[\"https:\/\/sandzakpress.net\/arhiva\/holandska-kraljica-nakon-33-godina-napusta-prijestolje\/#respond\"]}]},{\"@type\":\"WebPage\",\"@id\":\"https:\/\/sandzakpress.net\/arhiva\/holandska-kraljica-nakon-33-godina-napusta-prijestolje\/\",\"url\":\"https:\/\/sandzakpress.net\/arhiva\/holandska-kraljica-nakon-33-godina-napusta-prijestolje\/\",\"name\":\"Holandska kraljica nakon 33 godina napu\u0161ta prijestolje\",\"isPartOf\":{\"@id\":\"https:\/\/sandzakpress.net\/arhiva\/#website\"},\"primaryImageOfPage\":{\"@id\":\"https:\/\/sandzakpress.net\/arhiva\/holandska-kraljica-nakon-33-godina-napusta-prijestolje\/#primaryimage\"},\"image\":{\"@id\":\"https:\/\/sandzakpress.net\/arhiva\/holandska-kraljica-nakon-33-godina-napusta-prijestolje\/#primaryimage\"},\"thumbnailUrl\":\"https:\/\/sandzakpress.net\/arhiva\/wp-content\/uploads\/2013\/01\/holandska-kraljica.jpg\",\"datePublished\":\"2013-01-29T16:43:57+00:00\",\"breadcrumb\":{\"@id\":\"https:\/\/sandzakpress.net\/arhiva\/holandska-kraljica-nakon-33-godina-napusta-prijestolje\/#breadcrumb\"},\"inLanguage\":\"bs-BA\",\"potentialAction\":[{\"@type\":\"ReadAction\",\"target\":[\"https:\/\/sandzakpress.net\/arhiva\/holandska-kraljica-nakon-33-godina-napusta-prijestolje\/\"]}]},{\"@type\":\"ImageObject\",\"inLanguage\":\"bs-BA\",\"@id\":\"https:\/\/sandzakpress.net\/arhiva\/holandska-kraljica-nakon-33-godina-napusta-prijestolje\/#primaryimage\",\"url\":\"https:\/\/sandzakpress.net\/arhiva\/wp-content\/uploads\/2013\/01\/holandska-kraljica.jpg\",\"contentUrl\":\"https:\/\/sandzakpress.net\/arhiva\/wp-content\/uploads\/2013\/01\/holandska-kraljica.jpg\",\"width\":347,\"height\":242},{\"@type\":\"BreadcrumbList\",\"@id\":\"https:\/\/sandzakpress.net\/arhiva\/holandska-kraljica-nakon-33-godina-napusta-prijestolje\/#breadcrumb\",\"itemListElement\":[{\"@type\":\"ListItem\",\"position\":1,\"name\":\"Home\",\"item\":\"https:\/\/sandzakpress.net\/arhiva\/\"},{\"@type\":\"ListItem\",\"position\":2,\"name\":\"Holandska kraljica nakon 33 godina napu\u0161ta prijestolje\"}]},{\"@type\":\"WebSite\",\"@id\":\"https:\/\/sandzakpress.net\/arhiva\/#website\",\"url\":\"https:\/\/sandzakpress.net\/arhiva\/\",\"name\":\"Sand\u017eak PRESS\",\"description\":\"Prve elektronske novine u Sand\u017eaku\",\"publisher\":{\"@id\":\"https:\/\/sandzakpress.net\/arhiva\/#\/schema\/person\/6e72b67d6e51910a1117b3b483ba20bd\"},\"potentialAction\":[{\"@type\":\"SearchAction\",\"target\":{\"@type\":\"EntryPoint\",\"urlTemplate\":\"https:\/\/sandzakpress.net\/arhiva\/?s={search_term_string}\"},\"query-input\":{\"@type\":\"PropertyValueSpecification\",\"valueRequired\":true,\"valueName\":\"search_term_string\"}}],\"inLanguage\":\"bs-BA\"},{\"@type\":[\"Person\",\"Organization\"],\"@id\":\"https:\/\/sandzakpress.net\/arhiva\/#\/schema\/person\/6e72b67d6e51910a1117b3b483ba20bd\",\"name\":\"Kul\",\"image\":{\"@type\":\"ImageObject\",\"inLanguage\":\"bs-BA\",\"@id\":\"https:\/\/sandzakpress.net\/arhiva\/#\/schema\/person\/image\/\",\"url\":\"https:\/\/secure.gravatar.com\/avatar\/42263f39aa27ac04c43cab85c280eb2e?s=96&d=mm&r=pg\",\"contentUrl\":\"https:\/\/secure.gravatar.com\/avatar\/42263f39aa27ac04c43cab85c280eb2e?s=96&d=mm&r=pg\",\"caption\":\"Kul\"},\"logo\":{\"@id\":\"https:\/\/sandzakpress.net\/arhiva\/#\/schema\/person\/image\/\"}},{\"@type\":\"Person\",\"@id\":\"\",\"url\":\"https:\/\/sandzakpress.net\/arhiva\/author\/\"}]}<\/script>\n<!-- \/ Yoast SEO Premium plugin. -->","yoast_head_json":{"title":"Holandska kraljica nakon 33 godina napu\u0161ta prijestolje","robots":{"index":"index","follow":"follow","max-snippet":"max-snippet:-1","max-image-preview":"max-image-preview:large","max-video-preview":"max-video-preview:-1"},"canonical":"https:\/\/sandzakpress.net\/arhiva\/holandska-kraljica-nakon-33-godina-napusta-prijestolje\/","og_locale":"bs_BA","og_type":"article","og_title":"Holandska kraljica nakon 33 godina napu\u0161ta prijestolje","og_description":"Holandija &#8211; Kralji\u010din najstariji sin princ Willem Alexander \u0107e do\u0107i na prijestolje umjesto majke Kraljica Holandije Beatrix je objavila da \u0107e na Dan kraljice, 30. aprila, odstupiti sa prijestolja. Od 30. aprila, prijestolje \u0107e preuzeti kralji\u010din stariji sin Willem Alexander. Holandska kraljica smatra da je vrijeme da se povu\u010de sa svoje du\u017enosti s obzirom na [&hellip;]","og_url":"https:\/\/sandzakpress.net\/arhiva\/holandska-kraljica-nakon-33-godina-napusta-prijestolje\/","og_site_name":"Sand\u017eak PRESS","article_published_time":"2013-01-29T16:43:57+00:00","og_image":[{"width":347,"height":242,"url":"https:\/\/sandzakpress.net\/arhiva\/wp-content\/uploads\/2013\/01\/holandska-kraljica.jpg","type":"image\/jpeg"}],"twitter_card":"summary_large_image","twitter_misc":{"Written by":"","Est. reading time":"1 minuta"},"schema":{"@context":"https:\/\/schema.org","@graph":[{"@type":"Article","@id":"https:\/\/sandzakpress.net\/arhiva\/holandska-kraljica-nakon-33-godina-napusta-prijestolje\/#article","isPartOf":{"@id":"https:\/\/sandzakpress.net\/arhiva\/holandska-kraljica-nakon-33-godina-napusta-prijestolje\/"},"author":{"name":"","@id":""},"headline":"Holandska kraljica nakon 33 godina napu\u0161ta prijestolje","datePublished":"2013-01-29T16:43:57+00:00","mainEntityOfPage":{"@id":"https:\/\/sandzakpress.net\/arhiva\/holandska-kraljica-nakon-33-godina-napusta-prijestolje\/"},"wordCount":134,"commentCount":0,"publisher":{"@id":"https:\/\/sandzakpress.net\/arhiva\/#\/schema\/person\/6e72b67d6e51910a1117b3b483ba20bd"},"image":{"@id":"https:\/\/sandzakpress.net\/arhiva\/holandska-kraljica-nakon-33-godina-napusta-prijestolje\/#primaryimage"},"thumbnailUrl":"https:\/\/sandzakpress.net\/arhiva\/wp-content\/uploads\/2013\/01\/holandska-kraljica.jpg","articleSection":["Svijet","Holandija"],"inLanguage":"bs-BA","potentialAction":[{"@type":"CommentAction","name":"Comment","target":["https:\/\/sandzakpress.net\/arhiva\/holandska-kraljica-nakon-33-godina-napusta-prijestolje\/#respond"]}]},{"@type":"WebPage","@id":"https:\/\/sandzakpress.net\/arhiva\/holandska-kraljica-nakon-33-godina-napusta-prijestolje\/","url":"https:\/\/sandzakpress.net\/arhiva\/holandska-kraljica-nakon-33-godina-napusta-prijestolje\/","name":"Holandska kraljica nakon 33 godina napu\u0161ta prijestolje","isPartOf":{"@id":"https:\/\/sandzakpress.net\/arhiva\/#website"},"primaryImageOfPage":{"@id":"https:\/\/sandzakpress.net\/arhiva\/holandska-kraljica-nakon-33-godina-napusta-prijestolje\/#primaryimage"},"image":{"@id":"https:\/\/sandzakpress.net\/arhiva\/holandska-kraljica-nakon-33-godina-napusta-prijestolje\/#primaryimage"},"thumbnailUrl":"https:\/\/sandzakpress.net\/arhiva\/wp-content\/uploads\/2013\/01\/holandska-kraljica.jpg","datePublished":"2013-01-29T16:43:57+00:00","breadcrumb":{"@id":"https:\/\/sandzakpress.net\/arhiva\/holandska-kraljica-nakon-33-godina-napusta-prijestolje\/#breadcrumb"},"inLanguage":"bs-BA","potentialAction":[{"@type":"ReadAction","target":["https:\/\/sandzakpress.net\/arhiva\/holandska-kraljica-nakon-33-godina-napusta-prijestolje\/"]}]},{"@type":"ImageObject","inLanguage":"bs-BA","@id":"https:\/\/sandzakpress.net\/arhiva\/holandska-kraljica-nakon-33-godina-napusta-prijestolje\/#primaryimage","url":"https:\/\/sandzakpress.net\/arhiva\/wp-content\/uploads\/2013\/01\/holandska-kraljica.jpg","contentUrl":"https:\/\/sandzakpress.net\/arhiva\/wp-content\/uploads\/2013\/01\/holandska-kraljica.jpg","width":347,"height":242},{"@type":"BreadcrumbList","@id":"https:\/\/sandzakpress.net\/arhiva\/holandska-kraljica-nakon-33-godina-napusta-prijestolje\/#breadcrumb","itemListElement":[{"@type":"ListItem","position":1,"name":"Home","item":"https:\/\/sandzakpress.net\/arhiva\/"},{"@type":"ListItem","position":2,"name":"Holandska kraljica nakon 33 godina napu\u0161ta prijestolje"}]},{"@type":"WebSite","@id":"https:\/\/sandzakpress.net\/arhiva\/#website","url":"https:\/\/sandzakpress.net\/arhiva\/","name":"Sand\u017eak PRESS","description":"Prve elektronske novine u Sand\u017eaku","publisher":{"@id":"https:\/\/sandzakpress.net\/arhiva\/#\/schema\/person\/6e72b67d6e51910a1117b3b483ba20bd"},"potentialAction":[{"@type":"SearchAction","target":{"@type":"EntryPoint","urlTemplate":"https:\/\/sandzakpress.net\/arhiva\/?s={search_term_string}"},"query-input":{"@type":"PropertyValueSpecification","valueRequired":true,"valueName":"search_term_string"}}],"inLanguage":"bs-BA"},{"@type":["Person","Organization"],"@id":"https:\/\/sandzakpress.net\/arhiva\/#\/schema\/person\/6e72b67d6e51910a1117b3b483ba20bd","name":"Kul","image":{"@type":"ImageObject","inLanguage":"bs-BA","@id":"https:\/\/sandzakpress.net\/arhiva\/#\/schema\/person\/image\/","url":"https:\/\/secure.gravatar.com\/avatar\/42263f39aa27ac04c43cab85c280eb2e?s=96&d=mm&r=pg","contentUrl":"https:\/\/secure.gravatar.com\/avatar\/42263f39aa27ac04c43cab85c280eb2e?s=96&d=mm&r=pg","caption":"Kul"},"logo":{"@id":"https:\/\/sandzakpress.net\/arhiva\/#\/schema\/person\/image\/"}},{"@type":"Person","@id":"","url":"https:\/\/sandzakpress.net\/arhiva\/author\/"}]}},"_links":{"self":[{"href":"https:\/\/sandzakpress.net\/arhiva\/wp-json\/wp\/v2\/posts\/64318"}],"collection":[{"href":"https:\/\/sandzakpress.net\/arhiva\/wp-json\/wp\/v2\/posts"}],"about":[{"href":"https:\/\/sandzakpress.net\/arhiva\/wp-json\/wp\/v2\/types\/post"}],"author":[{"embeddable":true,"href":"https:\/\/sandzakpress.net\/arhiva\/wp-json\/wp\/v2\/users\/16"}],"replies":[{"embeddable":true,"href":"https:\/\/sandzakpress.net\/arhiva\/wp-json\/wp\/v2\/comments?post=64318"}],"version-history":[{"count":0,"href":"https:\/\/sandzakpress.net\/arhiva\/wp-json\/wp\/v2\/posts\/64318\/revisions"}],"wp:featuredmedia":[{"embeddable":true,"href":"https:\/\/sandzakpress.net\/arhiva\/wp-json\/wp\/v2\/media\/64319"}],"wp:attachment":[{"href":"https:\/\/sandzakpress.net\/arhiva\/wp-json\/wp\/v2\/media?parent=64318"}],"wp:term":[{"taxonomy":"category","embeddable":true,"href":"https:\/\/sandzakpress.net\/arhiva\/wp-json\/wp\/v2\/categories?post=64318"},{"taxonomy":"post_tag","embeddable":true,"href":"https:\/\/sandzakpress.net\/arhiva\/wp-json\/wp\/v2\/tags?post=64318"}],"curies":[{"name":"wp","href":"https:\/\/api.w.org\/{rel}","templated":true}]}}