{"id":63915,"date":"2013-01-26T14:59:46","date_gmt":"2013-01-26T13:59:46","guid":{"rendered":"https:\/\/sandzakpress.net\/arhiva\/?p=63915"},"modified":"2013-01-26T14:59:46","modified_gmt":"2013-01-26T13:59:46","slug":"poziv-un-u-da-usvoji-rezoluciju-o-11-julu-danu-sjecanja-na-zrtve-genocida-u-srebrenici","status":"publish","type":"post","link":"https:\/\/sandzakpress.net\/arhiva\/poziv-un-u-da-usvoji-rezoluciju-o-11-julu-danu-sjecanja-na-zrtve-genocida-u-srebrenici\/","title":{"rendered":"Poziv UN-u da usvoji rezoluciju o 11. Julu, danu sje\u0107anja na \u017ertve genocida u Srebrenici"},"content":{"rendered":"<p><strong><a href=\"https:\/\/sandzakpress.net\/arhiva\/wp-content\/uploads\/2013\/01\/Holokaust_1941_genocid_u_Bosni_92-95.jpg\"><img loading=\"lazy\" decoding=\"async\" class=\"alignleft size-medium wp-image-63916\" title=\"Holokaust_1941_genocid_u_Bosni_92-95\" src=\"https:\/\/sandzakpress.net\/arhiva\/wp-content\/uploads\/2013\/01\/Holokaust_1941_genocid_u_Bosni_92-95-215x300.jpg\" alt=\"\" width=\"254\" height=\"300\" \/><\/a>BIH &#8211; Povodom obilje\u017eavanja 27. januara &#8211; Dana sje\u0107anja na \u017ertve holokausta,  Dru\u0161tvo za ugro\u017eene narode za BiH odaje po\u010dast preko \u0161est miliona  ubijenih Jevreja koji su zbog nacisti\u010dke mr\u017enje deportovani, mu\u010deni i  ubijani u koncentracionim logorima Njema\u010dke, Austrije, Poljske, Hrvatske  i drugih evropskih zemalja. <\/strong><br \/>\nStradanje Jevreja navelo je velike sile da nakon Drugog svjetskog rata  sve\u010dano obe\u0107aju da nikada vi\u0161e svijet ne\u0107e pre\u0161utjeti, da nikada vi\u0161e  svijet ne\u0107e propustiti da reagira na zlo\u010din genocida, saop\u0107eno je iz  Dru\u0161tva za ugro\u017eene narode za BiH.<br \/>\n&#8211; Ko je mogao i pomisliti da \u0107e se pedeset godina poslije Au\u0161vica,  Mathauzena, Treblinke, Dahaua, Oranienburga ponovo otvarati  koncentracioni logori i to u srcu Evrope &#8211; u Bosni i Hercegovini.  Pedeset godina nakon holokausta opet se dogodilo masovno protjerivanje,  deportacije, masovna ubijanja, masovna silovanja i genocid. UN-e ne samo  da nisu primjenile Konvenciju o sprje\u010davanju i ka\u017enjavanju genocida ve\u0107  su dozvolile da se pod njihovom zastavom i njihovom \u201eza\u0161titom\u201c u  enklavi Srebrenica dogodi genocid &#8211; istakla je Fadila Memi\u0161evi\u0107,  predsjednica Dru\u0161tva za ugro\u017eene narode za BiH.<br \/>\n&#8211; U krvi preko 8.000 ubijenih Srebreni\u010dana ugu\u0161ena je, od Mladi\u0107evih  trupa \u201eza\u0161ti\u0107ena\u201c enklava Srebrenica. Iako je presudom Me\u0111unarodnog suda  pravde u Den Hagu 2007. godine potvr\u0111eno da se u Srebrenici dogodio  genocid, on se u RS permanentno pori\u010de, minimizira i tabuizira \u0161to  vrije\u0111a \u017ertve i sprje\u010dava proces vra\u0107anja povjerenja. U ime \u017ertava od  EU-e tra\u017eimo da jedan od uslova prijema BiH u EU-u bude usvajanje Zakona  o ka\u017enjavanju poricanja, negiranja, minimiziranja i tabuiziranja  holokausta i genocida &#8211; kazala je Memi\u0161evi\u0107.<br \/>\nDru\u0161tvo za ugro\u017eene narode za BiH tra\u017ei od Generalne skup\u0161tine OUN-a da  usvoji Rezoluciju o 11. julu, Danu sje\u0107anja na \u017ertve genocida u  Srebrenici, kako bi se odavanjem po\u010dasti ubijenim Srebreni\u010danima UN-e  uvijek podsje\u0107ale da su mogle, ali da nisu htjele spasiti ove ljude,  navodi se u saop\u0107enju<\/p>\n<p>(B.net)<\/p>\n","protected":false},"excerpt":{"rendered":"<p>BIH &#8211; Povodom obilje\u017eavanja 27. januara &#8211; Dana sje\u0107anja na \u017ertve holokausta, Dru\u0161tvo za ugro\u017eene narode za BiH odaje po\u010dast preko \u0161est miliona ubijenih Jevreja koji su zbog nacisti\u010dke mr\u017enje deportovani, mu\u010deni i ubijani u koncentracionim logorima Njema\u010dke, Austrije, Poljske, Hrvatske i drugih evropskih zemalja. Stradanje Jevreja navelo je velike sile da nakon Drugog svjetskog [&hellip;]<\/p>\n","protected":false},"author":33,"featured_media":63916,"comment_status":"open","ping_status":"open","sticky":false,"template":"","format":"standard","meta":{"footnotes":""},"categories":[800,2860],"tags":[],"class_list":{"0":"post-63915","1":"post","2":"type-post","3":"status-publish","4":"format-standard","5":"has-post-thumbnail","7":"category-nacija","8":"category-bosna-i-hercegovina-gradovi"},"yoast_head":"<!-- This site is optimized with the Yoast SEO Premium plugin v23.1 (Yoast SEO v24.9) - https:\/\/yoast.com\/wordpress\/plugins\/seo\/ -->\n<title>Poziv UN-u da usvoji rezoluciju o 11. Julu, danu sje\u0107anja na \u017ertve genocida u Srebrenici<\/title>\n<meta name=\"robots\" content=\"index, follow, max-snippet:-1, max-image-preview:large, max-video-preview:-1\" \/>\n<link rel=\"canonical\" href=\"https:\/\/sandzakpress.net\/arhiva\/poziv-un-u-da-usvoji-rezoluciju-o-11-julu-danu-sjecanja-na-zrtve-genocida-u-srebrenici\/\" \/>\n<meta property=\"og:locale\" content=\"bs_BA\" \/>\n<meta property=\"og:type\" content=\"article\" \/>\n<meta property=\"og:title\" content=\"Poziv UN-u da usvoji rezoluciju o 11. Julu, danu sje\u0107anja na \u017ertve genocida u Srebrenici\" \/>\n<meta property=\"og:description\" content=\"BIH &#8211; Povodom obilje\u017eavanja 27. januara &#8211; Dana sje\u0107anja na \u017ertve holokausta, Dru\u0161tvo za ugro\u017eene narode za BiH odaje po\u010dast preko \u0161est miliona ubijenih Jevreja koji su zbog nacisti\u010dke mr\u017enje deportovani, mu\u010deni i ubijani u koncentracionim logorima Njema\u010dke, Austrije, Poljske, Hrvatske i drugih evropskih zemalja. Stradanje Jevreja navelo je velike sile da nakon Drugog svjetskog [&hellip;]\" \/>\n<meta property=\"og:url\" content=\"https:\/\/sandzakpress.net\/arhiva\/poziv-un-u-da-usvoji-rezoluciju-o-11-julu-danu-sjecanja-na-zrtve-genocida-u-srebrenici\/\" \/>\n<meta property=\"og:site_name\" content=\"Sand\u017eak PRESS\" \/>\n<meta property=\"article:published_time\" content=\"2013-01-26T13:59:46+00:00\" \/>\n<meta property=\"og:image\" content=\"https:\/\/sandzakpress.net\/arhiva\/wp-content\/uploads\/2013\/01\/Holokaust_1941_genocid_u_Bosni_92-95.jpg\" \/>\n\t<meta property=\"og:image:width\" content=\"299\" \/>\n\t<meta property=\"og:image:height\" content=\"416\" \/>\n\t<meta property=\"og:image:type\" content=\"image\/jpeg\" \/>\n<meta name=\"twitter:card\" content=\"summary_large_image\" \/>\n<meta name=\"twitter:label1\" content=\"Written by\" \/>\n\t<meta name=\"twitter:data1\" content=\"\" \/>\n\t<meta name=\"twitter:label2\" content=\"Est. reading time\" \/>\n\t<meta name=\"twitter:data2\" content=\"2 minute\" \/>\n<script type=\"application\/ld+json\" class=\"yoast-schema-graph\">{\"@context\":\"https:\/\/schema.org\",\"@graph\":[{\"@type\":\"Article\",\"@id\":\"https:\/\/sandzakpress.net\/arhiva\/poziv-un-u-da-usvoji-rezoluciju-o-11-julu-danu-sjecanja-na-zrtve-genocida-u-srebrenici\/#article\",\"isPartOf\":{\"@id\":\"https:\/\/sandzakpress.net\/arhiva\/poziv-un-u-da-usvoji-rezoluciju-o-11-julu-danu-sjecanja-na-zrtve-genocida-u-srebrenici\/\"},\"author\":{\"name\":\"\",\"@id\":\"\"},\"headline\":\"Poziv UN-u da usvoji rezoluciju o 11. Julu, danu sje\u0107anja na \u017ertve genocida u Srebrenici\",\"datePublished\":\"2013-01-26T13:59:46+00:00\",\"mainEntityOfPage\":{\"@id\":\"https:\/\/sandzakpress.net\/arhiva\/poziv-un-u-da-usvoji-rezoluciju-o-11-julu-danu-sjecanja-na-zrtve-genocida-u-srebrenici\/\"},\"wordCount\":363,\"commentCount\":0,\"publisher\":{\"@id\":\"https:\/\/sandzakpress.net\/arhiva\/#\/schema\/person\/6e72b67d6e51910a1117b3b483ba20bd\"},\"image\":{\"@id\":\"https:\/\/sandzakpress.net\/arhiva\/poziv-un-u-da-usvoji-rezoluciju-o-11-julu-danu-sjecanja-na-zrtve-genocida-u-srebrenici\/#primaryimage\"},\"thumbnailUrl\":\"https:\/\/sandzakpress.net\/arhiva\/wp-content\/uploads\/2013\/01\/Holokaust_1941_genocid_u_Bosni_92-95.jpg\",\"articleSection\":[\"Nacija\",\"Bosna i Hercegovina\"],\"inLanguage\":\"bs-BA\",\"potentialAction\":[{\"@type\":\"CommentAction\",\"name\":\"Comment\",\"target\":[\"https:\/\/sandzakpress.net\/arhiva\/poziv-un-u-da-usvoji-rezoluciju-o-11-julu-danu-sjecanja-na-zrtve-genocida-u-srebrenici\/#respond\"]}]},{\"@type\":\"WebPage\",\"@id\":\"https:\/\/sandzakpress.net\/arhiva\/poziv-un-u-da-usvoji-rezoluciju-o-11-julu-danu-sjecanja-na-zrtve-genocida-u-srebrenici\/\",\"url\":\"https:\/\/sandzakpress.net\/arhiva\/poziv-un-u-da-usvoji-rezoluciju-o-11-julu-danu-sjecanja-na-zrtve-genocida-u-srebrenici\/\",\"name\":\"Poziv UN-u da usvoji rezoluciju o 11. Julu, danu sje\u0107anja na \u017ertve genocida u Srebrenici\",\"isPartOf\":{\"@id\":\"https:\/\/sandzakpress.net\/arhiva\/#website\"},\"primaryImageOfPage\":{\"@id\":\"https:\/\/sandzakpress.net\/arhiva\/poziv-un-u-da-usvoji-rezoluciju-o-11-julu-danu-sjecanja-na-zrtve-genocida-u-srebrenici\/#primaryimage\"},\"image\":{\"@id\":\"https:\/\/sandzakpress.net\/arhiva\/poziv-un-u-da-usvoji-rezoluciju-o-11-julu-danu-sjecanja-na-zrtve-genocida-u-srebrenici\/#primaryimage\"},\"thumbnailUrl\":\"https:\/\/sandzakpress.net\/arhiva\/wp-content\/uploads\/2013\/01\/Holokaust_1941_genocid_u_Bosni_92-95.jpg\",\"datePublished\":\"2013-01-26T13:59:46+00:00\",\"breadcrumb\":{\"@id\":\"https:\/\/sandzakpress.net\/arhiva\/poziv-un-u-da-usvoji-rezoluciju-o-11-julu-danu-sjecanja-na-zrtve-genocida-u-srebrenici\/#breadcrumb\"},\"inLanguage\":\"bs-BA\",\"potentialAction\":[{\"@type\":\"ReadAction\",\"target\":[\"https:\/\/sandzakpress.net\/arhiva\/poziv-un-u-da-usvoji-rezoluciju-o-11-julu-danu-sjecanja-na-zrtve-genocida-u-srebrenici\/\"]}]},{\"@type\":\"ImageObject\",\"inLanguage\":\"bs-BA\",\"@id\":\"https:\/\/sandzakpress.net\/arhiva\/poziv-un-u-da-usvoji-rezoluciju-o-11-julu-danu-sjecanja-na-zrtve-genocida-u-srebrenici\/#primaryimage\",\"url\":\"https:\/\/sandzakpress.net\/arhiva\/wp-content\/uploads\/2013\/01\/Holokaust_1941_genocid_u_Bosni_92-95.jpg\",\"contentUrl\":\"https:\/\/sandzakpress.net\/arhiva\/wp-content\/uploads\/2013\/01\/Holokaust_1941_genocid_u_Bosni_92-95.jpg\",\"width\":299,\"height\":416},{\"@type\":\"BreadcrumbList\",\"@id\":\"https:\/\/sandzakpress.net\/arhiva\/poziv-un-u-da-usvoji-rezoluciju-o-11-julu-danu-sjecanja-na-zrtve-genocida-u-srebrenici\/#breadcrumb\",\"itemListElement\":[{\"@type\":\"ListItem\",\"position\":1,\"name\":\"Home\",\"item\":\"https:\/\/sandzakpress.net\/arhiva\/\"},{\"@type\":\"ListItem\",\"position\":2,\"name\":\"Poziv UN-u da usvoji rezoluciju o 11. Julu, danu sje\u0107anja na \u017ertve genocida u Srebrenici\"}]},{\"@type\":\"WebSite\",\"@id\":\"https:\/\/sandzakpress.net\/arhiva\/#website\",\"url\":\"https:\/\/sandzakpress.net\/arhiva\/\",\"name\":\"Sand\u017eak PRESS\",\"description\":\"Prve elektronske novine u Sand\u017eaku\",\"publisher\":{\"@id\":\"https:\/\/sandzakpress.net\/arhiva\/#\/schema\/person\/6e72b67d6e51910a1117b3b483ba20bd\"},\"potentialAction\":[{\"@type\":\"SearchAction\",\"target\":{\"@type\":\"EntryPoint\",\"urlTemplate\":\"https:\/\/sandzakpress.net\/arhiva\/?s={search_term_string}\"},\"query-input\":{\"@type\":\"PropertyValueSpecification\",\"valueRequired\":true,\"valueName\":\"search_term_string\"}}],\"inLanguage\":\"bs-BA\"},{\"@type\":[\"Person\",\"Organization\"],\"@id\":\"https:\/\/sandzakpress.net\/arhiva\/#\/schema\/person\/6e72b67d6e51910a1117b3b483ba20bd\",\"name\":\"Kul\",\"image\":{\"@type\":\"ImageObject\",\"inLanguage\":\"bs-BA\",\"@id\":\"https:\/\/sandzakpress.net\/arhiva\/#\/schema\/person\/image\/\",\"url\":\"https:\/\/secure.gravatar.com\/avatar\/42263f39aa27ac04c43cab85c280eb2e?s=96&d=mm&r=pg\",\"contentUrl\":\"https:\/\/secure.gravatar.com\/avatar\/42263f39aa27ac04c43cab85c280eb2e?s=96&d=mm&r=pg\",\"caption\":\"Kul\"},\"logo\":{\"@id\":\"https:\/\/sandzakpress.net\/arhiva\/#\/schema\/person\/image\/\"}},{\"@type\":\"Person\",\"@id\":\"\",\"url\":\"https:\/\/sandzakpress.net\/arhiva\/author\/\"}]}<\/script>\n<!-- \/ Yoast SEO Premium plugin. -->","yoast_head_json":{"title":"Poziv UN-u da usvoji rezoluciju o 11. Julu, danu sje\u0107anja na \u017ertve genocida u Srebrenici","robots":{"index":"index","follow":"follow","max-snippet":"max-snippet:-1","max-image-preview":"max-image-preview:large","max-video-preview":"max-video-preview:-1"},"canonical":"https:\/\/sandzakpress.net\/arhiva\/poziv-un-u-da-usvoji-rezoluciju-o-11-julu-danu-sjecanja-na-zrtve-genocida-u-srebrenici\/","og_locale":"bs_BA","og_type":"article","og_title":"Poziv UN-u da usvoji rezoluciju o 11. Julu, danu sje\u0107anja na \u017ertve genocida u Srebrenici","og_description":"BIH &#8211; Povodom obilje\u017eavanja 27. januara &#8211; Dana sje\u0107anja na \u017ertve holokausta, Dru\u0161tvo za ugro\u017eene narode za BiH odaje po\u010dast preko \u0161est miliona ubijenih Jevreja koji su zbog nacisti\u010dke mr\u017enje deportovani, mu\u010deni i ubijani u koncentracionim logorima Njema\u010dke, Austrije, Poljske, Hrvatske i drugih evropskih zemalja. Stradanje Jevreja navelo je velike sile da nakon Drugog svjetskog [&hellip;]","og_url":"https:\/\/sandzakpress.net\/arhiva\/poziv-un-u-da-usvoji-rezoluciju-o-11-julu-danu-sjecanja-na-zrtve-genocida-u-srebrenici\/","og_site_name":"Sand\u017eak PRESS","article_published_time":"2013-01-26T13:59:46+00:00","og_image":[{"width":299,"height":416,"url":"https:\/\/sandzakpress.net\/arhiva\/wp-content\/uploads\/2013\/01\/Holokaust_1941_genocid_u_Bosni_92-95.jpg","type":"image\/jpeg"}],"twitter_card":"summary_large_image","twitter_misc":{"Written by":"","Est. reading time":"2 minute"},"schema":{"@context":"https:\/\/schema.org","@graph":[{"@type":"Article","@id":"https:\/\/sandzakpress.net\/arhiva\/poziv-un-u-da-usvoji-rezoluciju-o-11-julu-danu-sjecanja-na-zrtve-genocida-u-srebrenici\/#article","isPartOf":{"@id":"https:\/\/sandzakpress.net\/arhiva\/poziv-un-u-da-usvoji-rezoluciju-o-11-julu-danu-sjecanja-na-zrtve-genocida-u-srebrenici\/"},"author":{"name":"","@id":""},"headline":"Poziv UN-u da usvoji rezoluciju o 11. Julu, danu sje\u0107anja na \u017ertve genocida u Srebrenici","datePublished":"2013-01-26T13:59:46+00:00","mainEntityOfPage":{"@id":"https:\/\/sandzakpress.net\/arhiva\/poziv-un-u-da-usvoji-rezoluciju-o-11-julu-danu-sjecanja-na-zrtve-genocida-u-srebrenici\/"},"wordCount":363,"commentCount":0,"publisher":{"@id":"https:\/\/sandzakpress.net\/arhiva\/#\/schema\/person\/6e72b67d6e51910a1117b3b483ba20bd"},"image":{"@id":"https:\/\/sandzakpress.net\/arhiva\/poziv-un-u-da-usvoji-rezoluciju-o-11-julu-danu-sjecanja-na-zrtve-genocida-u-srebrenici\/#primaryimage"},"thumbnailUrl":"https:\/\/sandzakpress.net\/arhiva\/wp-content\/uploads\/2013\/01\/Holokaust_1941_genocid_u_Bosni_92-95.jpg","articleSection":["Nacija","Bosna i Hercegovina"],"inLanguage":"bs-BA","potentialAction":[{"@type":"CommentAction","name":"Comment","target":["https:\/\/sandzakpress.net\/arhiva\/poziv-un-u-da-usvoji-rezoluciju-o-11-julu-danu-sjecanja-na-zrtve-genocida-u-srebrenici\/#respond"]}]},{"@type":"WebPage","@id":"https:\/\/sandzakpress.net\/arhiva\/poziv-un-u-da-usvoji-rezoluciju-o-11-julu-danu-sjecanja-na-zrtve-genocida-u-srebrenici\/","url":"https:\/\/sandzakpress.net\/arhiva\/poziv-un-u-da-usvoji-rezoluciju-o-11-julu-danu-sjecanja-na-zrtve-genocida-u-srebrenici\/","name":"Poziv UN-u da usvoji rezoluciju o 11. Julu, danu sje\u0107anja na \u017ertve genocida u Srebrenici","isPartOf":{"@id":"https:\/\/sandzakpress.net\/arhiva\/#website"},"primaryImageOfPage":{"@id":"https:\/\/sandzakpress.net\/arhiva\/poziv-un-u-da-usvoji-rezoluciju-o-11-julu-danu-sjecanja-na-zrtve-genocida-u-srebrenici\/#primaryimage"},"image":{"@id":"https:\/\/sandzakpress.net\/arhiva\/poziv-un-u-da-usvoji-rezoluciju-o-11-julu-danu-sjecanja-na-zrtve-genocida-u-srebrenici\/#primaryimage"},"thumbnailUrl":"https:\/\/sandzakpress.net\/arhiva\/wp-content\/uploads\/2013\/01\/Holokaust_1941_genocid_u_Bosni_92-95.jpg","datePublished":"2013-01-26T13:59:46+00:00","breadcrumb":{"@id":"https:\/\/sandzakpress.net\/arhiva\/poziv-un-u-da-usvoji-rezoluciju-o-11-julu-danu-sjecanja-na-zrtve-genocida-u-srebrenici\/#breadcrumb"},"inLanguage":"bs-BA","potentialAction":[{"@type":"ReadAction","target":["https:\/\/sandzakpress.net\/arhiva\/poziv-un-u-da-usvoji-rezoluciju-o-11-julu-danu-sjecanja-na-zrtve-genocida-u-srebrenici\/"]}]},{"@type":"ImageObject","inLanguage":"bs-BA","@id":"https:\/\/sandzakpress.net\/arhiva\/poziv-un-u-da-usvoji-rezoluciju-o-11-julu-danu-sjecanja-na-zrtve-genocida-u-srebrenici\/#primaryimage","url":"https:\/\/sandzakpress.net\/arhiva\/wp-content\/uploads\/2013\/01\/Holokaust_1941_genocid_u_Bosni_92-95.jpg","contentUrl":"https:\/\/sandzakpress.net\/arhiva\/wp-content\/uploads\/2013\/01\/Holokaust_1941_genocid_u_Bosni_92-95.jpg","width":299,"height":416},{"@type":"BreadcrumbList","@id":"https:\/\/sandzakpress.net\/arhiva\/poziv-un-u-da-usvoji-rezoluciju-o-11-julu-danu-sjecanja-na-zrtve-genocida-u-srebrenici\/#breadcrumb","itemListElement":[{"@type":"ListItem","position":1,"name":"Home","item":"https:\/\/sandzakpress.net\/arhiva\/"},{"@type":"ListItem","position":2,"name":"Poziv UN-u da usvoji rezoluciju o 11. Julu, danu sje\u0107anja na \u017ertve genocida u Srebrenici"}]},{"@type":"WebSite","@id":"https:\/\/sandzakpress.net\/arhiva\/#website","url":"https:\/\/sandzakpress.net\/arhiva\/","name":"Sand\u017eak PRESS","description":"Prve elektronske novine u Sand\u017eaku","publisher":{"@id":"https:\/\/sandzakpress.net\/arhiva\/#\/schema\/person\/6e72b67d6e51910a1117b3b483ba20bd"},"potentialAction":[{"@type":"SearchAction","target":{"@type":"EntryPoint","urlTemplate":"https:\/\/sandzakpress.net\/arhiva\/?s={search_term_string}"},"query-input":{"@type":"PropertyValueSpecification","valueRequired":true,"valueName":"search_term_string"}}],"inLanguage":"bs-BA"},{"@type":["Person","Organization"],"@id":"https:\/\/sandzakpress.net\/arhiva\/#\/schema\/person\/6e72b67d6e51910a1117b3b483ba20bd","name":"Kul","image":{"@type":"ImageObject","inLanguage":"bs-BA","@id":"https:\/\/sandzakpress.net\/arhiva\/#\/schema\/person\/image\/","url":"https:\/\/secure.gravatar.com\/avatar\/42263f39aa27ac04c43cab85c280eb2e?s=96&d=mm&r=pg","contentUrl":"https:\/\/secure.gravatar.com\/avatar\/42263f39aa27ac04c43cab85c280eb2e?s=96&d=mm&r=pg","caption":"Kul"},"logo":{"@id":"https:\/\/sandzakpress.net\/arhiva\/#\/schema\/person\/image\/"}},{"@type":"Person","@id":"","url":"https:\/\/sandzakpress.net\/arhiva\/author\/"}]}},"_links":{"self":[{"href":"https:\/\/sandzakpress.net\/arhiva\/wp-json\/wp\/v2\/posts\/63915"}],"collection":[{"href":"https:\/\/sandzakpress.net\/arhiva\/wp-json\/wp\/v2\/posts"}],"about":[{"href":"https:\/\/sandzakpress.net\/arhiva\/wp-json\/wp\/v2\/types\/post"}],"author":[{"embeddable":true,"href":"https:\/\/sandzakpress.net\/arhiva\/wp-json\/wp\/v2\/users\/33"}],"replies":[{"embeddable":true,"href":"https:\/\/sandzakpress.net\/arhiva\/wp-json\/wp\/v2\/comments?post=63915"}],"version-history":[{"count":0,"href":"https:\/\/sandzakpress.net\/arhiva\/wp-json\/wp\/v2\/posts\/63915\/revisions"}],"wp:featuredmedia":[{"embeddable":true,"href":"https:\/\/sandzakpress.net\/arhiva\/wp-json\/wp\/v2\/media\/63916"}],"wp:attachment":[{"href":"https:\/\/sandzakpress.net\/arhiva\/wp-json\/wp\/v2\/media?parent=63915"}],"wp:term":[{"taxonomy":"category","embeddable":true,"href":"https:\/\/sandzakpress.net\/arhiva\/wp-json\/wp\/v2\/categories?post=63915"},{"taxonomy":"post_tag","embeddable":true,"href":"https:\/\/sandzakpress.net\/arhiva\/wp-json\/wp\/v2\/tags?post=63915"}],"curies":[{"name":"wp","href":"https:\/\/api.w.org\/{rel}","templated":true}]}}