{"id":63907,"date":"2013-01-26T14:36:40","date_gmt":"2013-01-26T13:36:40","guid":{"rendered":"https:\/\/sandzakpress.net\/arhiva\/?p=63907"},"modified":"2013-01-26T15:14:33","modified_gmt":"2013-01-26T14:14:33","slug":"bosnjaci-sirom-svijeta-od-ban-ki-moona-zahtijevaju-da-smijeni-jeremica","status":"publish","type":"post","link":"https:\/\/sandzakpress.net\/arhiva\/bosnjaci-sirom-svijeta-od-ban-ki-moona-zahtijevaju-da-smijeni-jeremica\/","title":{"rendered":"Bo\u0161njaci \u0161irom svijeta od Ban Ki-Moona zahtijevaju da smijeni Jeremi\u0107a"},"content":{"rendered":"<p><strong><a href=\"https:\/\/sandzakpress.net\/arhiva\/wp-content\/uploads\/2013\/01\/vuk-jeremic.jpg\"><img loading=\"lazy\" decoding=\"async\" class=\"alignleft size-medium wp-image-63928\" title=\"vuk-jeremic\" src=\"https:\/\/sandzakpress.net\/arhiva\/wp-content\/uploads\/2013\/01\/vuk-jeremic-300x225.jpg\" alt=\"\" width=\"300\" height=\"225\" \/><\/a>Va\u0161a Ekselencijo,<br \/>\nGospodine Generalni sekretare,<\/strong><\/p>\n<p>Imali ste priliku uvjeriti se u kojoj mjeri je nedavni doga\u0111aj u sjedi\u0161tu Ujedinjenih Nacija (UN) stvorio pometnju me\u0111u Bo\u0161njacima diljem svijeta. Cijenimo Va\u0161e izraze \u017ealjenja koji ste izrazili povodom tog nemilog doga\u0111aja.<\/p>\n<p>Me\u0111utim, du\u017eni smo reagirati i izraziti na\u0161e najdublje \u017ealjenje zbog \u010dinjenice koja ukazuje da je UN ponovno zloubotrijebljen od strane Srbije.<\/p>\n<p>Na po\u010detku \u017eelimo podsjetiti na sljede\u0107e: U trenutku kada se dogodila agresija srpsko-crnogorske vojske u Bosni i Hercegovini u periodi od 1992. do 1995., UN je vjerovao rije\u010dima agresorskih snaga i ostavio na milost i nemilost na hiljade bosanskih civila. Kao posljedica toga, mi Bo\u0161njaci smo bili \u017ertve UN-ovog embarga na uvoz oru\u017eja, te smo imali preko 200.000 ubijenih bo\u0161nja\u010dkih civila u regijama pod za\u0161titom UN-a, vi\u0161e od 50.000 \u017eena, djevojaka je silovano, vi\u0161e od 500 d\u017eamija i historijskih spomenika je uni\u0161teno. I pored genocida u Srebrenici, vi\u0161e od 8 000 bo\u0161nja\u010dkih civila pobijeno je u roku od samo tri dana, ne zaboravljaju\u0107i na genocid po\u010dinjen u drugim gradovima u Bosni i Hercegovini.<\/p>\n<p>Uva\u017eena Ekselencijo,<br \/>\nNe zaboravite i 1 500 ubijene djece u Sarajevu, na\u0161em glavnom gradu opsjednutom od strane srpsko-crnogorskih snaga tokom agresije. I kao rezultat svega nabrojanog, danas svjedo\u010dimo postojanje tvorevine Republike Srpske koja je nastala na genocidu i koja uporno nastoji sru\u0161iti dr\u017eavu Bosnu i Hercegovinu.<\/p>\n<p>Zatim, 14. januara ove godine, predsjednik 67. Generalne skup\u0161tine UN-a, gospodin Vuk Jeremi\u0107, biv\u0161i ministar vanjskih poslova Srbije, koristi priliku da prilikom organizovane sve\u010danosti u sjedi\u0161tu UN, intonira nacionalisti\u010dku himnu \u201eMar\u0161 na Drinu\u201c, koja je tako\u0111er poznata i kao \u010detni\u010dka himna. Pretpostavljamo da ste sada ve\u0107 i upoznati da pomenuta pjesma u sebi sadr\u017ei rije\u010di mr\u017enje i nasilja prema svima onim koji nisu Srbi. A srpske \u017ertve se jo\u0161 uvijek sje\u0107aju srpskih vojnika koji su \u010dinili zlo\u010dine upravo pjevaju\u0107i stihove \u201eMar\u0161 na Drinu\u201c.<\/p>\n<p>Po\u0161tovana Ekselencijo,<br \/>\n\u017delimo naglasiti da \u0107emo nastojati i u budu\u0107nosti pa\u017eljivo pratiti posljedice ove prevare, pritom se pitaju\u0107i \u2013 da li \u0107e to Bo\u0161njaci biti ponovno \u017ertve genocida i nove prevare Srbije preko le\u0111a UN-a?<\/p>\n<p>Smatramo da je ovaj incident skandalozna uvreda svih \u017ertava genocida u Republici Bosni i Hercegovini kao i Hrvatskoj, Kosovu, sand\u017ea\u010dkoj regiji, te u drugim podru\u010djima gdje se iz generacije u generaciju vr\u0161e sistematska ubistva, masakri i genocidi nad nedu\u017enim narodom.<\/p>\n<p>Mo\u017eemo li na trenutak zamisliti, Uva\u017eena Ekselencijo, da se nacisti\u010dka himna \u201dDie Fahne hoch\u201d pod kojom su nacisti ubili na hiljade i hiljade civila, bude otpjevana od strane nekog Njemca u institucijama UN!?<\/p>\n<p>Zbog svega navedenog, a u ime svih \u017ertava genocida, tra\u017eimo od Vas gospodine Generalni sekretare, da osudite ovaj nedopustivi \u010din gospodina Vuka Jeremi\u0107a, i da od istog zatra\u017eite ostavku ili ga smijenite sa mjesta predsjednika Generalne skup\u0161tine UN.<\/p>\n<p>Na kraju, Uva\u017eena Ekselencijo, o\u010dekujemo Va\u0161e razumijevanje i \u017eelimo vjerovati u Va\u0161u iskrenost.<\/p>\n<p><strong>Potpisnici:<\/strong><\/p>\n<p>BKZ-Belgija<br \/>\nNed\u017ead \u0106eman, predsjednik<\/p>\n<p>BKZ- Luxembourg<br \/>\nFaruk Li\u010dina, predsjednik<\/p>\n<p>Centrala (BKZ Sand\u017eak)<br \/>\nJahja Fehratovi\u0107, predsjednik<\/p>\n<p>BKZ Crne Gore<br \/>\nHazbija Kala\u010d, predsjednik<\/p>\n<p>BKZ \u2013 Kosova<br \/>\nSahit Kandi\u0107, predsjednik<\/p>\n<p>Bo\u0161nja\u010dki savjet Kosova<br \/>\nIsak Meta, predsjednik<\/p>\n<p>Zajednica sand\u017ea\u010dke dijaspore<br \/>\nMithat Mujovi\u0107, predsjednik<\/p>\n<p>Bo\u0161njaci.Net \u2013 New York<br \/>\nEsad Krci\u0107, gl. urednik<\/p>\n<p>Predstavnik za diplomatske odnose Bo\u0161njaka Benelux-a<br \/>\nAsmir Bihorac<\/p>\n<p>Koalicija \u00abBitno je Biti Bosnjak\u00bb \u2013 Sarajevo<br \/>\nZa koaliciju Haris Osmanagi\u0107<\/p>\n<p>Bo\u0161nja\u010dki pokret za ravnopravnost naroda \u2013 Sarajevo<br \/>\nSejfudin Toki\u0107, predsjednik<\/p>\n<p>Liga za Sand\u017eak, Sarajevo<br \/>\nTarik Kurbegovi\u0107, predsjednik<\/p>\n<p>Centar for Tolerance and Integration \u2013 Kosovo<br \/>\nRejhan Kurba\u0161evi\u0107, predsjednik<\/p>\n<p>(B.net)<\/p>\n","protected":false},"excerpt":{"rendered":"<p>Va\u0161a Ekselencijo, Gospodine Generalni sekretare, Imali ste priliku uvjeriti se u kojoj mjeri je nedavni doga\u0111aj u sjedi\u0161tu Ujedinjenih Nacija (UN) stvorio pometnju me\u0111u Bo\u0161njacima diljem svijeta. Cijenimo Va\u0161e izraze \u017ealjenja koji ste izrazili povodom tog nemilog doga\u0111aja. Me\u0111utim, du\u017eni smo reagirati i izraziti na\u0161e najdublje \u017ealjenje zbog \u010dinjenice koja ukazuje da je UN ponovno [&hellip;]<\/p>\n","protected":false},"author":33,"featured_media":63928,"comment_status":"open","ping_status":"open","sticky":false,"template":"","format":"standard","meta":{"footnotes":""},"categories":[800,2860,9548,9549,8957],"tags":[],"class_list":{"0":"post-63907","1":"post","2":"type-post","3":"status-publish","4":"format-standard","5":"has-post-thumbnail","7":"category-nacija","8":"category-bosna-i-hercegovina-gradovi","9":"category-belgija-dijaspora-gradovi-vase-vijesti","10":"category-luxemburg","11":"category-vijesti-dana"},"yoast_head":"<!-- This site is optimized with the Yoast SEO Premium plugin v23.1 (Yoast SEO v24.9) - https:\/\/yoast.com\/wordpress\/plugins\/seo\/ -->\n<title>Bo\u0161njaci \u0161irom svijeta od Ban Ki-Moona zahtijevaju da smijeni Jeremi\u0107a<\/title>\n<meta name=\"robots\" content=\"index, follow, max-snippet:-1, max-image-preview:large, max-video-preview:-1\" \/>\n<link rel=\"canonical\" href=\"https:\/\/sandzakpress.net\/arhiva\/bosnjaci-sirom-svijeta-od-ban-ki-moona-zahtijevaju-da-smijeni-jeremica\/\" \/>\n<meta property=\"og:locale\" content=\"bs_BA\" \/>\n<meta property=\"og:type\" content=\"article\" \/>\n<meta property=\"og:title\" content=\"Bo\u0161njaci \u0161irom svijeta od Ban Ki-Moona zahtijevaju da smijeni Jeremi\u0107a\" \/>\n<meta property=\"og:description\" content=\"Va\u0161a Ekselencijo, Gospodine Generalni sekretare, Imali ste priliku uvjeriti se u kojoj mjeri je nedavni doga\u0111aj u sjedi\u0161tu Ujedinjenih Nacija (UN) stvorio pometnju me\u0111u Bo\u0161njacima diljem svijeta. Cijenimo Va\u0161e izraze \u017ealjenja koji ste izrazili povodom tog nemilog doga\u0111aja. Me\u0111utim, du\u017eni smo reagirati i izraziti na\u0161e najdublje \u017ealjenje zbog \u010dinjenice koja ukazuje da je UN ponovno [&hellip;]\" \/>\n<meta property=\"og:url\" content=\"https:\/\/sandzakpress.net\/arhiva\/bosnjaci-sirom-svijeta-od-ban-ki-moona-zahtijevaju-da-smijeni-jeremica\/\" \/>\n<meta property=\"og:site_name\" content=\"Sand\u017eak PRESS\" \/>\n<meta property=\"article:published_time\" content=\"2013-01-26T13:36:40+00:00\" \/>\n<meta property=\"article:modified_time\" content=\"2013-01-26T14:14:33+00:00\" \/>\n<meta property=\"og:image\" content=\"https:\/\/sandzakpress.net\/arhiva\/wp-content\/uploads\/2013\/01\/vuk-jeremic.jpg\" \/>\n\t<meta property=\"og:image:width\" content=\"400\" \/>\n\t<meta property=\"og:image:height\" content=\"300\" \/>\n\t<meta property=\"og:image:type\" content=\"image\/jpeg\" \/>\n<meta name=\"twitter:card\" content=\"summary_large_image\" \/>\n<meta name=\"twitter:label1\" content=\"Written by\" \/>\n\t<meta name=\"twitter:data1\" content=\"\" \/>\n\t<meta name=\"twitter:label2\" content=\"Est. reading time\" \/>\n\t<meta name=\"twitter:data2\" content=\"3 minute\" \/>\n<script type=\"application\/ld+json\" class=\"yoast-schema-graph\">{\"@context\":\"https:\/\/schema.org\",\"@graph\":[{\"@type\":\"Article\",\"@id\":\"https:\/\/sandzakpress.net\/arhiva\/bosnjaci-sirom-svijeta-od-ban-ki-moona-zahtijevaju-da-smijeni-jeremica\/#article\",\"isPartOf\":{\"@id\":\"https:\/\/sandzakpress.net\/arhiva\/bosnjaci-sirom-svijeta-od-ban-ki-moona-zahtijevaju-da-smijeni-jeremica\/\"},\"author\":{\"name\":\"\",\"@id\":\"\"},\"headline\":\"Bo\u0161njaci \u0161irom svijeta od Ban Ki-Moona zahtijevaju da smijeni Jeremi\u0107a\",\"datePublished\":\"2013-01-26T13:36:40+00:00\",\"dateModified\":\"2013-01-26T14:14:33+00:00\",\"mainEntityOfPage\":{\"@id\":\"https:\/\/sandzakpress.net\/arhiva\/bosnjaci-sirom-svijeta-od-ban-ki-moona-zahtijevaju-da-smijeni-jeremica\/\"},\"wordCount\":632,\"commentCount\":3,\"publisher\":{\"@id\":\"https:\/\/sandzakpress.net\/arhiva\/#\/schema\/person\/6e72b67d6e51910a1117b3b483ba20bd\"},\"image\":{\"@id\":\"https:\/\/sandzakpress.net\/arhiva\/bosnjaci-sirom-svijeta-od-ban-ki-moona-zahtijevaju-da-smijeni-jeremica\/#primaryimage\"},\"thumbnailUrl\":\"https:\/\/sandzakpress.net\/arhiva\/wp-content\/uploads\/2013\/01\/vuk-jeremic.jpg\",\"articleSection\":[\"Nacija\",\"Bosna i Hercegovina\",\"Belgija\",\"Luksemburg\",\"VIJESTI DANA\"],\"inLanguage\":\"bs-BA\",\"potentialAction\":[{\"@type\":\"CommentAction\",\"name\":\"Comment\",\"target\":[\"https:\/\/sandzakpress.net\/arhiva\/bosnjaci-sirom-svijeta-od-ban-ki-moona-zahtijevaju-da-smijeni-jeremica\/#respond\"]}]},{\"@type\":\"WebPage\",\"@id\":\"https:\/\/sandzakpress.net\/arhiva\/bosnjaci-sirom-svijeta-od-ban-ki-moona-zahtijevaju-da-smijeni-jeremica\/\",\"url\":\"https:\/\/sandzakpress.net\/arhiva\/bosnjaci-sirom-svijeta-od-ban-ki-moona-zahtijevaju-da-smijeni-jeremica\/\",\"name\":\"Bo\u0161njaci \u0161irom svijeta od Ban Ki-Moona zahtijevaju da smijeni Jeremi\u0107a\",\"isPartOf\":{\"@id\":\"https:\/\/sandzakpress.net\/arhiva\/#website\"},\"primaryImageOfPage\":{\"@id\":\"https:\/\/sandzakpress.net\/arhiva\/bosnjaci-sirom-svijeta-od-ban-ki-moona-zahtijevaju-da-smijeni-jeremica\/#primaryimage\"},\"image\":{\"@id\":\"https:\/\/sandzakpress.net\/arhiva\/bosnjaci-sirom-svijeta-od-ban-ki-moona-zahtijevaju-da-smijeni-jeremica\/#primaryimage\"},\"thumbnailUrl\":\"https:\/\/sandzakpress.net\/arhiva\/wp-content\/uploads\/2013\/01\/vuk-jeremic.jpg\",\"datePublished\":\"2013-01-26T13:36:40+00:00\",\"dateModified\":\"2013-01-26T14:14:33+00:00\",\"breadcrumb\":{\"@id\":\"https:\/\/sandzakpress.net\/arhiva\/bosnjaci-sirom-svijeta-od-ban-ki-moona-zahtijevaju-da-smijeni-jeremica\/#breadcrumb\"},\"inLanguage\":\"bs-BA\",\"potentialAction\":[{\"@type\":\"ReadAction\",\"target\":[\"https:\/\/sandzakpress.net\/arhiva\/bosnjaci-sirom-svijeta-od-ban-ki-moona-zahtijevaju-da-smijeni-jeremica\/\"]}]},{\"@type\":\"ImageObject\",\"inLanguage\":\"bs-BA\",\"@id\":\"https:\/\/sandzakpress.net\/arhiva\/bosnjaci-sirom-svijeta-od-ban-ki-moona-zahtijevaju-da-smijeni-jeremica\/#primaryimage\",\"url\":\"https:\/\/sandzakpress.net\/arhiva\/wp-content\/uploads\/2013\/01\/vuk-jeremic.jpg\",\"contentUrl\":\"https:\/\/sandzakpress.net\/arhiva\/wp-content\/uploads\/2013\/01\/vuk-jeremic.jpg\",\"width\":400,\"height\":300},{\"@type\":\"BreadcrumbList\",\"@id\":\"https:\/\/sandzakpress.net\/arhiva\/bosnjaci-sirom-svijeta-od-ban-ki-moona-zahtijevaju-da-smijeni-jeremica\/#breadcrumb\",\"itemListElement\":[{\"@type\":\"ListItem\",\"position\":1,\"name\":\"Home\",\"item\":\"https:\/\/sandzakpress.net\/arhiva\/\"},{\"@type\":\"ListItem\",\"position\":2,\"name\":\"Bo\u0161njaci \u0161irom svijeta od Ban Ki-Moona zahtijevaju da smijeni Jeremi\u0107a\"}]},{\"@type\":\"WebSite\",\"@id\":\"https:\/\/sandzakpress.net\/arhiva\/#website\",\"url\":\"https:\/\/sandzakpress.net\/arhiva\/\",\"name\":\"Sand\u017eak PRESS\",\"description\":\"Prve elektronske novine u Sand\u017eaku\",\"publisher\":{\"@id\":\"https:\/\/sandzakpress.net\/arhiva\/#\/schema\/person\/6e72b67d6e51910a1117b3b483ba20bd\"},\"potentialAction\":[{\"@type\":\"SearchAction\",\"target\":{\"@type\":\"EntryPoint\",\"urlTemplate\":\"https:\/\/sandzakpress.net\/arhiva\/?s={search_term_string}\"},\"query-input\":{\"@type\":\"PropertyValueSpecification\",\"valueRequired\":true,\"valueName\":\"search_term_string\"}}],\"inLanguage\":\"bs-BA\"},{\"@type\":[\"Person\",\"Organization\"],\"@id\":\"https:\/\/sandzakpress.net\/arhiva\/#\/schema\/person\/6e72b67d6e51910a1117b3b483ba20bd\",\"name\":\"Kul\",\"image\":{\"@type\":\"ImageObject\",\"inLanguage\":\"bs-BA\",\"@id\":\"https:\/\/sandzakpress.net\/arhiva\/#\/schema\/person\/image\/\",\"url\":\"https:\/\/secure.gravatar.com\/avatar\/42263f39aa27ac04c43cab85c280eb2e?s=96&d=mm&r=pg\",\"contentUrl\":\"https:\/\/secure.gravatar.com\/avatar\/42263f39aa27ac04c43cab85c280eb2e?s=96&d=mm&r=pg\",\"caption\":\"Kul\"},\"logo\":{\"@id\":\"https:\/\/sandzakpress.net\/arhiva\/#\/schema\/person\/image\/\"}},{\"@type\":\"Person\",\"@id\":\"\",\"url\":\"https:\/\/sandzakpress.net\/arhiva\/author\/\"}]}<\/script>\n<!-- \/ Yoast SEO Premium plugin. -->","yoast_head_json":{"title":"Bo\u0161njaci \u0161irom svijeta od Ban Ki-Moona zahtijevaju da smijeni Jeremi\u0107a","robots":{"index":"index","follow":"follow","max-snippet":"max-snippet:-1","max-image-preview":"max-image-preview:large","max-video-preview":"max-video-preview:-1"},"canonical":"https:\/\/sandzakpress.net\/arhiva\/bosnjaci-sirom-svijeta-od-ban-ki-moona-zahtijevaju-da-smijeni-jeremica\/","og_locale":"bs_BA","og_type":"article","og_title":"Bo\u0161njaci \u0161irom svijeta od Ban Ki-Moona zahtijevaju da smijeni Jeremi\u0107a","og_description":"Va\u0161a Ekselencijo, Gospodine Generalni sekretare, Imali ste priliku uvjeriti se u kojoj mjeri je nedavni doga\u0111aj u sjedi\u0161tu Ujedinjenih Nacija (UN) stvorio pometnju me\u0111u Bo\u0161njacima diljem svijeta. Cijenimo Va\u0161e izraze \u017ealjenja koji ste izrazili povodom tog nemilog doga\u0111aja. Me\u0111utim, du\u017eni smo reagirati i izraziti na\u0161e najdublje \u017ealjenje zbog \u010dinjenice koja ukazuje da je UN ponovno [&hellip;]","og_url":"https:\/\/sandzakpress.net\/arhiva\/bosnjaci-sirom-svijeta-od-ban-ki-moona-zahtijevaju-da-smijeni-jeremica\/","og_site_name":"Sand\u017eak PRESS","article_published_time":"2013-01-26T13:36:40+00:00","article_modified_time":"2013-01-26T14:14:33+00:00","og_image":[{"width":400,"height":300,"url":"https:\/\/sandzakpress.net\/arhiva\/wp-content\/uploads\/2013\/01\/vuk-jeremic.jpg","type":"image\/jpeg"}],"twitter_card":"summary_large_image","twitter_misc":{"Written by":"","Est. reading time":"3 minute"},"schema":{"@context":"https:\/\/schema.org","@graph":[{"@type":"Article","@id":"https:\/\/sandzakpress.net\/arhiva\/bosnjaci-sirom-svijeta-od-ban-ki-moona-zahtijevaju-da-smijeni-jeremica\/#article","isPartOf":{"@id":"https:\/\/sandzakpress.net\/arhiva\/bosnjaci-sirom-svijeta-od-ban-ki-moona-zahtijevaju-da-smijeni-jeremica\/"},"author":{"name":"","@id":""},"headline":"Bo\u0161njaci \u0161irom svijeta od Ban Ki-Moona zahtijevaju da smijeni Jeremi\u0107a","datePublished":"2013-01-26T13:36:40+00:00","dateModified":"2013-01-26T14:14:33+00:00","mainEntityOfPage":{"@id":"https:\/\/sandzakpress.net\/arhiva\/bosnjaci-sirom-svijeta-od-ban-ki-moona-zahtijevaju-da-smijeni-jeremica\/"},"wordCount":632,"commentCount":3,"publisher":{"@id":"https:\/\/sandzakpress.net\/arhiva\/#\/schema\/person\/6e72b67d6e51910a1117b3b483ba20bd"},"image":{"@id":"https:\/\/sandzakpress.net\/arhiva\/bosnjaci-sirom-svijeta-od-ban-ki-moona-zahtijevaju-da-smijeni-jeremica\/#primaryimage"},"thumbnailUrl":"https:\/\/sandzakpress.net\/arhiva\/wp-content\/uploads\/2013\/01\/vuk-jeremic.jpg","articleSection":["Nacija","Bosna i Hercegovina","Belgija","Luksemburg","VIJESTI DANA"],"inLanguage":"bs-BA","potentialAction":[{"@type":"CommentAction","name":"Comment","target":["https:\/\/sandzakpress.net\/arhiva\/bosnjaci-sirom-svijeta-od-ban-ki-moona-zahtijevaju-da-smijeni-jeremica\/#respond"]}]},{"@type":"WebPage","@id":"https:\/\/sandzakpress.net\/arhiva\/bosnjaci-sirom-svijeta-od-ban-ki-moona-zahtijevaju-da-smijeni-jeremica\/","url":"https:\/\/sandzakpress.net\/arhiva\/bosnjaci-sirom-svijeta-od-ban-ki-moona-zahtijevaju-da-smijeni-jeremica\/","name":"Bo\u0161njaci \u0161irom svijeta od Ban Ki-Moona zahtijevaju da smijeni Jeremi\u0107a","isPartOf":{"@id":"https:\/\/sandzakpress.net\/arhiva\/#website"},"primaryImageOfPage":{"@id":"https:\/\/sandzakpress.net\/arhiva\/bosnjaci-sirom-svijeta-od-ban-ki-moona-zahtijevaju-da-smijeni-jeremica\/#primaryimage"},"image":{"@id":"https:\/\/sandzakpress.net\/arhiva\/bosnjaci-sirom-svijeta-od-ban-ki-moona-zahtijevaju-da-smijeni-jeremica\/#primaryimage"},"thumbnailUrl":"https:\/\/sandzakpress.net\/arhiva\/wp-content\/uploads\/2013\/01\/vuk-jeremic.jpg","datePublished":"2013-01-26T13:36:40+00:00","dateModified":"2013-01-26T14:14:33+00:00","breadcrumb":{"@id":"https:\/\/sandzakpress.net\/arhiva\/bosnjaci-sirom-svijeta-od-ban-ki-moona-zahtijevaju-da-smijeni-jeremica\/#breadcrumb"},"inLanguage":"bs-BA","potentialAction":[{"@type":"ReadAction","target":["https:\/\/sandzakpress.net\/arhiva\/bosnjaci-sirom-svijeta-od-ban-ki-moona-zahtijevaju-da-smijeni-jeremica\/"]}]},{"@type":"ImageObject","inLanguage":"bs-BA","@id":"https:\/\/sandzakpress.net\/arhiva\/bosnjaci-sirom-svijeta-od-ban-ki-moona-zahtijevaju-da-smijeni-jeremica\/#primaryimage","url":"https:\/\/sandzakpress.net\/arhiva\/wp-content\/uploads\/2013\/01\/vuk-jeremic.jpg","contentUrl":"https:\/\/sandzakpress.net\/arhiva\/wp-content\/uploads\/2013\/01\/vuk-jeremic.jpg","width":400,"height":300},{"@type":"BreadcrumbList","@id":"https:\/\/sandzakpress.net\/arhiva\/bosnjaci-sirom-svijeta-od-ban-ki-moona-zahtijevaju-da-smijeni-jeremica\/#breadcrumb","itemListElement":[{"@type":"ListItem","position":1,"name":"Home","item":"https:\/\/sandzakpress.net\/arhiva\/"},{"@type":"ListItem","position":2,"name":"Bo\u0161njaci \u0161irom svijeta od Ban Ki-Moona zahtijevaju da smijeni Jeremi\u0107a"}]},{"@type":"WebSite","@id":"https:\/\/sandzakpress.net\/arhiva\/#website","url":"https:\/\/sandzakpress.net\/arhiva\/","name":"Sand\u017eak PRESS","description":"Prve elektronske novine u Sand\u017eaku","publisher":{"@id":"https:\/\/sandzakpress.net\/arhiva\/#\/schema\/person\/6e72b67d6e51910a1117b3b483ba20bd"},"potentialAction":[{"@type":"SearchAction","target":{"@type":"EntryPoint","urlTemplate":"https:\/\/sandzakpress.net\/arhiva\/?s={search_term_string}"},"query-input":{"@type":"PropertyValueSpecification","valueRequired":true,"valueName":"search_term_string"}}],"inLanguage":"bs-BA"},{"@type":["Person","Organization"],"@id":"https:\/\/sandzakpress.net\/arhiva\/#\/schema\/person\/6e72b67d6e51910a1117b3b483ba20bd","name":"Kul","image":{"@type":"ImageObject","inLanguage":"bs-BA","@id":"https:\/\/sandzakpress.net\/arhiva\/#\/schema\/person\/image\/","url":"https:\/\/secure.gravatar.com\/avatar\/42263f39aa27ac04c43cab85c280eb2e?s=96&d=mm&r=pg","contentUrl":"https:\/\/secure.gravatar.com\/avatar\/42263f39aa27ac04c43cab85c280eb2e?s=96&d=mm&r=pg","caption":"Kul"},"logo":{"@id":"https:\/\/sandzakpress.net\/arhiva\/#\/schema\/person\/image\/"}},{"@type":"Person","@id":"","url":"https:\/\/sandzakpress.net\/arhiva\/author\/"}]}},"_links":{"self":[{"href":"https:\/\/sandzakpress.net\/arhiva\/wp-json\/wp\/v2\/posts\/63907"}],"collection":[{"href":"https:\/\/sandzakpress.net\/arhiva\/wp-json\/wp\/v2\/posts"}],"about":[{"href":"https:\/\/sandzakpress.net\/arhiva\/wp-json\/wp\/v2\/types\/post"}],"author":[{"embeddable":true,"href":"https:\/\/sandzakpress.net\/arhiva\/wp-json\/wp\/v2\/users\/33"}],"replies":[{"embeddable":true,"href":"https:\/\/sandzakpress.net\/arhiva\/wp-json\/wp\/v2\/comments?post=63907"}],"version-history":[{"count":0,"href":"https:\/\/sandzakpress.net\/arhiva\/wp-json\/wp\/v2\/posts\/63907\/revisions"}],"wp:featuredmedia":[{"embeddable":true,"href":"https:\/\/sandzakpress.net\/arhiva\/wp-json\/wp\/v2\/media\/63928"}],"wp:attachment":[{"href":"https:\/\/sandzakpress.net\/arhiva\/wp-json\/wp\/v2\/media?parent=63907"}],"wp:term":[{"taxonomy":"category","embeddable":true,"href":"https:\/\/sandzakpress.net\/arhiva\/wp-json\/wp\/v2\/categories?post=63907"},{"taxonomy":"post_tag","embeddable":true,"href":"https:\/\/sandzakpress.net\/arhiva\/wp-json\/wp\/v2\/tags?post=63907"}],"curies":[{"name":"wp","href":"https:\/\/api.w.org\/{rel}","templated":true}]}}