{"id":63865,"date":"2013-01-25T18:23:38","date_gmt":"2013-01-25T17:23:38","guid":{"rendered":"https:\/\/sandzakpress.net\/arhiva\/?p=63865"},"modified":"2013-01-25T18:23:38","modified_gmt":"2013-01-25T17:23:38","slug":"njemacka-je-velika-zbog-srednjih-preduzeca","status":"publish","type":"post","link":"https:\/\/sandzakpress.net\/arhiva\/njemacka-je-velika-zbog-srednjih-preduzeca\/","title":{"rendered":"Njema\u010dka je velika zbog srednjih preduze\u0107a"},"content":{"rendered":"<p><strong><a href=\"https:\/\/sandzakpress.net\/arhiva\/wp-content\/uploads\/2013\/01\/016118201_40100.jpg\"><img loading=\"lazy\" decoding=\"async\" class=\"alignleft size-medium wp-image-63866\" title=\"0,,16118201_401,00\" src=\"https:\/\/sandzakpress.net\/arhiva\/wp-content\/uploads\/2013\/01\/016118201_40100-300x168.jpg\" alt=\"\" width=\"300\" height=\"168\" \/><\/a>Njema\u010dka &#8211; Me\u0111u 100 koncerna, koji posjeduju najve\u0107u vrijednost na berzama, nalazi se pet nema\u010dkih preduze\u0107a. To je ipak jo\u0161 uvek mali broj, s obzirom na \u010dinjenicu da je nema\u010dka privreda \u010detvrta najrazvijenija u svijetu.<\/strong><\/p>\n<div>\n<p>Veliki nema\u010dki koncerni su u usponu \u2013 bar kada je rije\u010d o vrijednosti na berzama. I dok se 2010. godine samo Simens nalazio na listi 100 najve\u0107ih koncerna u svijetu, sada se, prema procjenama lista \u201eHandelsblat\u201c, u tom klubu nalazi ve\u0107 pet nema\u010dkih koncerna, osim Simensa tu su jo\u0161: Folksvagen, SAP, Bajer i BASF.<\/p>\n<p>Jergen Mates, sa Instituta nema\u010dke privrede smatra da to nije slu\u010dajno: \u201eSimens, kada je re\u010d o investicijama i elektrotehni\u010dkoj bran\u0161i, BASF i Bajer u hemijskoj bran\u0161i i Folksvagen u automobilskoj industriji ve\u0107 decenijama predstavljaju bazu nema\u010dkog uspeha u izvozu\u201c, ka\u017ee Mates za Doj\u010de vele. On dodaje da su ta preduze\u0107a 1990-ih godina imala velike pote\u0161ko\u0107e, da su morala da se restrukturiraju i da su o\u010digledno to obavila veoma uspje\u0161no.<\/p>\n<p><strong>Veliki udeo u izvozu<\/strong><\/p>\n<p>Upadljivo je slede\u0107e: nema\u010dki koncerni, koji se sada nalaze me\u0111u 100 najuspe\u0161nijih svetskih koncerna, u prosjeku imaju udeo u izvozu u visini od oko 75 odsto. To ih \u010dini manje podlo\u017enim za konjukturne promene, ulazuje Trudbert Merkel, \u0161ef za pitanja akcija pri DEKA banci. \u201eNema\u010dki izvoz je u pro\u0161loj godini dostigao novi rekord. Izvoz na druge kontinente je vi\u0161e nego kompenzovao ne\u0161to slabiji izvoz u zemlje evrozone \u2013 i upravo to je ta dobra globalna pozicija nema\u010dkih industrijski preduze\u0107a.\u201c<\/p>\n<p>Orijentacija na izvoz i globalno pozicioniranje su, me\u0111utim, samo jedan od razloga za pobolj\u0161anje pozicije nema\u010dkih koncerna u me\u0111unarodnom pore\u0111enju. Na listi koju je sastavio \u201eHandelsblat\u201c, parametar nije bila vrednost sopstvenog kapitala, niti rentabilnost, ve\u0107 isklju\u010divo berzanska vrednost, dakle broj akcija, odnosno njihova vrednost. A to mo\u017ee da se promeni za samo pet minuta. To su banke nakon izbijanja finansijske krize 2008. godine veoma bolno osetile. To je tako\u0111e morala da iskusi i finska Nokia, donedavno najuspe\u0161niji evropski koncern koji sada otprilike ima vrednost kao koncern Henkel iz Diseldorfa.<\/p>\n<p><strong>Investitori se vra\u0107aju<\/strong><\/p>\n<p>Nema\u010dke akcije sada su ponovo tra\u017eene, nakon \u0161to su ih strani investitori dugo vrijemena dr\u017eali po strani. \u201eOvde nije bilo dovoljno investicija, oni nisu \u017eeleli evro-investicije, ali sada se vra\u0107aju\u201c, ka\u017ee Merkel. Nema\u010dka preduze\u0107a su, sveukupno gledano, veoma robusna, ukoliko se uporede sa me\u0111unarodnom konkurencijom. To nije kratkotrajni uspeh. Ta preduze\u0107a \u0107e jo\u0161 vi\u0161e napredovati.\u201c<\/p>\n<p>U prilog tome govori i \u010dinjenica da je vrijednost nema\u010dkih akcija i dalje hroni\u010dno lo\u0161e procenjena, ako se uzme u obzir njihova vrednost u odnosu na njihovu dobit. \u201eAkcije BASF-a su, u najmanju ruku, podjednako dobre kao i akcije Duponta ili Dow Chemical\u201c, ka\u017ee Merkel. \u201eUop\u0161te ne postoji razlog za jedno tako veliko zaostajanje u odnosu na ameri\u010dka hemijska preduze\u0107a. I to mo\u017eemo prakti\u010dno da primenimo na celokupnu vrednost akcija.\u201c<\/p>\n<p>Proizvo\u0111a\u010d kompjutera Epl, vode\u0107i je na listi 100 najvrednijih preduze\u0107a na berzama. Me\u0111u prvih deset na listi nalazi se sedam ameri\u010dkih koncerna. Folksvagen je najbolje plasirani nema\u010dki koncern i nalazi se na 58. poziciji. Ali, ukoliko se uzme u obzir da je Nema\u010dka \u010detvrta najrazvijenija ekonomija na svetu, onda je broj od pet koncerna plasiranih me\u0111u 100 u svetu, prili\u010dno oskudan.<\/p>\n<p><strong>Brojni razlozi<\/strong><\/p>\n<p>Jergen Mates smatra da to nije ni slu\u010dajnost, ali isto tako ukazuje da ta \u010dinjenica nije posebno tragi\u010dna: \u201eFaktor uspeha nema\u010dke ekonomije predstavljaju preduze\u0107a srednje veli\u010dine. Me\u0111u njima su brojna preduze\u0107a koja su uspe\u0161na na svetskom tr\u017ei\u0161tu.\u201c Mates ka\u017ee da su upravo ta preduze\u0107a svjetski prvaci, i da Nema\u010dku nisu u\u010dinili velikom velika imena poput Por\u0161ea i Mercedesa.<\/p>\n<p>Trudbert Merkel, \u0161ef za pitanja akcija pri DEKA banci, ima jo\u0161 jedno obja\u0161njenje za\u0161to nema\u010dka preduze\u0107a, kada je rije\u010d o vrijednosti na berzama, u pore\u0111enju sa uspjehom kompletne nema\u010dke privrede, nisu tako reprezentativna. \u201eBerzanska kultura u Nema\u010dkoj nije naro\u010dito razvijena. Samo sedam odsto nema\u010dkog stanovni\u0161tva poseduje akcije, dok u SAD taj broj iznosi 25 do 30 posto.\u201c<\/p>\n<p>(DW)<\/p>\n<\/div>\n","protected":false},"excerpt":{"rendered":"<p>Njema\u010dka &#8211; Me\u0111u 100 koncerna, koji posjeduju najve\u0107u vrijednost na berzama, nalazi se pet nema\u010dkih preduze\u0107a. To je ipak jo\u0161 uvek mali broj, s obzirom na \u010dinjenicu da je nema\u010dka privreda \u010detvrta najrazvijenija u svijetu. Veliki nema\u010dki koncerni su u usponu \u2013 bar kada je rije\u010d o vrijednosti na berzama. I dok se 2010. godine [&hellip;]<\/p>\n","protected":false},"author":16,"featured_media":63866,"comment_status":"open","ping_status":"open","sticky":false,"template":"","format":"standard","meta":{"footnotes":""},"categories":[9538,9],"tags":[],"class_list":{"0":"post-63865","1":"post","2":"type-post","3":"status-publish","4":"format-standard","5":"has-post-thumbnail","7":"category-njemacka-dijaspora-gradovi-vase-vijesti","8":"category-svijet"},"yoast_head":"<!-- This site is optimized with the Yoast SEO Premium plugin v23.1 (Yoast SEO v24.9) - https:\/\/yoast.com\/wordpress\/plugins\/seo\/ -->\n<title>Njema\u010dka je velika zbog srednjih preduze\u0107a<\/title>\n<meta name=\"robots\" content=\"index, follow, max-snippet:-1, max-image-preview:large, max-video-preview:-1\" \/>\n<link rel=\"canonical\" href=\"https:\/\/sandzakpress.net\/arhiva\/njemacka-je-velika-zbog-srednjih-preduzeca\/\" \/>\n<meta property=\"og:locale\" content=\"bs_BA\" \/>\n<meta property=\"og:type\" content=\"article\" \/>\n<meta property=\"og:title\" content=\"Njema\u010dka je velika zbog srednjih preduze\u0107a\" \/>\n<meta property=\"og:description\" content=\"Njema\u010dka &#8211; Me\u0111u 100 koncerna, koji posjeduju najve\u0107u vrijednost na berzama, nalazi se pet nema\u010dkih preduze\u0107a. To je ipak jo\u0161 uvek mali broj, s obzirom na \u010dinjenicu da je nema\u010dka privreda \u010detvrta najrazvijenija u svijetu. Veliki nema\u010dki koncerni su u usponu \u2013 bar kada je rije\u010d o vrijednosti na berzama. I dok se 2010. godine [&hellip;]\" \/>\n<meta property=\"og:url\" content=\"https:\/\/sandzakpress.net\/arhiva\/njemacka-je-velika-zbog-srednjih-preduzeca\/\" \/>\n<meta property=\"og:site_name\" content=\"Sand\u017eak PRESS\" \/>\n<meta property=\"article:published_time\" content=\"2013-01-25T17:23:38+00:00\" \/>\n<meta property=\"og:image\" content=\"https:\/\/sandzakpress.net\/arhiva\/wp-content\/uploads\/2013\/01\/016118201_40100.jpg\" \/>\n\t<meta property=\"og:image:width\" content=\"616\" \/>\n\t<meta property=\"og:image:height\" content=\"347\" \/>\n\t<meta property=\"og:image:type\" content=\"image\/jpeg\" \/>\n<meta name=\"twitter:card\" content=\"summary_large_image\" \/>\n<meta name=\"twitter:label1\" content=\"Written by\" \/>\n\t<meta name=\"twitter:data1\" content=\"\" \/>\n\t<meta name=\"twitter:label2\" content=\"Est. reading time\" \/>\n\t<meta name=\"twitter:data2\" content=\"4 minute\" \/>\n<script type=\"application\/ld+json\" class=\"yoast-schema-graph\">{\"@context\":\"https:\/\/schema.org\",\"@graph\":[{\"@type\":\"Article\",\"@id\":\"https:\/\/sandzakpress.net\/arhiva\/njemacka-je-velika-zbog-srednjih-preduzeca\/#article\",\"isPartOf\":{\"@id\":\"https:\/\/sandzakpress.net\/arhiva\/njemacka-je-velika-zbog-srednjih-preduzeca\/\"},\"author\":{\"name\":\"\",\"@id\":\"\"},\"headline\":\"Njema\u010dka je velika zbog srednjih preduze\u0107a\",\"datePublished\":\"2013-01-25T17:23:38+00:00\",\"mainEntityOfPage\":{\"@id\":\"https:\/\/sandzakpress.net\/arhiva\/njemacka-je-velika-zbog-srednjih-preduzeca\/\"},\"wordCount\":728,\"commentCount\":0,\"publisher\":{\"@id\":\"https:\/\/sandzakpress.net\/arhiva\/#\/schema\/person\/6e72b67d6e51910a1117b3b483ba20bd\"},\"image\":{\"@id\":\"https:\/\/sandzakpress.net\/arhiva\/njemacka-je-velika-zbog-srednjih-preduzeca\/#primaryimage\"},\"thumbnailUrl\":\"https:\/\/sandzakpress.net\/arhiva\/wp-content\/uploads\/2013\/01\/016118201_40100.jpg\",\"articleSection\":[\"Njema\u010dka\",\"Svijet\"],\"inLanguage\":\"bs-BA\",\"potentialAction\":[{\"@type\":\"CommentAction\",\"name\":\"Comment\",\"target\":[\"https:\/\/sandzakpress.net\/arhiva\/njemacka-je-velika-zbog-srednjih-preduzeca\/#respond\"]}]},{\"@type\":\"WebPage\",\"@id\":\"https:\/\/sandzakpress.net\/arhiva\/njemacka-je-velika-zbog-srednjih-preduzeca\/\",\"url\":\"https:\/\/sandzakpress.net\/arhiva\/njemacka-je-velika-zbog-srednjih-preduzeca\/\",\"name\":\"Njema\u010dka je velika zbog srednjih preduze\u0107a\",\"isPartOf\":{\"@id\":\"https:\/\/sandzakpress.net\/arhiva\/#website\"},\"primaryImageOfPage\":{\"@id\":\"https:\/\/sandzakpress.net\/arhiva\/njemacka-je-velika-zbog-srednjih-preduzeca\/#primaryimage\"},\"image\":{\"@id\":\"https:\/\/sandzakpress.net\/arhiva\/njemacka-je-velika-zbog-srednjih-preduzeca\/#primaryimage\"},\"thumbnailUrl\":\"https:\/\/sandzakpress.net\/arhiva\/wp-content\/uploads\/2013\/01\/016118201_40100.jpg\",\"datePublished\":\"2013-01-25T17:23:38+00:00\",\"breadcrumb\":{\"@id\":\"https:\/\/sandzakpress.net\/arhiva\/njemacka-je-velika-zbog-srednjih-preduzeca\/#breadcrumb\"},\"inLanguage\":\"bs-BA\",\"potentialAction\":[{\"@type\":\"ReadAction\",\"target\":[\"https:\/\/sandzakpress.net\/arhiva\/njemacka-je-velika-zbog-srednjih-preduzeca\/\"]}]},{\"@type\":\"ImageObject\",\"inLanguage\":\"bs-BA\",\"@id\":\"https:\/\/sandzakpress.net\/arhiva\/njemacka-je-velika-zbog-srednjih-preduzeca\/#primaryimage\",\"url\":\"https:\/\/sandzakpress.net\/arhiva\/wp-content\/uploads\/2013\/01\/016118201_40100.jpg\",\"contentUrl\":\"https:\/\/sandzakpress.net\/arhiva\/wp-content\/uploads\/2013\/01\/016118201_40100.jpg\",\"width\":616,\"height\":347},{\"@type\":\"BreadcrumbList\",\"@id\":\"https:\/\/sandzakpress.net\/arhiva\/njemacka-je-velika-zbog-srednjih-preduzeca\/#breadcrumb\",\"itemListElement\":[{\"@type\":\"ListItem\",\"position\":1,\"name\":\"Home\",\"item\":\"https:\/\/sandzakpress.net\/arhiva\/\"},{\"@type\":\"ListItem\",\"position\":2,\"name\":\"Njema\u010dka je velika zbog srednjih preduze\u0107a\"}]},{\"@type\":\"WebSite\",\"@id\":\"https:\/\/sandzakpress.net\/arhiva\/#website\",\"url\":\"https:\/\/sandzakpress.net\/arhiva\/\",\"name\":\"Sand\u017eak PRESS\",\"description\":\"Prve elektronske novine u Sand\u017eaku\",\"publisher\":{\"@id\":\"https:\/\/sandzakpress.net\/arhiva\/#\/schema\/person\/6e72b67d6e51910a1117b3b483ba20bd\"},\"potentialAction\":[{\"@type\":\"SearchAction\",\"target\":{\"@type\":\"EntryPoint\",\"urlTemplate\":\"https:\/\/sandzakpress.net\/arhiva\/?s={search_term_string}\"},\"query-input\":{\"@type\":\"PropertyValueSpecification\",\"valueRequired\":true,\"valueName\":\"search_term_string\"}}],\"inLanguage\":\"bs-BA\"},{\"@type\":[\"Person\",\"Organization\"],\"@id\":\"https:\/\/sandzakpress.net\/arhiva\/#\/schema\/person\/6e72b67d6e51910a1117b3b483ba20bd\",\"name\":\"Kul\",\"image\":{\"@type\":\"ImageObject\",\"inLanguage\":\"bs-BA\",\"@id\":\"https:\/\/sandzakpress.net\/arhiva\/#\/schema\/person\/image\/\",\"url\":\"https:\/\/secure.gravatar.com\/avatar\/42263f39aa27ac04c43cab85c280eb2e?s=96&d=mm&r=pg\",\"contentUrl\":\"https:\/\/secure.gravatar.com\/avatar\/42263f39aa27ac04c43cab85c280eb2e?s=96&d=mm&r=pg\",\"caption\":\"Kul\"},\"logo\":{\"@id\":\"https:\/\/sandzakpress.net\/arhiva\/#\/schema\/person\/image\/\"}},{\"@type\":\"Person\",\"@id\":\"\",\"url\":\"https:\/\/sandzakpress.net\/arhiva\/author\/\"}]}<\/script>\n<!-- \/ Yoast SEO Premium plugin. -->","yoast_head_json":{"title":"Njema\u010dka je velika zbog srednjih preduze\u0107a","robots":{"index":"index","follow":"follow","max-snippet":"max-snippet:-1","max-image-preview":"max-image-preview:large","max-video-preview":"max-video-preview:-1"},"canonical":"https:\/\/sandzakpress.net\/arhiva\/njemacka-je-velika-zbog-srednjih-preduzeca\/","og_locale":"bs_BA","og_type":"article","og_title":"Njema\u010dka je velika zbog srednjih preduze\u0107a","og_description":"Njema\u010dka &#8211; Me\u0111u 100 koncerna, koji posjeduju najve\u0107u vrijednost na berzama, nalazi se pet nema\u010dkih preduze\u0107a. To je ipak jo\u0161 uvek mali broj, s obzirom na \u010dinjenicu da je nema\u010dka privreda \u010detvrta najrazvijenija u svijetu. Veliki nema\u010dki koncerni su u usponu \u2013 bar kada je rije\u010d o vrijednosti na berzama. I dok se 2010. godine [&hellip;]","og_url":"https:\/\/sandzakpress.net\/arhiva\/njemacka-je-velika-zbog-srednjih-preduzeca\/","og_site_name":"Sand\u017eak PRESS","article_published_time":"2013-01-25T17:23:38+00:00","og_image":[{"width":616,"height":347,"url":"https:\/\/sandzakpress.net\/arhiva\/wp-content\/uploads\/2013\/01\/016118201_40100.jpg","type":"image\/jpeg"}],"twitter_card":"summary_large_image","twitter_misc":{"Written by":"","Est. reading time":"4 minute"},"schema":{"@context":"https:\/\/schema.org","@graph":[{"@type":"Article","@id":"https:\/\/sandzakpress.net\/arhiva\/njemacka-je-velika-zbog-srednjih-preduzeca\/#article","isPartOf":{"@id":"https:\/\/sandzakpress.net\/arhiva\/njemacka-je-velika-zbog-srednjih-preduzeca\/"},"author":{"name":"","@id":""},"headline":"Njema\u010dka je velika zbog srednjih preduze\u0107a","datePublished":"2013-01-25T17:23:38+00:00","mainEntityOfPage":{"@id":"https:\/\/sandzakpress.net\/arhiva\/njemacka-je-velika-zbog-srednjih-preduzeca\/"},"wordCount":728,"commentCount":0,"publisher":{"@id":"https:\/\/sandzakpress.net\/arhiva\/#\/schema\/person\/6e72b67d6e51910a1117b3b483ba20bd"},"image":{"@id":"https:\/\/sandzakpress.net\/arhiva\/njemacka-je-velika-zbog-srednjih-preduzeca\/#primaryimage"},"thumbnailUrl":"https:\/\/sandzakpress.net\/arhiva\/wp-content\/uploads\/2013\/01\/016118201_40100.jpg","articleSection":["Njema\u010dka","Svijet"],"inLanguage":"bs-BA","potentialAction":[{"@type":"CommentAction","name":"Comment","target":["https:\/\/sandzakpress.net\/arhiva\/njemacka-je-velika-zbog-srednjih-preduzeca\/#respond"]}]},{"@type":"WebPage","@id":"https:\/\/sandzakpress.net\/arhiva\/njemacka-je-velika-zbog-srednjih-preduzeca\/","url":"https:\/\/sandzakpress.net\/arhiva\/njemacka-je-velika-zbog-srednjih-preduzeca\/","name":"Njema\u010dka je velika zbog srednjih preduze\u0107a","isPartOf":{"@id":"https:\/\/sandzakpress.net\/arhiva\/#website"},"primaryImageOfPage":{"@id":"https:\/\/sandzakpress.net\/arhiva\/njemacka-je-velika-zbog-srednjih-preduzeca\/#primaryimage"},"image":{"@id":"https:\/\/sandzakpress.net\/arhiva\/njemacka-je-velika-zbog-srednjih-preduzeca\/#primaryimage"},"thumbnailUrl":"https:\/\/sandzakpress.net\/arhiva\/wp-content\/uploads\/2013\/01\/016118201_40100.jpg","datePublished":"2013-01-25T17:23:38+00:00","breadcrumb":{"@id":"https:\/\/sandzakpress.net\/arhiva\/njemacka-je-velika-zbog-srednjih-preduzeca\/#breadcrumb"},"inLanguage":"bs-BA","potentialAction":[{"@type":"ReadAction","target":["https:\/\/sandzakpress.net\/arhiva\/njemacka-je-velika-zbog-srednjih-preduzeca\/"]}]},{"@type":"ImageObject","inLanguage":"bs-BA","@id":"https:\/\/sandzakpress.net\/arhiva\/njemacka-je-velika-zbog-srednjih-preduzeca\/#primaryimage","url":"https:\/\/sandzakpress.net\/arhiva\/wp-content\/uploads\/2013\/01\/016118201_40100.jpg","contentUrl":"https:\/\/sandzakpress.net\/arhiva\/wp-content\/uploads\/2013\/01\/016118201_40100.jpg","width":616,"height":347},{"@type":"BreadcrumbList","@id":"https:\/\/sandzakpress.net\/arhiva\/njemacka-je-velika-zbog-srednjih-preduzeca\/#breadcrumb","itemListElement":[{"@type":"ListItem","position":1,"name":"Home","item":"https:\/\/sandzakpress.net\/arhiva\/"},{"@type":"ListItem","position":2,"name":"Njema\u010dka je velika zbog srednjih preduze\u0107a"}]},{"@type":"WebSite","@id":"https:\/\/sandzakpress.net\/arhiva\/#website","url":"https:\/\/sandzakpress.net\/arhiva\/","name":"Sand\u017eak PRESS","description":"Prve elektronske novine u Sand\u017eaku","publisher":{"@id":"https:\/\/sandzakpress.net\/arhiva\/#\/schema\/person\/6e72b67d6e51910a1117b3b483ba20bd"},"potentialAction":[{"@type":"SearchAction","target":{"@type":"EntryPoint","urlTemplate":"https:\/\/sandzakpress.net\/arhiva\/?s={search_term_string}"},"query-input":{"@type":"PropertyValueSpecification","valueRequired":true,"valueName":"search_term_string"}}],"inLanguage":"bs-BA"},{"@type":["Person","Organization"],"@id":"https:\/\/sandzakpress.net\/arhiva\/#\/schema\/person\/6e72b67d6e51910a1117b3b483ba20bd","name":"Kul","image":{"@type":"ImageObject","inLanguage":"bs-BA","@id":"https:\/\/sandzakpress.net\/arhiva\/#\/schema\/person\/image\/","url":"https:\/\/secure.gravatar.com\/avatar\/42263f39aa27ac04c43cab85c280eb2e?s=96&d=mm&r=pg","contentUrl":"https:\/\/secure.gravatar.com\/avatar\/42263f39aa27ac04c43cab85c280eb2e?s=96&d=mm&r=pg","caption":"Kul"},"logo":{"@id":"https:\/\/sandzakpress.net\/arhiva\/#\/schema\/person\/image\/"}},{"@type":"Person","@id":"","url":"https:\/\/sandzakpress.net\/arhiva\/author\/"}]}},"_links":{"self":[{"href":"https:\/\/sandzakpress.net\/arhiva\/wp-json\/wp\/v2\/posts\/63865"}],"collection":[{"href":"https:\/\/sandzakpress.net\/arhiva\/wp-json\/wp\/v2\/posts"}],"about":[{"href":"https:\/\/sandzakpress.net\/arhiva\/wp-json\/wp\/v2\/types\/post"}],"author":[{"embeddable":true,"href":"https:\/\/sandzakpress.net\/arhiva\/wp-json\/wp\/v2\/users\/16"}],"replies":[{"embeddable":true,"href":"https:\/\/sandzakpress.net\/arhiva\/wp-json\/wp\/v2\/comments?post=63865"}],"version-history":[{"count":0,"href":"https:\/\/sandzakpress.net\/arhiva\/wp-json\/wp\/v2\/posts\/63865\/revisions"}],"wp:featuredmedia":[{"embeddable":true,"href":"https:\/\/sandzakpress.net\/arhiva\/wp-json\/wp\/v2\/media\/63866"}],"wp:attachment":[{"href":"https:\/\/sandzakpress.net\/arhiva\/wp-json\/wp\/v2\/media?parent=63865"}],"wp:term":[{"taxonomy":"category","embeddable":true,"href":"https:\/\/sandzakpress.net\/arhiva\/wp-json\/wp\/v2\/categories?post=63865"},{"taxonomy":"post_tag","embeddable":true,"href":"https:\/\/sandzakpress.net\/arhiva\/wp-json\/wp\/v2\/tags?post=63865"}],"curies":[{"name":"wp","href":"https:\/\/api.w.org\/{rel}","templated":true}]}}