{"id":6373,"date":"2010-07-12T21:07:59","date_gmt":"2010-07-12T21:07:59","guid":{"rendered":"https:\/\/sandzakpress.net\/arhiva\/?p=6373"},"modified":"2010-07-12T21:07:59","modified_gmt":"2010-07-12T21:07:59","slug":"bkz-odbacijla-odluku-ministarstva-za-ljudska-i-manjinska-prava","status":"publish","type":"post","link":"https:\/\/sandzakpress.net\/arhiva\/bkz-odbacijla-odluku-ministarstva-za-ljudska-i-manjinska-prava\/","title":{"rendered":"BKZ odbacijla odluku Ministarstva za ljudska i manjinska prava"},"content":{"rendered":"<p><strong><a href=\"https:\/\/sandzakpress.net\/arhiva\/wp-content\/uploads\/2010\/07\/slika-866.jpg\"><img loading=\"lazy\" decoding=\"async\" class=\"alignleft size-medium wp-image-6374\" title=\"slika-866\" src=\"https:\/\/sandzakpress.net\/arhiva\/wp-content\/uploads\/2010\/07\/slika-866-300x225.jpg\" alt=\"\" width=\"203\" height=\"152\" \/><\/a>Sjeverni Sand\u017eak &#8211; Bo\u0161nja\u010dka kulturna zajednica o\u0161tro je danas osudila i odbacila sve odluke Ministarstva za ljudska i manjinska prava u vezi sa najavom odr\u017eavanja novih izbora za Bo\u0161nja\u010dko nacionalno vije\u0107e&#8230;<\/strong><\/p>\n<p><strong> <\/strong><\/p>\n<p>Nema sumnje da te odluke kao i izjave ministra \u010cipli\u0107a i njegovih saradnika predstavljaju nastavak politike diskriminacije prema Bo\u0161njacima i sprje\u010davanja sprovo\u0111enja izborne volje bo\u0161nja\u010dkog naroda.\u00a0Ministar Svetozar \u010cipli\u0107 i Rasim Ljaji\u0107 organizovali su falcifikovanje potpisa dvojice vije\u0107nika na navodnim ostavkama kao i diskriminatorsku promjenu poslovnika sa ciljem sprje\u010davanja konstituisanja Bo\u0161nja\u010dkog nacionalnog vije\u0107a.<\/p>\n<p>Zato, Bo\u0161nja\u010dka kulturna zajednica tra\u017ei hitne ostavke \u010cipli\u0107a i Ljaji\u0107a, a ukoliko to ne u\u010dine, od predsjednika Tadi\u0107a BKZ tra\u017ei njihovu hitnu smjenu.\u00a0Sedmog jula Bo\u0161nja\u010dko nacionalno vije\u0107e je konstituisano sa \u0161irokim izbornim legitimitetom bo\u0161nja\u010dkih bira\u010da, te \u0107e na \u010delo sa izbornim predsjednikom, prof. dr. Mevludom Dudi\u0107em, vr\u0161iti svoje funkcije u toku \u010detvorogodi\u0161njeg mandata &#8211; stoji u saop\u0107enju BKZ-a<\/p>\n<p>Izvor: <strong>Universa.tv<\/strong><\/p>\n","protected":false},"excerpt":{"rendered":"<p>Sjeverni Sand\u017eak &#8211; Bo\u0161nja\u010dka kulturna zajednica o\u0161tro je danas osudila i odbacila sve odluke Ministarstva za ljudska i manjinska prava u vezi sa najavom odr\u017eavanja novih izbora za Bo\u0161nja\u010dko nacionalno vije\u0107e&#8230; Nema sumnje da te odluke kao i izjave ministra \u010cipli\u0107a i njegovih saradnika predstavljaju nastavak politike diskriminacije prema Bo\u0161njacima i sprje\u010davanja sprovo\u0111enja izborne volje [&hellip;]<\/p>\n","protected":false},"author":83,"featured_media":6374,"comment_status":"open","ping_status":"open","sticky":false,"template":"","format":"standard","meta":{"footnotes":""},"categories":[800,72,52,327,392,393,394],"tags":[],"class_list":{"0":"post-6373","1":"post","2":"type-post","3":"status-publish","4":"format-standard","5":"has-post-thumbnail","7":"category-nacija","8":"category-novi-pazar","9":"category-sjenica","10":"category-tutin","11":"category-prijepolje_","12":"category-priboj","13":"category-nova-varos"},"yoast_head":"<!-- This site is optimized with the Yoast SEO Premium plugin v23.1 (Yoast SEO v24.9) - https:\/\/yoast.com\/wordpress\/plugins\/seo\/ -->\n<title>BKZ odbacijla odluku Ministarstva za ljudska i manjinska prava<\/title>\n<meta name=\"robots\" content=\"index, follow, max-snippet:-1, max-image-preview:large, max-video-preview:-1\" \/>\n<link rel=\"canonical\" href=\"https:\/\/sandzakpress.net\/arhiva\/bkz-odbacijla-odluku-ministarstva-za-ljudska-i-manjinska-prava\/\" \/>\n<meta property=\"og:locale\" content=\"bs_BA\" \/>\n<meta property=\"og:type\" content=\"article\" \/>\n<meta property=\"og:title\" content=\"BKZ odbacijla odluku Ministarstva za ljudska i manjinska prava\" \/>\n<meta property=\"og:description\" content=\"Sjeverni Sand\u017eak &#8211; Bo\u0161nja\u010dka kulturna zajednica o\u0161tro je danas osudila i odbacila sve odluke Ministarstva za ljudska i manjinska prava u vezi sa najavom odr\u017eavanja novih izbora za Bo\u0161nja\u010dko nacionalno vije\u0107e&#8230; Nema sumnje da te odluke kao i izjave ministra \u010cipli\u0107a i njegovih saradnika predstavljaju nastavak politike diskriminacije prema Bo\u0161njacima i sprje\u010davanja sprovo\u0111enja izborne volje [&hellip;]\" \/>\n<meta property=\"og:url\" content=\"https:\/\/sandzakpress.net\/arhiva\/bkz-odbacijla-odluku-ministarstva-za-ljudska-i-manjinska-prava\/\" \/>\n<meta property=\"og:site_name\" content=\"Sand\u017eak PRESS\" \/>\n<meta property=\"article:published_time\" content=\"2010-07-12T21:07:59+00:00\" \/>\n<meta property=\"og:image\" content=\"https:\/\/sandzakpress.net\/arhiva\/wp-content\/uploads\/2010\/07\/slika-866.jpg\" \/>\n\t<meta property=\"og:image:width\" content=\"330\" \/>\n\t<meta property=\"og:image:height\" content=\"248\" \/>\n\t<meta property=\"og:image:type\" content=\"image\/jpeg\" \/>\n<meta name=\"author\" content=\"bosniak\" \/>\n<meta name=\"twitter:card\" content=\"summary_large_image\" \/>\n<meta name=\"twitter:label1\" content=\"Written by\" \/>\n\t<meta name=\"twitter:data1\" content=\"bosniak\" \/>\n\t<meta name=\"twitter:label2\" content=\"Est. reading time\" \/>\n\t<meta name=\"twitter:data2\" content=\"1 minuta\" \/>\n<script type=\"application\/ld+json\" class=\"yoast-schema-graph\">{\"@context\":\"https:\/\/schema.org\",\"@graph\":[{\"@type\":\"Article\",\"@id\":\"https:\/\/sandzakpress.net\/arhiva\/bkz-odbacijla-odluku-ministarstva-za-ljudska-i-manjinska-prava\/#article\",\"isPartOf\":{\"@id\":\"https:\/\/sandzakpress.net\/arhiva\/bkz-odbacijla-odluku-ministarstva-za-ljudska-i-manjinska-prava\/\"},\"author\":{\"name\":\"bosniak\",\"@id\":\"https:\/\/sandzakpress.net\/arhiva\/#\/schema\/person\/c8baee722073534b583ea7bdb2e36c02\"},\"headline\":\"BKZ odbacijla odluku Ministarstva za ljudska i manjinska prava\",\"datePublished\":\"2010-07-12T21:07:59+00:00\",\"mainEntityOfPage\":{\"@id\":\"https:\/\/sandzakpress.net\/arhiva\/bkz-odbacijla-odluku-ministarstva-za-ljudska-i-manjinska-prava\/\"},\"wordCount\":192,\"commentCount\":6,\"publisher\":{\"@id\":\"https:\/\/sandzakpress.net\/arhiva\/#\/schema\/person\/6e72b67d6e51910a1117b3b483ba20bd\"},\"image\":{\"@id\":\"https:\/\/sandzakpress.net\/arhiva\/bkz-odbacijla-odluku-ministarstva-za-ljudska-i-manjinska-prava\/#primaryimage\"},\"thumbnailUrl\":\"https:\/\/sandzakpress.net\/arhiva\/wp-content\/uploads\/2010\/07\/slika-866.jpg\",\"articleSection\":[\"Nacija\",\"Novi Pazar\",\"Sjenica\",\"Tutin\",\"Prijepolje\",\"Priboj\",\"Nova Varo\u0161\"],\"inLanguage\":\"bs-BA\",\"potentialAction\":[{\"@type\":\"CommentAction\",\"name\":\"Comment\",\"target\":[\"https:\/\/sandzakpress.net\/arhiva\/bkz-odbacijla-odluku-ministarstva-za-ljudska-i-manjinska-prava\/#respond\"]}]},{\"@type\":\"WebPage\",\"@id\":\"https:\/\/sandzakpress.net\/arhiva\/bkz-odbacijla-odluku-ministarstva-za-ljudska-i-manjinska-prava\/\",\"url\":\"https:\/\/sandzakpress.net\/arhiva\/bkz-odbacijla-odluku-ministarstva-za-ljudska-i-manjinska-prava\/\",\"name\":\"BKZ odbacijla odluku Ministarstva za ljudska i manjinska prava\",\"isPartOf\":{\"@id\":\"https:\/\/sandzakpress.net\/arhiva\/#website\"},\"primaryImageOfPage\":{\"@id\":\"https:\/\/sandzakpress.net\/arhiva\/bkz-odbacijla-odluku-ministarstva-za-ljudska-i-manjinska-prava\/#primaryimage\"},\"image\":{\"@id\":\"https:\/\/sandzakpress.net\/arhiva\/bkz-odbacijla-odluku-ministarstva-za-ljudska-i-manjinska-prava\/#primaryimage\"},\"thumbnailUrl\":\"https:\/\/sandzakpress.net\/arhiva\/wp-content\/uploads\/2010\/07\/slika-866.jpg\",\"datePublished\":\"2010-07-12T21:07:59+00:00\",\"breadcrumb\":{\"@id\":\"https:\/\/sandzakpress.net\/arhiva\/bkz-odbacijla-odluku-ministarstva-za-ljudska-i-manjinska-prava\/#breadcrumb\"},\"inLanguage\":\"bs-BA\",\"potentialAction\":[{\"@type\":\"ReadAction\",\"target\":[\"https:\/\/sandzakpress.net\/arhiva\/bkz-odbacijla-odluku-ministarstva-za-ljudska-i-manjinska-prava\/\"]}]},{\"@type\":\"ImageObject\",\"inLanguage\":\"bs-BA\",\"@id\":\"https:\/\/sandzakpress.net\/arhiva\/bkz-odbacijla-odluku-ministarstva-za-ljudska-i-manjinska-prava\/#primaryimage\",\"url\":\"https:\/\/sandzakpress.net\/arhiva\/wp-content\/uploads\/2010\/07\/slika-866.jpg\",\"contentUrl\":\"https:\/\/sandzakpress.net\/arhiva\/wp-content\/uploads\/2010\/07\/slika-866.jpg\",\"width\":330,\"height\":248},{\"@type\":\"BreadcrumbList\",\"@id\":\"https:\/\/sandzakpress.net\/arhiva\/bkz-odbacijla-odluku-ministarstva-za-ljudska-i-manjinska-prava\/#breadcrumb\",\"itemListElement\":[{\"@type\":\"ListItem\",\"position\":1,\"name\":\"Home\",\"item\":\"https:\/\/sandzakpress.net\/arhiva\/\"},{\"@type\":\"ListItem\",\"position\":2,\"name\":\"BKZ odbacijla odluku Ministarstva za ljudska i manjinska prava\"}]},{\"@type\":\"WebSite\",\"@id\":\"https:\/\/sandzakpress.net\/arhiva\/#website\",\"url\":\"https:\/\/sandzakpress.net\/arhiva\/\",\"name\":\"Sand\u017eak PRESS\",\"description\":\"Prve elektronske novine u Sand\u017eaku\",\"publisher\":{\"@id\":\"https:\/\/sandzakpress.net\/arhiva\/#\/schema\/person\/6e72b67d6e51910a1117b3b483ba20bd\"},\"potentialAction\":[{\"@type\":\"SearchAction\",\"target\":{\"@type\":\"EntryPoint\",\"urlTemplate\":\"https:\/\/sandzakpress.net\/arhiva\/?s={search_term_string}\"},\"query-input\":{\"@type\":\"PropertyValueSpecification\",\"valueRequired\":true,\"valueName\":\"search_term_string\"}}],\"inLanguage\":\"bs-BA\"},{\"@type\":[\"Person\",\"Organization\"],\"@id\":\"https:\/\/sandzakpress.net\/arhiva\/#\/schema\/person\/6e72b67d6e51910a1117b3b483ba20bd\",\"name\":\"Kul\",\"image\":{\"@type\":\"ImageObject\",\"inLanguage\":\"bs-BA\",\"@id\":\"https:\/\/sandzakpress.net\/arhiva\/#\/schema\/person\/image\/\",\"url\":\"https:\/\/secure.gravatar.com\/avatar\/42263f39aa27ac04c43cab85c280eb2e?s=96&d=mm&r=pg\",\"contentUrl\":\"https:\/\/secure.gravatar.com\/avatar\/42263f39aa27ac04c43cab85c280eb2e?s=96&d=mm&r=pg\",\"caption\":\"Kul\"},\"logo\":{\"@id\":\"https:\/\/sandzakpress.net\/arhiva\/#\/schema\/person\/image\/\"}},{\"@type\":\"Person\",\"@id\":\"https:\/\/sandzakpress.net\/arhiva\/#\/schema\/person\/c8baee722073534b583ea7bdb2e36c02\",\"name\":\"bosniak\",\"image\":{\"@type\":\"ImageObject\",\"inLanguage\":\"bs-BA\",\"@id\":\"https:\/\/sandzakpress.net\/arhiva\/#\/schema\/person\/image\/\",\"url\":\"https:\/\/secure.gravatar.com\/avatar\/a04fd330bfe3a36a72a0ad4a6d89fca7?s=96&d=mm&r=pg\",\"contentUrl\":\"https:\/\/secure.gravatar.com\/avatar\/a04fd330bfe3a36a72a0ad4a6d89fca7?s=96&d=mm&r=pg\",\"caption\":\"bosniak\"},\"url\":\"https:\/\/sandzakpress.net\/arhiva\/author\/bosniak\/\"}]}<\/script>\n<!-- \/ Yoast SEO Premium plugin. -->","yoast_head_json":{"title":"BKZ odbacijla odluku Ministarstva za ljudska i manjinska prava","robots":{"index":"index","follow":"follow","max-snippet":"max-snippet:-1","max-image-preview":"max-image-preview:large","max-video-preview":"max-video-preview:-1"},"canonical":"https:\/\/sandzakpress.net\/arhiva\/bkz-odbacijla-odluku-ministarstva-za-ljudska-i-manjinska-prava\/","og_locale":"bs_BA","og_type":"article","og_title":"BKZ odbacijla odluku Ministarstva za ljudska i manjinska prava","og_description":"Sjeverni Sand\u017eak &#8211; Bo\u0161nja\u010dka kulturna zajednica o\u0161tro je danas osudila i odbacila sve odluke Ministarstva za ljudska i manjinska prava u vezi sa najavom odr\u017eavanja novih izbora za Bo\u0161nja\u010dko nacionalno vije\u0107e&#8230; Nema sumnje da te odluke kao i izjave ministra \u010cipli\u0107a i njegovih saradnika predstavljaju nastavak politike diskriminacije prema Bo\u0161njacima i sprje\u010davanja sprovo\u0111enja izborne volje [&hellip;]","og_url":"https:\/\/sandzakpress.net\/arhiva\/bkz-odbacijla-odluku-ministarstva-za-ljudska-i-manjinska-prava\/","og_site_name":"Sand\u017eak PRESS","article_published_time":"2010-07-12T21:07:59+00:00","og_image":[{"width":330,"height":248,"url":"https:\/\/sandzakpress.net\/arhiva\/wp-content\/uploads\/2010\/07\/slika-866.jpg","type":"image\/jpeg"}],"author":"bosniak","twitter_card":"summary_large_image","twitter_misc":{"Written by":"bosniak","Est. reading time":"1 minuta"},"schema":{"@context":"https:\/\/schema.org","@graph":[{"@type":"Article","@id":"https:\/\/sandzakpress.net\/arhiva\/bkz-odbacijla-odluku-ministarstva-za-ljudska-i-manjinska-prava\/#article","isPartOf":{"@id":"https:\/\/sandzakpress.net\/arhiva\/bkz-odbacijla-odluku-ministarstva-za-ljudska-i-manjinska-prava\/"},"author":{"name":"bosniak","@id":"https:\/\/sandzakpress.net\/arhiva\/#\/schema\/person\/c8baee722073534b583ea7bdb2e36c02"},"headline":"BKZ odbacijla odluku Ministarstva za ljudska i manjinska prava","datePublished":"2010-07-12T21:07:59+00:00","mainEntityOfPage":{"@id":"https:\/\/sandzakpress.net\/arhiva\/bkz-odbacijla-odluku-ministarstva-za-ljudska-i-manjinska-prava\/"},"wordCount":192,"commentCount":6,"publisher":{"@id":"https:\/\/sandzakpress.net\/arhiva\/#\/schema\/person\/6e72b67d6e51910a1117b3b483ba20bd"},"image":{"@id":"https:\/\/sandzakpress.net\/arhiva\/bkz-odbacijla-odluku-ministarstva-za-ljudska-i-manjinska-prava\/#primaryimage"},"thumbnailUrl":"https:\/\/sandzakpress.net\/arhiva\/wp-content\/uploads\/2010\/07\/slika-866.jpg","articleSection":["Nacija","Novi Pazar","Sjenica","Tutin","Prijepolje","Priboj","Nova Varo\u0161"],"inLanguage":"bs-BA","potentialAction":[{"@type":"CommentAction","name":"Comment","target":["https:\/\/sandzakpress.net\/arhiva\/bkz-odbacijla-odluku-ministarstva-za-ljudska-i-manjinska-prava\/#respond"]}]},{"@type":"WebPage","@id":"https:\/\/sandzakpress.net\/arhiva\/bkz-odbacijla-odluku-ministarstva-za-ljudska-i-manjinska-prava\/","url":"https:\/\/sandzakpress.net\/arhiva\/bkz-odbacijla-odluku-ministarstva-za-ljudska-i-manjinska-prava\/","name":"BKZ odbacijla odluku Ministarstva za ljudska i manjinska prava","isPartOf":{"@id":"https:\/\/sandzakpress.net\/arhiva\/#website"},"primaryImageOfPage":{"@id":"https:\/\/sandzakpress.net\/arhiva\/bkz-odbacijla-odluku-ministarstva-za-ljudska-i-manjinska-prava\/#primaryimage"},"image":{"@id":"https:\/\/sandzakpress.net\/arhiva\/bkz-odbacijla-odluku-ministarstva-za-ljudska-i-manjinska-prava\/#primaryimage"},"thumbnailUrl":"https:\/\/sandzakpress.net\/arhiva\/wp-content\/uploads\/2010\/07\/slika-866.jpg","datePublished":"2010-07-12T21:07:59+00:00","breadcrumb":{"@id":"https:\/\/sandzakpress.net\/arhiva\/bkz-odbacijla-odluku-ministarstva-za-ljudska-i-manjinska-prava\/#breadcrumb"},"inLanguage":"bs-BA","potentialAction":[{"@type":"ReadAction","target":["https:\/\/sandzakpress.net\/arhiva\/bkz-odbacijla-odluku-ministarstva-za-ljudska-i-manjinska-prava\/"]}]},{"@type":"ImageObject","inLanguage":"bs-BA","@id":"https:\/\/sandzakpress.net\/arhiva\/bkz-odbacijla-odluku-ministarstva-za-ljudska-i-manjinska-prava\/#primaryimage","url":"https:\/\/sandzakpress.net\/arhiva\/wp-content\/uploads\/2010\/07\/slika-866.jpg","contentUrl":"https:\/\/sandzakpress.net\/arhiva\/wp-content\/uploads\/2010\/07\/slika-866.jpg","width":330,"height":248},{"@type":"BreadcrumbList","@id":"https:\/\/sandzakpress.net\/arhiva\/bkz-odbacijla-odluku-ministarstva-za-ljudska-i-manjinska-prava\/#breadcrumb","itemListElement":[{"@type":"ListItem","position":1,"name":"Home","item":"https:\/\/sandzakpress.net\/arhiva\/"},{"@type":"ListItem","position":2,"name":"BKZ odbacijla odluku Ministarstva za ljudska i manjinska prava"}]},{"@type":"WebSite","@id":"https:\/\/sandzakpress.net\/arhiva\/#website","url":"https:\/\/sandzakpress.net\/arhiva\/","name":"Sand\u017eak PRESS","description":"Prve elektronske novine u Sand\u017eaku","publisher":{"@id":"https:\/\/sandzakpress.net\/arhiva\/#\/schema\/person\/6e72b67d6e51910a1117b3b483ba20bd"},"potentialAction":[{"@type":"SearchAction","target":{"@type":"EntryPoint","urlTemplate":"https:\/\/sandzakpress.net\/arhiva\/?s={search_term_string}"},"query-input":{"@type":"PropertyValueSpecification","valueRequired":true,"valueName":"search_term_string"}}],"inLanguage":"bs-BA"},{"@type":["Person","Organization"],"@id":"https:\/\/sandzakpress.net\/arhiva\/#\/schema\/person\/6e72b67d6e51910a1117b3b483ba20bd","name":"Kul","image":{"@type":"ImageObject","inLanguage":"bs-BA","@id":"https:\/\/sandzakpress.net\/arhiva\/#\/schema\/person\/image\/","url":"https:\/\/secure.gravatar.com\/avatar\/42263f39aa27ac04c43cab85c280eb2e?s=96&d=mm&r=pg","contentUrl":"https:\/\/secure.gravatar.com\/avatar\/42263f39aa27ac04c43cab85c280eb2e?s=96&d=mm&r=pg","caption":"Kul"},"logo":{"@id":"https:\/\/sandzakpress.net\/arhiva\/#\/schema\/person\/image\/"}},{"@type":"Person","@id":"https:\/\/sandzakpress.net\/arhiva\/#\/schema\/person\/c8baee722073534b583ea7bdb2e36c02","name":"bosniak","image":{"@type":"ImageObject","inLanguage":"bs-BA","@id":"https:\/\/sandzakpress.net\/arhiva\/#\/schema\/person\/image\/","url":"https:\/\/secure.gravatar.com\/avatar\/a04fd330bfe3a36a72a0ad4a6d89fca7?s=96&d=mm&r=pg","contentUrl":"https:\/\/secure.gravatar.com\/avatar\/a04fd330bfe3a36a72a0ad4a6d89fca7?s=96&d=mm&r=pg","caption":"bosniak"},"url":"https:\/\/sandzakpress.net\/arhiva\/author\/bosniak\/"}]}},"_links":{"self":[{"href":"https:\/\/sandzakpress.net\/arhiva\/wp-json\/wp\/v2\/posts\/6373"}],"collection":[{"href":"https:\/\/sandzakpress.net\/arhiva\/wp-json\/wp\/v2\/posts"}],"about":[{"href":"https:\/\/sandzakpress.net\/arhiva\/wp-json\/wp\/v2\/types\/post"}],"author":[{"embeddable":true,"href":"https:\/\/sandzakpress.net\/arhiva\/wp-json\/wp\/v2\/users\/83"}],"replies":[{"embeddable":true,"href":"https:\/\/sandzakpress.net\/arhiva\/wp-json\/wp\/v2\/comments?post=6373"}],"version-history":[{"count":0,"href":"https:\/\/sandzakpress.net\/arhiva\/wp-json\/wp\/v2\/posts\/6373\/revisions"}],"wp:featuredmedia":[{"embeddable":true,"href":"https:\/\/sandzakpress.net\/arhiva\/wp-json\/wp\/v2\/media\/6374"}],"wp:attachment":[{"href":"https:\/\/sandzakpress.net\/arhiva\/wp-json\/wp\/v2\/media?parent=6373"}],"wp:term":[{"taxonomy":"category","embeddable":true,"href":"https:\/\/sandzakpress.net\/arhiva\/wp-json\/wp\/v2\/categories?post=6373"},{"taxonomy":"post_tag","embeddable":true,"href":"https:\/\/sandzakpress.net\/arhiva\/wp-json\/wp\/v2\/tags?post=6373"}],"curies":[{"name":"wp","href":"https:\/\/api.w.org\/{rel}","templated":true}]}}