{"id":6363,"date":"2010-07-12T20:58:33","date_gmt":"2010-07-12T20:58:33","guid":{"rendered":"https:\/\/sandzakpress.net\/arhiva\/?p=6363"},"modified":"2010-07-12T20:58:33","modified_gmt":"2010-07-12T20:58:33","slug":"ldp-trazi-hitnu-reakciju-skupstine-protiv-ciplica","status":"publish","type":"post","link":"https:\/\/sandzakpress.net\/arhiva\/ldp-trazi-hitnu-reakciju-skupstine-protiv-ciplica\/","title":{"rendered":"LDP tra\u017ei hitnu reakciju skup\u0161tine protiv \u010cipli\u0107a"},"content":{"rendered":"<p><strong><a href=\"https:\/\/sandzakpress.net\/arhiva\/wp-content\/uploads\/2010\/07\/cedomirSkupstina.jpg\"><img loading=\"lazy\" decoding=\"async\" class=\"alignleft size-medium wp-image-6364\" title=\"cedomirSkupstina\" src=\"https:\/\/sandzakpress.net\/arhiva\/wp-content\/uploads\/2010\/07\/cedomirSkupstina-300x201.jpg\" alt=\"\" width=\"300\" height=\"201\" \/><\/a>Sjeverni Sand\u017eak &#8211; Predsjednik LDP \u010cedomir Jovanovi\u0107 zatra\u017eio je od predsjednice parlamenta da zaka\u017ee hitne sjednice Kolegijuma i Odbora za ustavna pitanja kako bi se sprije\u010dilo dalje kr\u0161enje Ustava i zakona koje sprovode ministar Svetozar \u010cipli\u0107 i njegovo ministarstvo.<\/strong><\/p>\n<p>Pona\u0161anjem Ministarstva za ljudska i manjinska prava, uz \u0161utnje Vlade i Narodne skup\u0161tine, ugro\u017eava se Ustavni poredak Republike Srbije i direktno kr\u0161e ljudska i manjinska prava svih gra\u0111ana koji su glasali na izborima za Bo\u0161nja\u010dko nacionalno vije\u0107e, odr\u017eanim 6. juna ove godine. \u2013 ka\u017ee se u pismu koje je danas upu\u0107eno predsjednici Narodne skup\u0161tine.<\/p>\n<p>Zbog toga od Vas, kao predsjednik Liberalno demokratske partije i njene Poslani\u010dke grupe u Narodnoj skup\u0161tini, tra\u017eim da odmah zaka\u017eete hitnu sjednicu Kolegijuma Narodne skup\u0161tine, kao i sjednicu Odbora za ustavna pitanja kojim predsjedavate.<\/p>\n<p>Tako\u0111er, tra\u017eimo od Vas da na sjednici Odbora obezbjedite prisustvo ministra Svetozara \u010cipli\u0107a, koji je direktno odgovoran za organizovano kr\u0161enje Ustava i zakona i diskriminaciju koju njegovo Ministarstvo sprovodi.<\/p>\n<p>Smatramo da je ovo jedno od klju\u010dnih pitanja na\u010delnog sprovo\u0111enja Ustava, zato \u0161to su ljudska i manjinska prava jedna od njegovih osnovnih kategorija i za\u0161ti\u0107enih vrijednosti, pa u skladu sa \u010dlanom 44. Poslovnika Narodne skup\u0161tine imate obavezu da hitno sazovete sjednicu Odbora za ustavna pitanja.<\/p>\n<p>Ministarstvo za ljudska i manjinska prava sprovodi direktnu i protiustavnu diskriminaciju Bo\u0161njaka, tako \u0161to spre\u010dava legalno konstituisanje izabranog sastava Nacionalne savjeta ove manjine, bahato i bezobrazno kr\u0161e\u0107i Ustav, obavezuju\u0107e me\u0111unarodne ugovore o ljudskim pravima, kao i Zakon o Nacionalnim savjetima nacionalnih manjina koji je usvojila Narodna skup\u0161tina.<\/p>\n<p>Ministarstvo, njegovi funkcioneri i slu\u017ebenici predvo\u0111eni ministrim Svetozarom \u010cipli\u0107em, danima najbrutalnije gaze izbornu volju Bo\u0161njaka, poku\u0161avaju\u0107i da dovedu do novih izbora za Nacionalni savjet, iako za to ne postoji nijedan regularan osnov. Ministarstvo je najprije odlagalo zakazivanje konstitutivne sjednice Savjeta, a onda je otvorenim pravnim i politi\u010dkim nasiljem izazvalo blokadu u procesu verifikacije mandata izabranih \u010dlanova Nacionalnog savjeta Bo\u0161njaka.<\/p>\n<p>\u0160okantno je pona\u0161anje ministra i njegovih slu\u017ebenika, koji otvoreno daju rasisti\u010dke izjave i upu\u0107uju prijetnje legalno izabranim predstavnicima Bo\u0161nja\u010dke kulturne zajednicu u Nacionalnom savjetu. Ne postoji nijedna \u201especifi\u010dnost\u201c ove zajednice, niti Bo\u0161njaka, koji bi opravdali pona\u0161anje izaslanika ministra koji na licu mjesta u Novom Pazaru, kao i u Beogradu, poku\u0161avaju da budu tutori Bo\u0161njaka, da odre\u0111uju ko \u0107e imati ve\u0107inu u ovom sastavu, trude\u0107i se da za\u0161tite interese svojih koalicionih partnera koji su izgubili izbore na Nacionalni savjet.<\/p>\n<p>Mimo Ustava, otvoreno diskrimini\u0161u\u0107i jednu nacionalnu zajednicu, Ministarstvo je na dan zakazane sjednice za konstituisanje sastava Nacionalnog savjeta, promijenilo Poslovnik o radu, koji je va\u017eio za sve druge nacionalne savjete i uvelo pravilo po kojem Savjet ne mo\u017ee biti konstituisan bez prisustva najmanje dvije tre\u0107ine \u010dlanova. Ovakva odredba nije va\u017eila ni za jedan drugi Savet, pa je evidentno da se radi o specijalnom i diskrimini\u0161u\u0107em Poslovniku koji kr\u0161i ustavne garancije zabrane diskriminacije, slobode udru\u017eivanje i \u010ditav dio Ustava koji \u0161titi manjinska prava.<\/p>\n<p>Narodna skup\u0161tina je Zakon o nacionalnim savjetima nacionalnih manjina usvojila u cilju unapre\u0111enja za\u0161tite i u\u017eivanja prava i legitimnih interesa nacionalnih zajednica u Srbiji. Ovaj zakon garantuje pravo na slobodan izbor njegovih \u010dlanova, a izvr\u0161noj i politi\u010dkoj vlasti, kao i Ustav, brani da se mije\u0161a u ove odnose, da favorizuje ili diskrimini\u0161e organizacije i liste, prema tome kakav politi\u010dki odnos prema njima ima ve\u0107ina koja je formirala Vladu i aktuelno vo\u0111stvo Ministarstva. Umjesto toga, Ministarstvo upravo kr\u0161i garantovana prava koja treba da \u0161titi, stvaraju\u0107i veliku napetost u jednoj od najbrojnijih nacionalnih zajednica u Srbiji, nanose\u0107i veliku \u0161tetu svim njenim gra\u0111anima.<\/p>\n<p>Iz svih ovih razloga o\u010dekujemo da usvojite ovaj zahtev Liberalno demokratske partije i odmah sazovete konsultacije Kolegijuma Narodne skup\u0161tine i hitnu sednicu Odbora za ustavna pitanja na kojoj bi obavezno bio prisutan i ministar za ljudska i manjinska prava. \u2013 navodi se u pismu predsednika LDP.<\/p>\n<p><strong>PREDSEDNIK LIBERALNO DEMOKRATSKE PARTIJE<\/strong><\/p>\n<p><strong>\u010cedomir Jovanovi\u0107<\/strong><\/p>\n<p>Izvor:<strong> LDPNoviPazar.org<\/strong><\/p>\n","protected":false},"excerpt":{"rendered":"<p>Sjeverni Sand\u017eak &#8211; Predsjednik LDP \u010cedomir Jovanovi\u0107 zatra\u017eio je od predsjednice parlamenta da zaka\u017ee hitne sjednice Kolegijuma i Odbora za ustavna pitanja kako bi se sprije\u010dilo dalje kr\u0161enje Ustava i zakona koje sprovode ministar Svetozar \u010cipli\u0107 i njegovo ministarstvo. Pona\u0161anjem Ministarstva za ljudska i manjinska prava, uz \u0161utnje Vlade i Narodne skup\u0161tine, ugro\u017eava se Ustavni [&hellip;]<\/p>\n","protected":false},"author":83,"featured_media":6364,"comment_status":"open","ping_status":"open","sticky":false,"template":"","format":"standard","meta":{"footnotes":""},"categories":[72,1,52,327,392,393,394],"tags":[],"class_list":{"0":"post-6363","1":"post","2":"type-post","3":"status-publish","4":"format-standard","5":"has-post-thumbnail","7":"category-novi-pazar","8":"category-politika","9":"category-sjenica","10":"category-tutin","11":"category-prijepolje_","12":"category-priboj","13":"category-nova-varos"},"yoast_head":"<!-- This site is optimized with the Yoast SEO Premium plugin v23.1 (Yoast SEO v24.9) - https:\/\/yoast.com\/wordpress\/plugins\/seo\/ -->\n<title>LDP tra\u017ei hitnu reakciju skup\u0161tine protiv \u010cipli\u0107a<\/title>\n<meta name=\"robots\" content=\"index, follow, max-snippet:-1, max-image-preview:large, max-video-preview:-1\" \/>\n<link rel=\"canonical\" href=\"https:\/\/sandzakpress.net\/arhiva\/ldp-trazi-hitnu-reakciju-skupstine-protiv-ciplica\/\" \/>\n<meta property=\"og:locale\" content=\"bs_BA\" \/>\n<meta property=\"og:type\" content=\"article\" \/>\n<meta property=\"og:title\" content=\"LDP tra\u017ei hitnu reakciju skup\u0161tine protiv \u010cipli\u0107a\" \/>\n<meta property=\"og:description\" content=\"Sjeverni Sand\u017eak &#8211; Predsjednik LDP \u010cedomir Jovanovi\u0107 zatra\u017eio je od predsjednice parlamenta da zaka\u017ee hitne sjednice Kolegijuma i Odbora za ustavna pitanja kako bi se sprije\u010dilo dalje kr\u0161enje Ustava i zakona koje sprovode ministar Svetozar \u010cipli\u0107 i njegovo ministarstvo. Pona\u0161anjem Ministarstva za ljudska i manjinska prava, uz \u0161utnje Vlade i Narodne skup\u0161tine, ugro\u017eava se Ustavni [&hellip;]\" \/>\n<meta property=\"og:url\" content=\"https:\/\/sandzakpress.net\/arhiva\/ldp-trazi-hitnu-reakciju-skupstine-protiv-ciplica\/\" \/>\n<meta property=\"og:site_name\" content=\"Sand\u017eak PRESS\" \/>\n<meta property=\"article:published_time\" content=\"2010-07-12T20:58:33+00:00\" \/>\n<meta property=\"og:image\" content=\"https:\/\/sandzakpress.net\/arhiva\/wp-content\/uploads\/2010\/07\/cedomirSkupstina.jpg\" \/>\n\t<meta property=\"og:image:width\" content=\"458\" \/>\n\t<meta property=\"og:image:height\" content=\"308\" \/>\n\t<meta property=\"og:image:type\" content=\"image\/jpeg\" \/>\n<meta name=\"author\" content=\"bosniak\" \/>\n<meta name=\"twitter:card\" content=\"summary_large_image\" \/>\n<meta name=\"twitter:label1\" content=\"Written by\" \/>\n\t<meta name=\"twitter:data1\" content=\"bosniak\" \/>\n\t<meta name=\"twitter:label2\" content=\"Est. reading time\" \/>\n\t<meta name=\"twitter:data2\" content=\"4 minute\" \/>\n<script type=\"application\/ld+json\" class=\"yoast-schema-graph\">{\"@context\":\"https:\/\/schema.org\",\"@graph\":[{\"@type\":\"Article\",\"@id\":\"https:\/\/sandzakpress.net\/arhiva\/ldp-trazi-hitnu-reakciju-skupstine-protiv-ciplica\/#article\",\"isPartOf\":{\"@id\":\"https:\/\/sandzakpress.net\/arhiva\/ldp-trazi-hitnu-reakciju-skupstine-protiv-ciplica\/\"},\"author\":{\"name\":\"bosniak\",\"@id\":\"https:\/\/sandzakpress.net\/arhiva\/#\/schema\/person\/c8baee722073534b583ea7bdb2e36c02\"},\"headline\":\"LDP tra\u017ei hitnu reakciju skup\u0161tine protiv \u010cipli\u0107a\",\"datePublished\":\"2010-07-12T20:58:33+00:00\",\"mainEntityOfPage\":{\"@id\":\"https:\/\/sandzakpress.net\/arhiva\/ldp-trazi-hitnu-reakciju-skupstine-protiv-ciplica\/\"},\"wordCount\":717,\"commentCount\":6,\"publisher\":{\"@id\":\"https:\/\/sandzakpress.net\/arhiva\/#\/schema\/person\/6e72b67d6e51910a1117b3b483ba20bd\"},\"image\":{\"@id\":\"https:\/\/sandzakpress.net\/arhiva\/ldp-trazi-hitnu-reakciju-skupstine-protiv-ciplica\/#primaryimage\"},\"thumbnailUrl\":\"https:\/\/sandzakpress.net\/arhiva\/wp-content\/uploads\/2010\/07\/cedomirSkupstina.jpg\",\"articleSection\":[\"Novi Pazar\",\"Politika\",\"Sjenica\",\"Tutin\",\"Prijepolje\",\"Priboj\",\"Nova Varo\u0161\"],\"inLanguage\":\"bs-BA\",\"potentialAction\":[{\"@type\":\"CommentAction\",\"name\":\"Comment\",\"target\":[\"https:\/\/sandzakpress.net\/arhiva\/ldp-trazi-hitnu-reakciju-skupstine-protiv-ciplica\/#respond\"]}]},{\"@type\":\"WebPage\",\"@id\":\"https:\/\/sandzakpress.net\/arhiva\/ldp-trazi-hitnu-reakciju-skupstine-protiv-ciplica\/\",\"url\":\"https:\/\/sandzakpress.net\/arhiva\/ldp-trazi-hitnu-reakciju-skupstine-protiv-ciplica\/\",\"name\":\"LDP tra\u017ei hitnu reakciju skup\u0161tine protiv \u010cipli\u0107a\",\"isPartOf\":{\"@id\":\"https:\/\/sandzakpress.net\/arhiva\/#website\"},\"primaryImageOfPage\":{\"@id\":\"https:\/\/sandzakpress.net\/arhiva\/ldp-trazi-hitnu-reakciju-skupstine-protiv-ciplica\/#primaryimage\"},\"image\":{\"@id\":\"https:\/\/sandzakpress.net\/arhiva\/ldp-trazi-hitnu-reakciju-skupstine-protiv-ciplica\/#primaryimage\"},\"thumbnailUrl\":\"https:\/\/sandzakpress.net\/arhiva\/wp-content\/uploads\/2010\/07\/cedomirSkupstina.jpg\",\"datePublished\":\"2010-07-12T20:58:33+00:00\",\"breadcrumb\":{\"@id\":\"https:\/\/sandzakpress.net\/arhiva\/ldp-trazi-hitnu-reakciju-skupstine-protiv-ciplica\/#breadcrumb\"},\"inLanguage\":\"bs-BA\",\"potentialAction\":[{\"@type\":\"ReadAction\",\"target\":[\"https:\/\/sandzakpress.net\/arhiva\/ldp-trazi-hitnu-reakciju-skupstine-protiv-ciplica\/\"]}]},{\"@type\":\"ImageObject\",\"inLanguage\":\"bs-BA\",\"@id\":\"https:\/\/sandzakpress.net\/arhiva\/ldp-trazi-hitnu-reakciju-skupstine-protiv-ciplica\/#primaryimage\",\"url\":\"https:\/\/sandzakpress.net\/arhiva\/wp-content\/uploads\/2010\/07\/cedomirSkupstina.jpg\",\"contentUrl\":\"https:\/\/sandzakpress.net\/arhiva\/wp-content\/uploads\/2010\/07\/cedomirSkupstina.jpg\",\"width\":458,\"height\":308},{\"@type\":\"BreadcrumbList\",\"@id\":\"https:\/\/sandzakpress.net\/arhiva\/ldp-trazi-hitnu-reakciju-skupstine-protiv-ciplica\/#breadcrumb\",\"itemListElement\":[{\"@type\":\"ListItem\",\"position\":1,\"name\":\"Home\",\"item\":\"https:\/\/sandzakpress.net\/arhiva\/\"},{\"@type\":\"ListItem\",\"position\":2,\"name\":\"LDP tra\u017ei hitnu reakciju skup\u0161tine protiv \u010cipli\u0107a\"}]},{\"@type\":\"WebSite\",\"@id\":\"https:\/\/sandzakpress.net\/arhiva\/#website\",\"url\":\"https:\/\/sandzakpress.net\/arhiva\/\",\"name\":\"Sand\u017eak PRESS\",\"description\":\"Prve elektronske novine u Sand\u017eaku\",\"publisher\":{\"@id\":\"https:\/\/sandzakpress.net\/arhiva\/#\/schema\/person\/6e72b67d6e51910a1117b3b483ba20bd\"},\"potentialAction\":[{\"@type\":\"SearchAction\",\"target\":{\"@type\":\"EntryPoint\",\"urlTemplate\":\"https:\/\/sandzakpress.net\/arhiva\/?s={search_term_string}\"},\"query-input\":{\"@type\":\"PropertyValueSpecification\",\"valueRequired\":true,\"valueName\":\"search_term_string\"}}],\"inLanguage\":\"bs-BA\"},{\"@type\":[\"Person\",\"Organization\"],\"@id\":\"https:\/\/sandzakpress.net\/arhiva\/#\/schema\/person\/6e72b67d6e51910a1117b3b483ba20bd\",\"name\":\"Kul\",\"image\":{\"@type\":\"ImageObject\",\"inLanguage\":\"bs-BA\",\"@id\":\"https:\/\/sandzakpress.net\/arhiva\/#\/schema\/person\/image\/\",\"url\":\"https:\/\/secure.gravatar.com\/avatar\/42263f39aa27ac04c43cab85c280eb2e?s=96&d=mm&r=pg\",\"contentUrl\":\"https:\/\/secure.gravatar.com\/avatar\/42263f39aa27ac04c43cab85c280eb2e?s=96&d=mm&r=pg\",\"caption\":\"Kul\"},\"logo\":{\"@id\":\"https:\/\/sandzakpress.net\/arhiva\/#\/schema\/person\/image\/\"}},{\"@type\":\"Person\",\"@id\":\"https:\/\/sandzakpress.net\/arhiva\/#\/schema\/person\/c8baee722073534b583ea7bdb2e36c02\",\"name\":\"bosniak\",\"image\":{\"@type\":\"ImageObject\",\"inLanguage\":\"bs-BA\",\"@id\":\"https:\/\/sandzakpress.net\/arhiva\/#\/schema\/person\/image\/\",\"url\":\"https:\/\/secure.gravatar.com\/avatar\/a04fd330bfe3a36a72a0ad4a6d89fca7?s=96&d=mm&r=pg\",\"contentUrl\":\"https:\/\/secure.gravatar.com\/avatar\/a04fd330bfe3a36a72a0ad4a6d89fca7?s=96&d=mm&r=pg\",\"caption\":\"bosniak\"},\"url\":\"https:\/\/sandzakpress.net\/arhiva\/author\/bosniak\/\"}]}<\/script>\n<!-- \/ Yoast SEO Premium plugin. -->","yoast_head_json":{"title":"LDP tra\u017ei hitnu reakciju skup\u0161tine protiv \u010cipli\u0107a","robots":{"index":"index","follow":"follow","max-snippet":"max-snippet:-1","max-image-preview":"max-image-preview:large","max-video-preview":"max-video-preview:-1"},"canonical":"https:\/\/sandzakpress.net\/arhiva\/ldp-trazi-hitnu-reakciju-skupstine-protiv-ciplica\/","og_locale":"bs_BA","og_type":"article","og_title":"LDP tra\u017ei hitnu reakciju skup\u0161tine protiv \u010cipli\u0107a","og_description":"Sjeverni Sand\u017eak &#8211; Predsjednik LDP \u010cedomir Jovanovi\u0107 zatra\u017eio je od predsjednice parlamenta da zaka\u017ee hitne sjednice Kolegijuma i Odbora za ustavna pitanja kako bi se sprije\u010dilo dalje kr\u0161enje Ustava i zakona koje sprovode ministar Svetozar \u010cipli\u0107 i njegovo ministarstvo. Pona\u0161anjem Ministarstva za ljudska i manjinska prava, uz \u0161utnje Vlade i Narodne skup\u0161tine, ugro\u017eava se Ustavni [&hellip;]","og_url":"https:\/\/sandzakpress.net\/arhiva\/ldp-trazi-hitnu-reakciju-skupstine-protiv-ciplica\/","og_site_name":"Sand\u017eak PRESS","article_published_time":"2010-07-12T20:58:33+00:00","og_image":[{"width":458,"height":308,"url":"https:\/\/sandzakpress.net\/arhiva\/wp-content\/uploads\/2010\/07\/cedomirSkupstina.jpg","type":"image\/jpeg"}],"author":"bosniak","twitter_card":"summary_large_image","twitter_misc":{"Written by":"bosniak","Est. reading time":"4 minute"},"schema":{"@context":"https:\/\/schema.org","@graph":[{"@type":"Article","@id":"https:\/\/sandzakpress.net\/arhiva\/ldp-trazi-hitnu-reakciju-skupstine-protiv-ciplica\/#article","isPartOf":{"@id":"https:\/\/sandzakpress.net\/arhiva\/ldp-trazi-hitnu-reakciju-skupstine-protiv-ciplica\/"},"author":{"name":"bosniak","@id":"https:\/\/sandzakpress.net\/arhiva\/#\/schema\/person\/c8baee722073534b583ea7bdb2e36c02"},"headline":"LDP tra\u017ei hitnu reakciju skup\u0161tine protiv \u010cipli\u0107a","datePublished":"2010-07-12T20:58:33+00:00","mainEntityOfPage":{"@id":"https:\/\/sandzakpress.net\/arhiva\/ldp-trazi-hitnu-reakciju-skupstine-protiv-ciplica\/"},"wordCount":717,"commentCount":6,"publisher":{"@id":"https:\/\/sandzakpress.net\/arhiva\/#\/schema\/person\/6e72b67d6e51910a1117b3b483ba20bd"},"image":{"@id":"https:\/\/sandzakpress.net\/arhiva\/ldp-trazi-hitnu-reakciju-skupstine-protiv-ciplica\/#primaryimage"},"thumbnailUrl":"https:\/\/sandzakpress.net\/arhiva\/wp-content\/uploads\/2010\/07\/cedomirSkupstina.jpg","articleSection":["Novi Pazar","Politika","Sjenica","Tutin","Prijepolje","Priboj","Nova Varo\u0161"],"inLanguage":"bs-BA","potentialAction":[{"@type":"CommentAction","name":"Comment","target":["https:\/\/sandzakpress.net\/arhiva\/ldp-trazi-hitnu-reakciju-skupstine-protiv-ciplica\/#respond"]}]},{"@type":"WebPage","@id":"https:\/\/sandzakpress.net\/arhiva\/ldp-trazi-hitnu-reakciju-skupstine-protiv-ciplica\/","url":"https:\/\/sandzakpress.net\/arhiva\/ldp-trazi-hitnu-reakciju-skupstine-protiv-ciplica\/","name":"LDP tra\u017ei hitnu reakciju skup\u0161tine protiv \u010cipli\u0107a","isPartOf":{"@id":"https:\/\/sandzakpress.net\/arhiva\/#website"},"primaryImageOfPage":{"@id":"https:\/\/sandzakpress.net\/arhiva\/ldp-trazi-hitnu-reakciju-skupstine-protiv-ciplica\/#primaryimage"},"image":{"@id":"https:\/\/sandzakpress.net\/arhiva\/ldp-trazi-hitnu-reakciju-skupstine-protiv-ciplica\/#primaryimage"},"thumbnailUrl":"https:\/\/sandzakpress.net\/arhiva\/wp-content\/uploads\/2010\/07\/cedomirSkupstina.jpg","datePublished":"2010-07-12T20:58:33+00:00","breadcrumb":{"@id":"https:\/\/sandzakpress.net\/arhiva\/ldp-trazi-hitnu-reakciju-skupstine-protiv-ciplica\/#breadcrumb"},"inLanguage":"bs-BA","potentialAction":[{"@type":"ReadAction","target":["https:\/\/sandzakpress.net\/arhiva\/ldp-trazi-hitnu-reakciju-skupstine-protiv-ciplica\/"]}]},{"@type":"ImageObject","inLanguage":"bs-BA","@id":"https:\/\/sandzakpress.net\/arhiva\/ldp-trazi-hitnu-reakciju-skupstine-protiv-ciplica\/#primaryimage","url":"https:\/\/sandzakpress.net\/arhiva\/wp-content\/uploads\/2010\/07\/cedomirSkupstina.jpg","contentUrl":"https:\/\/sandzakpress.net\/arhiva\/wp-content\/uploads\/2010\/07\/cedomirSkupstina.jpg","width":458,"height":308},{"@type":"BreadcrumbList","@id":"https:\/\/sandzakpress.net\/arhiva\/ldp-trazi-hitnu-reakciju-skupstine-protiv-ciplica\/#breadcrumb","itemListElement":[{"@type":"ListItem","position":1,"name":"Home","item":"https:\/\/sandzakpress.net\/arhiva\/"},{"@type":"ListItem","position":2,"name":"LDP tra\u017ei hitnu reakciju skup\u0161tine protiv \u010cipli\u0107a"}]},{"@type":"WebSite","@id":"https:\/\/sandzakpress.net\/arhiva\/#website","url":"https:\/\/sandzakpress.net\/arhiva\/","name":"Sand\u017eak PRESS","description":"Prve elektronske novine u Sand\u017eaku","publisher":{"@id":"https:\/\/sandzakpress.net\/arhiva\/#\/schema\/person\/6e72b67d6e51910a1117b3b483ba20bd"},"potentialAction":[{"@type":"SearchAction","target":{"@type":"EntryPoint","urlTemplate":"https:\/\/sandzakpress.net\/arhiva\/?s={search_term_string}"},"query-input":{"@type":"PropertyValueSpecification","valueRequired":true,"valueName":"search_term_string"}}],"inLanguage":"bs-BA"},{"@type":["Person","Organization"],"@id":"https:\/\/sandzakpress.net\/arhiva\/#\/schema\/person\/6e72b67d6e51910a1117b3b483ba20bd","name":"Kul","image":{"@type":"ImageObject","inLanguage":"bs-BA","@id":"https:\/\/sandzakpress.net\/arhiva\/#\/schema\/person\/image\/","url":"https:\/\/secure.gravatar.com\/avatar\/42263f39aa27ac04c43cab85c280eb2e?s=96&d=mm&r=pg","contentUrl":"https:\/\/secure.gravatar.com\/avatar\/42263f39aa27ac04c43cab85c280eb2e?s=96&d=mm&r=pg","caption":"Kul"},"logo":{"@id":"https:\/\/sandzakpress.net\/arhiva\/#\/schema\/person\/image\/"}},{"@type":"Person","@id":"https:\/\/sandzakpress.net\/arhiva\/#\/schema\/person\/c8baee722073534b583ea7bdb2e36c02","name":"bosniak","image":{"@type":"ImageObject","inLanguage":"bs-BA","@id":"https:\/\/sandzakpress.net\/arhiva\/#\/schema\/person\/image\/","url":"https:\/\/secure.gravatar.com\/avatar\/a04fd330bfe3a36a72a0ad4a6d89fca7?s=96&d=mm&r=pg","contentUrl":"https:\/\/secure.gravatar.com\/avatar\/a04fd330bfe3a36a72a0ad4a6d89fca7?s=96&d=mm&r=pg","caption":"bosniak"},"url":"https:\/\/sandzakpress.net\/arhiva\/author\/bosniak\/"}]}},"_links":{"self":[{"href":"https:\/\/sandzakpress.net\/arhiva\/wp-json\/wp\/v2\/posts\/6363"}],"collection":[{"href":"https:\/\/sandzakpress.net\/arhiva\/wp-json\/wp\/v2\/posts"}],"about":[{"href":"https:\/\/sandzakpress.net\/arhiva\/wp-json\/wp\/v2\/types\/post"}],"author":[{"embeddable":true,"href":"https:\/\/sandzakpress.net\/arhiva\/wp-json\/wp\/v2\/users\/83"}],"replies":[{"embeddable":true,"href":"https:\/\/sandzakpress.net\/arhiva\/wp-json\/wp\/v2\/comments?post=6363"}],"version-history":[{"count":0,"href":"https:\/\/sandzakpress.net\/arhiva\/wp-json\/wp\/v2\/posts\/6363\/revisions"}],"wp:featuredmedia":[{"embeddable":true,"href":"https:\/\/sandzakpress.net\/arhiva\/wp-json\/wp\/v2\/media\/6364"}],"wp:attachment":[{"href":"https:\/\/sandzakpress.net\/arhiva\/wp-json\/wp\/v2\/media?parent=6363"}],"wp:term":[{"taxonomy":"category","embeddable":true,"href":"https:\/\/sandzakpress.net\/arhiva\/wp-json\/wp\/v2\/categories?post=6363"},{"taxonomy":"post_tag","embeddable":true,"href":"https:\/\/sandzakpress.net\/arhiva\/wp-json\/wp\/v2\/tags?post=6363"}],"curies":[{"name":"wp","href":"https:\/\/api.w.org\/{rel}","templated":true}]}}