{"id":63569,"date":"2013-01-24T14:16:15","date_gmt":"2013-01-24T13:16:15","guid":{"rendered":"https:\/\/sandzakpress.net\/arhiva\/?p=63569"},"modified":"2013-01-24T14:16:15","modified_gmt":"2013-01-24T13:16:15","slug":"begovic-tuzite-epcg-ne-mogu-sada-da-izmisljaju-visu-silu","status":"publish","type":"post","link":"https:\/\/sandzakpress.net\/arhiva\/begovic-tuzite-epcg-ne-mogu-sada-da-izmisljaju-visu-silu\/","title":{"rendered":"Begovi\u0107: Tu\u017eite EPCG, ne mogu sada da izmi\u0161ljaju vi\u0161u silu"},"content":{"rendered":"<div id=\"article_intro_text\">\n<div>\n<p><strong><a href=\"https:\/\/sandzakpress.net\/arhiva\/wp-content\/uploads\/2013\/01\/begovic-tuzite-epcg-ne-mogu-sada-da-izmisljaju-visu-silu-slika-210580.jpg\"><img loading=\"lazy\" decoding=\"async\" class=\"alignleft size-medium wp-image-63570\" title=\"begovic-tuzite-epcg-ne-mogu-sada-da-izmisljaju-visu-silu-slika-210580\" src=\"https:\/\/sandzakpress.net\/arhiva\/wp-content\/uploads\/2013\/01\/begovic-tuzite-epcg-ne-mogu-sada-da-izmisljaju-visu-silu-slika-210580-300x182.jpg\" alt=\"\" width=\"300\" height=\"182\" \/><\/a>Plav, Berane, Bijelo Polje &#8211; Pravo na od\u0161tetu imaju potro\u0161a\u010di koji nemaju zaostali dug, poru\u010dili su iz EPCG koja ka\u017ee da je za sve odgovoran Elektroprenosni sistem<\/strong><\/p>\n<p>Svi gra\u0111ani koji su na bilo koji na\u010din o\u0161te\u0107eni zbog vi\u0161ednevnog nestanka struje treba da podnesu tu\u017ebe nadle\u017enom osnovnom sudu, jer po zakonu imaju pravo na to. Takva pravna praksa ve\u0107 postoji bez obzira na tuma\u010denja da su oni, kao i preduze\u0107a na sjeveru dr\u017eave, bespomo\u0107ni jer se radilo o \u201cvi\u0161oj sili\u201d, odnosno velikim padavinama snijega.<\/p>\n<p>Istovremeno, gra\u0111ani Andrijevice, Plava, Gusinja, \u0160avnika i Plu\u017eina, te sela u tim i drugim op\u0161tinama koja su \u0161est dana bila mraku, imaju pravo i da lokalnim elektrodistrubucijama podnesu zahtjeve za nadoknadu \u0161tete, ali da bi dobili novac ne smiju da duguju EPCG ni centa.<\/p>\n<p>Predsjednik Advokatske komore Zdravko Begovi\u0107 tvrdi da EPCG treba \u201cdebelo da se potrudi da doka\u017ee\u201d kako su elementarne nepogode odgovorne za \u0161tete koje je izazvao nestanak struje.<\/p>\n<p>\u201cKoliko znam krizni \u0161tabovi nijesu postojali. Da je elementarna nepogoda to bi zna\u010dilo da je pola Evrope bilo suo\u010deno sa njom, \u0161to nikako nije slu\u010daj\u201d, rekao je Begovi\u0107 \u201cVijestima\u201d.<\/p>\n<p>Tvrdnje da su problemi sa snabdijevanjem strujom izazvani zbog kra\u0111e djelova dalekovoda, kao \u0161to se ovih dana \u010duje u javnosti, Begovi\u0107 ocijenjuje besmislenim, navode\u0107i da to ne mo\u017ee biti obrazlo\u017eenje i da je nadle\u017eni na vrijeme trebalo da procesuiraju \u201cpojedina\u010dne slu\u010dajeve\u201d, ako su znali za to.<\/p>\n<p>\u201cSvaki gra\u0111anin koji je pretrpio \u0161tetu, uklju\u010duju\u0107i hotele, turisti\u010dke objekte, ski centre koji nijesu radili i izgubili turisti\u010dku sezonu zbog nestanka struje, imaju pravo da tu\u017ee i da tra\u017ee nadoknadu \u0161tete\u201d, ukazuje Begovi\u0107.<\/p>\n<p>On poru\u010duje da EPCG ne mo\u017ee da se pona\u0161a \u201ckao hajduk i da napla\u0107uje struju, a da sada izmi\u0161lja vi\u0161u silu\u201d.<\/p>\n<p>Pored tu\u017ebi sudovima, gra\u0111ani ipak treba da se obrate i distrubucijama u mjestima gdje \u017eive. Me\u0111utim, EPCG i tu poku\u0161ava da profitira.<\/p>\n<p>\u201cU okviru EPCG postoji standardna procedura podno\u0161enja od\u0161tetnih zahtjeva i mi po njima svakodnevno postupamo, nezavisno od vremenskih prilika, godi\u0161njeg doba i sli\u010dno\u201d, saop\u0161tili su iz Direkcije za odnose sa javno\u0161\u0107u EPCG.<\/p>\n<p>Po toj proceduri, gra\u0111ani treba nadle\u017enoj Elektrodistribuciji da podnesu zahtjev, na ve\u0107 pripremljenom formularu koji se tamo dobija.<\/p>\n<p>\u201cZahtjev se dalje upu\u0107uje komisiji koja utvr\u0111uje njegovu opravdanost na osnovu podataka iz knjige doga\u0111aja de\u017eurne slu\u017ebe. Ako se utvrdi opravdanost, dokumentacija se \u0161alje osiguravaju\u0107oj ku\u0107i \u010dija komisija izlazi na procjenu \u0161tete i oni odlu\u010duju koliki \u0107e biti iznos od\u0161tete. Nakon toga, slu\u017eba nadle\u017ene elektrodistribucije poziva potro\u0161a\u010da kako bi bio potpisan ugovor o poravnanju. Pravo o isplati od\u0161tetne naknade imaju potro\u0161a\u010di koji nemaju zaostali dug za utro\u0161enu elektri\u010dnu energiju\u201d, pi\u0161e u odgovoru Direkcije EPCG.<\/p>\n<p>Oni me\u0111utim odbacuju odgovornost to \u0161to Plav, Kola\u0161in, Gusinje i Andrijevica nijesu imali elektri\u010dnu energiju nekoliko dana.<\/p>\n<p>\u201cS obzirom na to da je, posljednjih dana, do\u0161lo da zabune i nejasno\u0107e po pitanju prenosnog i distributivnog sistema \u017eelimo da ponovimo da u slu\u010dajevima kao \u0161to je ovaj, kada gradovi ostanu bez napajanja, rije\u010d je o nadle\u017enosti Crnogorskog elektroprenosnog sistema (CGES) \u0161to je posebna kompanija koja ne radi u sastavu EPCG\u201d, pi\u0161e u obja\u0161njenju EPCG.<\/p>\n<p>U Elektroprenosnom sistemu me\u0111utim tvrde suprotno.<\/p>\n<p>\u201cUtvrdi\u0107emo uzrok prekida u napajanju elektri\u010dnom energijom. Ako se doka\u017ee da smo mi odgovorni za nastalu \u0161tetu, plati\u0107emo je. Ipak, za isporuku elektri\u010dne energije nijesmo mi odgovorni\u201d, rekla je ju\u010de \u201cVijestima\u201d Nada Pavi\u0107evi\u0107 iz Elektroprenosnog sistema.<\/p>\n<p><strong>Desetkovana elektro-mre\u017ea u selima, Piva deveti dan u mraku, vo\u0107njaci polomljeni, najte\u017ee na Maloj Crnoj Gori<\/strong><\/p>\n<p>Sela u op\u0161tini Plu\u017eine su i deveti dan bez struje, a mje\u0161tani strahuju da \u0107e svije\u0107e i fenjeri u njihovim domovima jo\u0161 dugo biti u upotrebi. \u201eNevrijeme je pokidalo \u017eice i oborilo brojne stubove na podru\u010dju op\u0161tine i treba\u0107e dosta vremena da makar dio sela dobije struju\u201c, kazao je Mikonja \u0110o\u0111i\u0107 iz plu\u017einske Slu\u017ebe za\u0161tite i spasavanja. Prema njegovim rije\u010dima, desetak pripadnika Slu\u017ebe poma\u017ee ekipama elektri\u010dara koji poku\u0161avaju da otklone kvarove na elektromre\u017ei.<\/p>\n<p>Nevrijeme je najvi\u0161e \u0161tete napravilo vo\u0107njacima i ekipe op\u0161tinske Komisije za procjenu \u0161teta od elementarnih nepogoda \u0107e \u010dim padavine prestanu obi\u0107i seoska doma\u0107instva i vidjeti kolika je \u0161teta. \u201ePrije dvije no\u0107i olujni vjetar je sa vikendice porodice Mazi\u0107 u selu Nedajno odnio krov, a Mitri\u0107ima iz Barnog dola stog sijena\u201c, kazao je Mihailo Dondi\u0107, predsjednik Komisije. Na teritoriji op\u0161tine \u0160avnik od tridesetak sela njih deset je deveti dan bez struje. U mraku su mje\u0161tani sela Kru\u0161evice, Grabovica, Mljeti\u010dak, Slatina, Timar, Bare, Sirovac, Krnja Jela, Strug i Malinsko.<\/p>\n<p>\u201eSlomljeno je oko 85 dalekovodnih stubova i tridesetak od niskonaponske mre\u017ee. \u010cistimo puteve do udaljenijih sela po\u0161to su oni do bli\u017eih uglavnom svi prohodni\u201c, kazao je Vlatko Vukovi\u0107, sekretar za poljoprivredu. I u op\u0161tini \u0160avnik nevrijeme je najvi\u0161e \u0161tete pri\u010dinilo vo\u0107njacima. Nakon \u0161to su u ponedjeljak ve\u010de prigradski djelovi Plava dobili struju nakon sedam dana, ju\u010de su ekipe EPCG nastavile sa radom kako bi i brojna sela dobila struju.<\/p>\n<p>\u201eBez struje su Pepi\u0107, Velika, Meteh i Hoti, Dolja, Grn\u010dar, Vusanje. Radnici EPCG su od ranih jutarnjih sati na terenu\u201d, saop\u0161teno je iz Elektrodistribucije. Iz lokalne samouprave u Plavu saop\u0161tili su da su tek ju\u010de gra\u0111ani po\u010deli da se interesuju gdje mogu predati zahtjeve za od\u0161tetu koja se ti\u010de \u017eivotnih namirnica, a da se \u0107e se od\u0161tetom zbog uni\u0161tenih vo\u0107njaka baviti op\u0161tinska komisija za procjenu \u0161teta od elementarnih nepogoda od srijede.<\/p>\n<p>U Bijelom Polju su \u0161est dana bez struje stanovnici sela na podru\u010dju Koritske visoravni, zatim Ki\u010dave, Barica, \u0160ljemena, Pisane Jele i Sokolca. \u201cSanaciju kvarova ote\u017eavaju veliki snije\u017eni nanosi, koji na pojedinim podru\u010djima prelaze metar, kao i nepristupa\u010dan teren i dotrajala terenska vozila\u201d, kazao je \u0161ef za odr\u017eavanje mre\u017ee u Elektrodistribuciji Milenko Markovi\u0107. Ve\u0107ina sela na \u017dabljaku su dobila struju.<\/p>\n<p>Zbog kvara u samom selu, polovina potro\u0161a\u010da u Tepcima je i dalje u mraku, a najte\u017ee je stanovnicima sela Mala Crna Gora, koje se strujom napaja iz pravca Plu\u017eina. Tamo je nevrijeme desetkovalo niskonaponsku mre\u017eu. Kako je rekao predsjednik mjesne zajednice Mili\u0161a Daki\u0107, Tamo je polomljeno vi\u0161e stubova, a provodnici, koji su padali na krovove ku\u0107a, su pokidani. Neizvjesno je kada \u0107e po\u010deti popravka u ovom selu, lociranom sa druge strane Durmitora, prema Pivi. U kvaru je i trafostanica u pivskom selu Nedajno, odakle se, preko kanjona Su\u0161ice, Mala Crna Gora napaja strujom.<\/p>\n<p><strong>Opasni kabl postavljen preko sela Vinicka nadziru ga \u010duvari da neko ne strada<\/strong><\/p>\n<p>Dalekovodni kabl koji je postavljen u selu Vinicka kod Berana, prolazi preko imanja, livada i pored ku\u0107a stanovnika ovoga sela, \u010dime predstavlja, kako ka\u017eu mje\u0161tani, potencijalnu opasnost.<\/p>\n<p>Jedan od mje\u0161tana preko \u010dijeg imanja kabl prolazi, Vule D\u017eikni\u0107, bio je izri\u010dito protiv postavljanja kabla, ali ga niko nije pitao da li \u0107e kabl biti postavljen ili ne. On je objasnio da kabl samo 500 metara prolazi kroz \u0161umu, dok ostala dva kilometra prolaze preko imanja, livada i pored ku\u0107a.<\/p>\n<p>&#8220;Ja prosto ne smijem ni da pomislim \u0161ta bi moglo da se desi da se kabl na nekom mjestu o\u0161teti. Mislim da ovo \u0161to je ura\u0111eno je potpuno nezakonito. Razumijemo potpuno mje\u0161tane Andrijevice i Plava, ali niko se nije pitao da li \u0107e postavljanjem ovog kabla ugroziti \u017eivote stanovnika sela Vinicke. Mislim da ovo u pravnim dr\u017eavama ne bi smjelo ovako da se radi&#8221;, revoltirano je kazao D\u017eikni\u0107.<\/p>\n<p>U nevremenu pro\u0161le sedmice, oboren je dalekovog u selu Vinicka kojim se napajaju Andrijevica i Plav. Taj problem Elektroprivreda je poslije sedam dana privremeno rije\u0161ila na taj na\u010din \u0161to je postavila dva i po kilometra kabla od oborenog do sljede\u0107eg stuba koji je polo\u017een direktno na zemlju.<\/p>\n<p>Stru\u010dnjak iz Elektroprenosa, koji je \u017eelio da ostane anoniman, kazao je sino\u0107 \u201cVijestima\u201d da opasnost po \u017eivot mje\u0161tana postoji jedino ako bi neko namjerno o\u0161tetio kabl, koji je oblo\u017een izolacijom. Da se to ne bi desilo, anga\u017eovano je obezbje\u0111enje iz Nik\u0161i\u0107a. \u201cOni \u0107e tu biti sve dok se ne obezbijedi struja za Andrijevicu i Plav dalekovodom preko Tre\u0161njevika. Tada \u0107e ovaj kabl biti uklonjen\u201d, kazao je na\u0161 sagovornik.<\/p>\n<p><strong>Ve\u0107 je presu\u0111ivano u korist gra\u0111ana<\/strong><\/p>\n<p>Zdravko Begovi\u0107 ka\u017ee da je zastupao klijente koji su podnosili tu\u017ebe zbog problema sa elektroinstalacijama.<\/p>\n<p>\u201dSud je u tom slu\u010daju dosudio od\u0161tetne zahtjeve. Vje\u0161ta\u010denjem se utvr\u0111uje da li postoji i \u010dija je odgovornost za nanijetu \u0161tetu. \u0160to se ti\u010de pravnog osnova za podno\u0161enje tu\u017ebi za nadoknadu \u0161tete nastale nestankom elektri\u010dne energije, on je nesporan\u201d, napominje advokat.<\/p>\n<p>Prema prvim procjenama EPCG, materijalna \u0161teta nastala tokom nevremena je ve\u0107a u odnosu na pro\u0161lu godinu. &#8221;Oko 2.500 stubova je havarisano prethodne sedmice, a njihova vrijednost sa zamjenom i opravkom iznosi oko milion eura u normalnim okolnostima, odnosno u okolnostima te\u0161ke pristupa\u010dnosti kakvi su trenutno aktuelni, cifra je ve\u0107a\u201d, saop\u0161tili su iz EPCG. Dodali su da je pro\u0161le godine ugra\u0111eno oko 10.000 novih drvenih i betonskih stubova, ali da se \u010desto de\u0161ava da nekoliko dana nakon ugradnje nedostaju djelovi.&#8217; &#8216;U nadle\u017enosti EPCG je 400.000 drvenih stubova, 100.000 betonskih i nekoliko desetina hiljada \u010deli\u010dno &#8211; re\u0161etkastih koje nije mogu\u0107e konstantno obezbje\u0111ivati\u201d&#8217;, istakli su oni.<\/p>\n<p>Na pitanje da li postoji mogu\u0107nost da se na sjeveru napravi niskonaponska podzemna mre\u017ea i koliko bi to ko\u0161talo, iz kompanije je stigao odgovor da je to u seoskim podru\u010djima zbog konfiguracije terena i udaljenosti nemogu\u0107e.<\/p>\n<p><strong>Amerikanci za devetosatno isklju\u010denje dali po 350 dolara<\/strong><\/p>\n<p>Da su mnoge stvari u vezi sa nevremenom i sve \u0161to je uslijedilo sa tim u Crnoj Gori izvan zakona, ukazuje primjer koji navodi ameri\u010dki dr\u017eavljanin porijeklom iz Berana Jovan Lon\u010dar. Lon\u010dar \u017eivi ve\u0107 preko dvije decenije u Sjedinjenim Ameri\u010dkim Dr\u017eavama u \u010cikagu.<\/p>\n<p><img decoding=\"async\" src=\"http:\/\/www.vijesti.me\/slika-w180\/vijesti\/begovic-tuzite-epcg-ne-mogu-sada-da-izmisljaju-visu-silu-slika-210393.jpg\" alt=\"(Foto: Foto: RABRENOVI\u0106)\" \/><\/p>\n<p>On je ispri\u010dao da su nestanci struje u toj zemlji rijetki i kratkotrajni i da se za protekle dvije i po decenije, od kako on \u017eivi u Americi, samo jednom desilo da struja nestane devet sati. &#8220;Struja je nestala negdje u popodnevnim satima poslije olujnog nevremena. Meni, koji sam porijeklom iz Crne Gore, to ni\u0161ta nije bilo \u010dudno, ali mi je bilo jako &#8220;\u010dudno&#8221; kada smo poslije nekoliko dana svi dobili od tamo\u0161njeg elektroprivrednog preduze\u0107a po 350 dolara u pretplati na ime mogu\u0107e pretrpljene \u0161tete zbog toga \u0161to struje nije bilo devet sati&#8221;, ispri\u010dao je Lon\u010dar.<\/p>\n<p>On je kazao da mu je zato neshvatljivo da u Crnoj Gori struje mo\u017ee da ne bude sedam, osam i vi\u0161e dana, a da zbog toga niko ne snosi odgovornost, niti da se gra\u0111anima ne nadoknadi nikakva \u0161teta.<\/p>\n<p>(Vijesti)<\/p>\n<\/div>\n<\/div>\n","protected":false},"excerpt":{"rendered":"<p>Plav, Berane, Bijelo Polje &#8211; Pravo na od\u0161tetu imaju potro\u0161a\u010di koji nemaju zaostali dug, poru\u010dili su iz EPCG koja ka\u017ee da je za sve odgovoran Elektroprenosni sistem Svi gra\u0111ani koji su na bilo koji na\u010din o\u0161te\u0107eni zbog vi\u0161ednevnog nestanka struje treba da podnesu tu\u017ebe nadle\u017enom osnovnom sudu, jer po zakonu imaju pravo na to. Takva [&hellip;]<\/p>\n","protected":false},"author":16,"featured_media":63570,"comment_status":"open","ping_status":"open","sticky":false,"template":"","format":"standard","meta":{"footnotes":""},"categories":[397,396,399,5],"tags":[],"class_list":{"0":"post-63569","1":"post","2":"type-post","3":"status-publish","4":"format-standard","5":"has-post-thumbnail","7":"category-berane","8":"category-bijelo_polje","9":"category-plav_","10":"category-drustvo"},"yoast_head":"<!-- This site is optimized with the Yoast SEO Premium plugin v23.1 (Yoast SEO v24.9) - https:\/\/yoast.com\/wordpress\/plugins\/seo\/ -->\n<title>Begovi\u0107: Tu\u017eite EPCG, ne mogu sada da izmi\u0161ljaju vi\u0161u silu<\/title>\n<meta name=\"robots\" content=\"index, follow, max-snippet:-1, max-image-preview:large, max-video-preview:-1\" \/>\n<link rel=\"canonical\" href=\"https:\/\/sandzakpress.net\/arhiva\/begovic-tuzite-epcg-ne-mogu-sada-da-izmisljaju-visu-silu\/\" \/>\n<meta property=\"og:locale\" content=\"bs_BA\" \/>\n<meta property=\"og:type\" content=\"article\" \/>\n<meta property=\"og:title\" content=\"Begovi\u0107: Tu\u017eite EPCG, ne mogu sada da izmi\u0161ljaju vi\u0161u silu\" \/>\n<meta property=\"og:description\" content=\"Plav, Berane, Bijelo Polje &#8211; Pravo na od\u0161tetu imaju potro\u0161a\u010di koji nemaju zaostali dug, poru\u010dili su iz EPCG koja ka\u017ee da je za sve odgovoran Elektroprenosni sistem Svi gra\u0111ani koji su na bilo koji na\u010din o\u0161te\u0107eni zbog vi\u0161ednevnog nestanka struje treba da podnesu tu\u017ebe nadle\u017enom osnovnom sudu, jer po zakonu imaju pravo na to. Takva [&hellip;]\" \/>\n<meta property=\"og:url\" content=\"https:\/\/sandzakpress.net\/arhiva\/begovic-tuzite-epcg-ne-mogu-sada-da-izmisljaju-visu-silu\/\" \/>\n<meta property=\"og:site_name\" content=\"Sand\u017eak PRESS\" \/>\n<meta property=\"article:published_time\" content=\"2013-01-24T13:16:15+00:00\" \/>\n<meta property=\"og:image\" content=\"https:\/\/sandzakpress.net\/arhiva\/wp-content\/uploads\/2013\/01\/begovic-tuzite-epcg-ne-mogu-sada-da-izmisljaju-visu-silu-slika-210580.jpg\" \/>\n\t<meta property=\"og:image:width\" content=\"519\" \/>\n\t<meta property=\"og:image:height\" content=\"316\" \/>\n\t<meta property=\"og:image:type\" content=\"image\/jpeg\" \/>\n<meta name=\"twitter:card\" content=\"summary_large_image\" \/>\n<meta name=\"twitter:label1\" content=\"Written by\" \/>\n\t<meta name=\"twitter:data1\" content=\"\" \/>\n\t<meta name=\"twitter:label2\" content=\"Est. reading time\" \/>\n\t<meta name=\"twitter:data2\" content=\"10 minuta\" \/>\n<script type=\"application\/ld+json\" class=\"yoast-schema-graph\">{\"@context\":\"https:\/\/schema.org\",\"@graph\":[{\"@type\":\"Article\",\"@id\":\"https:\/\/sandzakpress.net\/arhiva\/begovic-tuzite-epcg-ne-mogu-sada-da-izmisljaju-visu-silu\/#article\",\"isPartOf\":{\"@id\":\"https:\/\/sandzakpress.net\/arhiva\/begovic-tuzite-epcg-ne-mogu-sada-da-izmisljaju-visu-silu\/\"},\"author\":{\"name\":\"\",\"@id\":\"\"},\"headline\":\"Begovi\u0107: Tu\u017eite EPCG, ne mogu sada da izmi\u0161ljaju vi\u0161u silu\",\"datePublished\":\"2013-01-24T13:16:15+00:00\",\"mainEntityOfPage\":{\"@id\":\"https:\/\/sandzakpress.net\/arhiva\/begovic-tuzite-epcg-ne-mogu-sada-da-izmisljaju-visu-silu\/\"},\"wordCount\":1916,\"commentCount\":0,\"publisher\":{\"@id\":\"https:\/\/sandzakpress.net\/arhiva\/#\/schema\/person\/6e72b67d6e51910a1117b3b483ba20bd\"},\"image\":{\"@id\":\"https:\/\/sandzakpress.net\/arhiva\/begovic-tuzite-epcg-ne-mogu-sada-da-izmisljaju-visu-silu\/#primaryimage\"},\"thumbnailUrl\":\"https:\/\/sandzakpress.net\/arhiva\/wp-content\/uploads\/2013\/01\/begovic-tuzite-epcg-ne-mogu-sada-da-izmisljaju-visu-silu-slika-210580.jpg\",\"articleSection\":[\"Berane\",\"Bijelo Polje\",\"Plav\",\"Dru\u0161tvo\"],\"inLanguage\":\"bs-BA\",\"potentialAction\":[{\"@type\":\"CommentAction\",\"name\":\"Comment\",\"target\":[\"https:\/\/sandzakpress.net\/arhiva\/begovic-tuzite-epcg-ne-mogu-sada-da-izmisljaju-visu-silu\/#respond\"]}]},{\"@type\":\"WebPage\",\"@id\":\"https:\/\/sandzakpress.net\/arhiva\/begovic-tuzite-epcg-ne-mogu-sada-da-izmisljaju-visu-silu\/\",\"url\":\"https:\/\/sandzakpress.net\/arhiva\/begovic-tuzite-epcg-ne-mogu-sada-da-izmisljaju-visu-silu\/\",\"name\":\"Begovi\u0107: Tu\u017eite EPCG, ne mogu sada da izmi\u0161ljaju vi\u0161u silu\",\"isPartOf\":{\"@id\":\"https:\/\/sandzakpress.net\/arhiva\/#website\"},\"primaryImageOfPage\":{\"@id\":\"https:\/\/sandzakpress.net\/arhiva\/begovic-tuzite-epcg-ne-mogu-sada-da-izmisljaju-visu-silu\/#primaryimage\"},\"image\":{\"@id\":\"https:\/\/sandzakpress.net\/arhiva\/begovic-tuzite-epcg-ne-mogu-sada-da-izmisljaju-visu-silu\/#primaryimage\"},\"thumbnailUrl\":\"https:\/\/sandzakpress.net\/arhiva\/wp-content\/uploads\/2013\/01\/begovic-tuzite-epcg-ne-mogu-sada-da-izmisljaju-visu-silu-slika-210580.jpg\",\"datePublished\":\"2013-01-24T13:16:15+00:00\",\"breadcrumb\":{\"@id\":\"https:\/\/sandzakpress.net\/arhiva\/begovic-tuzite-epcg-ne-mogu-sada-da-izmisljaju-visu-silu\/#breadcrumb\"},\"inLanguage\":\"bs-BA\",\"potentialAction\":[{\"@type\":\"ReadAction\",\"target\":[\"https:\/\/sandzakpress.net\/arhiva\/begovic-tuzite-epcg-ne-mogu-sada-da-izmisljaju-visu-silu\/\"]}]},{\"@type\":\"ImageObject\",\"inLanguage\":\"bs-BA\",\"@id\":\"https:\/\/sandzakpress.net\/arhiva\/begovic-tuzite-epcg-ne-mogu-sada-da-izmisljaju-visu-silu\/#primaryimage\",\"url\":\"https:\/\/sandzakpress.net\/arhiva\/wp-content\/uploads\/2013\/01\/begovic-tuzite-epcg-ne-mogu-sada-da-izmisljaju-visu-silu-slika-210580.jpg\",\"contentUrl\":\"https:\/\/sandzakpress.net\/arhiva\/wp-content\/uploads\/2013\/01\/begovic-tuzite-epcg-ne-mogu-sada-da-izmisljaju-visu-silu-slika-210580.jpg\",\"width\":519,\"height\":316},{\"@type\":\"BreadcrumbList\",\"@id\":\"https:\/\/sandzakpress.net\/arhiva\/begovic-tuzite-epcg-ne-mogu-sada-da-izmisljaju-visu-silu\/#breadcrumb\",\"itemListElement\":[{\"@type\":\"ListItem\",\"position\":1,\"name\":\"Home\",\"item\":\"https:\/\/sandzakpress.net\/arhiva\/\"},{\"@type\":\"ListItem\",\"position\":2,\"name\":\"Begovi\u0107: Tu\u017eite EPCG, ne mogu sada da izmi\u0161ljaju vi\u0161u silu\"}]},{\"@type\":\"WebSite\",\"@id\":\"https:\/\/sandzakpress.net\/arhiva\/#website\",\"url\":\"https:\/\/sandzakpress.net\/arhiva\/\",\"name\":\"Sand\u017eak PRESS\",\"description\":\"Prve elektronske novine u Sand\u017eaku\",\"publisher\":{\"@id\":\"https:\/\/sandzakpress.net\/arhiva\/#\/schema\/person\/6e72b67d6e51910a1117b3b483ba20bd\"},\"potentialAction\":[{\"@type\":\"SearchAction\",\"target\":{\"@type\":\"EntryPoint\",\"urlTemplate\":\"https:\/\/sandzakpress.net\/arhiva\/?s={search_term_string}\"},\"query-input\":{\"@type\":\"PropertyValueSpecification\",\"valueRequired\":true,\"valueName\":\"search_term_string\"}}],\"inLanguage\":\"bs-BA\"},{\"@type\":[\"Person\",\"Organization\"],\"@id\":\"https:\/\/sandzakpress.net\/arhiva\/#\/schema\/person\/6e72b67d6e51910a1117b3b483ba20bd\",\"name\":\"Kul\",\"image\":{\"@type\":\"ImageObject\",\"inLanguage\":\"bs-BA\",\"@id\":\"https:\/\/sandzakpress.net\/arhiva\/#\/schema\/person\/image\/\",\"url\":\"https:\/\/secure.gravatar.com\/avatar\/42263f39aa27ac04c43cab85c280eb2e?s=96&d=mm&r=pg\",\"contentUrl\":\"https:\/\/secure.gravatar.com\/avatar\/42263f39aa27ac04c43cab85c280eb2e?s=96&d=mm&r=pg\",\"caption\":\"Kul\"},\"logo\":{\"@id\":\"https:\/\/sandzakpress.net\/arhiva\/#\/schema\/person\/image\/\"}},{\"@type\":\"Person\",\"@id\":\"\",\"url\":\"https:\/\/sandzakpress.net\/arhiva\/author\/\"}]}<\/script>\n<!-- \/ Yoast SEO Premium plugin. -->","yoast_head_json":{"title":"Begovi\u0107: Tu\u017eite EPCG, ne mogu sada da izmi\u0161ljaju vi\u0161u silu","robots":{"index":"index","follow":"follow","max-snippet":"max-snippet:-1","max-image-preview":"max-image-preview:large","max-video-preview":"max-video-preview:-1"},"canonical":"https:\/\/sandzakpress.net\/arhiva\/begovic-tuzite-epcg-ne-mogu-sada-da-izmisljaju-visu-silu\/","og_locale":"bs_BA","og_type":"article","og_title":"Begovi\u0107: Tu\u017eite EPCG, ne mogu sada da izmi\u0161ljaju vi\u0161u silu","og_description":"Plav, Berane, Bijelo Polje &#8211; Pravo na od\u0161tetu imaju potro\u0161a\u010di koji nemaju zaostali dug, poru\u010dili su iz EPCG koja ka\u017ee da je za sve odgovoran Elektroprenosni sistem Svi gra\u0111ani koji su na bilo koji na\u010din o\u0161te\u0107eni zbog vi\u0161ednevnog nestanka struje treba da podnesu tu\u017ebe nadle\u017enom osnovnom sudu, jer po zakonu imaju pravo na to. Takva [&hellip;]","og_url":"https:\/\/sandzakpress.net\/arhiva\/begovic-tuzite-epcg-ne-mogu-sada-da-izmisljaju-visu-silu\/","og_site_name":"Sand\u017eak PRESS","article_published_time":"2013-01-24T13:16:15+00:00","og_image":[{"width":519,"height":316,"url":"https:\/\/sandzakpress.net\/arhiva\/wp-content\/uploads\/2013\/01\/begovic-tuzite-epcg-ne-mogu-sada-da-izmisljaju-visu-silu-slika-210580.jpg","type":"image\/jpeg"}],"twitter_card":"summary_large_image","twitter_misc":{"Written by":"","Est. reading time":"10 minuta"},"schema":{"@context":"https:\/\/schema.org","@graph":[{"@type":"Article","@id":"https:\/\/sandzakpress.net\/arhiva\/begovic-tuzite-epcg-ne-mogu-sada-da-izmisljaju-visu-silu\/#article","isPartOf":{"@id":"https:\/\/sandzakpress.net\/arhiva\/begovic-tuzite-epcg-ne-mogu-sada-da-izmisljaju-visu-silu\/"},"author":{"name":"","@id":""},"headline":"Begovi\u0107: Tu\u017eite EPCG, ne mogu sada da izmi\u0161ljaju vi\u0161u silu","datePublished":"2013-01-24T13:16:15+00:00","mainEntityOfPage":{"@id":"https:\/\/sandzakpress.net\/arhiva\/begovic-tuzite-epcg-ne-mogu-sada-da-izmisljaju-visu-silu\/"},"wordCount":1916,"commentCount":0,"publisher":{"@id":"https:\/\/sandzakpress.net\/arhiva\/#\/schema\/person\/6e72b67d6e51910a1117b3b483ba20bd"},"image":{"@id":"https:\/\/sandzakpress.net\/arhiva\/begovic-tuzite-epcg-ne-mogu-sada-da-izmisljaju-visu-silu\/#primaryimage"},"thumbnailUrl":"https:\/\/sandzakpress.net\/arhiva\/wp-content\/uploads\/2013\/01\/begovic-tuzite-epcg-ne-mogu-sada-da-izmisljaju-visu-silu-slika-210580.jpg","articleSection":["Berane","Bijelo Polje","Plav","Dru\u0161tvo"],"inLanguage":"bs-BA","potentialAction":[{"@type":"CommentAction","name":"Comment","target":["https:\/\/sandzakpress.net\/arhiva\/begovic-tuzite-epcg-ne-mogu-sada-da-izmisljaju-visu-silu\/#respond"]}]},{"@type":"WebPage","@id":"https:\/\/sandzakpress.net\/arhiva\/begovic-tuzite-epcg-ne-mogu-sada-da-izmisljaju-visu-silu\/","url":"https:\/\/sandzakpress.net\/arhiva\/begovic-tuzite-epcg-ne-mogu-sada-da-izmisljaju-visu-silu\/","name":"Begovi\u0107: Tu\u017eite EPCG, ne mogu sada da izmi\u0161ljaju vi\u0161u silu","isPartOf":{"@id":"https:\/\/sandzakpress.net\/arhiva\/#website"},"primaryImageOfPage":{"@id":"https:\/\/sandzakpress.net\/arhiva\/begovic-tuzite-epcg-ne-mogu-sada-da-izmisljaju-visu-silu\/#primaryimage"},"image":{"@id":"https:\/\/sandzakpress.net\/arhiva\/begovic-tuzite-epcg-ne-mogu-sada-da-izmisljaju-visu-silu\/#primaryimage"},"thumbnailUrl":"https:\/\/sandzakpress.net\/arhiva\/wp-content\/uploads\/2013\/01\/begovic-tuzite-epcg-ne-mogu-sada-da-izmisljaju-visu-silu-slika-210580.jpg","datePublished":"2013-01-24T13:16:15+00:00","breadcrumb":{"@id":"https:\/\/sandzakpress.net\/arhiva\/begovic-tuzite-epcg-ne-mogu-sada-da-izmisljaju-visu-silu\/#breadcrumb"},"inLanguage":"bs-BA","potentialAction":[{"@type":"ReadAction","target":["https:\/\/sandzakpress.net\/arhiva\/begovic-tuzite-epcg-ne-mogu-sada-da-izmisljaju-visu-silu\/"]}]},{"@type":"ImageObject","inLanguage":"bs-BA","@id":"https:\/\/sandzakpress.net\/arhiva\/begovic-tuzite-epcg-ne-mogu-sada-da-izmisljaju-visu-silu\/#primaryimage","url":"https:\/\/sandzakpress.net\/arhiva\/wp-content\/uploads\/2013\/01\/begovic-tuzite-epcg-ne-mogu-sada-da-izmisljaju-visu-silu-slika-210580.jpg","contentUrl":"https:\/\/sandzakpress.net\/arhiva\/wp-content\/uploads\/2013\/01\/begovic-tuzite-epcg-ne-mogu-sada-da-izmisljaju-visu-silu-slika-210580.jpg","width":519,"height":316},{"@type":"BreadcrumbList","@id":"https:\/\/sandzakpress.net\/arhiva\/begovic-tuzite-epcg-ne-mogu-sada-da-izmisljaju-visu-silu\/#breadcrumb","itemListElement":[{"@type":"ListItem","position":1,"name":"Home","item":"https:\/\/sandzakpress.net\/arhiva\/"},{"@type":"ListItem","position":2,"name":"Begovi\u0107: Tu\u017eite EPCG, ne mogu sada da izmi\u0161ljaju vi\u0161u silu"}]},{"@type":"WebSite","@id":"https:\/\/sandzakpress.net\/arhiva\/#website","url":"https:\/\/sandzakpress.net\/arhiva\/","name":"Sand\u017eak PRESS","description":"Prve elektronske novine u Sand\u017eaku","publisher":{"@id":"https:\/\/sandzakpress.net\/arhiva\/#\/schema\/person\/6e72b67d6e51910a1117b3b483ba20bd"},"potentialAction":[{"@type":"SearchAction","target":{"@type":"EntryPoint","urlTemplate":"https:\/\/sandzakpress.net\/arhiva\/?s={search_term_string}"},"query-input":{"@type":"PropertyValueSpecification","valueRequired":true,"valueName":"search_term_string"}}],"inLanguage":"bs-BA"},{"@type":["Person","Organization"],"@id":"https:\/\/sandzakpress.net\/arhiva\/#\/schema\/person\/6e72b67d6e51910a1117b3b483ba20bd","name":"Kul","image":{"@type":"ImageObject","inLanguage":"bs-BA","@id":"https:\/\/sandzakpress.net\/arhiva\/#\/schema\/person\/image\/","url":"https:\/\/secure.gravatar.com\/avatar\/42263f39aa27ac04c43cab85c280eb2e?s=96&d=mm&r=pg","contentUrl":"https:\/\/secure.gravatar.com\/avatar\/42263f39aa27ac04c43cab85c280eb2e?s=96&d=mm&r=pg","caption":"Kul"},"logo":{"@id":"https:\/\/sandzakpress.net\/arhiva\/#\/schema\/person\/image\/"}},{"@type":"Person","@id":"","url":"https:\/\/sandzakpress.net\/arhiva\/author\/"}]}},"_links":{"self":[{"href":"https:\/\/sandzakpress.net\/arhiva\/wp-json\/wp\/v2\/posts\/63569"}],"collection":[{"href":"https:\/\/sandzakpress.net\/arhiva\/wp-json\/wp\/v2\/posts"}],"about":[{"href":"https:\/\/sandzakpress.net\/arhiva\/wp-json\/wp\/v2\/types\/post"}],"author":[{"embeddable":true,"href":"https:\/\/sandzakpress.net\/arhiva\/wp-json\/wp\/v2\/users\/16"}],"replies":[{"embeddable":true,"href":"https:\/\/sandzakpress.net\/arhiva\/wp-json\/wp\/v2\/comments?post=63569"}],"version-history":[{"count":0,"href":"https:\/\/sandzakpress.net\/arhiva\/wp-json\/wp\/v2\/posts\/63569\/revisions"}],"wp:featuredmedia":[{"embeddable":true,"href":"https:\/\/sandzakpress.net\/arhiva\/wp-json\/wp\/v2\/media\/63570"}],"wp:attachment":[{"href":"https:\/\/sandzakpress.net\/arhiva\/wp-json\/wp\/v2\/media?parent=63569"}],"wp:term":[{"taxonomy":"category","embeddable":true,"href":"https:\/\/sandzakpress.net\/arhiva\/wp-json\/wp\/v2\/categories?post=63569"},{"taxonomy":"post_tag","embeddable":true,"href":"https:\/\/sandzakpress.net\/arhiva\/wp-json\/wp\/v2\/tags?post=63569"}],"curies":[{"name":"wp","href":"https:\/\/api.w.org\/{rel}","templated":true}]}}