{"id":63478,"date":"2013-01-23T18:51:01","date_gmt":"2013-01-23T17:51:01","guid":{"rendered":"https:\/\/sandzakpress.net\/arhiva\/?p=63478"},"modified":"2013-01-23T18:51:01","modified_gmt":"2013-01-23T17:51:01","slug":"elektrana-na-vetar-u-holandiji","status":"publish","type":"post","link":"https:\/\/sandzakpress.net\/arhiva\/elektrana-na-vetar-u-holandiji\/","title":{"rendered":"Elektrana na vetar u Holandiji"},"content":{"rendered":"<p><strong><a href=\"https:\/\/sandzakpress.net\/arhiva\/wp-content\/uploads\/2013\/01\/thumb-502-228.jpg\"><img loading=\"lazy\" decoding=\"async\" class=\"alignleft size-medium wp-image-63479\" title=\"thumb-502-228\" src=\"https:\/\/sandzakpress.net\/arhiva\/wp-content\/uploads\/2013\/01\/thumb-502-228-300x136.jpg\" alt=\"\" width=\"300\" height=\"136\" \/><\/a>Holandija &#8211; &#8220;Micubi\u0161i&#8221; korporacija je potvrdila dogovor sa holandskom kompanijom &#8220;Eneko&#8221; o zajedni\u010dkom ulaganju u izgradnju fabrike za proizvodnju energije na bazi turbina koje pokre\u0107e vetar na obali Holandije<\/strong><\/p>\n<p>Dvije kompanije \u0107e zajedno upravljati novoizgra\u0111enom fabrikom, a &#8220;Micubi\u0161i&#8221; \u0107e otkupiti 50 odsto udela farme vetrogeneratora &#8220;Lihterdinen&#8221; (Lu\u0107terduinen), koja se nalazi 23 kilometra od grada Nordvijk, i koja \u0107e imati proizvodni kapacitet od 130 megavata na bazi vi\u0161e od 40 turbina na vetar.<\/p>\n<p>Farma vetrogeneratora \u0107e po\u010deti da proizvodi struju od 2015. godine, prenosi japanska agencija &#8220;Kjodo&#8221;.<\/p>\n<p>Iz japanske kompanije ka\u017eu da o\u010dekuju da proizvodnja elektrane na vetar, u koju \u0107e biti ulo\u017eeno izme\u0111u 40 i 45 milijardi jena (335\u2013375 miliona evra), bude ekvivalentna kombinovanoj potro\u0161nji energije koju koristi 150.000 doma\u0107instava.<\/p>\n<p>(Akter)<\/p>\n","protected":false},"excerpt":{"rendered":"<p>Holandija &#8211; &#8220;Micubi\u0161i&#8221; korporacija je potvrdila dogovor sa holandskom kompanijom &#8220;Eneko&#8221; o zajedni\u010dkom ulaganju u izgradnju fabrike za proizvodnju energije na bazi turbina koje pokre\u0107e vetar na obali Holandije Dvije kompanije \u0107e zajedno upravljati novoizgra\u0111enom fabrikom, a &#8220;Micubi\u0161i&#8221; \u0107e otkupiti 50 odsto udela farme vetrogeneratora &#8220;Lihterdinen&#8221; (Lu\u0107terduinen), koja se nalazi 23 kilometra od grada Nordvijk, [&hellip;]<\/p>\n","protected":false},"author":16,"featured_media":63479,"comment_status":"open","ping_status":"open","sticky":false,"template":"","format":"standard","meta":{"footnotes":""},"categories":[9,9545],"tags":[],"class_list":{"0":"post-63478","1":"post","2":"type-post","3":"status-publish","4":"format-standard","5":"has-post-thumbnail","7":"category-svijet","8":"category-holandija-dijaspora-gradovi-vase-vijesti"},"yoast_head":"<!-- This site is optimized with the Yoast SEO Premium plugin v23.1 (Yoast SEO v24.9) - https:\/\/yoast.com\/wordpress\/plugins\/seo\/ -->\n<title>Elektrana na vetar u Holandiji<\/title>\n<meta name=\"robots\" content=\"index, follow, max-snippet:-1, max-image-preview:large, max-video-preview:-1\" \/>\n<link rel=\"canonical\" href=\"https:\/\/sandzakpress.net\/arhiva\/elektrana-na-vetar-u-holandiji\/\" \/>\n<meta property=\"og:locale\" content=\"bs_BA\" \/>\n<meta property=\"og:type\" content=\"article\" \/>\n<meta property=\"og:title\" content=\"Elektrana na vetar u Holandiji\" \/>\n<meta property=\"og:description\" content=\"Holandija &#8211; &#8220;Micubi\u0161i&#8221; korporacija je potvrdila dogovor sa holandskom kompanijom &#8220;Eneko&#8221; o zajedni\u010dkom ulaganju u izgradnju fabrike za proizvodnju energije na bazi turbina koje pokre\u0107e vetar na obali Holandije Dvije kompanije \u0107e zajedno upravljati novoizgra\u0111enom fabrikom, a &#8220;Micubi\u0161i&#8221; \u0107e otkupiti 50 odsto udela farme vetrogeneratora &#8220;Lihterdinen&#8221; (Lu\u0107terduinen), koja se nalazi 23 kilometra od grada Nordvijk, [&hellip;]\" \/>\n<meta property=\"og:url\" content=\"https:\/\/sandzakpress.net\/arhiva\/elektrana-na-vetar-u-holandiji\/\" \/>\n<meta property=\"og:site_name\" content=\"Sand\u017eak PRESS\" \/>\n<meta property=\"article:published_time\" content=\"2013-01-23T17:51:01+00:00\" \/>\n<meta property=\"og:image\" content=\"https:\/\/sandzakpress.net\/arhiva\/wp-content\/uploads\/2013\/01\/thumb-502-228.jpg\" \/>\n\t<meta property=\"og:image:width\" content=\"502\" \/>\n\t<meta property=\"og:image:height\" content=\"228\" \/>\n\t<meta property=\"og:image:type\" content=\"image\/jpeg\" \/>\n<meta name=\"twitter:card\" content=\"summary_large_image\" \/>\n<meta name=\"twitter:label1\" content=\"Written by\" \/>\n\t<meta name=\"twitter:data1\" content=\"\" \/>\n\t<meta name=\"twitter:label2\" content=\"Est. reading time\" \/>\n\t<meta name=\"twitter:data2\" content=\"1 minuta\" \/>\n<script type=\"application\/ld+json\" class=\"yoast-schema-graph\">{\"@context\":\"https:\/\/schema.org\",\"@graph\":[{\"@type\":\"Article\",\"@id\":\"https:\/\/sandzakpress.net\/arhiva\/elektrana-na-vetar-u-holandiji\/#article\",\"isPartOf\":{\"@id\":\"https:\/\/sandzakpress.net\/arhiva\/elektrana-na-vetar-u-holandiji\/\"},\"author\":{\"name\":\"\",\"@id\":\"\"},\"headline\":\"Elektrana na vetar u Holandiji\",\"datePublished\":\"2013-01-23T17:51:01+00:00\",\"mainEntityOfPage\":{\"@id\":\"https:\/\/sandzakpress.net\/arhiva\/elektrana-na-vetar-u-holandiji\/\"},\"wordCount\":131,\"commentCount\":0,\"publisher\":{\"@id\":\"https:\/\/sandzakpress.net\/arhiva\/#\/schema\/person\/6e72b67d6e51910a1117b3b483ba20bd\"},\"image\":{\"@id\":\"https:\/\/sandzakpress.net\/arhiva\/elektrana-na-vetar-u-holandiji\/#primaryimage\"},\"thumbnailUrl\":\"https:\/\/sandzakpress.net\/arhiva\/wp-content\/uploads\/2013\/01\/thumb-502-228.jpg\",\"articleSection\":[\"Svijet\",\"Holandija\"],\"inLanguage\":\"bs-BA\",\"potentialAction\":[{\"@type\":\"CommentAction\",\"name\":\"Comment\",\"target\":[\"https:\/\/sandzakpress.net\/arhiva\/elektrana-na-vetar-u-holandiji\/#respond\"]}]},{\"@type\":\"WebPage\",\"@id\":\"https:\/\/sandzakpress.net\/arhiva\/elektrana-na-vetar-u-holandiji\/\",\"url\":\"https:\/\/sandzakpress.net\/arhiva\/elektrana-na-vetar-u-holandiji\/\",\"name\":\"Elektrana na vetar u Holandiji\",\"isPartOf\":{\"@id\":\"https:\/\/sandzakpress.net\/arhiva\/#website\"},\"primaryImageOfPage\":{\"@id\":\"https:\/\/sandzakpress.net\/arhiva\/elektrana-na-vetar-u-holandiji\/#primaryimage\"},\"image\":{\"@id\":\"https:\/\/sandzakpress.net\/arhiva\/elektrana-na-vetar-u-holandiji\/#primaryimage\"},\"thumbnailUrl\":\"https:\/\/sandzakpress.net\/arhiva\/wp-content\/uploads\/2013\/01\/thumb-502-228.jpg\",\"datePublished\":\"2013-01-23T17:51:01+00:00\",\"breadcrumb\":{\"@id\":\"https:\/\/sandzakpress.net\/arhiva\/elektrana-na-vetar-u-holandiji\/#breadcrumb\"},\"inLanguage\":\"bs-BA\",\"potentialAction\":[{\"@type\":\"ReadAction\",\"target\":[\"https:\/\/sandzakpress.net\/arhiva\/elektrana-na-vetar-u-holandiji\/\"]}]},{\"@type\":\"ImageObject\",\"inLanguage\":\"bs-BA\",\"@id\":\"https:\/\/sandzakpress.net\/arhiva\/elektrana-na-vetar-u-holandiji\/#primaryimage\",\"url\":\"https:\/\/sandzakpress.net\/arhiva\/wp-content\/uploads\/2013\/01\/thumb-502-228.jpg\",\"contentUrl\":\"https:\/\/sandzakpress.net\/arhiva\/wp-content\/uploads\/2013\/01\/thumb-502-228.jpg\",\"width\":502,\"height\":228},{\"@type\":\"BreadcrumbList\",\"@id\":\"https:\/\/sandzakpress.net\/arhiva\/elektrana-na-vetar-u-holandiji\/#breadcrumb\",\"itemListElement\":[{\"@type\":\"ListItem\",\"position\":1,\"name\":\"Home\",\"item\":\"https:\/\/sandzakpress.net\/arhiva\/\"},{\"@type\":\"ListItem\",\"position\":2,\"name\":\"Elektrana na vetar u Holandiji\"}]},{\"@type\":\"WebSite\",\"@id\":\"https:\/\/sandzakpress.net\/arhiva\/#website\",\"url\":\"https:\/\/sandzakpress.net\/arhiva\/\",\"name\":\"Sand\u017eak PRESS\",\"description\":\"Prve elektronske novine u Sand\u017eaku\",\"publisher\":{\"@id\":\"https:\/\/sandzakpress.net\/arhiva\/#\/schema\/person\/6e72b67d6e51910a1117b3b483ba20bd\"},\"potentialAction\":[{\"@type\":\"SearchAction\",\"target\":{\"@type\":\"EntryPoint\",\"urlTemplate\":\"https:\/\/sandzakpress.net\/arhiva\/?s={search_term_string}\"},\"query-input\":{\"@type\":\"PropertyValueSpecification\",\"valueRequired\":true,\"valueName\":\"search_term_string\"}}],\"inLanguage\":\"bs-BA\"},{\"@type\":[\"Person\",\"Organization\"],\"@id\":\"https:\/\/sandzakpress.net\/arhiva\/#\/schema\/person\/6e72b67d6e51910a1117b3b483ba20bd\",\"name\":\"Kul\",\"image\":{\"@type\":\"ImageObject\",\"inLanguage\":\"bs-BA\",\"@id\":\"https:\/\/sandzakpress.net\/arhiva\/#\/schema\/person\/image\/\",\"url\":\"https:\/\/secure.gravatar.com\/avatar\/42263f39aa27ac04c43cab85c280eb2e?s=96&d=mm&r=pg\",\"contentUrl\":\"https:\/\/secure.gravatar.com\/avatar\/42263f39aa27ac04c43cab85c280eb2e?s=96&d=mm&r=pg\",\"caption\":\"Kul\"},\"logo\":{\"@id\":\"https:\/\/sandzakpress.net\/arhiva\/#\/schema\/person\/image\/\"}},{\"@type\":\"Person\",\"@id\":\"\",\"url\":\"https:\/\/sandzakpress.net\/arhiva\/author\/\"}]}<\/script>\n<!-- \/ Yoast SEO Premium plugin. -->","yoast_head_json":{"title":"Elektrana na vetar u Holandiji","robots":{"index":"index","follow":"follow","max-snippet":"max-snippet:-1","max-image-preview":"max-image-preview:large","max-video-preview":"max-video-preview:-1"},"canonical":"https:\/\/sandzakpress.net\/arhiva\/elektrana-na-vetar-u-holandiji\/","og_locale":"bs_BA","og_type":"article","og_title":"Elektrana na vetar u Holandiji","og_description":"Holandija &#8211; &#8220;Micubi\u0161i&#8221; korporacija je potvrdila dogovor sa holandskom kompanijom &#8220;Eneko&#8221; o zajedni\u010dkom ulaganju u izgradnju fabrike za proizvodnju energije na bazi turbina koje pokre\u0107e vetar na obali Holandije Dvije kompanije \u0107e zajedno upravljati novoizgra\u0111enom fabrikom, a &#8220;Micubi\u0161i&#8221; \u0107e otkupiti 50 odsto udela farme vetrogeneratora &#8220;Lihterdinen&#8221; (Lu\u0107terduinen), koja se nalazi 23 kilometra od grada Nordvijk, [&hellip;]","og_url":"https:\/\/sandzakpress.net\/arhiva\/elektrana-na-vetar-u-holandiji\/","og_site_name":"Sand\u017eak PRESS","article_published_time":"2013-01-23T17:51:01+00:00","og_image":[{"width":502,"height":228,"url":"https:\/\/sandzakpress.net\/arhiva\/wp-content\/uploads\/2013\/01\/thumb-502-228.jpg","type":"image\/jpeg"}],"twitter_card":"summary_large_image","twitter_misc":{"Written by":"","Est. reading time":"1 minuta"},"schema":{"@context":"https:\/\/schema.org","@graph":[{"@type":"Article","@id":"https:\/\/sandzakpress.net\/arhiva\/elektrana-na-vetar-u-holandiji\/#article","isPartOf":{"@id":"https:\/\/sandzakpress.net\/arhiva\/elektrana-na-vetar-u-holandiji\/"},"author":{"name":"","@id":""},"headline":"Elektrana na vetar u Holandiji","datePublished":"2013-01-23T17:51:01+00:00","mainEntityOfPage":{"@id":"https:\/\/sandzakpress.net\/arhiva\/elektrana-na-vetar-u-holandiji\/"},"wordCount":131,"commentCount":0,"publisher":{"@id":"https:\/\/sandzakpress.net\/arhiva\/#\/schema\/person\/6e72b67d6e51910a1117b3b483ba20bd"},"image":{"@id":"https:\/\/sandzakpress.net\/arhiva\/elektrana-na-vetar-u-holandiji\/#primaryimage"},"thumbnailUrl":"https:\/\/sandzakpress.net\/arhiva\/wp-content\/uploads\/2013\/01\/thumb-502-228.jpg","articleSection":["Svijet","Holandija"],"inLanguage":"bs-BA","potentialAction":[{"@type":"CommentAction","name":"Comment","target":["https:\/\/sandzakpress.net\/arhiva\/elektrana-na-vetar-u-holandiji\/#respond"]}]},{"@type":"WebPage","@id":"https:\/\/sandzakpress.net\/arhiva\/elektrana-na-vetar-u-holandiji\/","url":"https:\/\/sandzakpress.net\/arhiva\/elektrana-na-vetar-u-holandiji\/","name":"Elektrana na vetar u Holandiji","isPartOf":{"@id":"https:\/\/sandzakpress.net\/arhiva\/#website"},"primaryImageOfPage":{"@id":"https:\/\/sandzakpress.net\/arhiva\/elektrana-na-vetar-u-holandiji\/#primaryimage"},"image":{"@id":"https:\/\/sandzakpress.net\/arhiva\/elektrana-na-vetar-u-holandiji\/#primaryimage"},"thumbnailUrl":"https:\/\/sandzakpress.net\/arhiva\/wp-content\/uploads\/2013\/01\/thumb-502-228.jpg","datePublished":"2013-01-23T17:51:01+00:00","breadcrumb":{"@id":"https:\/\/sandzakpress.net\/arhiva\/elektrana-na-vetar-u-holandiji\/#breadcrumb"},"inLanguage":"bs-BA","potentialAction":[{"@type":"ReadAction","target":["https:\/\/sandzakpress.net\/arhiva\/elektrana-na-vetar-u-holandiji\/"]}]},{"@type":"ImageObject","inLanguage":"bs-BA","@id":"https:\/\/sandzakpress.net\/arhiva\/elektrana-na-vetar-u-holandiji\/#primaryimage","url":"https:\/\/sandzakpress.net\/arhiva\/wp-content\/uploads\/2013\/01\/thumb-502-228.jpg","contentUrl":"https:\/\/sandzakpress.net\/arhiva\/wp-content\/uploads\/2013\/01\/thumb-502-228.jpg","width":502,"height":228},{"@type":"BreadcrumbList","@id":"https:\/\/sandzakpress.net\/arhiva\/elektrana-na-vetar-u-holandiji\/#breadcrumb","itemListElement":[{"@type":"ListItem","position":1,"name":"Home","item":"https:\/\/sandzakpress.net\/arhiva\/"},{"@type":"ListItem","position":2,"name":"Elektrana na vetar u Holandiji"}]},{"@type":"WebSite","@id":"https:\/\/sandzakpress.net\/arhiva\/#website","url":"https:\/\/sandzakpress.net\/arhiva\/","name":"Sand\u017eak PRESS","description":"Prve elektronske novine u Sand\u017eaku","publisher":{"@id":"https:\/\/sandzakpress.net\/arhiva\/#\/schema\/person\/6e72b67d6e51910a1117b3b483ba20bd"},"potentialAction":[{"@type":"SearchAction","target":{"@type":"EntryPoint","urlTemplate":"https:\/\/sandzakpress.net\/arhiva\/?s={search_term_string}"},"query-input":{"@type":"PropertyValueSpecification","valueRequired":true,"valueName":"search_term_string"}}],"inLanguage":"bs-BA"},{"@type":["Person","Organization"],"@id":"https:\/\/sandzakpress.net\/arhiva\/#\/schema\/person\/6e72b67d6e51910a1117b3b483ba20bd","name":"Kul","image":{"@type":"ImageObject","inLanguage":"bs-BA","@id":"https:\/\/sandzakpress.net\/arhiva\/#\/schema\/person\/image\/","url":"https:\/\/secure.gravatar.com\/avatar\/42263f39aa27ac04c43cab85c280eb2e?s=96&d=mm&r=pg","contentUrl":"https:\/\/secure.gravatar.com\/avatar\/42263f39aa27ac04c43cab85c280eb2e?s=96&d=mm&r=pg","caption":"Kul"},"logo":{"@id":"https:\/\/sandzakpress.net\/arhiva\/#\/schema\/person\/image\/"}},{"@type":"Person","@id":"","url":"https:\/\/sandzakpress.net\/arhiva\/author\/"}]}},"_links":{"self":[{"href":"https:\/\/sandzakpress.net\/arhiva\/wp-json\/wp\/v2\/posts\/63478"}],"collection":[{"href":"https:\/\/sandzakpress.net\/arhiva\/wp-json\/wp\/v2\/posts"}],"about":[{"href":"https:\/\/sandzakpress.net\/arhiva\/wp-json\/wp\/v2\/types\/post"}],"author":[{"embeddable":true,"href":"https:\/\/sandzakpress.net\/arhiva\/wp-json\/wp\/v2\/users\/16"}],"replies":[{"embeddable":true,"href":"https:\/\/sandzakpress.net\/arhiva\/wp-json\/wp\/v2\/comments?post=63478"}],"version-history":[{"count":0,"href":"https:\/\/sandzakpress.net\/arhiva\/wp-json\/wp\/v2\/posts\/63478\/revisions"}],"wp:featuredmedia":[{"embeddable":true,"href":"https:\/\/sandzakpress.net\/arhiva\/wp-json\/wp\/v2\/media\/63479"}],"wp:attachment":[{"href":"https:\/\/sandzakpress.net\/arhiva\/wp-json\/wp\/v2\/media?parent=63478"}],"wp:term":[{"taxonomy":"category","embeddable":true,"href":"https:\/\/sandzakpress.net\/arhiva\/wp-json\/wp\/v2\/categories?post=63478"},{"taxonomy":"post_tag","embeddable":true,"href":"https:\/\/sandzakpress.net\/arhiva\/wp-json\/wp\/v2\/tags?post=63478"}],"curies":[{"name":"wp","href":"https:\/\/api.w.org\/{rel}","templated":true}]}}