{"id":63364,"date":"2013-01-23T16:29:57","date_gmt":"2013-01-23T15:29:57","guid":{"rendered":"https:\/\/sandzakpress.net\/arhiva\/?p=63364"},"modified":"2013-01-23T16:29:57","modified_gmt":"2013-01-23T15:29:57","slug":"sead-subasic-%e2%80%93-prvi-bosnjacki-hafiz-u-njemackoj","status":"publish","type":"post","link":"https:\/\/sandzakpress.net\/arhiva\/sead-subasic-%e2%80%93-prvi-bosnjacki-hafiz-u-njemackoj\/","title":{"rendered":"Sead Suba\u0161i\u0107 \u2013 prvi bo\u0161nja\u010dki hafiz u Njema\u010dkoj"},"content":{"rendered":"<p style=\"text-align: left;\"><strong>Njema\u010dka &#8211; U subotu, 19.01.2013.godine, u d\u017eematu IZ Stuttgart u Njema\u010dkoj,\u00a0 u  prisustvu velikog broja vjernika uprili\u010dena je hafiska dova na kojoj je u  \u010dasno zvanje hafiza Kur\u00b4ana promovisan mladi hafiz, Sead Suba\u0161i\u0107 iz  Stuttgarta. Program je po\u010deo nakon jacije-namaza u\u010denjem odlomka iz  Kur\u00b4ana koji je prou\u010dio \u0160ejh Rebia, imam arapskog d\u017eemata u Stuttgartu,  potom je nastavljen u\u010denjem sure Jasin pred du\u0161u rahmetli Nermine  Suba\u0161i\u0107, Seadove majke. Rahmetli Nermina preselila je na ahiret ne  do\u010dekav\u0161i ovu radost. Jasin su zajedno sa Seadom prou\u010dili u\u010denici  Medrese \u201cOsman ef. Red\u017eovi\u0107\u201d,\u00a0 a nakon njih Amar Omerovi\u0107 je prou\u010dio  kasidu koju je rahmetli Nermina najvi\u0161e voljela.<a href=\"https:\/\/sandzakpress.net\/arhiva\/wp-content\/uploads\/2013\/01\/Hafiska-dova.jpg\"><img loading=\"lazy\" decoding=\"async\" class=\"aligncenter size-full wp-image-63365\" title=\"Hafiska-dova\" src=\"https:\/\/sandzakpress.net\/arhiva\/wp-content\/uploads\/2013\/01\/Hafiska-dova.jpg\" alt=\"\" width=\"672\" height=\"417\" \/><\/a><\/strong><\/p>\n<p>U svom uvodnom a nadasve emotivnom  izlaganju otac hafiza Seada i imam u IZ Stuttgart, Hamza ef. Suba\u0161i\u0107 se  zahvalio Allahu na Njegovoj milosti i blagodatima a potom i ostalim  mnogobrojnim\u00a0 prisutnima koji su do\u0161li da svojim prisustvom uveli\u010daju  ovu sve\u010danost. U prvom redu Muftiji IZBNJ Pa\u0161i ef. Feti\u0107u koji je i  pored svih drugih obaveza na\u0161ao vremena da ve\u010deras bude tu, zatim  Seadovom muhaffizu hfz. Zijad ef. Dervi\u0107u za trud i sabur koji je ulo\u017eio  u vo\u0111enju u\u010denja hifza, \u00a0nastavnom i vaspitno-odgojnom osoblju Medrese,  odboru, d\u017eematlijkama i d\u017eematlijama IZ Stuttgart, te svim prijateljima  koji su na bilo koji na\u010din pru\u017eali svoju podr\u0161ku. Hamza ef. se posebno  zahvalio svojoj sada\u0161njoj supruzi Zineta hanumi, koja je svojim hrabrim  ulaskom u njihov \u017eivot i porodicu, nakon preseljenja Nermina hanume,  dala svoj zna\u010dajan doprinos u lak\u0161em prevazila\u017eenju toga isku\u0161enja.  Istakao je da su Seadov hifz, njegov uspje\u0161an zavr\u0161etak \u0161kolovanja u  Medresi, ro\u0111enje k\u0107erkice Lejle, Fuadovo diplomiranje na Me\u0111unarodnom  univerzitetu u Sarajevu, samo neke od radosti i Allahovih blagodati  kojima su kao porodica po\u010da\u0161\u0107eni. Naravno, najve\u0107u zahvalnost i  najljep\u0161e du\u017eno sje\u0107anje zaslu\u017euje Seadova plemenita\u00a0 majka, rahmetli  Nermina, koja je bila glavni sebeb i \u00a0najve\u0107a podr\u0161ka u samom  zapo\u010dinjanju Seadova u\u010denja Kur'ana napamet.<\/p>\n<p><img loading=\"lazy\" decoding=\"async\" src=\"http:\/\/igbd.org\/wp-content\/uploads\/2013\/01\/IMG_5031.jpeg\" alt=\"IMG_5031\" width=\"640\" height=\"427\" \/><\/p>\n<p>Sead je ro\u0111en 19.04. 1994. godine u  Stuttgartu od oca Hamza ef., dugogodi\u0161njeg imama u IZ Stuttgart i majke  rahmetli Nermine Suba\u0161i\u0107. Odrastao je u ovom d\u017eematu a onda se po  zavr\u0161enom devetom razredu osnovne \u0161kole vratio u Bosnu gdje je u Medresi  \u201cOsman ef. Red\u017eovi\u0107\u201d u Visokom nastavio svoje daljnje \u0161kolovanje. Hifz  je po\u010deo u\u010diti sa svojim\u00a0 roditeljima, nastavio sa nanom, \u00a0prof.  Subhijom Had\u017eimejli\u0107, a zavr\u0161io sa muhaffizom prof. hfz. Zijad ef.  Dervi\u0107em, da bi u \u010detvrtom razredu, ta\u010dnije 26.11.2012., pred komisijom  Rijaseta IZ BiH u \u010dijem sastavu su bili: hfz. Ismet ef. Spahi\u0107, hfz.  Mensur ef. Malki\u0107, hfz. D\u017eevad ef. \u0160o\u0161i\u0107, hfz. Hasan ef. Popara, te hfz.  D\u017eevad ef. Hrva\u010di\u0107, uspje\u0161no polo\u017eio ispite iz hifza Kur'ani kerima i  tako i zvani\u010dno postao hafiz.<\/p>\n<p><img loading=\"lazy\" decoding=\"async\" src=\"http:\/\/igbd.org\/wp-content\/uploads\/2013\/01\/IMG_5074.jpeg\" alt=\"IMG_5074\" width=\"640\" height=\"427\" \/><\/p>\n<p>Hafiskoj dovi su, pored mnogobrojnih  vjernika \u00a0prisustvovali i predstavnici Islamske zajednice Bo\u0161njaka u  Njema\u010dkoj na \u010delu sa muftijom Pa\u0161om ef. Feti\u0107em, imami, \u010dlanovi Me\u0161ihata  i Sabora IZB Njema\u010dke, Seadovi odgajatelji hfz. Muhamed Topalovi\u0107 i  hfz. Zijad ef. Dervi\u0107 koji mu je bio i muhaffiz, te drugovi iz razreda  koji su za ovu priliku mahsus do\u0161li iz Bosne.<\/p>\n<p><img loading=\"lazy\" decoding=\"async\" src=\"http:\/\/igbd.org\/wp-content\/uploads\/2013\/01\/IMG_5094.jpeg\" alt=\"IMG_5094\" width=\"640\" height=\"427\" \/><\/p>\n<p>Prigodnim govorom na ovoj sve\u010danosti  prisutnima su se obratili predsjednik IZ Stuttgart dr. Ferid Kugi\u0107,  zatim Muftija Islamske Zajednice Bo\u0161njaka u Njema\u010dkoj Pa\u0161o ef. Feti\u0107,  Mustafa ef. Had\u017ei\u0107, imam u Koelnu i nekada\u0161nji profesor Medrese Osman  ef. Red\u017eovi\u0107, Hafiz Zijad ef. Dervi\u0107, Seadov muhafiz i na kraju dr. Fuad  Sedi\u0107, profesor na Islamskoj Pedago\u0161koj Akademiji u Biha\u0107u.<\/p>\n<p>Doktor Ferid Kugi\u0107 je u svom govoru s  ponosom istakao \u010dinjenicu da je Sead ponikao ba\u0161 u ovom d\u017eematu te  ukazao na njegovu vrijednost, marljivost, dobrotu i upornost, navode\u0107i  kako je te va\u017ene osobine stekao od svojih roditelja.<\/p>\n<blockquote><p>&#8211;\u00a0\u00a0\u00a0\u00a0\u00a0\u00a0\u00a0\u00a0\u00a0 Sead je ponikao\u00a0 iz na\u0161e sredine,\u00a0 rastao\u00a0 u  na\u0161oj ba\u0161\u010di, me\u0111u drugim cvjetovima. Njegova majka\u00a0 Nermina (da joj  Allah d\u017e.\u0161. podari mir, Njegov Rahmet, oprosti joj grijehe i otvori joj\u00a0  \u0161irom d\u017eennetska vrata), donijela ga\u00a0 na ovaj svijet i odgajala\u00a0 u  duhu\u00a0 u kojem je samo ona mogla. Sead je od majke naslijedio veliko,  \u010disto\u00a0 i otvoreno srce i od nje je naslijedio\u00a0 ljubav prema znanju,  prema Allahu i Njegovoj rije\u010di. Njegov \u00a0babo, Hamza ef.\u00a0 (da ga Allah  nagradi i podari mu i dalje snagu, zdravlje, mudrost i dug \u017eivot)\u00a0  usmjeravao ga\u00a0 i omogu\u0107avao mu razvoj. Od njega je u \u017eivotu naslijedio  upornost i izdr\u017eljivost, \u017eivotnu snagu i umije\u0107e, mudrost odlu\u010divanja\u00a0 i  usmjeravanja vlastitih \u017eivotnih snaga u pravom pravcu, zapravo snagu  volje\u2026 Molim Allaha d\u017e.\u0161. da na\u0161em Seadu\u00a0 podari i u budu\u0107nosti\u00a0  zdravlje i snagu, sabur i razboritost i da mu i dalje podari\u00a0 ljubav  prema\u00a0 istini, Kur\u2019anu i Allahu, da u svojoj svijesti ima sliku svog  cilja\u00a0 i da mu Allah\u00a0 dr\u017ei otvoren put do cilja.<\/p><\/blockquote>\n<p><img loading=\"lazy\" decoding=\"async\" src=\"http:\/\/igbd.org\/wp-content\/uploads\/2013\/01\/Muftija-i-Sead.jpg\" alt=\"Muftija i Sead\" width=\"600\" height=\"518\" \/><\/p>\n<p>Tako\u0111er je bilo zapa\u017eeno izlaganje i  Muftije Islamske Zajednice Bo\u0161njaka u Njema\u010dkoj, Pa\u0161e ef. Feti\u0107a, koji  je izme\u0111u ostalog rekao:<\/p>\n<blockquote><p>&#8211;\u00a0\u00a0\u00a0\u00a0\u00a0\u00a0\u00a0\u00a0\u00a0 Drago mi je da u\u010destvujem u ovom veselju,\u00a0 jer  je ovo \u00a0veselje za sve muslimane i muslimanke, kao i za Islamsku  Zajednicu Bo\u0161njaka u Njema\u010dkoj a posebno za ovaj d\u017eemat i porodicu  Suba\u0161i\u0107. Sead, ne samo da nas je pozvao nego nas je i svojim trudom  zadu\u017eio da ve\u010deras budemo ovdje, da mu \u010destitamo, da skupa u\u010dimo dovu  Allahu s.w.t. da mu pomogne i podari snage da svjetlo Kur ana koje je  sabrao kao hafiz \u00a0\u0161iri na sve muslimane i muslimanke, kao i na sve ljude  dobre volje jer je Kuran poslan svakom \u017eivom bi\u0107u. Drago mi je, kao  imamu, da je ovo jedan svijetao primjer, da su na\u0161a imamska djeca  primjer drugima.<\/p><\/blockquote>\n<p>Muftija je tako\u0111er iskoristio priliku i  prisutne podsjetio da se nalazimo u danima Rebiu-l-ewwela, \u010dasnog  mjeseca u kojem je ro\u0111en Poslanik Muhammed a.s. te da se u ovim danima  vi\u0161e posvetimo izu\u010davanju \u017eivota Allahovog Poslanika. Nakon svoga  obra\u0107anja, Muftija je novom hafizu Seadu u ime Islamske Zajednice  Bo\u0161njaka u Njema\u010dkoj u znak priznanja uru\u010dio i prigodnu hediju,  \u010destitav\u0161i i njemu i njegovim roditeljima na postignutom uspjehu.<\/p>\n<p>Na ovu sve\u010danost bio je pozvat i Edin  Atlagi\u0107, predsjednik Me\u0161ihata IZBNJ, ali je zbog prije preuzetih obaveza  bio sprije\u010den da prisustvuje te je uputio pismo koje je prisutnima  pro\u010ditao Hamza ef. Suba\u0161i\u0107.<\/p>\n<blockquote><p>&#8211;\u00a0\u00a0\u00a0\u00a0\u00a0\u00a0\u00a0\u00a0\u00a0 Uistinu bih volio da sam ve\u010deras sa Vama da  zajedno uprili\u010dimo Seadovu hafisku dovu. Na\u017ealost, uslijed prethodno  preuzetih obaveza, nisam bio u mogu\u0107nosti. Ba\u0161 kao \u0161to je i na\u0161 Sead, i  ja sam ro\u0111en u Njema\u010dkoj, a odrastao uz d\u017eemat u Ulmu. Stoga osje\u0107am  posebnu radost i poseban ponos koji djelim sa svima Vama. Dragi Seade,  postati hafiz Allahove knjige, Kur ani kerima, predstavlja zasebno  neopisivo veliki \u010din i ponos za sve nas. Tim \u0161to vi\u0161e, imaju\u0107i u vidu da  se radi o momku koji je ro\u0111en i odrastao van domovine. \u010cestitam ti hifz  i \u017eelim ti i dalje mnogo uspjeha u daljem sticanju znanja kao i u  privatnom a kasnije i poslovnom \u017eivotu. \u010cestitam i tvojoj porodici i  svima onima koji su te usmjerili i na bilo koji na\u010din podr\u017eali. Sa  molbom Allahu d\u017e.\u0161. da ih na tome nagradi. Molim Uzvi\u0161enog Allaha d\u017e.\u0161.  da Seadov primjer poslu\u017ei svima nama kao dodatna motivacija da kroz  upoznavanje sa temeljnim islamskim principima i njihovim primjenjivanjem  u na\u0161em svakodnevnom \u017eivotu postanemo dru\u0161tveno korisni, kako za na\u0161u  zajednicu, tako i za sveukupno dru\u0161tvo u kojem \u017eivimo i djelujemo.  Posebno \u017eelim, u ime Me\u0161ihata IZBNJ i u svoje li\u010dno ime, poselamiti na\u0161e  vrijedne i \u010destite d\u017eematlije u Stuttgartu kao i njihove \u010delnike\u00a0 uz  \u017eelju da i dalje istraju u \u010dinjenju dobra \u2013 napisao je u svom pismu Edin  Atlagi\u0107, predsjednik Me\u0161ihata IZBNJ.<\/p><\/blockquote>\n<p>Tako\u0111er su veliku pa\u017enju privukla i  izlaganja koja su tim povodom imali prof. Dr. Fuad Sedi\u0107 \u2013 profesor  Islamskog Pedago\u0161kog Fakulteta iz Biha\u0107a i prof. Mustafa ef.Had\u017ei\u0107 \u2013  imam d\u017eemata K\u00f6ln, koji su u svojim obra\u0107anjima posebno isticali zna\u010daj i  ljepotu u\u010denja Kur ana i njegovog djelovanja na ljude.<\/p>\n<p>Ovu sve\u010danost svojim lijepim glasi\u0107ima  uljep\u0161ali su i polaznici mektebske nastave u\u010de\u0107i izme\u0111u svakog izlaganja  po jednu-dvije ilahije.<\/p>\n<p>U drugom, protokolarnom dijelu programa  hafizi su prou\u010dili nekoliko odlomaka iz Kur ana a zadnje tri sure  prou\u010dio je\u00a0 novi hafiz Sead Suba\u0161i\u0107, nakon \u010dega je hafiz Zijad Dervi\u0107  prou\u010dio hafisku dovu, \u010dime je ova prelijepa sve\u010danost zavr\u0161ena.<\/p>\n<p>Prema rije\u010dima doma\u0107ina, hafiska dova \u0107e  biti uprili\u010dena i u Medresi \u201eOsman ef. Red\u017eovi\u0107\u201c, ali obzirom da je  Sead ponikao u\u00a0 samom d\u017eematu i da je kao takav rijedak primjer iz  Dijaspore, \u017eelja je bila da se njegova hafiska dova uprili\u010di i u d\u017eematu  u kojem je rastao i iz kojeg je oti\u0161ao na dalje \u0161kolovanje u Medresu i  na taj se na\u010din izrazi zahvalnost Odboru, d\u017eematlijama i prijateljima za  op\u0161tu podr\u0161ku u ovome li\u010dnom i porodi\u010dnom projektu, a posebno da ovaj  primjer poslu\u017ei kao podstrek omladini ne samo ovoga d\u017eemata nego  omladini iz \u010ditave Dijaspore u sticanju islamskoga znanja.<\/p>\n<p>(igbd)<\/p>\n","protected":false},"excerpt":{"rendered":"<p>Njema\u010dka &#8211; U subotu, 19.01.2013.godine, u d\u017eematu IZ Stuttgart u Njema\u010dkoj,\u00a0 u prisustvu velikog broja vjernika uprili\u010dena je hafiska dova na kojoj je u \u010dasno zvanje hafiza Kur\u00b4ana promovisan mladi hafiz, Sead Suba\u0161i\u0107 iz Stuttgarta. Program je po\u010deo nakon jacije-namaza u\u010denjem odlomka iz Kur\u00b4ana koji je prou\u010dio \u0160ejh Rebia, imam arapskog d\u017eemata u Stuttgartu, potom [&hellip;]<\/p>\n","protected":false},"author":33,"featured_media":63365,"comment_status":"open","ping_status":"open","sticky":false,"template":"","format":"standard","meta":{"footnotes":""},"categories":[9538,802],"tags":[],"class_list":{"0":"post-63364","1":"post","2":"type-post","3":"status-publish","4":"format-standard","5":"has-post-thumbnail","7":"category-njemacka-dijaspora-gradovi-vase-vijesti","8":"category-islamska_zajednica"},"yoast_head":"<!-- This site is optimized with the Yoast SEO Premium plugin v23.1 (Yoast SEO v24.9) - https:\/\/yoast.com\/wordpress\/plugins\/seo\/ -->\n<title>Sead Suba\u0161i\u0107 \u2013 prvi bo\u0161nja\u010dki hafiz u Njema\u010dkoj<\/title>\n<meta name=\"robots\" content=\"index, follow, max-snippet:-1, max-image-preview:large, max-video-preview:-1\" \/>\n<link rel=\"canonical\" href=\"https:\/\/sandzakpress.net\/arhiva\/sead-subasic-\u2013-prvi-bosnjacki-hafiz-u-njemackoj\/\" \/>\n<meta property=\"og:locale\" content=\"bs_BA\" \/>\n<meta property=\"og:type\" content=\"article\" \/>\n<meta property=\"og:title\" content=\"Sead Suba\u0161i\u0107 \u2013 prvi bo\u0161nja\u010dki hafiz u Njema\u010dkoj\" \/>\n<meta property=\"og:description\" content=\"Njema\u010dka &#8211; U subotu, 19.01.2013.godine, u d\u017eematu IZ Stuttgart u Njema\u010dkoj,\u00a0 u prisustvu velikog broja vjernika uprili\u010dena je hafiska dova na kojoj je u \u010dasno zvanje hafiza Kur\u00b4ana promovisan mladi hafiz, Sead Suba\u0161i\u0107 iz Stuttgarta. Program je po\u010deo nakon jacije-namaza u\u010denjem odlomka iz Kur\u00b4ana koji je prou\u010dio \u0160ejh Rebia, imam arapskog d\u017eemata u Stuttgartu, potom [&hellip;]\" \/>\n<meta property=\"og:url\" content=\"https:\/\/sandzakpress.net\/arhiva\/sead-subasic-\u2013-prvi-bosnjacki-hafiz-u-njemackoj\/\" \/>\n<meta property=\"og:site_name\" content=\"Sand\u017eak PRESS\" \/>\n<meta property=\"article:published_time\" content=\"2013-01-23T15:29:57+00:00\" \/>\n<meta property=\"og:image\" content=\"https:\/\/sandzakpress.net\/arhiva\/wp-content\/uploads\/2013\/01\/Hafiska-dova.jpg\" \/>\n\t<meta property=\"og:image:width\" content=\"600\" \/>\n\t<meta property=\"og:image:height\" content=\"399\" \/>\n\t<meta property=\"og:image:type\" content=\"image\/jpeg\" \/>\n<meta name=\"twitter:card\" content=\"summary_large_image\" \/>\n<meta name=\"twitter:label1\" content=\"Written by\" \/>\n\t<meta name=\"twitter:data1\" content=\"\" \/>\n\t<meta name=\"twitter:label2\" content=\"Est. reading time\" \/>\n\t<meta name=\"twitter:data2\" content=\"8 minuta\" \/>\n<script type=\"application\/ld+json\" class=\"yoast-schema-graph\">{\"@context\":\"https:\/\/schema.org\",\"@graph\":[{\"@type\":\"Article\",\"@id\":\"https:\/\/sandzakpress.net\/arhiva\/sead-subasic-%e2%80%93-prvi-bosnjacki-hafiz-u-njemackoj\/#article\",\"isPartOf\":{\"@id\":\"https:\/\/sandzakpress.net\/arhiva\/sead-subasic-%e2%80%93-prvi-bosnjacki-hafiz-u-njemackoj\/\"},\"author\":{\"name\":\"\",\"@id\":\"\"},\"headline\":\"Sead Suba\u0161i\u0107 \u2013 prvi bo\u0161nja\u010dki hafiz u Njema\u010dkoj\",\"datePublished\":\"2013-01-23T15:29:57+00:00\",\"mainEntityOfPage\":{\"@id\":\"https:\/\/sandzakpress.net\/arhiva\/sead-subasic-%e2%80%93-prvi-bosnjacki-hafiz-u-njemackoj\/\"},\"wordCount\":1627,\"commentCount\":0,\"publisher\":{\"@id\":\"https:\/\/sandzakpress.net\/arhiva\/#\/schema\/person\/6e72b67d6e51910a1117b3b483ba20bd\"},\"image\":{\"@id\":\"https:\/\/sandzakpress.net\/arhiva\/sead-subasic-%e2%80%93-prvi-bosnjacki-hafiz-u-njemackoj\/#primaryimage\"},\"thumbnailUrl\":\"https:\/\/sandzakpress.net\/arhiva\/wp-content\/uploads\/2013\/01\/Hafiska-dova.jpg\",\"articleSection\":[\"Njema\u010dka\",\"Islamska zajednica\"],\"inLanguage\":\"bs-BA\",\"potentialAction\":[{\"@type\":\"CommentAction\",\"name\":\"Comment\",\"target\":[\"https:\/\/sandzakpress.net\/arhiva\/sead-subasic-%e2%80%93-prvi-bosnjacki-hafiz-u-njemackoj\/#respond\"]}]},{\"@type\":\"WebPage\",\"@id\":\"https:\/\/sandzakpress.net\/arhiva\/sead-subasic-%e2%80%93-prvi-bosnjacki-hafiz-u-njemackoj\/\",\"url\":\"https:\/\/sandzakpress.net\/arhiva\/sead-subasic-%e2%80%93-prvi-bosnjacki-hafiz-u-njemackoj\/\",\"name\":\"Sead Suba\u0161i\u0107 \u2013 prvi bo\u0161nja\u010dki hafiz u Njema\u010dkoj\",\"isPartOf\":{\"@id\":\"https:\/\/sandzakpress.net\/arhiva\/#website\"},\"primaryImageOfPage\":{\"@id\":\"https:\/\/sandzakpress.net\/arhiva\/sead-subasic-%e2%80%93-prvi-bosnjacki-hafiz-u-njemackoj\/#primaryimage\"},\"image\":{\"@id\":\"https:\/\/sandzakpress.net\/arhiva\/sead-subasic-%e2%80%93-prvi-bosnjacki-hafiz-u-njemackoj\/#primaryimage\"},\"thumbnailUrl\":\"https:\/\/sandzakpress.net\/arhiva\/wp-content\/uploads\/2013\/01\/Hafiska-dova.jpg\",\"datePublished\":\"2013-01-23T15:29:57+00:00\",\"breadcrumb\":{\"@id\":\"https:\/\/sandzakpress.net\/arhiva\/sead-subasic-%e2%80%93-prvi-bosnjacki-hafiz-u-njemackoj\/#breadcrumb\"},\"inLanguage\":\"bs-BA\",\"potentialAction\":[{\"@type\":\"ReadAction\",\"target\":[\"https:\/\/sandzakpress.net\/arhiva\/sead-subasic-%e2%80%93-prvi-bosnjacki-hafiz-u-njemackoj\/\"]}]},{\"@type\":\"ImageObject\",\"inLanguage\":\"bs-BA\",\"@id\":\"https:\/\/sandzakpress.net\/arhiva\/sead-subasic-%e2%80%93-prvi-bosnjacki-hafiz-u-njemackoj\/#primaryimage\",\"url\":\"https:\/\/sandzakpress.net\/arhiva\/wp-content\/uploads\/2013\/01\/Hafiska-dova.jpg\",\"contentUrl\":\"https:\/\/sandzakpress.net\/arhiva\/wp-content\/uploads\/2013\/01\/Hafiska-dova.jpg\",\"width\":600,\"height\":399},{\"@type\":\"BreadcrumbList\",\"@id\":\"https:\/\/sandzakpress.net\/arhiva\/sead-subasic-%e2%80%93-prvi-bosnjacki-hafiz-u-njemackoj\/#breadcrumb\",\"itemListElement\":[{\"@type\":\"ListItem\",\"position\":1,\"name\":\"Home\",\"item\":\"https:\/\/sandzakpress.net\/arhiva\/\"},{\"@type\":\"ListItem\",\"position\":2,\"name\":\"Sead Suba\u0161i\u0107 \u2013 prvi bo\u0161nja\u010dki hafiz u Njema\u010dkoj\"}]},{\"@type\":\"WebSite\",\"@id\":\"https:\/\/sandzakpress.net\/arhiva\/#website\",\"url\":\"https:\/\/sandzakpress.net\/arhiva\/\",\"name\":\"Sand\u017eak PRESS\",\"description\":\"Prve elektronske novine u Sand\u017eaku\",\"publisher\":{\"@id\":\"https:\/\/sandzakpress.net\/arhiva\/#\/schema\/person\/6e72b67d6e51910a1117b3b483ba20bd\"},\"potentialAction\":[{\"@type\":\"SearchAction\",\"target\":{\"@type\":\"EntryPoint\",\"urlTemplate\":\"https:\/\/sandzakpress.net\/arhiva\/?s={search_term_string}\"},\"query-input\":{\"@type\":\"PropertyValueSpecification\",\"valueRequired\":true,\"valueName\":\"search_term_string\"}}],\"inLanguage\":\"bs-BA\"},{\"@type\":[\"Person\",\"Organization\"],\"@id\":\"https:\/\/sandzakpress.net\/arhiva\/#\/schema\/person\/6e72b67d6e51910a1117b3b483ba20bd\",\"name\":\"Kul\",\"image\":{\"@type\":\"ImageObject\",\"inLanguage\":\"bs-BA\",\"@id\":\"https:\/\/sandzakpress.net\/arhiva\/#\/schema\/person\/image\/\",\"url\":\"https:\/\/secure.gravatar.com\/avatar\/42263f39aa27ac04c43cab85c280eb2e?s=96&d=mm&r=pg\",\"contentUrl\":\"https:\/\/secure.gravatar.com\/avatar\/42263f39aa27ac04c43cab85c280eb2e?s=96&d=mm&r=pg\",\"caption\":\"Kul\"},\"logo\":{\"@id\":\"https:\/\/sandzakpress.net\/arhiva\/#\/schema\/person\/image\/\"}},{\"@type\":\"Person\",\"@id\":\"\",\"url\":\"https:\/\/sandzakpress.net\/arhiva\/author\/\"}]}<\/script>\n<!-- \/ Yoast SEO Premium plugin. -->","yoast_head_json":{"title":"Sead Suba\u0161i\u0107 \u2013 prvi bo\u0161nja\u010dki hafiz u Njema\u010dkoj","robots":{"index":"index","follow":"follow","max-snippet":"max-snippet:-1","max-image-preview":"max-image-preview:large","max-video-preview":"max-video-preview:-1"},"canonical":"https:\/\/sandzakpress.net\/arhiva\/sead-subasic-\u2013-prvi-bosnjacki-hafiz-u-njemackoj\/","og_locale":"bs_BA","og_type":"article","og_title":"Sead Suba\u0161i\u0107 \u2013 prvi bo\u0161nja\u010dki hafiz u Njema\u010dkoj","og_description":"Njema\u010dka &#8211; U subotu, 19.01.2013.godine, u d\u017eematu IZ Stuttgart u Njema\u010dkoj,\u00a0 u prisustvu velikog broja vjernika uprili\u010dena je hafiska dova na kojoj je u \u010dasno zvanje hafiza Kur\u00b4ana promovisan mladi hafiz, Sead Suba\u0161i\u0107 iz Stuttgarta. Program je po\u010deo nakon jacije-namaza u\u010denjem odlomka iz Kur\u00b4ana koji je prou\u010dio \u0160ejh Rebia, imam arapskog d\u017eemata u Stuttgartu, potom [&hellip;]","og_url":"https:\/\/sandzakpress.net\/arhiva\/sead-subasic-\u2013-prvi-bosnjacki-hafiz-u-njemackoj\/","og_site_name":"Sand\u017eak PRESS","article_published_time":"2013-01-23T15:29:57+00:00","og_image":[{"width":600,"height":399,"url":"https:\/\/sandzakpress.net\/arhiva\/wp-content\/uploads\/2013\/01\/Hafiska-dova.jpg","type":"image\/jpeg"}],"twitter_card":"summary_large_image","twitter_misc":{"Written by":"","Est. reading time":"8 minuta"},"schema":{"@context":"https:\/\/schema.org","@graph":[{"@type":"Article","@id":"https:\/\/sandzakpress.net\/arhiva\/sead-subasic-%e2%80%93-prvi-bosnjacki-hafiz-u-njemackoj\/#article","isPartOf":{"@id":"https:\/\/sandzakpress.net\/arhiva\/sead-subasic-%e2%80%93-prvi-bosnjacki-hafiz-u-njemackoj\/"},"author":{"name":"","@id":""},"headline":"Sead Suba\u0161i\u0107 \u2013 prvi bo\u0161nja\u010dki hafiz u Njema\u010dkoj","datePublished":"2013-01-23T15:29:57+00:00","mainEntityOfPage":{"@id":"https:\/\/sandzakpress.net\/arhiva\/sead-subasic-%e2%80%93-prvi-bosnjacki-hafiz-u-njemackoj\/"},"wordCount":1627,"commentCount":0,"publisher":{"@id":"https:\/\/sandzakpress.net\/arhiva\/#\/schema\/person\/6e72b67d6e51910a1117b3b483ba20bd"},"image":{"@id":"https:\/\/sandzakpress.net\/arhiva\/sead-subasic-%e2%80%93-prvi-bosnjacki-hafiz-u-njemackoj\/#primaryimage"},"thumbnailUrl":"https:\/\/sandzakpress.net\/arhiva\/wp-content\/uploads\/2013\/01\/Hafiska-dova.jpg","articleSection":["Njema\u010dka","Islamska zajednica"],"inLanguage":"bs-BA","potentialAction":[{"@type":"CommentAction","name":"Comment","target":["https:\/\/sandzakpress.net\/arhiva\/sead-subasic-%e2%80%93-prvi-bosnjacki-hafiz-u-njemackoj\/#respond"]}]},{"@type":"WebPage","@id":"https:\/\/sandzakpress.net\/arhiva\/sead-subasic-%e2%80%93-prvi-bosnjacki-hafiz-u-njemackoj\/","url":"https:\/\/sandzakpress.net\/arhiva\/sead-subasic-%e2%80%93-prvi-bosnjacki-hafiz-u-njemackoj\/","name":"Sead Suba\u0161i\u0107 \u2013 prvi bo\u0161nja\u010dki hafiz u Njema\u010dkoj","isPartOf":{"@id":"https:\/\/sandzakpress.net\/arhiva\/#website"},"primaryImageOfPage":{"@id":"https:\/\/sandzakpress.net\/arhiva\/sead-subasic-%e2%80%93-prvi-bosnjacki-hafiz-u-njemackoj\/#primaryimage"},"image":{"@id":"https:\/\/sandzakpress.net\/arhiva\/sead-subasic-%e2%80%93-prvi-bosnjacki-hafiz-u-njemackoj\/#primaryimage"},"thumbnailUrl":"https:\/\/sandzakpress.net\/arhiva\/wp-content\/uploads\/2013\/01\/Hafiska-dova.jpg","datePublished":"2013-01-23T15:29:57+00:00","breadcrumb":{"@id":"https:\/\/sandzakpress.net\/arhiva\/sead-subasic-%e2%80%93-prvi-bosnjacki-hafiz-u-njemackoj\/#breadcrumb"},"inLanguage":"bs-BA","potentialAction":[{"@type":"ReadAction","target":["https:\/\/sandzakpress.net\/arhiva\/sead-subasic-%e2%80%93-prvi-bosnjacki-hafiz-u-njemackoj\/"]}]},{"@type":"ImageObject","inLanguage":"bs-BA","@id":"https:\/\/sandzakpress.net\/arhiva\/sead-subasic-%e2%80%93-prvi-bosnjacki-hafiz-u-njemackoj\/#primaryimage","url":"https:\/\/sandzakpress.net\/arhiva\/wp-content\/uploads\/2013\/01\/Hafiska-dova.jpg","contentUrl":"https:\/\/sandzakpress.net\/arhiva\/wp-content\/uploads\/2013\/01\/Hafiska-dova.jpg","width":600,"height":399},{"@type":"BreadcrumbList","@id":"https:\/\/sandzakpress.net\/arhiva\/sead-subasic-%e2%80%93-prvi-bosnjacki-hafiz-u-njemackoj\/#breadcrumb","itemListElement":[{"@type":"ListItem","position":1,"name":"Home","item":"https:\/\/sandzakpress.net\/arhiva\/"},{"@type":"ListItem","position":2,"name":"Sead Suba\u0161i\u0107 \u2013 prvi bo\u0161nja\u010dki hafiz u Njema\u010dkoj"}]},{"@type":"WebSite","@id":"https:\/\/sandzakpress.net\/arhiva\/#website","url":"https:\/\/sandzakpress.net\/arhiva\/","name":"Sand\u017eak PRESS","description":"Prve elektronske novine u Sand\u017eaku","publisher":{"@id":"https:\/\/sandzakpress.net\/arhiva\/#\/schema\/person\/6e72b67d6e51910a1117b3b483ba20bd"},"potentialAction":[{"@type":"SearchAction","target":{"@type":"EntryPoint","urlTemplate":"https:\/\/sandzakpress.net\/arhiva\/?s={search_term_string}"},"query-input":{"@type":"PropertyValueSpecification","valueRequired":true,"valueName":"search_term_string"}}],"inLanguage":"bs-BA"},{"@type":["Person","Organization"],"@id":"https:\/\/sandzakpress.net\/arhiva\/#\/schema\/person\/6e72b67d6e51910a1117b3b483ba20bd","name":"Kul","image":{"@type":"ImageObject","inLanguage":"bs-BA","@id":"https:\/\/sandzakpress.net\/arhiva\/#\/schema\/person\/image\/","url":"https:\/\/secure.gravatar.com\/avatar\/42263f39aa27ac04c43cab85c280eb2e?s=96&d=mm&r=pg","contentUrl":"https:\/\/secure.gravatar.com\/avatar\/42263f39aa27ac04c43cab85c280eb2e?s=96&d=mm&r=pg","caption":"Kul"},"logo":{"@id":"https:\/\/sandzakpress.net\/arhiva\/#\/schema\/person\/image\/"}},{"@type":"Person","@id":"","url":"https:\/\/sandzakpress.net\/arhiva\/author\/"}]}},"_links":{"self":[{"href":"https:\/\/sandzakpress.net\/arhiva\/wp-json\/wp\/v2\/posts\/63364"}],"collection":[{"href":"https:\/\/sandzakpress.net\/arhiva\/wp-json\/wp\/v2\/posts"}],"about":[{"href":"https:\/\/sandzakpress.net\/arhiva\/wp-json\/wp\/v2\/types\/post"}],"author":[{"embeddable":true,"href":"https:\/\/sandzakpress.net\/arhiva\/wp-json\/wp\/v2\/users\/33"}],"replies":[{"embeddable":true,"href":"https:\/\/sandzakpress.net\/arhiva\/wp-json\/wp\/v2\/comments?post=63364"}],"version-history":[{"count":0,"href":"https:\/\/sandzakpress.net\/arhiva\/wp-json\/wp\/v2\/posts\/63364\/revisions"}],"wp:featuredmedia":[{"embeddable":true,"href":"https:\/\/sandzakpress.net\/arhiva\/wp-json\/wp\/v2\/media\/63365"}],"wp:attachment":[{"href":"https:\/\/sandzakpress.net\/arhiva\/wp-json\/wp\/v2\/media?parent=63364"}],"wp:term":[{"taxonomy":"category","embeddable":true,"href":"https:\/\/sandzakpress.net\/arhiva\/wp-json\/wp\/v2\/categories?post=63364"},{"taxonomy":"post_tag","embeddable":true,"href":"https:\/\/sandzakpress.net\/arhiva\/wp-json\/wp\/v2\/tags?post=63364"}],"curies":[{"name":"wp","href":"https:\/\/api.w.org\/{rel}","templated":true}]}}